{"id":13256,"date":"2012-04-21T17:00:04","date_gmt":"2012-04-21T17:00:04","guid":{"rendered":"http:\/\/www.quersaberpolitica.com.br?p=13256"},"modified":"-0001-11-30T00:00:00","modified_gmt":"-0001-11-30T03:00:00","slug":"pinheiro-acha-possivel-cpi-mista-iniciar-trabalhos-ja-na-quartafeira","status":"publish","type":"post","link":"https:\/\/blogdofarnesio.com.br\/?p=13256","title":{"rendered":"Pinheiro acha poss\u00edvel CPI mista iniciar trabalhos j\u00e1 na quarta-feira"},"content":{"rendered":"<p><img loading=\"lazy\" decoding=\"async\" style=\"float: left; margin-top: 5px; margin-bottom: 5px; margin-left: 10px; margin-right: 10px;\" src=\"http:\/\/www.quersaberpolitica.com.br\/2016\/wp-content\/uploads\/2012\/12\/blogfarnesiowalterpinheiro.jpg\" alt=\"\" width=\"200\" height=\"141\" \/><\/p>\n<p style=\"text-align: justify;\"><span style=\"font-size: medium;\">O l&iacute;der do PT e do Bloco de Apoio ao Governo, Walter Pinheiro (BA), afirmou ser poss&iacute;vel que a Comiss&atilde;o Parlamentar Mista de Inqu&eacute;rito (CPMI), criada nesta quinta-feira (19) em sess&atilde;o no Congresso Nacional, inicie os trabalhos j&aacute; na pr&oacute;xima quarta-feira (25).<br \/>A CPI foi instalada com o apoio de 337 deputados e 72 senadores. O n&uacute;mero de assinaturas dos parlamentares foi bem superior ao m&iacute;nimo necess&aacute;rio, que s&atilde;o 171 de deputados e 27 de senadores.<br \/>Um dia antes, na ter&ccedil;a-feira (24), at&eacute; &agrave;s 19h30, os blocos partid&aacute;rios devem entregar &agrave;s mesas diretoras da C&acirc;mara e do Senado a lista dos parlamentares que v&atilde;o integrar a comiss&atilde;o, entre titulares e suplentes. &#8220;A gente tem condi&ccedil;&atilde;o de abrir os trabalhos j&aacute; na quarta-feira, cumprindo a tradi&ccedil;&atilde;o de que o parlamentar com maior idade possa fazer a convoca&ccedil;&atilde;o e a instala&ccedil;&atilde;o da comiss&atilde;o&#8221;, afirmou.<br \/>Segundo Pinheiro, a leitura do requerimento feita hoje significa um avan&ccedil;o, uma vez que a CPI mista poder&aacute; requerer ao Supremo Tribunal Federal (STF) os documentos resultantes das opera&ccedil;&otilde;es da Pol&iacute;cia Federal, Vegas e Monte Carlo, que mostram os tent&aacute;culos do contraventor Carlinhos Cachoeira com pol&iacute;ticos e empres&aacute;rios. &#8220;A CPMI poder&aacute; se colocar para ter acesso a todo o material que foi produzido pelas opera&ccedil;&otilde;es da Pol&iacute;cia Federal e o processo que se encontrava na Procuradoria Geral da Rep&uacute;blica&#8221;, explicou.<br \/>Pinheiro disse que a partir de agora a tarefa &eacute; montar a estrutura de trabalho e quem vai fazer isso &eacute; a CPMI, que definir&aacute; um cronograma e por onde dar&aacute; in&iacute;cio &agrave; an&aacute;lise dos documentos. Por outro lado, ao Conselho de &Eacute;tica e Decoro Parlamentar do Senado caber&aacute; julgar exclusivamente o decoro de parlamentares, no caso espec&iacute;fico a representa&ccedil;&atilde;o que h&aacute; contra o senador Dem&oacute;stenes Torres (ex-DEM- GO), por sua liga&ccedil;&atilde;o com o contraventor Carlinhos Cachoeira.<br \/>Pelas regras regimentais, o PT, que tem a maior bancada na C&acirc;mara, indicar&aacute; o nome do relator. O PMDB, no Senado, far&aacute; a indica&ccedil;&atilde;o do presidente da CPMI. Pinheiro refor&ccedil;ou ainda que a CPMI tem um eixo para seguir e agora, antes de qualquer coisa, a comiss&atilde;o precisa ser instalada. &#8220;Quero lembrar que se n&atilde;o fosse essa posi&ccedil;&atilde;o cobrada por n&oacute;s, de abrir uma CPMI, talvez a gente nem tivesse chegado nesse est&aacute;gio. Muita gente que est&aacute; fazendo ila&ccedil;&otilde;es de que haver&aacute; blindagem, antes defendia um rito sum&aacute;rio, porque o importante era cassar o senador Dem&oacute;stenes Tores pura e simplesmente&#8221;.<br \/>O l&iacute;der observou que desde o in&iacute;cio o PT entendeu que n&atilde;o bastava s&oacute; o Conselho de &Eacute;tica se manifestar sobre os tent&aacute;culos de Carlinhos Cachoeira com parlamentares, mas tamb&eacute;m a rede de neg&oacute;cios montada por ele. &#8220;A CPMI vai dar uma grande contribui&ccedil;&atilde;o para punir verdadeiramente os culpados. N&oacute;s temos que acabar com essa m&aacute;fia no Brasil&#8221;, afirmou.<\/span><\/p>\n","protected":false},"excerpt":{"rendered":"<p>O l&iacute;der do PT e do Bloco de Apoio ao Governo, Walter Pinheiro (BA), afirmou ser poss&iacute;vel que a Comiss&atilde;o Parlamentar Mista de Inqu&eacute;rito (CPMI), criada nesta quinta-feira (19) em sess&atilde;o no Congresso Nacional, inicie os trabalhos j&aacute; na pr&oacute;xima quarta-feira (25).A CPI foi instalada com o apoio de 337 deputados e 72 senadores. O n&uacute;mero de assinaturas dos parlamentares foi bem superior ao m&iacute;nimo necess&aacute;rio, que s&atilde;o 171 de deputados e 27 de senadores.Um dia antes, na ter&ccedil;a-feira (24), at&eacute; &agrave;s 19h30, os blocos partid&aacute;rios devem entregar &agrave;s mesas diretoras da C&acirc;mara e do Senado a lista dos parlamentares que v&atilde;o integrar a comiss&atilde;o, entre titulares e suplentes. &#8220;A gente tem condi&ccedil;&atilde;o de abrir os trabalhos j&aacute; na quarta-feira,&hellip; <\/p>\n","protected":false},"author":0,"featured_media":0,"comment_status":"open","ping_status":"open","sticky":false,"template":"","format":"standard","meta":{"_acf_changed":false,"footnotes":""},"categories":[43],"tags":[],"class_list":["post-13256","post","type-post","status-publish","format-standard","hentry","category-sem-categoria"],"acf":[],"yoast_head":"<!-- This site is optimized with the Yoast SEO plugin v27.4 - https:\/\/yoast.com\/product\/yoast-seo-wordpress\/ -->\n<title>Pinheiro acha poss\u00edvel CPI mista iniciar trabalhos j\u00e1 na quarta-feira - Blog do Farn\u00e9sio<\/title>\n<meta name=\"robots\" content=\"index, follow, max-snippet:-1, max-image-preview:large, max-video-preview:-1\" \/>\n<link rel=\"canonical\" href=\"https:\/\/blogdofarnesio.com.br\/?p=13256\" \/>\n<meta property=\"og:locale\" content=\"pt_BR\" \/>\n<meta property=\"og:type\" content=\"article\" \/>\n<meta property=\"og:title\" content=\"Pinheiro acha poss\u00edvel CPI mista iniciar trabalhos j\u00e1 na quarta-feira - Blog do Farn\u00e9sio\" \/>\n<meta property=\"og:description\" content=\"O l&iacute;der do PT e do Bloco de Apoio ao Governo, Walter Pinheiro (BA), afirmou ser poss&iacute;vel que a Comiss&atilde;o Parlamentar Mista de Inqu&eacute;rito (CPMI), criada nesta quinta-feira (19) em sess&atilde;o no Congresso Nacional, inicie os trabalhos j&aacute; na pr&oacute;xima quarta-feira (25).A CPI foi instalada com o apoio de 337 deputados e 72 senadores. O n&uacute;mero de assinaturas dos parlamentares foi bem superior ao m&iacute;nimo necess&aacute;rio, que s&atilde;o 171 de deputados e 27 de senadores.Um dia antes, na ter&ccedil;a-feira (24), at&eacute; &agrave;s 19h30, os blocos partid&aacute;rios devem entregar &agrave;s mesas diretoras da C&acirc;mara e do Senado a lista dos parlamentares que v&atilde;o integrar a comiss&atilde;o, entre titulares e suplentes. &#8220;A gente tem condi&ccedil;&atilde;o de abrir os trabalhos j&aacute; na quarta-feira,&hellip;\" \/>\n<meta property=\"og:url\" content=\"https:\/\/blogdofarnesio.com.br\/?p=13256\" \/>\n<meta property=\"og:site_name\" content=\"Blog do Farn\u00e9sio\" \/>\n<meta property=\"article:publisher\" content=\"https:\/\/www.facebook.com\/BlogQuerSaberPolitica\/\" \/>\n<meta property=\"article:published_time\" content=\"2012-04-21T17:00:04+00:00\" \/>\n<meta property=\"og:image\" content=\"http:\/\/www.quersaberpolitica.com.br\/2016\/wp-content\/uploads\/2012\/12\/blogfarnesiowalterpinheiro.jpg\" \/>\n<meta name=\"twitter:card\" content=\"summary_large_image\" \/>\n<meta name=\"twitter:label1\" content=\"Est. tempo de leitura\" \/>\n\t<meta name=\"twitter:data1\" content=\"3 minutos\" \/>\n<script type=\"application\/ld+json\" class=\"yoast-schema-graph\">{\"@context\":\"https:\\\/\\\/schema.org\",\"@graph\":[{\"@type\":\"Article\",\"@id\":\"https:\\\/\\\/blogdofarnesio.com.br\\\/?p=13256#article\",\"isPartOf\":{\"@id\":\"https:\\\/\\\/blogdofarnesio.com.br\\\/?p=13256\"},\"author\":{\"name\":\"\",\"@id\":\"\"},\"headline\":\"Pinheiro acha poss\u00edvel CPI mista iniciar trabalhos j\u00e1 na quarta-feira\",\"datePublished\":\"2012-04-21T17:00:04+00:00\",\"mainEntityOfPage\":{\"@id\":\"https:\\\/\\\/blogdofarnesio.com.br\\\/?p=13256\"},\"wordCount\":602,\"commentCount\":0,\"publisher\":{\"@id\":\"https:\\\/\\\/blogdofarnesio.com.br\\\/#organization\"},\"image\":{\"@id\":\"https:\\\/\\\/blogdofarnesio.com.br\\\/?p=13256#primaryimage\"},\"thumbnailUrl\":\"http:\\\/\\\/www.quersaberpolitica.com.br\\\/2016\\\/wp-content\\\/uploads\\\/2012\\\/12\\\/blogfarnesiowalterpinheiro.jpg\",\"inLanguage\":\"pt-BR\",\"potentialAction\":[{\"@type\":\"CommentAction\",\"name\":\"Comment\",\"target\":[\"https:\\\/\\\/blogdofarnesio.com.br\\\/?p=13256#respond\"]}]},{\"@type\":\"WebPage\",\"@id\":\"https:\\\/\\\/blogdofarnesio.com.br\\\/?p=13256\",\"url\":\"https:\\\/\\\/blogdofarnesio.com.br\\\/?p=13256\",\"name\":\"Pinheiro acha poss\u00edvel CPI mista iniciar trabalhos j\u00e1 na quarta-feira - Blog do Farn\u00e9sio\",\"isPartOf\":{\"@id\":\"https:\\\/\\\/blogdofarnesio.com.br\\\/#website\"},\"primaryImageOfPage\":{\"@id\":\"https:\\\/\\\/blogdofarnesio.com.br\\\/?p=13256#primaryimage\"},\"image\":{\"@id\":\"https:\\\/\\\/blogdofarnesio.com.br\\\/?p=13256#primaryimage\"},\"thumbnailUrl\":\"http:\\\/\\\/www.quersaberpolitica.com.br\\\/2016\\\/wp-content\\\/uploads\\\/2012\\\/12\\\/blogfarnesiowalterpinheiro.jpg\",\"datePublished\":\"2012-04-21T17:00:04+00:00\",\"breadcrumb\":{\"@id\":\"https:\\\/\\\/blogdofarnesio.com.br\\\/?p=13256#breadcrumb\"},\"inLanguage\":\"pt-BR\",\"potentialAction\":[{\"@type\":\"ReadAction\",\"target\":[\"https:\\\/\\\/blogdofarnesio.com.br\\\/?p=13256\"]}]},{\"@type\":\"ImageObject\",\"inLanguage\":\"pt-BR\",\"@id\":\"https:\\\/\\\/blogdofarnesio.com.br\\\/?p=13256#primaryimage\",\"url\":\"http:\\\/\\\/www.quersaberpolitica.com.br\\\/2016\\\/wp-content\\\/uploads\\\/2012\\\/12\\\/blogfarnesiowalterpinheiro.jpg\",\"contentUrl\":\"http:\\\/\\\/www.quersaberpolitica.com.br\\\/2016\\\/wp-content\\\/uploads\\\/2012\\\/12\\\/blogfarnesiowalterpinheiro.jpg\"},{\"@type\":\"BreadcrumbList\",\"@id\":\"https:\\\/\\\/blogdofarnesio.com.br\\\/?p=13256#breadcrumb\",\"itemListElement\":[{\"@type\":\"ListItem\",\"position\":1,\"name\":\"In\u00edcio\",\"item\":\"https:\\\/\\\/blogdofarnesio.com.br\\\/\"},{\"@type\":\"ListItem\",\"position\":2,\"name\":\"Pinheiro acha poss\u00edvel CPI mista iniciar trabalhos j\u00e1 na quarta-feira\"}]},{\"@type\":\"WebSite\",\"@id\":\"https:\\\/\\\/blogdofarnesio.com.br\\\/#website\",\"url\":\"https:\\\/\\\/blogdofarnesio.com.br\\\/\",\"name\":\"Blog do Farn\u00e9sio\",\"description\":\"Quer Saber Pol\u00edtica?\",\"publisher\":{\"@id\":\"https:\\\/\\\/blogdofarnesio.com.br\\\/#organization\"},\"potentialAction\":[{\"@type\":\"SearchAction\",\"target\":{\"@type\":\"EntryPoint\",\"urlTemplate\":\"https:\\\/\\\/blogdofarnesio.com.br\\\/?s={search_term_string}\"},\"query-input\":{\"@type\":\"PropertyValueSpecification\",\"valueRequired\":true,\"valueName\":\"search_term_string\"}}],\"inLanguage\":\"pt-BR\"},{\"@type\":\"Organization\",\"@id\":\"https:\\\/\\\/blogdofarnesio.com.br\\\/#organization\",\"name\":\"Blog do Farn\u00e9sio\",\"url\":\"https:\\\/\\\/blogdofarnesio.com.br\\\/\",\"logo\":{\"@type\":\"ImageObject\",\"inLanguage\":\"pt-BR\",\"@id\":\"https:\\\/\\\/blogdofarnesio.com.br\\\/#\\\/schema\\\/logo\\\/image\\\/\",\"url\":\"https:\\\/\\\/blogdofarnesio.com.br\\\/wp-content\\\/uploads\\\/2026\\\/03\\\/cropped-logo_new-1.png\",\"contentUrl\":\"https:\\\/\\\/blogdofarnesio.com.br\\\/wp-content\\\/uploads\\\/2026\\\/03\\\/cropped-logo_new-1.png\",\"width\":881,\"height\":685,\"caption\":\"Blog do Farn\u00e9sio\"},\"image\":{\"@id\":\"https:\\\/\\\/blogdofarnesio.com.br\\\/#\\\/schema\\\/logo\\\/image\\\/\"},\"sameAs\":[\"https:\\\/\\\/www.facebook.com\\\/BlogQuerSaberPolitica\\\/\"]}]}<\/script>\n<!-- \/ Yoast SEO plugin. -->","yoast_head_json":{"title":"Pinheiro acha poss\u00edvel CPI mista iniciar trabalhos j\u00e1 na quarta-feira - Blog do Farn\u00e9sio","robots":{"index":"index","follow":"follow","max-snippet":"max-snippet:-1","max-image-preview":"max-image-preview:large","max-video-preview":"max-video-preview:-1"},"canonical":"https:\/\/blogdofarnesio.com.br\/?p=13256","og_locale":"pt_BR","og_type":"article","og_title":"Pinheiro acha poss\u00edvel CPI mista iniciar trabalhos j\u00e1 na quarta-feira - Blog do Farn\u00e9sio","og_description":"O l&iacute;der do PT e do Bloco de Apoio ao Governo, Walter Pinheiro (BA), afirmou ser poss&iacute;vel que a Comiss&atilde;o Parlamentar Mista de Inqu&eacute;rito (CPMI), criada nesta quinta-feira (19) em sess&atilde;o no Congresso Nacional, inicie os trabalhos j&aacute; na pr&oacute;xima quarta-feira (25).A CPI foi instalada com o apoio de 337 deputados e 72 senadores. O n&uacute;mero de assinaturas dos parlamentares foi bem superior ao m&iacute;nimo necess&aacute;rio, que s&atilde;o 171 de deputados e 27 de senadores.Um dia antes, na ter&ccedil;a-feira (24), at&eacute; &agrave;s 19h30, os blocos partid&aacute;rios devem entregar &agrave;s mesas diretoras da C&acirc;mara e do Senado a lista dos parlamentares que v&atilde;o integrar a comiss&atilde;o, entre titulares e suplentes. &#8220;A gente tem condi&ccedil;&atilde;o de abrir os trabalhos j&aacute; na quarta-feira,&hellip;","og_url":"https:\/\/blogdofarnesio.com.br\/?p=13256","og_site_name":"Blog do Farn\u00e9sio","article_publisher":"https:\/\/www.facebook.com\/BlogQuerSaberPolitica\/","article_published_time":"2012-04-21T17:00:04+00:00","og_image":[{"url":"http:\/\/www.quersaberpolitica.com.br\/2016\/wp-content\/uploads\/2012\/12\/blogfarnesiowalterpinheiro.jpg","type":"","width":"","height":""}],"twitter_card":"summary_large_image","twitter_misc":{"Est. tempo de leitura":"3 minutos"},"schema":{"@context":"https:\/\/schema.org","@graph":[{"@type":"Article","@id":"https:\/\/blogdofarnesio.com.br\/?p=13256#article","isPartOf":{"@id":"https:\/\/blogdofarnesio.com.br\/?p=13256"},"author":{"name":"","@id":""},"headline":"Pinheiro acha poss\u00edvel CPI mista iniciar trabalhos j\u00e1 na quarta-feira","datePublished":"2012-04-21T17:00:04+00:00","mainEntityOfPage":{"@id":"https:\/\/blogdofarnesio.com.br\/?p=13256"},"wordCount":602,"commentCount":0,"publisher":{"@id":"https:\/\/blogdofarnesio.com.br\/#organization"},"image":{"@id":"https:\/\/blogdofarnesio.com.br\/?p=13256#primaryimage"},"thumbnailUrl":"http:\/\/www.quersaberpolitica.com.br\/2016\/wp-content\/uploads\/2012\/12\/blogfarnesiowalterpinheiro.jpg","inLanguage":"pt-BR","potentialAction":[{"@type":"CommentAction","name":"Comment","target":["https:\/\/blogdofarnesio.com.br\/?p=13256#respond"]}]},{"@type":"WebPage","@id":"https:\/\/blogdofarnesio.com.br\/?p=13256","url":"https:\/\/blogdofarnesio.com.br\/?p=13256","name":"Pinheiro acha poss\u00edvel CPI mista iniciar trabalhos j\u00e1 na quarta-feira - Blog do Farn\u00e9sio","isPartOf":{"@id":"https:\/\/blogdofarnesio.com.br\/#website"},"primaryImageOfPage":{"@id":"https:\/\/blogdofarnesio.com.br\/?p=13256#primaryimage"},"image":{"@id":"https:\/\/blogdofarnesio.com.br\/?p=13256#primaryimage"},"thumbnailUrl":"http:\/\/www.quersaberpolitica.com.br\/2016\/wp-content\/uploads\/2012\/12\/blogfarnesiowalterpinheiro.jpg","datePublished":"2012-04-21T17:00:04+00:00","breadcrumb":{"@id":"https:\/\/blogdofarnesio.com.br\/?p=13256#breadcrumb"},"inLanguage":"pt-BR","potentialAction":[{"@type":"ReadAction","target":["https:\/\/blogdofarnesio.com.br\/?p=13256"]}]},{"@type":"ImageObject","inLanguage":"pt-BR","@id":"https:\/\/blogdofarnesio.com.br\/?p=13256#primaryimage","url":"http:\/\/www.quersaberpolitica.com.br\/2016\/wp-content\/uploads\/2012\/12\/blogfarnesiowalterpinheiro.jpg","contentUrl":"http:\/\/www.quersaberpolitica.com.br\/2016\/wp-content\/uploads\/2012\/12\/blogfarnesiowalterpinheiro.jpg"},{"@type":"BreadcrumbList","@id":"https:\/\/blogdofarnesio.com.br\/?p=13256#breadcrumb","itemListElement":[{"@type":"ListItem","position":1,"name":"In\u00edcio","item":"https:\/\/blogdofarnesio.com.br\/"},{"@type":"ListItem","position":2,"name":"Pinheiro acha poss\u00edvel CPI mista iniciar trabalhos j\u00e1 na quarta-feira"}]},{"@type":"WebSite","@id":"https:\/\/blogdofarnesio.com.br\/#website","url":"https:\/\/blogdofarnesio.com.br\/","name":"Blog do Farn\u00e9sio","description":"Quer Saber Pol\u00edtica?","publisher":{"@id":"https:\/\/blogdofarnesio.com.br\/#organization"},"potentialAction":[{"@type":"SearchAction","target":{"@type":"EntryPoint","urlTemplate":"https:\/\/blogdofarnesio.com.br\/?s={search_term_string}"},"query-input":{"@type":"PropertyValueSpecification","valueRequired":true,"valueName":"search_term_string"}}],"inLanguage":"pt-BR"},{"@type":"Organization","@id":"https:\/\/blogdofarnesio.com.br\/#organization","name":"Blog do Farn\u00e9sio","url":"https:\/\/blogdofarnesio.com.br\/","logo":{"@type":"ImageObject","inLanguage":"pt-BR","@id":"https:\/\/blogdofarnesio.com.br\/#\/schema\/logo\/image\/","url":"https:\/\/blogdofarnesio.com.br\/wp-content\/uploads\/2026\/03\/cropped-logo_new-1.png","contentUrl":"https:\/\/blogdofarnesio.com.br\/wp-content\/uploads\/2026\/03\/cropped-logo_new-1.png","width":881,"height":685,"caption":"Blog do Farn\u00e9sio"},"image":{"@id":"https:\/\/blogdofarnesio.com.br\/#\/schema\/logo\/image\/"},"sameAs":["https:\/\/www.facebook.com\/BlogQuerSaberPolitica\/"]}]}},"_links":{"self":[{"href":"https:\/\/blogdofarnesio.com.br\/index.php?rest_route=\/wp\/v2\/posts\/13256","targetHints":{"allow":["GET"]}}],"collection":[{"href":"https:\/\/blogdofarnesio.com.br\/index.php?rest_route=\/wp\/v2\/posts"}],"about":[{"href":"https:\/\/blogdofarnesio.com.br\/index.php?rest_route=\/wp\/v2\/types\/post"}],"replies":[{"embeddable":true,"href":"https:\/\/blogdofarnesio.com.br\/index.php?rest_route=%2Fwp%2Fv2%2Fcomments&post=13256"}],"version-history":[{"count":0,"href":"https:\/\/blogdofarnesio.com.br\/index.php?rest_route=\/wp\/v2\/posts\/13256\/revisions"}],"wp:attachment":[{"href":"https:\/\/blogdofarnesio.com.br\/index.php?rest_route=%2Fwp%2Fv2%2Fmedia&parent=13256"}],"wp:term":[{"taxonomy":"category","embeddable":true,"href":"https:\/\/blogdofarnesio.com.br\/index.php?rest_route=%2Fwp%2Fv2%2Fcategories&post=13256"},{"taxonomy":"post_tag","embeddable":true,"href":"https:\/\/blogdofarnesio.com.br\/index.php?rest_route=%2Fwp%2Fv2%2Ftags&post=13256"}],"curies":[{"name":"wp","href":"https:\/\/api.w.org\/{rel}","templated":true}]}}