{"id":132287,"date":"2015-10-30T17:00:34","date_gmt":"2015-10-30T20:00:34","guid":{"rendered":"http:\/\/www.quersaberpolitica.com.br\/?p=132287"},"modified":"2015-10-30T14:27:20","modified_gmt":"2015-10-30T17:27:20","slug":"secretaria-de-cidadania-divulga-carta-do-congemas","status":"publish","type":"post","link":"https:\/\/blogdofarnesio.com.br\/?p=132287","title":{"rendered":"SECRETARIA DE CIDADANIA DIVULGA CARTA DO CONGEMAS"},"content":{"rendered":"<p style=\"text-align: justify\"><a href=\"http:\/\/www.quersaberpolitica.com.br\/2016\/wp-content\/uploads\/2015\/10\/blogqsp-bolsafamilia-congemas.jpg\"><img loading=\"lazy\" decoding=\"async\" class=\"  wp-image-132288 aligncenter\" src=\"http:\/\/www.quersaberpolitica.com.br\/2016\/wp-content\/uploads\/2015\/10\/blogqsp-bolsafamilia-congemas-300x122.jpg\" alt=\"blogqsp-bolsafamilia-congemas\" width=\"396\" height=\"170\" \/><\/a><\/p>\n<p style=\"text-align: justify\">A prefeitura de Petrolina, atrav\u00e9s da Secretaria de Cidadania, e em apoio ao manifesto feito pelo Colegiado Nacional de Gestores Municipais de Assist\u00eancia Social (CONGEMAS), entra na luta pela perman\u00eancia no or\u00e7amento para o ano de 2016 dos 28,8 bilh\u00f5es previstos para os pagamentos do Programa Bolsa Fam\u00edlia, como tamb\u00e9m , repudia de maneira enf\u00e1tica a proposta do relator do projeto de Or\u00e7amento de 2016,Deputado Ricardo Barros (PP-PR), que afirmou nesta ter\u00e7a-feira (20) que vai propor o corte R$ 10 bilh\u00f5es dos R$ 28,8 bilh\u00f5es previstos para o Bolsa Fam\u00edlia no ano que vem, bem como se manifestam em defesa do or\u00e7amento proposto para a execu\u00e7\u00e3o dos servi\u00e7os e benef\u00edcios socioassistenciais. Assim sendo, a prefeitura de Petrolina e a Secretaria de Cidadania trazem ao p\u00fablico a carta enviada pelo CONGEMAS, onde a entidade mostra toda insatisfa\u00e7\u00e3o ao projeto do Deputado Ricardo Barros (PP-PR). Leia-se:<\/p>\n<p style=\"text-align: justify\">Carta do CONGEMAS<\/p>\n<p style=\"text-align: justify\">O Colegiado Nacional de Gestores Municipais de Assist\u00eancia Social (CONGEMAS) \u00e9 uma Associa\u00e7\u00e3o Civil, sem fins lucrativos, com autonomia administrativa, financeira e patrimonial, de dura\u00e7\u00e3o indeterminada, com sede e foro em Bras\u00edlia &#8211; DF desde abril de 2001, regendo-se por estatuto e normas pr\u00f3prias, representando os 5.570 munic\u00edpios brasileiros junto ao Governo Federal, especialmente junto ao Minist\u00e9rio do Desenvolvimento Social e Combate \u00e0 Fome, e aos governos estaduais, para fortalecer a representa\u00e7\u00e3o municipal nos Conselhos, Comiss\u00f5es e Colegiados, em todo o territ\u00f3rio nacional.<\/p>\n<p style=\"text-align: justify\"><!--more--><\/p>\n<p style=\"text-align: justify\">Manifesta-se, atrav\u00e9s dos Gestores da Assist\u00eancia Social nos munic\u00edpios, respons\u00e1veis pela execu\u00e7\u00e3o do Programa Bolsa Fam\u00edlia e consequente acompanhamento das fam\u00edlias beneficiadas. N\u00e3o fosse a participa\u00e7\u00e3o no Bolsa Fam\u00edlia continuariam vivendo em situa\u00e7\u00e3o de pobreza e extrema pobreza no Pa\u00eds, sendo privadas dos m\u00ednimo necess\u00e1rio para suas subsist\u00eancia.<\/p>\n<p style=\"text-align: justify\">Os Gestores se manifestam em defesa da perman\u00eancia no or\u00e7amento para o ano de 2016 dos 28,8 bilh\u00f5es previstos para os pagamentos do Programa Bolsa Fam\u00edlia que v\u00eam sendo preservado ao longo desses anos pelo Governo Federal, repudiando de maneira enf\u00e1tica a proposta do relator do projeto de Or\u00e7amento de 2016, Deputado Ricardo Barros (PP-PR), que afirmou nesta ter\u00e7a-feira (20) que vai propor o corte R$ 10 bilh\u00f5es dos R$ 28,8 bilh\u00f5es previstos para o Bolsa Fam\u00edlia no ano que vem, bem como se manifestam em defesa do or\u00e7amento proposto para a execu\u00e7\u00e3o dos servi\u00e7os e benef\u00edcios socioassistenciais.<\/p>\n<p style=\"text-align: justify\">A proposta de Lei Or\u00e7amentaria da Uni\u00e3o para 2016, enviada pelo governo ao Congresso Nacional prev\u00ea o repasse de R$ 28,8 bilh\u00f5es \u00e0s cerca de 14 milh\u00f5es de fam\u00edlias benefici\u00e1rias.<\/p>\n<p style=\"text-align: justify\">O n\u00famero de fam\u00edlias que participam do programa de transfer\u00eancia de renda vem se mantendo est\u00e1vel desde 2012, com a sa\u00edda de quem melhora de vida ou n\u00e3o mais se encaixa no perfil do programa e a entrada de novas fam\u00edlias impactadas por dificuldades econ\u00f4micas. As metas de atendimento do programa s\u00e3o projetadas com base nas pesquisas do IBGE, identificando as fam\u00edlias em risco de pobreza.<\/p>\n<p style=\"text-align: justify\">A redu\u00e7\u00e3o de recursos dispon\u00edveis ao programa representaria devolver milh\u00f5es de fam\u00edlias \u00e0 condi\u00e7\u00e3o de extrema pobreza. Al\u00e9m disso, acarretar\u00e1 aumento das despesas por parte dos munic\u00edpios com benef\u00edcios eventuais (Ex.: cestas b\u00e1sicas). O valor m\u00e9dio atual de R$ 167 mensais pago \u00e0s fam\u00edlias representa menos de um quarto do sal\u00e1rio m\u00ednimo vigente no pa\u00eds e serve de complementa\u00e7\u00e3o a outras fontes de renda obtidas pelos benefici\u00e1rios do Bolsa Fam\u00edlia, incluindo renda obtida no mundo do trabalho.<\/p>\n<p style=\"text-align: justify\">O programa de transfer\u00eancia de renda \u00e9 reconhecido internacionalmente tamb\u00e9m pelo seu baixo custo e pelo foco que mant\u00e9m nos mais pobres, por meio de rotinas de controle, que envolvem a atualiza\u00e7\u00e3o dos cadastros e o cruzamento de dados com outras bases oficiais de rendimentos do trabalho e previd\u00eancia, por exemplo. Todos os titulares de cart\u00f5es do Bolsa Fam\u00edlia t\u00eam seus nomes publicados na internet, no site do Portal da Transpar\u00eancia.<\/p>\n<p style=\"text-align: justify\">Al\u00e9m de retirar 36 milh\u00f5es de pessoas da extrema pobreza, o Bolsa Fam\u00edlia garante a perman\u00eancia de 17 milh\u00f5es de crian\u00e7as e jovens de 6 a 17 anos de idade na escola e o acompanhamento de sa\u00fade e vacina\u00e7\u00e3o a 7,5 milh\u00f5es de crian\u00e7as de 0 a 6 anos de idade.<\/p>\n<p style=\"text-align: justify\">Portanto, a proposta do Relator contraria a garantia constitucional aos direitos sociais, em especial ao direito \u00e0 alimenta\u00e7\u00e3o, pois est\u00e1 disposto na Constitui\u00e7\u00e3o Federal, Art. 6\u00ba, que: &#8220;S\u00e3o direitos sociais a educa\u00e7\u00e3o, a sa\u00fade, a alimenta\u00e7\u00e3o, o trabalho, a moradia, o transporte, o lazer, a seguran\u00e7a, a previd\u00eancia social, a prote\u00e7\u00e3o \u00e0 maternidade e \u00e0 inf\u00e2ncia, a assist\u00eancia aos desamparados, na forma desta Constitui\u00e7\u00e3o.&#8221;<\/p>\n<p style=\"text-align: justify\">Assim os Gestores Municipais de Assist\u00eancia Social esperam que o Congresso Nacional (Deputados Federais e Senadores da Rep\u00fablica) cumpra com o seu dever para com as pessoas que mais necessitam no Pa\u00eds.<\/p>\n<p>DIRETORIA NACIONAL DO CONGEMAS<\/p>\n<p><em>Texto de Cauby Fernandes\/Assessoria de Cidadania\/ASCOM<\/em><\/p>\n","protected":false},"excerpt":{"rendered":"<p>A prefeitura de Petrolina, atrav\u00e9s da Secretaria de Cidadania, e em apoio ao manifesto feito pelo Colegiado Nacional de Gestores Municipais de Assist\u00eancia Social (CONGEMAS), entra na luta pela perman\u00eancia no or\u00e7amento para o ano de 2016 dos 28,8 bilh\u00f5es previstos para os pagamentos do Programa Bolsa Fam\u00edlia, como tamb\u00e9m , repudia de maneira enf\u00e1tica a proposta do relator do projeto de Or\u00e7amento de 2016,Deputado Ricardo Barros (PP-PR), que afirmou nesta ter\u00e7a-feira (20) que vai propor o corte R$ 10 bilh\u00f5es dos R$ 28,8 bilh\u00f5es previstos para o Bolsa Fam\u00edlia no ano que vem, bem como se manifestam em defesa do or\u00e7amento proposto para a execu\u00e7\u00e3o dos servi\u00e7os e benef\u00edcios socioassistenciais. Assim sendo, a prefeitura de Petrolina e a Secretaria&hellip; <\/p>\n","protected":false},"author":7,"featured_media":0,"comment_status":"open","ping_status":"open","sticky":false,"template":"","format":"standard","meta":{"_acf_changed":false,"footnotes":""},"categories":[44],"tags":[],"class_list":["post-132287","post","type-post","status-publish","format-standard","hentry","category-administracao"],"acf":[],"yoast_head":"<!-- This site is optimized with the Yoast SEO plugin v27.4 - https:\/\/yoast.com\/product\/yoast-seo-wordpress\/ -->\n<title>SECRETARIA DE CIDADANIA DIVULGA CARTA DO CONGEMAS - Blog do Farn\u00e9sio<\/title>\n<meta name=\"robots\" content=\"index, follow, max-snippet:-1, max-image-preview:large, max-video-preview:-1\" \/>\n<link rel=\"canonical\" href=\"https:\/\/blogdofarnesio.com.br\/?p=132287\" \/>\n<meta property=\"og:locale\" content=\"pt_BR\" \/>\n<meta property=\"og:type\" content=\"article\" \/>\n<meta property=\"og:title\" content=\"SECRETARIA DE CIDADANIA DIVULGA CARTA DO CONGEMAS - Blog do Farn\u00e9sio\" \/>\n<meta property=\"og:description\" content=\"A prefeitura de Petrolina, atrav\u00e9s da Secretaria de Cidadania, e em apoio ao manifesto feito pelo Colegiado Nacional de Gestores Municipais de Assist\u00eancia Social (CONGEMAS), entra na luta pela perman\u00eancia no or\u00e7amento para o ano de 2016 dos 28,8 bilh\u00f5es previstos para os pagamentos do Programa Bolsa Fam\u00edlia, como tamb\u00e9m , repudia de maneira enf\u00e1tica a proposta do relator do projeto de Or\u00e7amento de 2016,Deputado Ricardo Barros (PP-PR), que afirmou nesta ter\u00e7a-feira (20) que vai propor o corte R$ 10 bilh\u00f5es dos R$ 28,8 bilh\u00f5es previstos para o Bolsa Fam\u00edlia no ano que vem, bem como se manifestam em defesa do or\u00e7amento proposto para a execu\u00e7\u00e3o dos servi\u00e7os e benef\u00edcios socioassistenciais. Assim sendo, a prefeitura de Petrolina e a Secretaria&hellip;\" \/>\n<meta property=\"og:url\" content=\"https:\/\/blogdofarnesio.com.br\/?p=132287\" \/>\n<meta property=\"og:site_name\" content=\"Blog do Farn\u00e9sio\" \/>\n<meta property=\"article:publisher\" content=\"https:\/\/www.facebook.com\/BlogQuerSaberPolitica\/\" \/>\n<meta property=\"article:published_time\" content=\"2015-10-30T20:00:34+00:00\" \/>\n<meta property=\"og:image\" content=\"http:\/\/www.quersaberpolitica.com.br\/2016\/wp-content\/uploads\/2015\/10\/blogqsp-bolsafamilia-congemas-300x122.jpg\" \/>\n<meta name=\"twitter:card\" content=\"summary_large_image\" \/>\n<meta name=\"twitter:label1\" content=\"Escrito por\" \/>\n\t<meta name=\"twitter:data1\" content=\"\" \/>\n\t<meta name=\"twitter:label2\" content=\"Est. tempo de leitura\" \/>\n\t<meta name=\"twitter:data2\" content=\"4 minutos\" \/>\n<script type=\"application\/ld+json\" class=\"yoast-schema-graph\">{\"@context\":\"https:\\\/\\\/schema.org\",\"@graph\":[{\"@type\":\"Article\",\"@id\":\"https:\\\/\\\/blogdofarnesio.com.br\\\/?p=132287#article\",\"isPartOf\":{\"@id\":\"https:\\\/\\\/blogdofarnesio.com.br\\\/?p=132287\"},\"author\":{\"name\":\"\",\"@id\":\"\"},\"headline\":\"SECRETARIA DE CIDADANIA DIVULGA CARTA DO CONGEMAS\",\"datePublished\":\"2015-10-30T20:00:34+00:00\",\"mainEntityOfPage\":{\"@id\":\"https:\\\/\\\/blogdofarnesio.com.br\\\/?p=132287\"},\"wordCount\":878,\"commentCount\":0,\"publisher\":{\"@id\":\"https:\\\/\\\/blogdofarnesio.com.br\\\/#organization\"},\"image\":{\"@id\":\"https:\\\/\\\/blogdofarnesio.com.br\\\/?p=132287#primaryimage\"},\"thumbnailUrl\":\"http:\\\/\\\/www.quersaberpolitica.com.br\\\/2016\\\/wp-content\\\/uploads\\\/2015\\\/10\\\/blogqsp-bolsafamilia-congemas-300x122.jpg\",\"articleSection\":[\"Administra\u00e7\u00e3o\"],\"inLanguage\":\"pt-BR\",\"potentialAction\":[{\"@type\":\"CommentAction\",\"name\":\"Comment\",\"target\":[\"https:\\\/\\\/blogdofarnesio.com.br\\\/?p=132287#respond\"]}]},{\"@type\":\"WebPage\",\"@id\":\"https:\\\/\\\/blogdofarnesio.com.br\\\/?p=132287\",\"url\":\"https:\\\/\\\/blogdofarnesio.com.br\\\/?p=132287\",\"name\":\"SECRETARIA DE CIDADANIA DIVULGA CARTA DO CONGEMAS - Blog do Farn\u00e9sio\",\"isPartOf\":{\"@id\":\"https:\\\/\\\/blogdofarnesio.com.br\\\/#website\"},\"primaryImageOfPage\":{\"@id\":\"https:\\\/\\\/blogdofarnesio.com.br\\\/?p=132287#primaryimage\"},\"image\":{\"@id\":\"https:\\\/\\\/blogdofarnesio.com.br\\\/?p=132287#primaryimage\"},\"thumbnailUrl\":\"http:\\\/\\\/www.quersaberpolitica.com.br\\\/2016\\\/wp-content\\\/uploads\\\/2015\\\/10\\\/blogqsp-bolsafamilia-congemas-300x122.jpg\",\"datePublished\":\"2015-10-30T20:00:34+00:00\",\"breadcrumb\":{\"@id\":\"https:\\\/\\\/blogdofarnesio.com.br\\\/?p=132287#breadcrumb\"},\"inLanguage\":\"pt-BR\",\"potentialAction\":[{\"@type\":\"ReadAction\",\"target\":[\"https:\\\/\\\/blogdofarnesio.com.br\\\/?p=132287\"]}]},{\"@type\":\"ImageObject\",\"inLanguage\":\"pt-BR\",\"@id\":\"https:\\\/\\\/blogdofarnesio.com.br\\\/?p=132287#primaryimage\",\"url\":\"http:\\\/\\\/www.quersaberpolitica.com.br\\\/2016\\\/wp-content\\\/uploads\\\/2015\\\/10\\\/blogqsp-bolsafamilia-congemas-300x122.jpg\",\"contentUrl\":\"http:\\\/\\\/www.quersaberpolitica.com.br\\\/2016\\\/wp-content\\\/uploads\\\/2015\\\/10\\\/blogqsp-bolsafamilia-congemas-300x122.jpg\"},{\"@type\":\"BreadcrumbList\",\"@id\":\"https:\\\/\\\/blogdofarnesio.com.br\\\/?p=132287#breadcrumb\",\"itemListElement\":[{\"@type\":\"ListItem\",\"position\":1,\"name\":\"In\u00edcio\",\"item\":\"https:\\\/\\\/blogdofarnesio.com.br\\\/\"},{\"@type\":\"ListItem\",\"position\":2,\"name\":\"SECRETARIA DE CIDADANIA DIVULGA CARTA DO CONGEMAS\"}]},{\"@type\":\"WebSite\",\"@id\":\"https:\\\/\\\/blogdofarnesio.com.br\\\/#website\",\"url\":\"https:\\\/\\\/blogdofarnesio.com.br\\\/\",\"name\":\"Blog do Farn\u00e9sio\",\"description\":\"Quer Saber Pol\u00edtica?\",\"publisher\":{\"@id\":\"https:\\\/\\\/blogdofarnesio.com.br\\\/#organization\"},\"potentialAction\":[{\"@type\":\"SearchAction\",\"target\":{\"@type\":\"EntryPoint\",\"urlTemplate\":\"https:\\\/\\\/blogdofarnesio.com.br\\\/?s={search_term_string}\"},\"query-input\":{\"@type\":\"PropertyValueSpecification\",\"valueRequired\":true,\"valueName\":\"search_term_string\"}}],\"inLanguage\":\"pt-BR\"},{\"@type\":\"Organization\",\"@id\":\"https:\\\/\\\/blogdofarnesio.com.br\\\/#organization\",\"name\":\"Blog do Farn\u00e9sio\",\"url\":\"https:\\\/\\\/blogdofarnesio.com.br\\\/\",\"logo\":{\"@type\":\"ImageObject\",\"inLanguage\":\"pt-BR\",\"@id\":\"https:\\\/\\\/blogdofarnesio.com.br\\\/#\\\/schema\\\/logo\\\/image\\\/\",\"url\":\"https:\\\/\\\/blogdofarnesio.com.br\\\/wp-content\\\/uploads\\\/2026\\\/03\\\/cropped-logo_new-1.png\",\"contentUrl\":\"https:\\\/\\\/blogdofarnesio.com.br\\\/wp-content\\\/uploads\\\/2026\\\/03\\\/cropped-logo_new-1.png\",\"width\":881,\"height\":685,\"caption\":\"Blog do Farn\u00e9sio\"},\"image\":{\"@id\":\"https:\\\/\\\/blogdofarnesio.com.br\\\/#\\\/schema\\\/logo\\\/image\\\/\"},\"sameAs\":[\"https:\\\/\\\/www.facebook.com\\\/BlogQuerSaberPolitica\\\/\"]},{\"@type\":\"Person\",\"@id\":\"\",\"url\":\"https:\\\/\\\/blogdofarnesio.com.br\\\/?author=7\"}]}<\/script>\n<!-- \/ Yoast SEO plugin. -->","yoast_head_json":{"title":"SECRETARIA DE CIDADANIA DIVULGA CARTA DO CONGEMAS - Blog do Farn\u00e9sio","robots":{"index":"index","follow":"follow","max-snippet":"max-snippet:-1","max-image-preview":"max-image-preview:large","max-video-preview":"max-video-preview:-1"},"canonical":"https:\/\/blogdofarnesio.com.br\/?p=132287","og_locale":"pt_BR","og_type":"article","og_title":"SECRETARIA DE CIDADANIA DIVULGA CARTA DO CONGEMAS - Blog do Farn\u00e9sio","og_description":"A prefeitura de Petrolina, atrav\u00e9s da Secretaria de Cidadania, e em apoio ao manifesto feito pelo Colegiado Nacional de Gestores Municipais de Assist\u00eancia Social (CONGEMAS), entra na luta pela perman\u00eancia no or\u00e7amento para o ano de 2016 dos 28,8 bilh\u00f5es previstos para os pagamentos do Programa Bolsa Fam\u00edlia, como tamb\u00e9m , repudia de maneira enf\u00e1tica a proposta do relator do projeto de Or\u00e7amento de 2016,Deputado Ricardo Barros (PP-PR), que afirmou nesta ter\u00e7a-feira (20) que vai propor o corte R$ 10 bilh\u00f5es dos R$ 28,8 bilh\u00f5es previstos para o Bolsa Fam\u00edlia no ano que vem, bem como se manifestam em defesa do or\u00e7amento proposto para a execu\u00e7\u00e3o dos servi\u00e7os e benef\u00edcios socioassistenciais. Assim sendo, a prefeitura de Petrolina e a Secretaria&hellip;","og_url":"https:\/\/blogdofarnesio.com.br\/?p=132287","og_site_name":"Blog do Farn\u00e9sio","article_publisher":"https:\/\/www.facebook.com\/BlogQuerSaberPolitica\/","article_published_time":"2015-10-30T20:00:34+00:00","og_image":[{"url":"http:\/\/www.quersaberpolitica.com.br\/2016\/wp-content\/uploads\/2015\/10\/blogqsp-bolsafamilia-congemas-300x122.jpg","type":"","width":"","height":""}],"twitter_card":"summary_large_image","twitter_misc":{"Escrito por":"","Est. tempo de leitura":"4 minutos"},"schema":{"@context":"https:\/\/schema.org","@graph":[{"@type":"Article","@id":"https:\/\/blogdofarnesio.com.br\/?p=132287#article","isPartOf":{"@id":"https:\/\/blogdofarnesio.com.br\/?p=132287"},"author":{"name":"","@id":""},"headline":"SECRETARIA DE CIDADANIA DIVULGA CARTA DO CONGEMAS","datePublished":"2015-10-30T20:00:34+00:00","mainEntityOfPage":{"@id":"https:\/\/blogdofarnesio.com.br\/?p=132287"},"wordCount":878,"commentCount":0,"publisher":{"@id":"https:\/\/blogdofarnesio.com.br\/#organization"},"image":{"@id":"https:\/\/blogdofarnesio.com.br\/?p=132287#primaryimage"},"thumbnailUrl":"http:\/\/www.quersaberpolitica.com.br\/2016\/wp-content\/uploads\/2015\/10\/blogqsp-bolsafamilia-congemas-300x122.jpg","articleSection":["Administra\u00e7\u00e3o"],"inLanguage":"pt-BR","potentialAction":[{"@type":"CommentAction","name":"Comment","target":["https:\/\/blogdofarnesio.com.br\/?p=132287#respond"]}]},{"@type":"WebPage","@id":"https:\/\/blogdofarnesio.com.br\/?p=132287","url":"https:\/\/blogdofarnesio.com.br\/?p=132287","name":"SECRETARIA DE CIDADANIA DIVULGA CARTA DO CONGEMAS - Blog do Farn\u00e9sio","isPartOf":{"@id":"https:\/\/blogdofarnesio.com.br\/#website"},"primaryImageOfPage":{"@id":"https:\/\/blogdofarnesio.com.br\/?p=132287#primaryimage"},"image":{"@id":"https:\/\/blogdofarnesio.com.br\/?p=132287#primaryimage"},"thumbnailUrl":"http:\/\/www.quersaberpolitica.com.br\/2016\/wp-content\/uploads\/2015\/10\/blogqsp-bolsafamilia-congemas-300x122.jpg","datePublished":"2015-10-30T20:00:34+00:00","breadcrumb":{"@id":"https:\/\/blogdofarnesio.com.br\/?p=132287#breadcrumb"},"inLanguage":"pt-BR","potentialAction":[{"@type":"ReadAction","target":["https:\/\/blogdofarnesio.com.br\/?p=132287"]}]},{"@type":"ImageObject","inLanguage":"pt-BR","@id":"https:\/\/blogdofarnesio.com.br\/?p=132287#primaryimage","url":"http:\/\/www.quersaberpolitica.com.br\/2016\/wp-content\/uploads\/2015\/10\/blogqsp-bolsafamilia-congemas-300x122.jpg","contentUrl":"http:\/\/www.quersaberpolitica.com.br\/2016\/wp-content\/uploads\/2015\/10\/blogqsp-bolsafamilia-congemas-300x122.jpg"},{"@type":"BreadcrumbList","@id":"https:\/\/blogdofarnesio.com.br\/?p=132287#breadcrumb","itemListElement":[{"@type":"ListItem","position":1,"name":"In\u00edcio","item":"https:\/\/blogdofarnesio.com.br\/"},{"@type":"ListItem","position":2,"name":"SECRETARIA DE CIDADANIA DIVULGA CARTA DO CONGEMAS"}]},{"@type":"WebSite","@id":"https:\/\/blogdofarnesio.com.br\/#website","url":"https:\/\/blogdofarnesio.com.br\/","name":"Blog do Farn\u00e9sio","description":"Quer Saber Pol\u00edtica?","publisher":{"@id":"https:\/\/blogdofarnesio.com.br\/#organization"},"potentialAction":[{"@type":"SearchAction","target":{"@type":"EntryPoint","urlTemplate":"https:\/\/blogdofarnesio.com.br\/?s={search_term_string}"},"query-input":{"@type":"PropertyValueSpecification","valueRequired":true,"valueName":"search_term_string"}}],"inLanguage":"pt-BR"},{"@type":"Organization","@id":"https:\/\/blogdofarnesio.com.br\/#organization","name":"Blog do Farn\u00e9sio","url":"https:\/\/blogdofarnesio.com.br\/","logo":{"@type":"ImageObject","inLanguage":"pt-BR","@id":"https:\/\/blogdofarnesio.com.br\/#\/schema\/logo\/image\/","url":"https:\/\/blogdofarnesio.com.br\/wp-content\/uploads\/2026\/03\/cropped-logo_new-1.png","contentUrl":"https:\/\/blogdofarnesio.com.br\/wp-content\/uploads\/2026\/03\/cropped-logo_new-1.png","width":881,"height":685,"caption":"Blog do Farn\u00e9sio"},"image":{"@id":"https:\/\/blogdofarnesio.com.br\/#\/schema\/logo\/image\/"},"sameAs":["https:\/\/www.facebook.com\/BlogQuerSaberPolitica\/"]},{"@type":"Person","@id":"","url":"https:\/\/blogdofarnesio.com.br\/?author=7"}]}},"_links":{"self":[{"href":"https:\/\/blogdofarnesio.com.br\/index.php?rest_route=\/wp\/v2\/posts\/132287","targetHints":{"allow":["GET"]}}],"collection":[{"href":"https:\/\/blogdofarnesio.com.br\/index.php?rest_route=\/wp\/v2\/posts"}],"about":[{"href":"https:\/\/blogdofarnesio.com.br\/index.php?rest_route=\/wp\/v2\/types\/post"}],"author":[{"embeddable":true,"href":"https:\/\/blogdofarnesio.com.br\/index.php?rest_route=\/wp\/v2\/users\/7"}],"replies":[{"embeddable":true,"href":"https:\/\/blogdofarnesio.com.br\/index.php?rest_route=%2Fwp%2Fv2%2Fcomments&post=132287"}],"version-history":[{"count":0,"href":"https:\/\/blogdofarnesio.com.br\/index.php?rest_route=\/wp\/v2\/posts\/132287\/revisions"}],"wp:attachment":[{"href":"https:\/\/blogdofarnesio.com.br\/index.php?rest_route=%2Fwp%2Fv2%2Fmedia&parent=132287"}],"wp:term":[{"taxonomy":"category","embeddable":true,"href":"https:\/\/blogdofarnesio.com.br\/index.php?rest_route=%2Fwp%2Fv2%2Fcategories&post=132287"},{"taxonomy":"post_tag","embeddable":true,"href":"https:\/\/blogdofarnesio.com.br\/index.php?rest_route=%2Fwp%2Fv2%2Ftags&post=132287"}],"curies":[{"name":"wp","href":"https:\/\/api.w.org\/{rel}","templated":true}]}}