{"id":132183,"date":"2015-10-28T13:00:21","date_gmt":"2015-10-28T16:00:21","guid":{"rendered":"http:\/\/www.quersaberpolitica.com.br\/?p=132183"},"modified":"2015-10-28T11:21:32","modified_gmt":"2015-10-28T14:21:32","slug":"deficit-no-orcamento-deste-ano-e-de-r-518-bilhoes","status":"publish","type":"post","link":"https:\/\/blogdofarnesio.com.br\/?p=132183","title":{"rendered":"D\u00c9FICIT NO OR\u00c7AMENTO DESTE ANO \u00c9 DE R$ 51,8 BILH\u00d5ES"},"content":{"rendered":"<div class=\"row change_font\">\n<div class=\"col-md-12\" style=\"text-align: justify\">\n<div><a href=\"http:\/\/www.quersaberpolitica.com.br\/2016\/wp-content\/uploads\/2015\/10\/blogqspDilma-Levy-foto-Antonio-Cruz-ABr.jpg\"><img loading=\"lazy\" decoding=\"async\" class=\"aligncenter  wp-image-132184\" src=\"http:\/\/www.quersaberpolitica.com.br\/2016\/wp-content\/uploads\/2015\/10\/blogqspDilma-Levy-foto-Antonio-Cruz-ABr.jpg\" alt=\"blogqspDilma Levy foto Antonio Cruz ABr\" width=\"422\" height=\"260\" \/><\/a>\u00a0FOTO: ANT\u00d4NIO CRUZ\/ABR<\/div>\n<\/div>\n<div class=\"col-md-12 font_a\">\n<p style=\"text-align: justify\">O d\u00e9ficit prim\u00e1rio previsto para este ano ser\u00e1 de R$ 51,8 bilh\u00f5es sem contar com as chamadas pedaladas fiscais, segundo o relator do projeto de lei que altera a meta do super\u00e1vit do Or\u00e7amento da Uni\u00e3o 2015, deputado Hugo Leal (PROS-RJ). De acordo com o relator, este n\u00famero equivale a mais ou menos 0,8% do Produto Interno Bruto (PIB). A meta j\u00e1 foi alterada em julho pelo governo e passou de 1,1% do PIB para 0,15% do PIB antes desta nova mudan\u00e7a.<\/p>\n<p style=\"text-align: justify\">Para que n\u00e3o tenha as contas novamente rejeitas pelo Tribunal de Contas da Uni\u00e3o, o governo encaminhar\u00e1 ao Congresso uma cl\u00e1usula que prop\u00f5e o pagamento de todas as despesas futuras. &#8220;O d\u00e9ficit para 2015 \u00e9 em torno de R$ 51,8 bilh\u00f5es, esta \u00e9 a meta levando em considera\u00e7\u00e3o a frustra\u00e7\u00e3o das receitas e a queda da arrecada\u00e7\u00e3o. A quest\u00e3o das pedaladas ser\u00e3o previstas no projeto que o governo est\u00e1 encaminhando&#8221;, ressaltou Leal ao deixar o gabinete do ministro do Planejamento, Nelson Barbosa.<\/p>\n<p style=\"text-align: justify\">O governo decidiu n\u00e3o aumentar o abatimento com o Programa de Acelera\u00e7\u00e3o do Crescimento (PAC), como era permitido em governo anteriores, informou o deputado. Caso haja frustra\u00e7\u00e3o com o leil\u00e3o das hidrel\u00e9tricas, que foi adiado para novembro, o governo poder\u00e1 abater essas receitas, estimadas em R$ 11 bilh\u00f5es. &#8220;O que tem previs\u00e3o de entrada \u00e9 o leil\u00e3o das el\u00e9tricas&#8221;, afirmou. Nesta ter\u00e7a, no entanto, o governo anunciou o adiamento do leil\u00e3o de hidrel\u00e9tricas previsto anteriormente para 6 de novembro. O novo certame deve ocorrer at\u00e9 o fim de novembro.<!--more--><\/p>\n<p style=\"text-align: justify\">Ainda de acordo com Leal, em 2015 o governo vem pagando as d\u00edvidas com os bancos p\u00fablicos. &#8220;O conceito desse pagamento com os entes p\u00fablicos j\u00e1 est\u00e1 sendo feito em 2015, n\u00e3o h\u00e1 novidade. O que ser\u00e1 feito \u00e9 a avalia\u00e7\u00e3o desses valores e a meta pode ser modificada&#8221;, disse.<\/p>\n<p style=\"text-align: justify\">A inten\u00e7\u00e3o do deputado \u00e9 votar amanh\u00e3 este projeto que altera a Lei de Diretrizes Or\u00e7ament\u00e1rias para 2015. &#8220;Esta \u00e9 a minha inten\u00e7\u00e3o&#8221;, disse. Segundo ele, o n\u00famero \u00e9 compat\u00edvel com o que vinha sendo conversado com o Congresso.<\/p>\n<p style=\"text-align: justify\">Na opini\u00e3o do deputado, a revis\u00e3o da meta n\u00e3o traz desgaste para o governo. &#8220;Desgaste \u00e9 voc\u00ea trabalhar com fic\u00e7\u00e3o. Trabalhar com realidade \u00e9 isso, voc\u00ea tem que trabalhar com n\u00fameros&#8221;, afirmou.<\/p>\n<p style=\"text-align: justify\">O parlamentar se re\u00fane ainda nesta tarde com a presidente da Comiss\u00e3o Mista do Or\u00e7amento (CMO), senadora Rose de Freitas (PMDB-ES), para dar encaminhamento \u00e0 proposta. A ideia de Barros \u00e9 que o texto j\u00e1 seja votado amanh\u00e3 no plen\u00e1rio da C\u00e2mara. (AE)<\/p>\n<\/div>\n<\/div>\n<p>&nbsp;<\/p>\n","protected":false},"excerpt":{"rendered":"<p>\u00a0FOTO: ANT\u00d4NIO CRUZ\/ABR O d\u00e9ficit prim\u00e1rio previsto para este ano ser\u00e1 de R$ 51,8 bilh\u00f5es sem contar com as chamadas pedaladas fiscais, segundo o relator do projeto de lei que altera a meta do super\u00e1vit do Or\u00e7amento da Uni\u00e3o 2015, deputado Hugo Leal (PROS-RJ). De acordo com o relator, este n\u00famero equivale a mais ou menos 0,8% do Produto Interno Bruto (PIB). A meta j\u00e1 foi alterada em julho pelo governo e passou de 1,1% do PIB para 0,15% do PIB antes desta nova mudan\u00e7a. Para que n\u00e3o tenha as contas novamente rejeitas pelo Tribunal de Contas da Uni\u00e3o, o governo encaminhar\u00e1 ao Congresso uma cl\u00e1usula que prop\u00f5e o pagamento de todas as despesas futuras. &#8220;O d\u00e9ficit para 2015 \u00e9&hellip; <\/p>\n","protected":false},"author":3,"featured_media":0,"comment_status":"open","ping_status":"open","sticky":false,"template":"","format":"standard","meta":{"_acf_changed":false,"footnotes":""},"categories":[1],"tags":[],"class_list":["post-132183","post","type-post","status-publish","format-standard","hentry","category-politica"],"acf":[],"yoast_head":"<!-- This site is optimized with the Yoast SEO plugin v27.4 - https:\/\/yoast.com\/product\/yoast-seo-wordpress\/ -->\n<title>D\u00c9FICIT NO OR\u00c7AMENTO DESTE ANO \u00c9 DE R$ 51,8 BILH\u00d5ES - Blog do Farn\u00e9sio<\/title>\n<meta name=\"robots\" content=\"index, follow, max-snippet:-1, max-image-preview:large, max-video-preview:-1\" \/>\n<link rel=\"canonical\" href=\"https:\/\/blogdofarnesio.com.br\/?p=132183\" \/>\n<meta property=\"og:locale\" content=\"pt_BR\" \/>\n<meta property=\"og:type\" content=\"article\" \/>\n<meta property=\"og:title\" content=\"D\u00c9FICIT NO OR\u00c7AMENTO DESTE ANO \u00c9 DE R$ 51,8 BILH\u00d5ES - Blog do Farn\u00e9sio\" \/>\n<meta property=\"og:description\" content=\"\u00a0FOTO: ANT\u00d4NIO CRUZ\/ABR O d\u00e9ficit prim\u00e1rio previsto para este ano ser\u00e1 de R$ 51,8 bilh\u00f5es sem contar com as chamadas pedaladas fiscais, segundo o relator do projeto de lei que altera a meta do super\u00e1vit do Or\u00e7amento da Uni\u00e3o 2015, deputado Hugo Leal (PROS-RJ). De acordo com o relator, este n\u00famero equivale a mais ou menos 0,8% do Produto Interno Bruto (PIB). A meta j\u00e1 foi alterada em julho pelo governo e passou de 1,1% do PIB para 0,15% do PIB antes desta nova mudan\u00e7a. Para que n\u00e3o tenha as contas novamente rejeitas pelo Tribunal de Contas da Uni\u00e3o, o governo encaminhar\u00e1 ao Congresso uma cl\u00e1usula que prop\u00f5e o pagamento de todas as despesas futuras. &#8220;O d\u00e9ficit para 2015 \u00e9&hellip;\" \/>\n<meta property=\"og:url\" content=\"https:\/\/blogdofarnesio.com.br\/?p=132183\" \/>\n<meta property=\"og:site_name\" content=\"Blog do Farn\u00e9sio\" \/>\n<meta property=\"article:publisher\" content=\"https:\/\/www.facebook.com\/BlogQuerSaberPolitica\/\" \/>\n<meta property=\"article:published_time\" content=\"2015-10-28T16:00:21+00:00\" \/>\n<meta property=\"og:image\" content=\"http:\/\/www.quersaberpolitica.com.br\/2016\/wp-content\/uploads\/2015\/10\/blogqspDilma-Levy-foto-Antonio-Cruz-ABr.jpg\" \/>\n<meta name=\"author\" content=\"teste\" \/>\n<meta name=\"twitter:card\" content=\"summary_large_image\" \/>\n<meta name=\"twitter:label1\" content=\"Escrito por\" \/>\n\t<meta name=\"twitter:data1\" content=\"teste\" \/>\n\t<meta name=\"twitter:label2\" content=\"Est. tempo de leitura\" \/>\n\t<meta name=\"twitter:data2\" content=\"2 minutos\" \/>\n<script type=\"application\/ld+json\" class=\"yoast-schema-graph\">{\"@context\":\"https:\\\/\\\/schema.org\",\"@graph\":[{\"@type\":\"Article\",\"@id\":\"https:\\\/\\\/blogdofarnesio.com.br\\\/?p=132183#article\",\"isPartOf\":{\"@id\":\"https:\\\/\\\/blogdofarnesio.com.br\\\/?p=132183\"},\"author\":{\"name\":\"teste\",\"@id\":\"https:\\\/\\\/blogdofarnesio.com.br\\\/#\\\/schema\\\/person\\\/dd1bf5eba40b687199ba45ca6b97dff9\"},\"headline\":\"D\u00c9FICIT NO OR\u00c7AMENTO DESTE ANO \u00c9 DE R$ 51,8 BILH\u00d5ES\",\"datePublished\":\"2015-10-28T16:00:21+00:00\",\"mainEntityOfPage\":{\"@id\":\"https:\\\/\\\/blogdofarnesio.com.br\\\/?p=132183\"},\"wordCount\":463,\"commentCount\":0,\"publisher\":{\"@id\":\"https:\\\/\\\/blogdofarnesio.com.br\\\/#organization\"},\"image\":{\"@id\":\"https:\\\/\\\/blogdofarnesio.com.br\\\/?p=132183#primaryimage\"},\"thumbnailUrl\":\"http:\\\/\\\/www.quersaberpolitica.com.br\\\/2016\\\/wp-content\\\/uploads\\\/2015\\\/10\\\/blogqspDilma-Levy-foto-Antonio-Cruz-ABr.jpg\",\"articleSection\":[\"Pol\u00edtica\"],\"inLanguage\":\"pt-BR\",\"potentialAction\":[{\"@type\":\"CommentAction\",\"name\":\"Comment\",\"target\":[\"https:\\\/\\\/blogdofarnesio.com.br\\\/?p=132183#respond\"]}]},{\"@type\":\"WebPage\",\"@id\":\"https:\\\/\\\/blogdofarnesio.com.br\\\/?p=132183\",\"url\":\"https:\\\/\\\/blogdofarnesio.com.br\\\/?p=132183\",\"name\":\"D\u00c9FICIT NO OR\u00c7AMENTO DESTE ANO \u00c9 DE R$ 51,8 BILH\u00d5ES - Blog do Farn\u00e9sio\",\"isPartOf\":{\"@id\":\"https:\\\/\\\/blogdofarnesio.com.br\\\/#website\"},\"primaryImageOfPage\":{\"@id\":\"https:\\\/\\\/blogdofarnesio.com.br\\\/?p=132183#primaryimage\"},\"image\":{\"@id\":\"https:\\\/\\\/blogdofarnesio.com.br\\\/?p=132183#primaryimage\"},\"thumbnailUrl\":\"http:\\\/\\\/www.quersaberpolitica.com.br\\\/2016\\\/wp-content\\\/uploads\\\/2015\\\/10\\\/blogqspDilma-Levy-foto-Antonio-Cruz-ABr.jpg\",\"datePublished\":\"2015-10-28T16:00:21+00:00\",\"breadcrumb\":{\"@id\":\"https:\\\/\\\/blogdofarnesio.com.br\\\/?p=132183#breadcrumb\"},\"inLanguage\":\"pt-BR\",\"potentialAction\":[{\"@type\":\"ReadAction\",\"target\":[\"https:\\\/\\\/blogdofarnesio.com.br\\\/?p=132183\"]}]},{\"@type\":\"ImageObject\",\"inLanguage\":\"pt-BR\",\"@id\":\"https:\\\/\\\/blogdofarnesio.com.br\\\/?p=132183#primaryimage\",\"url\":\"http:\\\/\\\/www.quersaberpolitica.com.br\\\/2016\\\/wp-content\\\/uploads\\\/2015\\\/10\\\/blogqspDilma-Levy-foto-Antonio-Cruz-ABr.jpg\",\"contentUrl\":\"http:\\\/\\\/www.quersaberpolitica.com.br\\\/2016\\\/wp-content\\\/uploads\\\/2015\\\/10\\\/blogqspDilma-Levy-foto-Antonio-Cruz-ABr.jpg\"},{\"@type\":\"BreadcrumbList\",\"@id\":\"https:\\\/\\\/blogdofarnesio.com.br\\\/?p=132183#breadcrumb\",\"itemListElement\":[{\"@type\":\"ListItem\",\"position\":1,\"name\":\"In\u00edcio\",\"item\":\"https:\\\/\\\/blogdofarnesio.com.br\\\/\"},{\"@type\":\"ListItem\",\"position\":2,\"name\":\"D\u00c9FICIT NO OR\u00c7AMENTO DESTE ANO \u00c9 DE R$ 51,8 BILH\u00d5ES\"}]},{\"@type\":\"WebSite\",\"@id\":\"https:\\\/\\\/blogdofarnesio.com.br\\\/#website\",\"url\":\"https:\\\/\\\/blogdofarnesio.com.br\\\/\",\"name\":\"Blog do Farn\u00e9sio\",\"description\":\"Quer Saber Pol\u00edtica?\",\"publisher\":{\"@id\":\"https:\\\/\\\/blogdofarnesio.com.br\\\/#organization\"},\"potentialAction\":[{\"@type\":\"SearchAction\",\"target\":{\"@type\":\"EntryPoint\",\"urlTemplate\":\"https:\\\/\\\/blogdofarnesio.com.br\\\/?s={search_term_string}\"},\"query-input\":{\"@type\":\"PropertyValueSpecification\",\"valueRequired\":true,\"valueName\":\"search_term_string\"}}],\"inLanguage\":\"pt-BR\"},{\"@type\":\"Organization\",\"@id\":\"https:\\\/\\\/blogdofarnesio.com.br\\\/#organization\",\"name\":\"Blog do Farn\u00e9sio\",\"url\":\"https:\\\/\\\/blogdofarnesio.com.br\\\/\",\"logo\":{\"@type\":\"ImageObject\",\"inLanguage\":\"pt-BR\",\"@id\":\"https:\\\/\\\/blogdofarnesio.com.br\\\/#\\\/schema\\\/logo\\\/image\\\/\",\"url\":\"https:\\\/\\\/blogdofarnesio.com.br\\\/wp-content\\\/uploads\\\/2026\\\/03\\\/cropped-logo_new-1.png\",\"contentUrl\":\"https:\\\/\\\/blogdofarnesio.com.br\\\/wp-content\\\/uploads\\\/2026\\\/03\\\/cropped-logo_new-1.png\",\"width\":881,\"height\":685,\"caption\":\"Blog do Farn\u00e9sio\"},\"image\":{\"@id\":\"https:\\\/\\\/blogdofarnesio.com.br\\\/#\\\/schema\\\/logo\\\/image\\\/\"},\"sameAs\":[\"https:\\\/\\\/www.facebook.com\\\/BlogQuerSaberPolitica\\\/\"]},{\"@type\":\"Person\",\"@id\":\"https:\\\/\\\/blogdofarnesio.com.br\\\/#\\\/schema\\\/person\\\/dd1bf5eba40b687199ba45ca6b97dff9\",\"name\":\"teste\",\"image\":{\"@type\":\"ImageObject\",\"inLanguage\":\"pt-BR\",\"@id\":\"https:\\\/\\\/secure.gravatar.com\\\/avatar\\\/2172498d4914b51e1d89a0f97957b035ac4938723a5cac208135d389b6972a6d?s=96&d=mm&r=g\",\"url\":\"https:\\\/\\\/secure.gravatar.com\\\/avatar\\\/2172498d4914b51e1d89a0f97957b035ac4938723a5cac208135d389b6972a6d?s=96&d=mm&r=g\",\"contentUrl\":\"https:\\\/\\\/secure.gravatar.com\\\/avatar\\\/2172498d4914b51e1d89a0f97957b035ac4938723a5cac208135d389b6972a6d?s=96&d=mm&r=g\",\"caption\":\"teste\"},\"url\":\"https:\\\/\\\/blogdofarnesio.com.br\\\/?author=3\"}]}<\/script>\n<!-- \/ Yoast SEO plugin. -->","yoast_head_json":{"title":"D\u00c9FICIT NO OR\u00c7AMENTO DESTE ANO \u00c9 DE R$ 51,8 BILH\u00d5ES - Blog do Farn\u00e9sio","robots":{"index":"index","follow":"follow","max-snippet":"max-snippet:-1","max-image-preview":"max-image-preview:large","max-video-preview":"max-video-preview:-1"},"canonical":"https:\/\/blogdofarnesio.com.br\/?p=132183","og_locale":"pt_BR","og_type":"article","og_title":"D\u00c9FICIT NO OR\u00c7AMENTO DESTE ANO \u00c9 DE R$ 51,8 BILH\u00d5ES - Blog do Farn\u00e9sio","og_description":"\u00a0FOTO: ANT\u00d4NIO CRUZ\/ABR O d\u00e9ficit prim\u00e1rio previsto para este ano ser\u00e1 de R$ 51,8 bilh\u00f5es sem contar com as chamadas pedaladas fiscais, segundo o relator do projeto de lei que altera a meta do super\u00e1vit do Or\u00e7amento da Uni\u00e3o 2015, deputado Hugo Leal (PROS-RJ). De acordo com o relator, este n\u00famero equivale a mais ou menos 0,8% do Produto Interno Bruto (PIB). A meta j\u00e1 foi alterada em julho pelo governo e passou de 1,1% do PIB para 0,15% do PIB antes desta nova mudan\u00e7a. Para que n\u00e3o tenha as contas novamente rejeitas pelo Tribunal de Contas da Uni\u00e3o, o governo encaminhar\u00e1 ao Congresso uma cl\u00e1usula que prop\u00f5e o pagamento de todas as despesas futuras. &#8220;O d\u00e9ficit para 2015 \u00e9&hellip;","og_url":"https:\/\/blogdofarnesio.com.br\/?p=132183","og_site_name":"Blog do Farn\u00e9sio","article_publisher":"https:\/\/www.facebook.com\/BlogQuerSaberPolitica\/","article_published_time":"2015-10-28T16:00:21+00:00","og_image":[{"url":"http:\/\/www.quersaberpolitica.com.br\/2016\/wp-content\/uploads\/2015\/10\/blogqspDilma-Levy-foto-Antonio-Cruz-ABr.jpg","type":"","width":"","height":""}],"author":"teste","twitter_card":"summary_large_image","twitter_misc":{"Escrito por":"teste","Est. tempo de leitura":"2 minutos"},"schema":{"@context":"https:\/\/schema.org","@graph":[{"@type":"Article","@id":"https:\/\/blogdofarnesio.com.br\/?p=132183#article","isPartOf":{"@id":"https:\/\/blogdofarnesio.com.br\/?p=132183"},"author":{"name":"teste","@id":"https:\/\/blogdofarnesio.com.br\/#\/schema\/person\/dd1bf5eba40b687199ba45ca6b97dff9"},"headline":"D\u00c9FICIT NO OR\u00c7AMENTO DESTE ANO \u00c9 DE R$ 51,8 BILH\u00d5ES","datePublished":"2015-10-28T16:00:21+00:00","mainEntityOfPage":{"@id":"https:\/\/blogdofarnesio.com.br\/?p=132183"},"wordCount":463,"commentCount":0,"publisher":{"@id":"https:\/\/blogdofarnesio.com.br\/#organization"},"image":{"@id":"https:\/\/blogdofarnesio.com.br\/?p=132183#primaryimage"},"thumbnailUrl":"http:\/\/www.quersaberpolitica.com.br\/2016\/wp-content\/uploads\/2015\/10\/blogqspDilma-Levy-foto-Antonio-Cruz-ABr.jpg","articleSection":["Pol\u00edtica"],"inLanguage":"pt-BR","potentialAction":[{"@type":"CommentAction","name":"Comment","target":["https:\/\/blogdofarnesio.com.br\/?p=132183#respond"]}]},{"@type":"WebPage","@id":"https:\/\/blogdofarnesio.com.br\/?p=132183","url":"https:\/\/blogdofarnesio.com.br\/?p=132183","name":"D\u00c9FICIT NO OR\u00c7AMENTO DESTE ANO \u00c9 DE R$ 51,8 BILH\u00d5ES - Blog do Farn\u00e9sio","isPartOf":{"@id":"https:\/\/blogdofarnesio.com.br\/#website"},"primaryImageOfPage":{"@id":"https:\/\/blogdofarnesio.com.br\/?p=132183#primaryimage"},"image":{"@id":"https:\/\/blogdofarnesio.com.br\/?p=132183#primaryimage"},"thumbnailUrl":"http:\/\/www.quersaberpolitica.com.br\/2016\/wp-content\/uploads\/2015\/10\/blogqspDilma-Levy-foto-Antonio-Cruz-ABr.jpg","datePublished":"2015-10-28T16:00:21+00:00","breadcrumb":{"@id":"https:\/\/blogdofarnesio.com.br\/?p=132183#breadcrumb"},"inLanguage":"pt-BR","potentialAction":[{"@type":"ReadAction","target":["https:\/\/blogdofarnesio.com.br\/?p=132183"]}]},{"@type":"ImageObject","inLanguage":"pt-BR","@id":"https:\/\/blogdofarnesio.com.br\/?p=132183#primaryimage","url":"http:\/\/www.quersaberpolitica.com.br\/2016\/wp-content\/uploads\/2015\/10\/blogqspDilma-Levy-foto-Antonio-Cruz-ABr.jpg","contentUrl":"http:\/\/www.quersaberpolitica.com.br\/2016\/wp-content\/uploads\/2015\/10\/blogqspDilma-Levy-foto-Antonio-Cruz-ABr.jpg"},{"@type":"BreadcrumbList","@id":"https:\/\/blogdofarnesio.com.br\/?p=132183#breadcrumb","itemListElement":[{"@type":"ListItem","position":1,"name":"In\u00edcio","item":"https:\/\/blogdofarnesio.com.br\/"},{"@type":"ListItem","position":2,"name":"D\u00c9FICIT NO OR\u00c7AMENTO DESTE ANO \u00c9 DE R$ 51,8 BILH\u00d5ES"}]},{"@type":"WebSite","@id":"https:\/\/blogdofarnesio.com.br\/#website","url":"https:\/\/blogdofarnesio.com.br\/","name":"Blog do Farn\u00e9sio","description":"Quer Saber Pol\u00edtica?","publisher":{"@id":"https:\/\/blogdofarnesio.com.br\/#organization"},"potentialAction":[{"@type":"SearchAction","target":{"@type":"EntryPoint","urlTemplate":"https:\/\/blogdofarnesio.com.br\/?s={search_term_string}"},"query-input":{"@type":"PropertyValueSpecification","valueRequired":true,"valueName":"search_term_string"}}],"inLanguage":"pt-BR"},{"@type":"Organization","@id":"https:\/\/blogdofarnesio.com.br\/#organization","name":"Blog do Farn\u00e9sio","url":"https:\/\/blogdofarnesio.com.br\/","logo":{"@type":"ImageObject","inLanguage":"pt-BR","@id":"https:\/\/blogdofarnesio.com.br\/#\/schema\/logo\/image\/","url":"https:\/\/blogdofarnesio.com.br\/wp-content\/uploads\/2026\/03\/cropped-logo_new-1.png","contentUrl":"https:\/\/blogdofarnesio.com.br\/wp-content\/uploads\/2026\/03\/cropped-logo_new-1.png","width":881,"height":685,"caption":"Blog do Farn\u00e9sio"},"image":{"@id":"https:\/\/blogdofarnesio.com.br\/#\/schema\/logo\/image\/"},"sameAs":["https:\/\/www.facebook.com\/BlogQuerSaberPolitica\/"]},{"@type":"Person","@id":"https:\/\/blogdofarnesio.com.br\/#\/schema\/person\/dd1bf5eba40b687199ba45ca6b97dff9","name":"teste","image":{"@type":"ImageObject","inLanguage":"pt-BR","@id":"https:\/\/secure.gravatar.com\/avatar\/2172498d4914b51e1d89a0f97957b035ac4938723a5cac208135d389b6972a6d?s=96&d=mm&r=g","url":"https:\/\/secure.gravatar.com\/avatar\/2172498d4914b51e1d89a0f97957b035ac4938723a5cac208135d389b6972a6d?s=96&d=mm&r=g","contentUrl":"https:\/\/secure.gravatar.com\/avatar\/2172498d4914b51e1d89a0f97957b035ac4938723a5cac208135d389b6972a6d?s=96&d=mm&r=g","caption":"teste"},"url":"https:\/\/blogdofarnesio.com.br\/?author=3"}]}},"_links":{"self":[{"href":"https:\/\/blogdofarnesio.com.br\/index.php?rest_route=\/wp\/v2\/posts\/132183","targetHints":{"allow":["GET"]}}],"collection":[{"href":"https:\/\/blogdofarnesio.com.br\/index.php?rest_route=\/wp\/v2\/posts"}],"about":[{"href":"https:\/\/blogdofarnesio.com.br\/index.php?rest_route=\/wp\/v2\/types\/post"}],"author":[{"embeddable":true,"href":"https:\/\/blogdofarnesio.com.br\/index.php?rest_route=\/wp\/v2\/users\/3"}],"replies":[{"embeddable":true,"href":"https:\/\/blogdofarnesio.com.br\/index.php?rest_route=%2Fwp%2Fv2%2Fcomments&post=132183"}],"version-history":[{"count":0,"href":"https:\/\/blogdofarnesio.com.br\/index.php?rest_route=\/wp\/v2\/posts\/132183\/revisions"}],"wp:attachment":[{"href":"https:\/\/blogdofarnesio.com.br\/index.php?rest_route=%2Fwp%2Fv2%2Fmedia&parent=132183"}],"wp:term":[{"taxonomy":"category","embeddable":true,"href":"https:\/\/blogdofarnesio.com.br\/index.php?rest_route=%2Fwp%2Fv2%2Fcategories&post=132183"},{"taxonomy":"post_tag","embeddable":true,"href":"https:\/\/blogdofarnesio.com.br\/index.php?rest_route=%2Fwp%2Fv2%2Ftags&post=132183"}],"curies":[{"name":"wp","href":"https:\/\/api.w.org\/{rel}","templated":true}]}}