{"id":132155,"date":"2015-10-28T09:43:05","date_gmt":"2015-10-28T12:43:05","guid":{"rendered":"http:\/\/www.quersaberpolitica.com.br\/?p=132155"},"modified":"2015-10-27T19:57:06","modified_gmt":"2015-10-27T22:57:06","slug":"direto-de-sobradinho-296","status":"publish","type":"post","link":"https:\/\/blogdofarnesio.com.br\/2015\/10\/direto-de-sobradinho-296\/","title":{"rendered":"DIRETO DE SOBRADINHO"},"content":{"rendered":"<div dir=\"ltr\">\n<div dir=\"ltr\">\n<p style=\"text-align: center\">ADMINISTRA\u00c7\u00c3O MUNICIPAL\u00a0PROMOVE DIA DE LAZER PARA OS SERVIDORES<\/p>\n<p style=\"text-align: justify\"><a href=\"http:\/\/www.quersaberpolitica.com.br\/2016\/wp-content\/uploads\/2014\/04\/blogqsp_almocasemanasantasobradinho-400x400.jpg\"><img loading=\"lazy\" decoding=\"async\" class=\"aligncenter size-full wp-image-80388\" src=\"http:\/\/www.quersaberpolitica.com.br\/2016\/wp-content\/uploads\/2014\/04\/blogqsp_almocasemanasantasobradinho-400x400.jpg\" alt=\"blogqsp_almocasemanasantasobradinho-400x400\" width=\"400\" height=\"266\" srcset=\"https:\/\/blogdofarnesio.com.br\/wp-content\/uploads\/2014\/04\/blogqsp_almocasemanasantasobradinho-400x400.jpg 400w, https:\/\/blogdofarnesio.com.br\/wp-content\/uploads\/2014\/04\/blogqsp_almocasemanasantasobradinho-400x400-300x199.jpg 300w\" sizes=\"auto, (max-width: 400px) 100vw, 400px\" \/><\/a>O Dia do Servidor P\u00fablico, nesta\u00a0quarta-feira, 28 de outubro, \u00e9\u00a0comemorado em Sobradinho com um momento de lazer que reunir\u00e1 os servidores municipais efetivos e contratados.\u00a0A Prefeitura de Sobradinho, atrav\u00e9s da Chefia de Gabinete, em parceria com o Sindicato dos Servidores P\u00fablicos Municipais\u00a0elaborou uma programa\u00e7\u00e3o esportiva e cultural que acontecer\u00e1 no Clube Santana.<\/p>\n<p style=\"text-align: justify\">\u00c0s sete da manh\u00e3 come\u00e7aram as\u00a0partidas de futebol entre os servidores, um evento j\u00e1 tradicional que marca a data. A partir das 13 horas ser\u00e1 servido um almo\u00e7o dan\u00e7ante para todos os servidores, com sorteio de brindes e anima\u00e7\u00e3o da Banda Quarto Som e Caul Sena e Banda.<\/p>\n<p style=\"text-align: justify\">Nesta data n\u00e3o ter\u00e1 expediente nas reparti\u00e7\u00f5es p\u00fablicas do munic\u00edpio. Os servi\u00e7os essenciais, a exemplo da sa\u00fade, ser\u00e3o mantidos.<!--more--><\/p>\n<p style=\"text-align: justify\">&#8220;A nossa gest\u00e3o tem se destacado pelo compromisso e valoriza\u00e7\u00e3o do servidor municipal. Resgatamos a auto-estima e a credibilidade perante o com\u00e9rcio, que, nas gest\u00f5es anteriores, ficava receoso em vender para os servidores por conta da inadimpl\u00eancia, j\u00e1 que os sal\u00e1rios chegava a atrasar por meses. Hoje, a Prefeitura de Sobradinho paga, religiosamente, em dia a todos os servidores, o que lhes permite um planejamento financeiro e autonomia. Al\u00e9m disso garantimos todos os seus direitos trabalhistas e investimos em cursos e capacita\u00e7\u00f5es para melhorar o atendimento \u00e0 sociedade. Temos muito o que comemorar neste dia do Servidor p\u00fablico e vamos nos confraternizar para celebrar essas conquistas&#8221;, declarou o Prefeito Luiz Vicente Berti.<\/p>\n<\/div>\n<\/div>\n<p>&nbsp;<\/p>\n<div><em>Ascom<\/em><\/div>\n","protected":false},"excerpt":{"rendered":"<p>ADMINISTRA\u00c7\u00c3O MUNICIPAL\u00a0PROMOVE DIA DE LAZER PARA OS SERVIDORES O Dia do Servidor P\u00fablico, nesta\u00a0quarta-feira, 28 de outubro, \u00e9\u00a0comemorado em Sobradinho com um momento de lazer que reunir\u00e1 os servidores municipais efetivos e contratados.\u00a0A Prefeitura de Sobradinho, atrav\u00e9s da Chefia de Gabinete, em parceria com o Sindicato dos Servidores P\u00fablicos Municipais\u00a0elaborou uma programa\u00e7\u00e3o esportiva e cultural que acontecer\u00e1 no Clube Santana. \u00c0s sete da manh\u00e3 come\u00e7aram as\u00a0partidas de futebol entre os servidores, um evento j\u00e1 tradicional que marca a data. A partir das 13 horas ser\u00e1 servido um almo\u00e7o dan\u00e7ante para todos os servidores, com sorteio de brindes e anima\u00e7\u00e3o da Banda Quarto Som e Caul Sena e Banda. Nesta data n\u00e3o ter\u00e1 expediente nas reparti\u00e7\u00f5es p\u00fablicas do munic\u00edpio. Os servi\u00e7os&hellip; <\/p>\n","protected":false},"author":7,"featured_media":0,"comment_status":"open","ping_status":"open","sticky":false,"template":"","format":"standard","meta":{"_acf_changed":false,"footnotes":""},"categories":[27],"tags":[],"class_list":["post-132155","post","type-post","status-publish","format-standard","hentry","category-cidades"],"acf":[],"yoast_head":"<!-- This site is optimized with the Yoast SEO plugin v27.5 - https:\/\/yoast.com\/product\/yoast-seo-wordpress\/ -->\n<title>DIRETO DE SOBRADINHO - Blog do Farn\u00e9sio<\/title>\n<meta name=\"robots\" content=\"index, follow, max-snippet:-1, max-image-preview:large, max-video-preview:-1\" \/>\n<link rel=\"canonical\" href=\"https:\/\/blogdofarnesio.com.br\/2015\/10\/direto-de-sobradinho-296\/\" \/>\n<meta property=\"og:locale\" content=\"pt_BR\" \/>\n<meta property=\"og:type\" content=\"article\" \/>\n<meta property=\"og:title\" content=\"DIRETO DE SOBRADINHO - Blog do Farn\u00e9sio\" \/>\n<meta property=\"og:description\" content=\"ADMINISTRA\u00c7\u00c3O MUNICIPAL\u00a0PROMOVE DIA DE LAZER PARA OS SERVIDORES O Dia do Servidor P\u00fablico, nesta\u00a0quarta-feira, 28 de outubro, \u00e9\u00a0comemorado em Sobradinho com um momento de lazer que reunir\u00e1 os servidores municipais efetivos e contratados.\u00a0A Prefeitura de Sobradinho, atrav\u00e9s da Chefia de Gabinete, em parceria com o Sindicato dos Servidores P\u00fablicos Municipais\u00a0elaborou uma programa\u00e7\u00e3o esportiva e cultural que acontecer\u00e1 no Clube Santana. \u00c0s sete da manh\u00e3 come\u00e7aram as\u00a0partidas de futebol entre os servidores, um evento j\u00e1 tradicional que marca a data. A partir das 13 horas ser\u00e1 servido um almo\u00e7o dan\u00e7ante para todos os servidores, com sorteio de brindes e anima\u00e7\u00e3o da Banda Quarto Som e Caul Sena e Banda. Nesta data n\u00e3o ter\u00e1 expediente nas reparti\u00e7\u00f5es p\u00fablicas do munic\u00edpio. Os servi\u00e7os&hellip;\" \/>\n<meta property=\"og:url\" content=\"https:\/\/blogdofarnesio.com.br\/2015\/10\/direto-de-sobradinho-296\/\" \/>\n<meta property=\"og:site_name\" content=\"Blog do Farn\u00e9sio\" \/>\n<meta property=\"article:publisher\" content=\"https:\/\/www.facebook.com\/BlogQuerSaberPolitica\/\" \/>\n<meta property=\"article:published_time\" content=\"2015-10-28T12:43:05+00:00\" \/>\n<meta property=\"og:image\" content=\"http:\/\/www.quersaberpolitica.com.br\/2016\/wp-content\/uploads\/2014\/04\/blogqsp_almocasemanasantasobradinho-400x400.jpg\" \/>\n<meta name=\"twitter:card\" content=\"summary_large_image\" \/>\n<meta name=\"twitter:label1\" content=\"Escrito por\" \/>\n\t<meta name=\"twitter:data1\" content=\"\" \/>\n\t<meta name=\"twitter:label2\" content=\"Est. tempo de leitura\" \/>\n\t<meta name=\"twitter:data2\" content=\"1 minuto\" \/>\n<script type=\"application\/ld+json\" class=\"yoast-schema-graph\">{\"@context\":\"https:\\\/\\\/schema.org\",\"@graph\":[{\"@type\":\"Article\",\"@id\":\"https:\\\/\\\/blogdofarnesio.com.br\\\/2015\\\/10\\\/direto-de-sobradinho-296\\\/#article\",\"isPartOf\":{\"@id\":\"https:\\\/\\\/blogdofarnesio.com.br\\\/2015\\\/10\\\/direto-de-sobradinho-296\\\/\"},\"author\":{\"name\":\"\",\"@id\":\"\"},\"headline\":\"DIRETO DE SOBRADINHO\",\"datePublished\":\"2015-10-28T12:43:05+00:00\",\"mainEntityOfPage\":{\"@id\":\"https:\\\/\\\/blogdofarnesio.com.br\\\/2015\\\/10\\\/direto-de-sobradinho-296\\\/\"},\"wordCount\":271,\"commentCount\":0,\"publisher\":{\"@id\":\"https:\\\/\\\/blogdofarnesio.com.br\\\/#organization\"},\"image\":{\"@id\":\"https:\\\/\\\/blogdofarnesio.com.br\\\/2015\\\/10\\\/direto-de-sobradinho-296\\\/#primaryimage\"},\"thumbnailUrl\":\"http:\\\/\\\/www.quersaberpolitica.com.br\\\/2016\\\/wp-content\\\/uploads\\\/2014\\\/04\\\/blogqsp_almocasemanasantasobradinho-400x400.jpg\",\"articleSection\":[\"Cidades\"],\"inLanguage\":\"pt-BR\",\"potentialAction\":[{\"@type\":\"CommentAction\",\"name\":\"Comment\",\"target\":[\"https:\\\/\\\/blogdofarnesio.com.br\\\/2015\\\/10\\\/direto-de-sobradinho-296\\\/#respond\"]}]},{\"@type\":\"WebPage\",\"@id\":\"https:\\\/\\\/blogdofarnesio.com.br\\\/2015\\\/10\\\/direto-de-sobradinho-296\\\/\",\"url\":\"https:\\\/\\\/blogdofarnesio.com.br\\\/2015\\\/10\\\/direto-de-sobradinho-296\\\/\",\"name\":\"DIRETO DE SOBRADINHO - Blog do Farn\u00e9sio\",\"isPartOf\":{\"@id\":\"https:\\\/\\\/blogdofarnesio.com.br\\\/#website\"},\"primaryImageOfPage\":{\"@id\":\"https:\\\/\\\/blogdofarnesio.com.br\\\/2015\\\/10\\\/direto-de-sobradinho-296\\\/#primaryimage\"},\"image\":{\"@id\":\"https:\\\/\\\/blogdofarnesio.com.br\\\/2015\\\/10\\\/direto-de-sobradinho-296\\\/#primaryimage\"},\"thumbnailUrl\":\"http:\\\/\\\/www.quersaberpolitica.com.br\\\/2016\\\/wp-content\\\/uploads\\\/2014\\\/04\\\/blogqsp_almocasemanasantasobradinho-400x400.jpg\",\"datePublished\":\"2015-10-28T12:43:05+00:00\",\"breadcrumb\":{\"@id\":\"https:\\\/\\\/blogdofarnesio.com.br\\\/2015\\\/10\\\/direto-de-sobradinho-296\\\/#breadcrumb\"},\"inLanguage\":\"pt-BR\",\"potentialAction\":[{\"@type\":\"ReadAction\",\"target\":[\"https:\\\/\\\/blogdofarnesio.com.br\\\/2015\\\/10\\\/direto-de-sobradinho-296\\\/\"]}]},{\"@type\":\"ImageObject\",\"inLanguage\":\"pt-BR\",\"@id\":\"https:\\\/\\\/blogdofarnesio.com.br\\\/2015\\\/10\\\/direto-de-sobradinho-296\\\/#primaryimage\",\"url\":\"http:\\\/\\\/www.quersaberpolitica.com.br\\\/2016\\\/wp-content\\\/uploads\\\/2014\\\/04\\\/blogqsp_almocasemanasantasobradinho-400x400.jpg\",\"contentUrl\":\"http:\\\/\\\/www.quersaberpolitica.com.br\\\/2016\\\/wp-content\\\/uploads\\\/2014\\\/04\\\/blogqsp_almocasemanasantasobradinho-400x400.jpg\"},{\"@type\":\"BreadcrumbList\",\"@id\":\"https:\\\/\\\/blogdofarnesio.com.br\\\/2015\\\/10\\\/direto-de-sobradinho-296\\\/#breadcrumb\",\"itemListElement\":[{\"@type\":\"ListItem\",\"position\":1,\"name\":\"In\u00edcio\",\"item\":\"https:\\\/\\\/blogdofarnesio.com.br\\\/\"},{\"@type\":\"ListItem\",\"position\":2,\"name\":\"DIRETO DE SOBRADINHO\"}]},{\"@type\":\"WebSite\",\"@id\":\"https:\\\/\\\/blogdofarnesio.com.br\\\/#website\",\"url\":\"https:\\\/\\\/blogdofarnesio.com.br\\\/\",\"name\":\"Blog do Farn\u00e9sio\",\"description\":\"Quer Saber Pol\u00edtica?\",\"publisher\":{\"@id\":\"https:\\\/\\\/blogdofarnesio.com.br\\\/#organization\"},\"potentialAction\":[{\"@type\":\"SearchAction\",\"target\":{\"@type\":\"EntryPoint\",\"urlTemplate\":\"https:\\\/\\\/blogdofarnesio.com.br\\\/?s={search_term_string}\"},\"query-input\":{\"@type\":\"PropertyValueSpecification\",\"valueRequired\":true,\"valueName\":\"search_term_string\"}}],\"inLanguage\":\"pt-BR\"},{\"@type\":\"Organization\",\"@id\":\"https:\\\/\\\/blogdofarnesio.com.br\\\/#organization\",\"name\":\"Blog do Farn\u00e9sio\",\"url\":\"https:\\\/\\\/blogdofarnesio.com.br\\\/\",\"logo\":{\"@type\":\"ImageObject\",\"inLanguage\":\"pt-BR\",\"@id\":\"https:\\\/\\\/blogdofarnesio.com.br\\\/#\\\/schema\\\/logo\\\/image\\\/\",\"url\":\"https:\\\/\\\/blogdofarnesio.com.br\\\/wp-content\\\/uploads\\\/2026\\\/03\\\/cropped-logo_new-1.png\",\"contentUrl\":\"https:\\\/\\\/blogdofarnesio.com.br\\\/wp-content\\\/uploads\\\/2026\\\/03\\\/cropped-logo_new-1.png\",\"width\":881,\"height\":685,\"caption\":\"Blog do Farn\u00e9sio\"},\"image\":{\"@id\":\"https:\\\/\\\/blogdofarnesio.com.br\\\/#\\\/schema\\\/logo\\\/image\\\/\"},\"sameAs\":[\"https:\\\/\\\/www.facebook.com\\\/BlogQuerSaberPolitica\\\/\"]},{\"@type\":\"Person\",\"@id\":\"\",\"url\":\"https:\\\/\\\/blogdofarnesio.com.br\\\/author\\\/\"}]}<\/script>\n<!-- \/ Yoast SEO plugin. -->","yoast_head_json":{"title":"DIRETO DE SOBRADINHO - Blog do Farn\u00e9sio","robots":{"index":"index","follow":"follow","max-snippet":"max-snippet:-1","max-image-preview":"max-image-preview:large","max-video-preview":"max-video-preview:-1"},"canonical":"https:\/\/blogdofarnesio.com.br\/2015\/10\/direto-de-sobradinho-296\/","og_locale":"pt_BR","og_type":"article","og_title":"DIRETO DE SOBRADINHO - Blog do Farn\u00e9sio","og_description":"ADMINISTRA\u00c7\u00c3O MUNICIPAL\u00a0PROMOVE DIA DE LAZER PARA OS SERVIDORES O Dia do Servidor P\u00fablico, nesta\u00a0quarta-feira, 28 de outubro, \u00e9\u00a0comemorado em Sobradinho com um momento de lazer que reunir\u00e1 os servidores municipais efetivos e contratados.\u00a0A Prefeitura de Sobradinho, atrav\u00e9s da Chefia de Gabinete, em parceria com o Sindicato dos Servidores P\u00fablicos Municipais\u00a0elaborou uma programa\u00e7\u00e3o esportiva e cultural que acontecer\u00e1 no Clube Santana. \u00c0s sete da manh\u00e3 come\u00e7aram as\u00a0partidas de futebol entre os servidores, um evento j\u00e1 tradicional que marca a data. A partir das 13 horas ser\u00e1 servido um almo\u00e7o dan\u00e7ante para todos os servidores, com sorteio de brindes e anima\u00e7\u00e3o da Banda Quarto Som e Caul Sena e Banda. Nesta data n\u00e3o ter\u00e1 expediente nas reparti\u00e7\u00f5es p\u00fablicas do munic\u00edpio. Os servi\u00e7os&hellip;","og_url":"https:\/\/blogdofarnesio.com.br\/2015\/10\/direto-de-sobradinho-296\/","og_site_name":"Blog do Farn\u00e9sio","article_publisher":"https:\/\/www.facebook.com\/BlogQuerSaberPolitica\/","article_published_time":"2015-10-28T12:43:05+00:00","og_image":[{"url":"http:\/\/www.quersaberpolitica.com.br\/2016\/wp-content\/uploads\/2014\/04\/blogqsp_almocasemanasantasobradinho-400x400.jpg","type":"","width":"","height":""}],"twitter_card":"summary_large_image","twitter_misc":{"Escrito por":"","Est. tempo de leitura":"1 minuto"},"schema":{"@context":"https:\/\/schema.org","@graph":[{"@type":"Article","@id":"https:\/\/blogdofarnesio.com.br\/2015\/10\/direto-de-sobradinho-296\/#article","isPartOf":{"@id":"https:\/\/blogdofarnesio.com.br\/2015\/10\/direto-de-sobradinho-296\/"},"author":{"name":"","@id":""},"headline":"DIRETO DE SOBRADINHO","datePublished":"2015-10-28T12:43:05+00:00","mainEntityOfPage":{"@id":"https:\/\/blogdofarnesio.com.br\/2015\/10\/direto-de-sobradinho-296\/"},"wordCount":271,"commentCount":0,"publisher":{"@id":"https:\/\/blogdofarnesio.com.br\/#organization"},"image":{"@id":"https:\/\/blogdofarnesio.com.br\/2015\/10\/direto-de-sobradinho-296\/#primaryimage"},"thumbnailUrl":"http:\/\/www.quersaberpolitica.com.br\/2016\/wp-content\/uploads\/2014\/04\/blogqsp_almocasemanasantasobradinho-400x400.jpg","articleSection":["Cidades"],"inLanguage":"pt-BR","potentialAction":[{"@type":"CommentAction","name":"Comment","target":["https:\/\/blogdofarnesio.com.br\/2015\/10\/direto-de-sobradinho-296\/#respond"]}]},{"@type":"WebPage","@id":"https:\/\/blogdofarnesio.com.br\/2015\/10\/direto-de-sobradinho-296\/","url":"https:\/\/blogdofarnesio.com.br\/2015\/10\/direto-de-sobradinho-296\/","name":"DIRETO DE SOBRADINHO - Blog do Farn\u00e9sio","isPartOf":{"@id":"https:\/\/blogdofarnesio.com.br\/#website"},"primaryImageOfPage":{"@id":"https:\/\/blogdofarnesio.com.br\/2015\/10\/direto-de-sobradinho-296\/#primaryimage"},"image":{"@id":"https:\/\/blogdofarnesio.com.br\/2015\/10\/direto-de-sobradinho-296\/#primaryimage"},"thumbnailUrl":"http:\/\/www.quersaberpolitica.com.br\/2016\/wp-content\/uploads\/2014\/04\/blogqsp_almocasemanasantasobradinho-400x400.jpg","datePublished":"2015-10-28T12:43:05+00:00","breadcrumb":{"@id":"https:\/\/blogdofarnesio.com.br\/2015\/10\/direto-de-sobradinho-296\/#breadcrumb"},"inLanguage":"pt-BR","potentialAction":[{"@type":"ReadAction","target":["https:\/\/blogdofarnesio.com.br\/2015\/10\/direto-de-sobradinho-296\/"]}]},{"@type":"ImageObject","inLanguage":"pt-BR","@id":"https:\/\/blogdofarnesio.com.br\/2015\/10\/direto-de-sobradinho-296\/#primaryimage","url":"http:\/\/www.quersaberpolitica.com.br\/2016\/wp-content\/uploads\/2014\/04\/blogqsp_almocasemanasantasobradinho-400x400.jpg","contentUrl":"http:\/\/www.quersaberpolitica.com.br\/2016\/wp-content\/uploads\/2014\/04\/blogqsp_almocasemanasantasobradinho-400x400.jpg"},{"@type":"BreadcrumbList","@id":"https:\/\/blogdofarnesio.com.br\/2015\/10\/direto-de-sobradinho-296\/#breadcrumb","itemListElement":[{"@type":"ListItem","position":1,"name":"In\u00edcio","item":"https:\/\/blogdofarnesio.com.br\/"},{"@type":"ListItem","position":2,"name":"DIRETO DE SOBRADINHO"}]},{"@type":"WebSite","@id":"https:\/\/blogdofarnesio.com.br\/#website","url":"https:\/\/blogdofarnesio.com.br\/","name":"Blog do Farn\u00e9sio","description":"Quer Saber Pol\u00edtica?","publisher":{"@id":"https:\/\/blogdofarnesio.com.br\/#organization"},"potentialAction":[{"@type":"SearchAction","target":{"@type":"EntryPoint","urlTemplate":"https:\/\/blogdofarnesio.com.br\/?s={search_term_string}"},"query-input":{"@type":"PropertyValueSpecification","valueRequired":true,"valueName":"search_term_string"}}],"inLanguage":"pt-BR"},{"@type":"Organization","@id":"https:\/\/blogdofarnesio.com.br\/#organization","name":"Blog do Farn\u00e9sio","url":"https:\/\/blogdofarnesio.com.br\/","logo":{"@type":"ImageObject","inLanguage":"pt-BR","@id":"https:\/\/blogdofarnesio.com.br\/#\/schema\/logo\/image\/","url":"https:\/\/blogdofarnesio.com.br\/wp-content\/uploads\/2026\/03\/cropped-logo_new-1.png","contentUrl":"https:\/\/blogdofarnesio.com.br\/wp-content\/uploads\/2026\/03\/cropped-logo_new-1.png","width":881,"height":685,"caption":"Blog do Farn\u00e9sio"},"image":{"@id":"https:\/\/blogdofarnesio.com.br\/#\/schema\/logo\/image\/"},"sameAs":["https:\/\/www.facebook.com\/BlogQuerSaberPolitica\/"]},{"@type":"Person","@id":"","url":"https:\/\/blogdofarnesio.com.br\/author\/"}]}},"_links":{"self":[{"href":"https:\/\/blogdofarnesio.com.br\/wp-json\/wp\/v2\/posts\/132155","targetHints":{"allow":["GET"]}}],"collection":[{"href":"https:\/\/blogdofarnesio.com.br\/wp-json\/wp\/v2\/posts"}],"about":[{"href":"https:\/\/blogdofarnesio.com.br\/wp-json\/wp\/v2\/types\/post"}],"author":[{"embeddable":true,"href":"https:\/\/blogdofarnesio.com.br\/wp-json\/wp\/v2\/users\/7"}],"replies":[{"embeddable":true,"href":"https:\/\/blogdofarnesio.com.br\/wp-json\/wp\/v2\/comments?post=132155"}],"version-history":[{"count":0,"href":"https:\/\/blogdofarnesio.com.br\/wp-json\/wp\/v2\/posts\/132155\/revisions"}],"wp:attachment":[{"href":"https:\/\/blogdofarnesio.com.br\/wp-json\/wp\/v2\/media?parent=132155"}],"wp:term":[{"taxonomy":"category","embeddable":true,"href":"https:\/\/blogdofarnesio.com.br\/wp-json\/wp\/v2\/categories?post=132155"},{"taxonomy":"post_tag","embeddable":true,"href":"https:\/\/blogdofarnesio.com.br\/wp-json\/wp\/v2\/tags?post=132155"}],"curies":[{"name":"wp","href":"https:\/\/api.w.org\/{rel}","templated":true}]}}