{"id":132134,"date":"2015-10-27T20:00:57","date_gmt":"2015-10-27T23:00:57","guid":{"rendered":"http:\/\/www.quersaberpolitica.com.br\/?p=132134"},"modified":"2015-10-27T15:13:40","modified_gmt":"2015-10-27T18:13:40","slug":"criancas-atendidas-pelo-caps-i-participam-de-atividade-recreativa-e-de-socializacao","status":"publish","type":"post","link":"https:\/\/blogdofarnesio.com.br\/?p=132134","title":{"rendered":"CRIAN\u00c7AS ATENDIDAS PELO CAPS I PARTICIPAM DE ATIVIDADE RECREATIVA E DE SOCIALIZA\u00c7\u00c3O"},"content":{"rendered":"<p><a href=\"http:\/\/www.quersaberpolitica.com.br\/2016\/wp-content\/uploads\/2015\/10\/blogqsp-crian\u00e7as-capI-juazeiro.jpg\"><img loading=\"lazy\" decoding=\"async\" class=\"  wp-image-132135 aligncenter\" src=\"http:\/\/www.quersaberpolitica.com.br\/2016\/wp-content\/uploads\/2015\/10\/blogqsp-crian\u00e7as-capI-juazeiro-300x225.jpg\" alt=\"blogqsp-crian\u00e7as-capI-juazeiro[\" width=\"399\" height=\"302\" \/><\/a><\/p>\n<p style=\"text-align: justify\">O Centro de Apoio Psicossocial Infantil (Caps I) de Juazeiro realizou neste dia 26 (segunda-feira) uma programa\u00e7\u00e3o festiva com brincadeiras, m\u00fasicas e muita divers\u00e3o para as crian\u00e7as atendidas na unidade, ainda em comemora\u00e7\u00e3o ao Dia das Crian\u00e7as (12 de outubro).<\/p>\n<p style=\"text-align: justify\">Familiares dos pacientes tamb\u00e9m participaram da confraterniza\u00e7\u00e3o. Foram distribu\u00eddos presentes e brindes para a crian\u00e7ada. A coordena\u00e7\u00e3o do evento procurou envolver todos em atividades coletivas. \u00a0Guilherme Yan, de 12 anos, \u00e9 usu\u00e1rio do Caps I, e demonstrou toda sua felicidade em participar das atividades. \u201cEu adorei as brincadeiras e me diverti muito. Ganhei uma sacola cheia de doces, estou muito feliz\u201d, disse.<\/p>\n<p style=\"text-align: justify\">Com motivos para comemorar a melhora do filho Hercules Gomes de 6 anos, \u00a0a m\u00e3e Herlania Gomes afirma que estes eventos ajudam a integrar a fam\u00edlia ao Centro. \u201cAdorei a festa. Todos s\u00e3o animados. Meu filho est\u00e1 em tratamento aqui a mais de um ano e a aten\u00e7\u00e3o dada pelos profissionais nesse tempo tem ajudado muito na sua recupera\u00e7\u00e3o\u201d, comentou.<\/p>\n<p style=\"text-align: justify\"><!--more--><\/p>\n<p style=\"text-align: justify\">A psicopedagoga do Caps I, Rita Dias, explicou como esse tipo de evento \u00e9 positivo para os trabalhos do Centro. &#8220;Do ponto de vista dos nossos pacientes, a festa trabalha a sociabilidade, com a troca de experi\u00eancias entre pacientes e acompanhantes. \u00c9 um momento de envolvimento dos pais, irm\u00e3os, da fam\u00edlia como um todo e trabalhar essa rela\u00e7\u00e3o s\u00f3 traz avan\u00e7os no tratamento dos nossos usu\u00e1rios, al\u00e9m de aumentar a autoestima deles\u201d, destaca.<\/p>\n<p style=\"text-align: justify\">O Centro de Apoio Psicossocial Infantil (Caps I) \u00e9 voltado para crian\u00e7as e adolescentes que tenham problemas psicol\u00f3gicos decorrentes ou n\u00e3o do uso de drogas. Atende 465 crian\u00e7as e adolescentes com idades entre 0 e 18 anos com transtornos mentais, como autismo, psicose e TDHA (Transtorno de D\u00e9ficit de Aten\u00e7\u00e3o e Hiperatividade).<\/p>\n<p style=\"text-align: justify\">A Rede de Juazeiro \u00e9 formada pelo Centro de Aten\u00e7\u00e3o Psicossocial (Caps II), pelo Centro de Aten\u00e7\u00e3o Psicossocial \u00c1lcool e Drogas (Caps AD) e o CAPS I, que prestam assist\u00eancia, respectivamente, aos usu\u00e1rios portadores de transtornos ps\u00edquicos graves e aos pacientes com problemas com o uso abusivo de \u00e1lcool, drogas e transtornos mentais decorrentes de subst\u00e2ncias psicoativas.<\/p>\n<p><em>Daniela Duarte\/SESAU<\/em><\/p>\n","protected":false},"excerpt":{"rendered":"<p>O Centro de Apoio Psicossocial Infantil (Caps I) de Juazeiro realizou neste dia 26 (segunda-feira) uma programa\u00e7\u00e3o festiva com brincadeiras, m\u00fasicas e muita divers\u00e3o para as crian\u00e7as atendidas na unidade, ainda em comemora\u00e7\u00e3o ao Dia das Crian\u00e7as (12 de outubro). Familiares dos pacientes tamb\u00e9m participaram da confraterniza\u00e7\u00e3o. Foram distribu\u00eddos presentes e brindes para a crian\u00e7ada. A coordena\u00e7\u00e3o do evento procurou envolver todos em atividades coletivas. \u00a0Guilherme Yan, de 12 anos, \u00e9 usu\u00e1rio do Caps I, e demonstrou toda sua felicidade em participar das atividades. \u201cEu adorei as brincadeiras e me diverti muito. Ganhei uma sacola cheia de doces, estou muito feliz\u201d, disse. Com motivos para comemorar a melhora do filho Hercules Gomes de 6 anos, \u00a0a m\u00e3e Herlania Gomes afirma&hellip; <\/p>\n","protected":false},"author":7,"featured_media":0,"comment_status":"open","ping_status":"open","sticky":false,"template":"","format":"standard","meta":{"_acf_changed":false,"footnotes":""},"categories":[22],"tags":[],"class_list":["post-132134","post","type-post","status-publish","format-standard","hentry","category-acao-social"],"acf":[],"yoast_head":"<!-- This site is optimized with the Yoast SEO plugin v27.4 - https:\/\/yoast.com\/product\/yoast-seo-wordpress\/ -->\n<title>CRIAN\u00c7AS ATENDIDAS PELO CAPS I PARTICIPAM DE ATIVIDADE RECREATIVA E DE SOCIALIZA\u00c7\u00c3O - Blog do Farn\u00e9sio<\/title>\n<meta name=\"robots\" content=\"index, follow, max-snippet:-1, max-image-preview:large, max-video-preview:-1\" \/>\n<link rel=\"canonical\" href=\"https:\/\/blogdofarnesio.com.br\/?p=132134\" \/>\n<meta property=\"og:locale\" content=\"pt_BR\" \/>\n<meta property=\"og:type\" content=\"article\" \/>\n<meta property=\"og:title\" content=\"CRIAN\u00c7AS ATENDIDAS PELO CAPS I PARTICIPAM DE ATIVIDADE RECREATIVA E DE SOCIALIZA\u00c7\u00c3O - Blog do Farn\u00e9sio\" \/>\n<meta property=\"og:description\" content=\"O Centro de Apoio Psicossocial Infantil (Caps I) de Juazeiro realizou neste dia 26 (segunda-feira) uma programa\u00e7\u00e3o festiva com brincadeiras, m\u00fasicas e muita divers\u00e3o para as crian\u00e7as atendidas na unidade, ainda em comemora\u00e7\u00e3o ao Dia das Crian\u00e7as (12 de outubro). Familiares dos pacientes tamb\u00e9m participaram da confraterniza\u00e7\u00e3o. Foram distribu\u00eddos presentes e brindes para a crian\u00e7ada. A coordena\u00e7\u00e3o do evento procurou envolver todos em atividades coletivas. \u00a0Guilherme Yan, de 12 anos, \u00e9 usu\u00e1rio do Caps I, e demonstrou toda sua felicidade em participar das atividades. \u201cEu adorei as brincadeiras e me diverti muito. Ganhei uma sacola cheia de doces, estou muito feliz\u201d, disse. Com motivos para comemorar a melhora do filho Hercules Gomes de 6 anos, \u00a0a m\u00e3e Herlania Gomes afirma&hellip;\" \/>\n<meta property=\"og:url\" content=\"https:\/\/blogdofarnesio.com.br\/?p=132134\" \/>\n<meta property=\"og:site_name\" content=\"Blog do Farn\u00e9sio\" \/>\n<meta property=\"article:publisher\" content=\"https:\/\/www.facebook.com\/BlogQuerSaberPolitica\/\" \/>\n<meta property=\"article:published_time\" content=\"2015-10-27T23:00:57+00:00\" \/>\n<meta name=\"twitter:card\" content=\"summary_large_image\" \/>\n<meta name=\"twitter:label1\" content=\"Escrito por\" \/>\n\t<meta name=\"twitter:data1\" content=\"\" \/>\n\t<meta name=\"twitter:label2\" content=\"Est. tempo de leitura\" \/>\n\t<meta name=\"twitter:data2\" content=\"2 minutos\" \/>\n<script type=\"application\/ld+json\" class=\"yoast-schema-graph\">{\"@context\":\"https:\\\/\\\/schema.org\",\"@graph\":[{\"@type\":\"Article\",\"@id\":\"https:\\\/\\\/blogdofarnesio.com.br\\\/?p=132134#article\",\"isPartOf\":{\"@id\":\"https:\\\/\\\/blogdofarnesio.com.br\\\/?p=132134\"},\"author\":{\"name\":\"\",\"@id\":\"\"},\"headline\":\"CRIAN\u00c7AS ATENDIDAS PELO CAPS I PARTICIPAM DE ATIVIDADE RECREATIVA E DE SOCIALIZA\u00c7\u00c3O\",\"datePublished\":\"2015-10-27T23:00:57+00:00\",\"mainEntityOfPage\":{\"@id\":\"https:\\\/\\\/blogdofarnesio.com.br\\\/?p=132134\"},\"wordCount\":385,\"commentCount\":0,\"publisher\":{\"@id\":\"https:\\\/\\\/blogdofarnesio.com.br\\\/#organization\"},\"articleSection\":[\"A\u00e7\u00e3o Social\"],\"inLanguage\":\"pt-BR\",\"potentialAction\":[{\"@type\":\"CommentAction\",\"name\":\"Comment\",\"target\":[\"https:\\\/\\\/blogdofarnesio.com.br\\\/?p=132134#respond\"]}]},{\"@type\":\"WebPage\",\"@id\":\"https:\\\/\\\/blogdofarnesio.com.br\\\/?p=132134\",\"url\":\"https:\\\/\\\/blogdofarnesio.com.br\\\/?p=132134\",\"name\":\"CRIAN\u00c7AS ATENDIDAS PELO CAPS I PARTICIPAM DE ATIVIDADE RECREATIVA E DE SOCIALIZA\u00c7\u00c3O - Blog do Farn\u00e9sio\",\"isPartOf\":{\"@id\":\"https:\\\/\\\/blogdofarnesio.com.br\\\/#website\"},\"datePublished\":\"2015-10-27T23:00:57+00:00\",\"breadcrumb\":{\"@id\":\"https:\\\/\\\/blogdofarnesio.com.br\\\/?p=132134#breadcrumb\"},\"inLanguage\":\"pt-BR\",\"potentialAction\":[{\"@type\":\"ReadAction\",\"target\":[\"https:\\\/\\\/blogdofarnesio.com.br\\\/?p=132134\"]}]},{\"@type\":\"BreadcrumbList\",\"@id\":\"https:\\\/\\\/blogdofarnesio.com.br\\\/?p=132134#breadcrumb\",\"itemListElement\":[{\"@type\":\"ListItem\",\"position\":1,\"name\":\"In\u00edcio\",\"item\":\"https:\\\/\\\/blogdofarnesio.com.br\\\/\"},{\"@type\":\"ListItem\",\"position\":2,\"name\":\"CRIAN\u00c7AS ATENDIDAS PELO CAPS I PARTICIPAM DE ATIVIDADE RECREATIVA E DE SOCIALIZA\u00c7\u00c3O\"}]},{\"@type\":\"WebSite\",\"@id\":\"https:\\\/\\\/blogdofarnesio.com.br\\\/#website\",\"url\":\"https:\\\/\\\/blogdofarnesio.com.br\\\/\",\"name\":\"Blog do Farn\u00e9sio\",\"description\":\"Quer Saber Pol\u00edtica?\",\"publisher\":{\"@id\":\"https:\\\/\\\/blogdofarnesio.com.br\\\/#organization\"},\"potentialAction\":[{\"@type\":\"SearchAction\",\"target\":{\"@type\":\"EntryPoint\",\"urlTemplate\":\"https:\\\/\\\/blogdofarnesio.com.br\\\/?s={search_term_string}\"},\"query-input\":{\"@type\":\"PropertyValueSpecification\",\"valueRequired\":true,\"valueName\":\"search_term_string\"}}],\"inLanguage\":\"pt-BR\"},{\"@type\":\"Organization\",\"@id\":\"https:\\\/\\\/blogdofarnesio.com.br\\\/#organization\",\"name\":\"Blog do Farn\u00e9sio\",\"url\":\"https:\\\/\\\/blogdofarnesio.com.br\\\/\",\"logo\":{\"@type\":\"ImageObject\",\"inLanguage\":\"pt-BR\",\"@id\":\"https:\\\/\\\/blogdofarnesio.com.br\\\/#\\\/schema\\\/logo\\\/image\\\/\",\"url\":\"https:\\\/\\\/blogdofarnesio.com.br\\\/wp-content\\\/uploads\\\/2026\\\/03\\\/cropped-logo_new-1.png\",\"contentUrl\":\"https:\\\/\\\/blogdofarnesio.com.br\\\/wp-content\\\/uploads\\\/2026\\\/03\\\/cropped-logo_new-1.png\",\"width\":881,\"height\":685,\"caption\":\"Blog do Farn\u00e9sio\"},\"image\":{\"@id\":\"https:\\\/\\\/blogdofarnesio.com.br\\\/#\\\/schema\\\/logo\\\/image\\\/\"},\"sameAs\":[\"https:\\\/\\\/www.facebook.com\\\/BlogQuerSaberPolitica\\\/\"]},{\"@type\":\"Person\",\"@id\":\"\",\"url\":\"https:\\\/\\\/blogdofarnesio.com.br\\\/?author=7\"}]}<\/script>\n<!-- \/ Yoast SEO plugin. -->","yoast_head_json":{"title":"CRIAN\u00c7AS ATENDIDAS PELO CAPS I PARTICIPAM DE ATIVIDADE RECREATIVA E DE SOCIALIZA\u00c7\u00c3O - Blog do Farn\u00e9sio","robots":{"index":"index","follow":"follow","max-snippet":"max-snippet:-1","max-image-preview":"max-image-preview:large","max-video-preview":"max-video-preview:-1"},"canonical":"https:\/\/blogdofarnesio.com.br\/?p=132134","og_locale":"pt_BR","og_type":"article","og_title":"CRIAN\u00c7AS ATENDIDAS PELO CAPS I PARTICIPAM DE ATIVIDADE RECREATIVA E DE SOCIALIZA\u00c7\u00c3O - Blog do Farn\u00e9sio","og_description":"O Centro de Apoio Psicossocial Infantil (Caps I) de Juazeiro realizou neste dia 26 (segunda-feira) uma programa\u00e7\u00e3o festiva com brincadeiras, m\u00fasicas e muita divers\u00e3o para as crian\u00e7as atendidas na unidade, ainda em comemora\u00e7\u00e3o ao Dia das Crian\u00e7as (12 de outubro). Familiares dos pacientes tamb\u00e9m participaram da confraterniza\u00e7\u00e3o. Foram distribu\u00eddos presentes e brindes para a crian\u00e7ada. A coordena\u00e7\u00e3o do evento procurou envolver todos em atividades coletivas. \u00a0Guilherme Yan, de 12 anos, \u00e9 usu\u00e1rio do Caps I, e demonstrou toda sua felicidade em participar das atividades. \u201cEu adorei as brincadeiras e me diverti muito. Ganhei uma sacola cheia de doces, estou muito feliz\u201d, disse. Com motivos para comemorar a melhora do filho Hercules Gomes de 6 anos, \u00a0a m\u00e3e Herlania Gomes afirma&hellip;","og_url":"https:\/\/blogdofarnesio.com.br\/?p=132134","og_site_name":"Blog do Farn\u00e9sio","article_publisher":"https:\/\/www.facebook.com\/BlogQuerSaberPolitica\/","article_published_time":"2015-10-27T23:00:57+00:00","twitter_card":"summary_large_image","twitter_misc":{"Escrito por":"","Est. tempo de leitura":"2 minutos"},"schema":{"@context":"https:\/\/schema.org","@graph":[{"@type":"Article","@id":"https:\/\/blogdofarnesio.com.br\/?p=132134#article","isPartOf":{"@id":"https:\/\/blogdofarnesio.com.br\/?p=132134"},"author":{"name":"","@id":""},"headline":"CRIAN\u00c7AS ATENDIDAS PELO CAPS I PARTICIPAM DE ATIVIDADE RECREATIVA E DE SOCIALIZA\u00c7\u00c3O","datePublished":"2015-10-27T23:00:57+00:00","mainEntityOfPage":{"@id":"https:\/\/blogdofarnesio.com.br\/?p=132134"},"wordCount":385,"commentCount":0,"publisher":{"@id":"https:\/\/blogdofarnesio.com.br\/#organization"},"articleSection":["A\u00e7\u00e3o Social"],"inLanguage":"pt-BR","potentialAction":[{"@type":"CommentAction","name":"Comment","target":["https:\/\/blogdofarnesio.com.br\/?p=132134#respond"]}]},{"@type":"WebPage","@id":"https:\/\/blogdofarnesio.com.br\/?p=132134","url":"https:\/\/blogdofarnesio.com.br\/?p=132134","name":"CRIAN\u00c7AS ATENDIDAS PELO CAPS I PARTICIPAM DE ATIVIDADE RECREATIVA E DE SOCIALIZA\u00c7\u00c3O - Blog do Farn\u00e9sio","isPartOf":{"@id":"https:\/\/blogdofarnesio.com.br\/#website"},"datePublished":"2015-10-27T23:00:57+00:00","breadcrumb":{"@id":"https:\/\/blogdofarnesio.com.br\/?p=132134#breadcrumb"},"inLanguage":"pt-BR","potentialAction":[{"@type":"ReadAction","target":["https:\/\/blogdofarnesio.com.br\/?p=132134"]}]},{"@type":"BreadcrumbList","@id":"https:\/\/blogdofarnesio.com.br\/?p=132134#breadcrumb","itemListElement":[{"@type":"ListItem","position":1,"name":"In\u00edcio","item":"https:\/\/blogdofarnesio.com.br\/"},{"@type":"ListItem","position":2,"name":"CRIAN\u00c7AS ATENDIDAS PELO CAPS I PARTICIPAM DE ATIVIDADE RECREATIVA E DE SOCIALIZA\u00c7\u00c3O"}]},{"@type":"WebSite","@id":"https:\/\/blogdofarnesio.com.br\/#website","url":"https:\/\/blogdofarnesio.com.br\/","name":"Blog do Farn\u00e9sio","description":"Quer Saber Pol\u00edtica?","publisher":{"@id":"https:\/\/blogdofarnesio.com.br\/#organization"},"potentialAction":[{"@type":"SearchAction","target":{"@type":"EntryPoint","urlTemplate":"https:\/\/blogdofarnesio.com.br\/?s={search_term_string}"},"query-input":{"@type":"PropertyValueSpecification","valueRequired":true,"valueName":"search_term_string"}}],"inLanguage":"pt-BR"},{"@type":"Organization","@id":"https:\/\/blogdofarnesio.com.br\/#organization","name":"Blog do Farn\u00e9sio","url":"https:\/\/blogdofarnesio.com.br\/","logo":{"@type":"ImageObject","inLanguage":"pt-BR","@id":"https:\/\/blogdofarnesio.com.br\/#\/schema\/logo\/image\/","url":"https:\/\/blogdofarnesio.com.br\/wp-content\/uploads\/2026\/03\/cropped-logo_new-1.png","contentUrl":"https:\/\/blogdofarnesio.com.br\/wp-content\/uploads\/2026\/03\/cropped-logo_new-1.png","width":881,"height":685,"caption":"Blog do Farn\u00e9sio"},"image":{"@id":"https:\/\/blogdofarnesio.com.br\/#\/schema\/logo\/image\/"},"sameAs":["https:\/\/www.facebook.com\/BlogQuerSaberPolitica\/"]},{"@type":"Person","@id":"","url":"https:\/\/blogdofarnesio.com.br\/?author=7"}]}},"_links":{"self":[{"href":"https:\/\/blogdofarnesio.com.br\/index.php?rest_route=\/wp\/v2\/posts\/132134","targetHints":{"allow":["GET"]}}],"collection":[{"href":"https:\/\/blogdofarnesio.com.br\/index.php?rest_route=\/wp\/v2\/posts"}],"about":[{"href":"https:\/\/blogdofarnesio.com.br\/index.php?rest_route=\/wp\/v2\/types\/post"}],"author":[{"embeddable":true,"href":"https:\/\/blogdofarnesio.com.br\/index.php?rest_route=\/wp\/v2\/users\/7"}],"replies":[{"embeddable":true,"href":"https:\/\/blogdofarnesio.com.br\/index.php?rest_route=%2Fwp%2Fv2%2Fcomments&post=132134"}],"version-history":[{"count":0,"href":"https:\/\/blogdofarnesio.com.br\/index.php?rest_route=\/wp\/v2\/posts\/132134\/revisions"}],"wp:attachment":[{"href":"https:\/\/blogdofarnesio.com.br\/index.php?rest_route=%2Fwp%2Fv2%2Fmedia&parent=132134"}],"wp:term":[{"taxonomy":"category","embeddable":true,"href":"https:\/\/blogdofarnesio.com.br\/index.php?rest_route=%2Fwp%2Fv2%2Fcategories&post=132134"},{"taxonomy":"post_tag","embeddable":true,"href":"https:\/\/blogdofarnesio.com.br\/index.php?rest_route=%2Fwp%2Fv2%2Ftags&post=132134"}],"curies":[{"name":"wp","href":"https:\/\/api.w.org\/{rel}","templated":true}]}}