{"id":132040,"date":"2015-10-26T20:00:36","date_gmt":"2015-10-26T23:00:36","guid":{"rendered":"http:\/\/www.quersaberpolitica.com.br\/?p=132040"},"modified":"2015-10-26T15:31:05","modified_gmt":"2015-10-26T18:31:05","slug":"professores-municipais-de-petrolina-mostram-que-ensino-e-pratica-trabalham-juntos","status":"publish","type":"post","link":"https:\/\/blogdofarnesio.com.br\/?p=132040","title":{"rendered":"PROFESSORES MUNICIPAIS DE PETROLINA MOSTRAM QUE ENSINO E PR\u00c1TICA TRABALHAM JUNTOS"},"content":{"rendered":"<p style=\"text-align: justify\"><a href=\"http:\/\/www.quersaberpolitica.com.br\/2016\/wp-content\/uploads\/2015\/10\/blogqsp-professoresmunicipais-petrolina.jpg\"><img loading=\"lazy\" decoding=\"async\" class=\"  wp-image-132041 aligncenter\" src=\"http:\/\/www.quersaberpolitica.com.br\/2016\/wp-content\/uploads\/2015\/10\/blogqsp-professoresmunicipais-petrolina-300x169.jpg\" alt=\"blogqsp-professoresmunicipais-petrolina\" width=\"381\" height=\"221\" \/><\/a><\/p>\n<p style=\"text-align: justify\">Partilhar saberes com a comunidade, discutindo temas como agricultura familiar, g\u00eanero, etnia e cultura. Somado a isso, apresenta\u00e7\u00f5es de projetos e oficinas de artesanatos s\u00e3o algumas das a\u00e7\u00f5es que os professores do \u2018ProJovem Campo &#8211; Saberes da Terra\u2019 realizam pelas comunidades de Petrolina. As a\u00e7\u00f5es dos educadores chegaram, neste m\u00eas, ao segundo m\u00f3dulo de ensino e passam agora a falar dos sistemas de produ\u00e7\u00e3o e processos de trabalho no campo.<\/p>\n<p style=\"text-align: justify\">Os professores formadores s\u00e3o da Secretaria Municipal de Educa\u00e7\u00e3o. As aulas, que acontecem em um s\u00e1bado por m\u00eas, variam de temas como agroecologia e ecossistemas at\u00e9 pr\u00e1ticas culturais. S\u00e3o teorias unidas a pr\u00e1tica. \u201cOs educadores do ProJovem Campo trabalham com a pr\u00e1tica, que n\u00e3o fica s\u00f3 nas oficinas, para que os alunos absorvam melhor o conte\u00fado ensinado. Nos observamos que eles aprendem melhor quando v\u00e3o l\u00e1 e fazem\u201d, afirma a coordenadora de Programas da Seduc, Palloma Mangabeira.<!--more--><\/p>\n<p style=\"text-align: justify\">Al\u00e9m das oficinas, os educadores levam os estudantes para visitas t\u00e9cnicas em institui\u00e7\u00f5es, convidam palestrantes e ajudam no plantio de hortas comunit\u00e1rias e no sistema de irriga\u00e7\u00e3o simples. O novo m\u00f3dulo ser\u00e1 conclu\u00eddo em dezembro em uma culmin\u00e2ncia com as comunidades dos alunos envolvidos no projeto.<\/p>\n<p><em>Ascom<\/em><\/p>\n","protected":false},"excerpt":{"rendered":"<p>Partilhar saberes com a comunidade, discutindo temas como agricultura familiar, g\u00eanero, etnia e cultura. Somado a isso, apresenta\u00e7\u00f5es de projetos e oficinas de artesanatos s\u00e3o algumas das a\u00e7\u00f5es que os professores do \u2018ProJovem Campo &#8211; Saberes da Terra\u2019 realizam pelas comunidades de Petrolina. As a\u00e7\u00f5es dos educadores chegaram, neste m\u00eas, ao segundo m\u00f3dulo de ensino e passam agora a falar dos sistemas de produ\u00e7\u00e3o e processos de trabalho no campo. Os professores formadores s\u00e3o da Secretaria Municipal de Educa\u00e7\u00e3o. As aulas, que acontecem em um s\u00e1bado por m\u00eas, variam de temas como agroecologia e ecossistemas at\u00e9 pr\u00e1ticas culturais. S\u00e3o teorias unidas a pr\u00e1tica. \u201cOs educadores do ProJovem Campo trabalham com a pr\u00e1tica, que n\u00e3o fica s\u00f3 nas oficinas, para que&hellip; <\/p>\n","protected":false},"author":7,"featured_media":0,"comment_status":"open","ping_status":"open","sticky":false,"template":"","format":"standard","meta":{"_acf_changed":false,"footnotes":""},"categories":[6],"tags":[],"class_list":["post-132040","post","type-post","status-publish","format-standard","hentry","category-educacao"],"acf":[],"yoast_head":"<!-- This site is optimized with the Yoast SEO plugin v27.4 - https:\/\/yoast.com\/product\/yoast-seo-wordpress\/ -->\n<title>PROFESSORES MUNICIPAIS DE PETROLINA MOSTRAM QUE ENSINO E PR\u00c1TICA TRABALHAM JUNTOS - Blog do Farn\u00e9sio<\/title>\n<meta name=\"robots\" content=\"index, follow, max-snippet:-1, max-image-preview:large, max-video-preview:-1\" \/>\n<link rel=\"canonical\" href=\"https:\/\/blogdofarnesio.com.br\/?p=132040\" \/>\n<meta property=\"og:locale\" content=\"pt_BR\" \/>\n<meta property=\"og:type\" content=\"article\" \/>\n<meta property=\"og:title\" content=\"PROFESSORES MUNICIPAIS DE PETROLINA MOSTRAM QUE ENSINO E PR\u00c1TICA TRABALHAM JUNTOS - Blog do Farn\u00e9sio\" \/>\n<meta property=\"og:description\" content=\"Partilhar saberes com a comunidade, discutindo temas como agricultura familiar, g\u00eanero, etnia e cultura. Somado a isso, apresenta\u00e7\u00f5es de projetos e oficinas de artesanatos s\u00e3o algumas das a\u00e7\u00f5es que os professores do \u2018ProJovem Campo &#8211; Saberes da Terra\u2019 realizam pelas comunidades de Petrolina. As a\u00e7\u00f5es dos educadores chegaram, neste m\u00eas, ao segundo m\u00f3dulo de ensino e passam agora a falar dos sistemas de produ\u00e7\u00e3o e processos de trabalho no campo. Os professores formadores s\u00e3o da Secretaria Municipal de Educa\u00e7\u00e3o. As aulas, que acontecem em um s\u00e1bado por m\u00eas, variam de temas como agroecologia e ecossistemas at\u00e9 pr\u00e1ticas culturais. S\u00e3o teorias unidas a pr\u00e1tica. \u201cOs educadores do ProJovem Campo trabalham com a pr\u00e1tica, que n\u00e3o fica s\u00f3 nas oficinas, para que&hellip;\" \/>\n<meta property=\"og:url\" content=\"https:\/\/blogdofarnesio.com.br\/?p=132040\" \/>\n<meta property=\"og:site_name\" content=\"Blog do Farn\u00e9sio\" \/>\n<meta property=\"article:publisher\" content=\"https:\/\/www.facebook.com\/BlogQuerSaberPolitica\/\" \/>\n<meta property=\"article:published_time\" content=\"2015-10-26T23:00:36+00:00\" \/>\n<meta property=\"og:image\" content=\"http:\/\/www.quersaberpolitica.com.br\/2016\/wp-content\/uploads\/2015\/10\/blogqsp-professoresmunicipais-petrolina-300x169.jpg\" \/>\n<meta name=\"twitter:card\" content=\"summary_large_image\" \/>\n<meta name=\"twitter:label1\" content=\"Escrito por\" \/>\n\t<meta name=\"twitter:data1\" content=\"\" \/>\n\t<meta name=\"twitter:label2\" content=\"Est. tempo de leitura\" \/>\n\t<meta name=\"twitter:data2\" content=\"1 minuto\" \/>\n<script type=\"application\/ld+json\" class=\"yoast-schema-graph\">{\"@context\":\"https:\\\/\\\/schema.org\",\"@graph\":[{\"@type\":\"Article\",\"@id\":\"https:\\\/\\\/blogdofarnesio.com.br\\\/?p=132040#article\",\"isPartOf\":{\"@id\":\"https:\\\/\\\/blogdofarnesio.com.br\\\/?p=132040\"},\"author\":{\"name\":\"\",\"@id\":\"\"},\"headline\":\"PROFESSORES MUNICIPAIS DE PETROLINA MOSTRAM QUE ENSINO E PR\u00c1TICA TRABALHAM JUNTOS\",\"datePublished\":\"2015-10-26T23:00:36+00:00\",\"mainEntityOfPage\":{\"@id\":\"https:\\\/\\\/blogdofarnesio.com.br\\\/?p=132040\"},\"wordCount\":233,\"commentCount\":0,\"publisher\":{\"@id\":\"https:\\\/\\\/blogdofarnesio.com.br\\\/#organization\"},\"image\":{\"@id\":\"https:\\\/\\\/blogdofarnesio.com.br\\\/?p=132040#primaryimage\"},\"thumbnailUrl\":\"http:\\\/\\\/www.quersaberpolitica.com.br\\\/2016\\\/wp-content\\\/uploads\\\/2015\\\/10\\\/blogqsp-professoresmunicipais-petrolina-300x169.jpg\",\"articleSection\":[\"Educa\u00e7\u00e3o\"],\"inLanguage\":\"pt-BR\",\"potentialAction\":[{\"@type\":\"CommentAction\",\"name\":\"Comment\",\"target\":[\"https:\\\/\\\/blogdofarnesio.com.br\\\/?p=132040#respond\"]}]},{\"@type\":\"WebPage\",\"@id\":\"https:\\\/\\\/blogdofarnesio.com.br\\\/?p=132040\",\"url\":\"https:\\\/\\\/blogdofarnesio.com.br\\\/?p=132040\",\"name\":\"PROFESSORES MUNICIPAIS DE PETROLINA MOSTRAM QUE ENSINO E PR\u00c1TICA TRABALHAM JUNTOS - Blog do Farn\u00e9sio\",\"isPartOf\":{\"@id\":\"https:\\\/\\\/blogdofarnesio.com.br\\\/#website\"},\"primaryImageOfPage\":{\"@id\":\"https:\\\/\\\/blogdofarnesio.com.br\\\/?p=132040#primaryimage\"},\"image\":{\"@id\":\"https:\\\/\\\/blogdofarnesio.com.br\\\/?p=132040#primaryimage\"},\"thumbnailUrl\":\"http:\\\/\\\/www.quersaberpolitica.com.br\\\/2016\\\/wp-content\\\/uploads\\\/2015\\\/10\\\/blogqsp-professoresmunicipais-petrolina-300x169.jpg\",\"datePublished\":\"2015-10-26T23:00:36+00:00\",\"breadcrumb\":{\"@id\":\"https:\\\/\\\/blogdofarnesio.com.br\\\/?p=132040#breadcrumb\"},\"inLanguage\":\"pt-BR\",\"potentialAction\":[{\"@type\":\"ReadAction\",\"target\":[\"https:\\\/\\\/blogdofarnesio.com.br\\\/?p=132040\"]}]},{\"@type\":\"ImageObject\",\"inLanguage\":\"pt-BR\",\"@id\":\"https:\\\/\\\/blogdofarnesio.com.br\\\/?p=132040#primaryimage\",\"url\":\"http:\\\/\\\/www.quersaberpolitica.com.br\\\/2016\\\/wp-content\\\/uploads\\\/2015\\\/10\\\/blogqsp-professoresmunicipais-petrolina-300x169.jpg\",\"contentUrl\":\"http:\\\/\\\/www.quersaberpolitica.com.br\\\/2016\\\/wp-content\\\/uploads\\\/2015\\\/10\\\/blogqsp-professoresmunicipais-petrolina-300x169.jpg\"},{\"@type\":\"BreadcrumbList\",\"@id\":\"https:\\\/\\\/blogdofarnesio.com.br\\\/?p=132040#breadcrumb\",\"itemListElement\":[{\"@type\":\"ListItem\",\"position\":1,\"name\":\"In\u00edcio\",\"item\":\"https:\\\/\\\/blogdofarnesio.com.br\\\/\"},{\"@type\":\"ListItem\",\"position\":2,\"name\":\"PROFESSORES MUNICIPAIS DE PETROLINA MOSTRAM QUE ENSINO E PR\u00c1TICA TRABALHAM JUNTOS\"}]},{\"@type\":\"WebSite\",\"@id\":\"https:\\\/\\\/blogdofarnesio.com.br\\\/#website\",\"url\":\"https:\\\/\\\/blogdofarnesio.com.br\\\/\",\"name\":\"Blog do Farn\u00e9sio\",\"description\":\"Quer Saber Pol\u00edtica?\",\"publisher\":{\"@id\":\"https:\\\/\\\/blogdofarnesio.com.br\\\/#organization\"},\"potentialAction\":[{\"@type\":\"SearchAction\",\"target\":{\"@type\":\"EntryPoint\",\"urlTemplate\":\"https:\\\/\\\/blogdofarnesio.com.br\\\/?s={search_term_string}\"},\"query-input\":{\"@type\":\"PropertyValueSpecification\",\"valueRequired\":true,\"valueName\":\"search_term_string\"}}],\"inLanguage\":\"pt-BR\"},{\"@type\":\"Organization\",\"@id\":\"https:\\\/\\\/blogdofarnesio.com.br\\\/#organization\",\"name\":\"Blog do Farn\u00e9sio\",\"url\":\"https:\\\/\\\/blogdofarnesio.com.br\\\/\",\"logo\":{\"@type\":\"ImageObject\",\"inLanguage\":\"pt-BR\",\"@id\":\"https:\\\/\\\/blogdofarnesio.com.br\\\/#\\\/schema\\\/logo\\\/image\\\/\",\"url\":\"https:\\\/\\\/blogdofarnesio.com.br\\\/wp-content\\\/uploads\\\/2026\\\/03\\\/cropped-logo_new-1.png\",\"contentUrl\":\"https:\\\/\\\/blogdofarnesio.com.br\\\/wp-content\\\/uploads\\\/2026\\\/03\\\/cropped-logo_new-1.png\",\"width\":881,\"height\":685,\"caption\":\"Blog do Farn\u00e9sio\"},\"image\":{\"@id\":\"https:\\\/\\\/blogdofarnesio.com.br\\\/#\\\/schema\\\/logo\\\/image\\\/\"},\"sameAs\":[\"https:\\\/\\\/www.facebook.com\\\/BlogQuerSaberPolitica\\\/\"]},{\"@type\":\"Person\",\"@id\":\"\",\"url\":\"https:\\\/\\\/blogdofarnesio.com.br\\\/?author=7\"}]}<\/script>\n<!-- \/ Yoast SEO plugin. -->","yoast_head_json":{"title":"PROFESSORES MUNICIPAIS DE PETROLINA MOSTRAM QUE ENSINO E PR\u00c1TICA TRABALHAM JUNTOS - Blog do Farn\u00e9sio","robots":{"index":"index","follow":"follow","max-snippet":"max-snippet:-1","max-image-preview":"max-image-preview:large","max-video-preview":"max-video-preview:-1"},"canonical":"https:\/\/blogdofarnesio.com.br\/?p=132040","og_locale":"pt_BR","og_type":"article","og_title":"PROFESSORES MUNICIPAIS DE PETROLINA MOSTRAM QUE ENSINO E PR\u00c1TICA TRABALHAM JUNTOS - Blog do Farn\u00e9sio","og_description":"Partilhar saberes com a comunidade, discutindo temas como agricultura familiar, g\u00eanero, etnia e cultura. Somado a isso, apresenta\u00e7\u00f5es de projetos e oficinas de artesanatos s\u00e3o algumas das a\u00e7\u00f5es que os professores do \u2018ProJovem Campo &#8211; Saberes da Terra\u2019 realizam pelas comunidades de Petrolina. As a\u00e7\u00f5es dos educadores chegaram, neste m\u00eas, ao segundo m\u00f3dulo de ensino e passam agora a falar dos sistemas de produ\u00e7\u00e3o e processos de trabalho no campo. Os professores formadores s\u00e3o da Secretaria Municipal de Educa\u00e7\u00e3o. As aulas, que acontecem em um s\u00e1bado por m\u00eas, variam de temas como agroecologia e ecossistemas at\u00e9 pr\u00e1ticas culturais. S\u00e3o teorias unidas a pr\u00e1tica. \u201cOs educadores do ProJovem Campo trabalham com a pr\u00e1tica, que n\u00e3o fica s\u00f3 nas oficinas, para que&hellip;","og_url":"https:\/\/blogdofarnesio.com.br\/?p=132040","og_site_name":"Blog do Farn\u00e9sio","article_publisher":"https:\/\/www.facebook.com\/BlogQuerSaberPolitica\/","article_published_time":"2015-10-26T23:00:36+00:00","og_image":[{"url":"http:\/\/www.quersaberpolitica.com.br\/2016\/wp-content\/uploads\/2015\/10\/blogqsp-professoresmunicipais-petrolina-300x169.jpg","type":"","width":"","height":""}],"twitter_card":"summary_large_image","twitter_misc":{"Escrito por":"","Est. tempo de leitura":"1 minuto"},"schema":{"@context":"https:\/\/schema.org","@graph":[{"@type":"Article","@id":"https:\/\/blogdofarnesio.com.br\/?p=132040#article","isPartOf":{"@id":"https:\/\/blogdofarnesio.com.br\/?p=132040"},"author":{"name":"","@id":""},"headline":"PROFESSORES MUNICIPAIS DE PETROLINA MOSTRAM QUE ENSINO E PR\u00c1TICA TRABALHAM JUNTOS","datePublished":"2015-10-26T23:00:36+00:00","mainEntityOfPage":{"@id":"https:\/\/blogdofarnesio.com.br\/?p=132040"},"wordCount":233,"commentCount":0,"publisher":{"@id":"https:\/\/blogdofarnesio.com.br\/#organization"},"image":{"@id":"https:\/\/blogdofarnesio.com.br\/?p=132040#primaryimage"},"thumbnailUrl":"http:\/\/www.quersaberpolitica.com.br\/2016\/wp-content\/uploads\/2015\/10\/blogqsp-professoresmunicipais-petrolina-300x169.jpg","articleSection":["Educa\u00e7\u00e3o"],"inLanguage":"pt-BR","potentialAction":[{"@type":"CommentAction","name":"Comment","target":["https:\/\/blogdofarnesio.com.br\/?p=132040#respond"]}]},{"@type":"WebPage","@id":"https:\/\/blogdofarnesio.com.br\/?p=132040","url":"https:\/\/blogdofarnesio.com.br\/?p=132040","name":"PROFESSORES MUNICIPAIS DE PETROLINA MOSTRAM QUE ENSINO E PR\u00c1TICA TRABALHAM JUNTOS - Blog do Farn\u00e9sio","isPartOf":{"@id":"https:\/\/blogdofarnesio.com.br\/#website"},"primaryImageOfPage":{"@id":"https:\/\/blogdofarnesio.com.br\/?p=132040#primaryimage"},"image":{"@id":"https:\/\/blogdofarnesio.com.br\/?p=132040#primaryimage"},"thumbnailUrl":"http:\/\/www.quersaberpolitica.com.br\/2016\/wp-content\/uploads\/2015\/10\/blogqsp-professoresmunicipais-petrolina-300x169.jpg","datePublished":"2015-10-26T23:00:36+00:00","breadcrumb":{"@id":"https:\/\/blogdofarnesio.com.br\/?p=132040#breadcrumb"},"inLanguage":"pt-BR","potentialAction":[{"@type":"ReadAction","target":["https:\/\/blogdofarnesio.com.br\/?p=132040"]}]},{"@type":"ImageObject","inLanguage":"pt-BR","@id":"https:\/\/blogdofarnesio.com.br\/?p=132040#primaryimage","url":"http:\/\/www.quersaberpolitica.com.br\/2016\/wp-content\/uploads\/2015\/10\/blogqsp-professoresmunicipais-petrolina-300x169.jpg","contentUrl":"http:\/\/www.quersaberpolitica.com.br\/2016\/wp-content\/uploads\/2015\/10\/blogqsp-professoresmunicipais-petrolina-300x169.jpg"},{"@type":"BreadcrumbList","@id":"https:\/\/blogdofarnesio.com.br\/?p=132040#breadcrumb","itemListElement":[{"@type":"ListItem","position":1,"name":"In\u00edcio","item":"https:\/\/blogdofarnesio.com.br\/"},{"@type":"ListItem","position":2,"name":"PROFESSORES MUNICIPAIS DE PETROLINA MOSTRAM QUE ENSINO E PR\u00c1TICA TRABALHAM JUNTOS"}]},{"@type":"WebSite","@id":"https:\/\/blogdofarnesio.com.br\/#website","url":"https:\/\/blogdofarnesio.com.br\/","name":"Blog do Farn\u00e9sio","description":"Quer Saber Pol\u00edtica?","publisher":{"@id":"https:\/\/blogdofarnesio.com.br\/#organization"},"potentialAction":[{"@type":"SearchAction","target":{"@type":"EntryPoint","urlTemplate":"https:\/\/blogdofarnesio.com.br\/?s={search_term_string}"},"query-input":{"@type":"PropertyValueSpecification","valueRequired":true,"valueName":"search_term_string"}}],"inLanguage":"pt-BR"},{"@type":"Organization","@id":"https:\/\/blogdofarnesio.com.br\/#organization","name":"Blog do Farn\u00e9sio","url":"https:\/\/blogdofarnesio.com.br\/","logo":{"@type":"ImageObject","inLanguage":"pt-BR","@id":"https:\/\/blogdofarnesio.com.br\/#\/schema\/logo\/image\/","url":"https:\/\/blogdofarnesio.com.br\/wp-content\/uploads\/2026\/03\/cropped-logo_new-1.png","contentUrl":"https:\/\/blogdofarnesio.com.br\/wp-content\/uploads\/2026\/03\/cropped-logo_new-1.png","width":881,"height":685,"caption":"Blog do Farn\u00e9sio"},"image":{"@id":"https:\/\/blogdofarnesio.com.br\/#\/schema\/logo\/image\/"},"sameAs":["https:\/\/www.facebook.com\/BlogQuerSaberPolitica\/"]},{"@type":"Person","@id":"","url":"https:\/\/blogdofarnesio.com.br\/?author=7"}]}},"_links":{"self":[{"href":"https:\/\/blogdofarnesio.com.br\/index.php?rest_route=\/wp\/v2\/posts\/132040","targetHints":{"allow":["GET"]}}],"collection":[{"href":"https:\/\/blogdofarnesio.com.br\/index.php?rest_route=\/wp\/v2\/posts"}],"about":[{"href":"https:\/\/blogdofarnesio.com.br\/index.php?rest_route=\/wp\/v2\/types\/post"}],"author":[{"embeddable":true,"href":"https:\/\/blogdofarnesio.com.br\/index.php?rest_route=\/wp\/v2\/users\/7"}],"replies":[{"embeddable":true,"href":"https:\/\/blogdofarnesio.com.br\/index.php?rest_route=%2Fwp%2Fv2%2Fcomments&post=132040"}],"version-history":[{"count":0,"href":"https:\/\/blogdofarnesio.com.br\/index.php?rest_route=\/wp\/v2\/posts\/132040\/revisions"}],"wp:attachment":[{"href":"https:\/\/blogdofarnesio.com.br\/index.php?rest_route=%2Fwp%2Fv2%2Fmedia&parent=132040"}],"wp:term":[{"taxonomy":"category","embeddable":true,"href":"https:\/\/blogdofarnesio.com.br\/index.php?rest_route=%2Fwp%2Fv2%2Fcategories&post=132040"},{"taxonomy":"post_tag","embeddable":true,"href":"https:\/\/blogdofarnesio.com.br\/index.php?rest_route=%2Fwp%2Fv2%2Ftags&post=132040"}],"curies":[{"name":"wp","href":"https:\/\/api.w.org\/{rel}","templated":true}]}}