{"id":131650,"date":"2015-10-19T14:20:39","date_gmt":"2015-10-19T17:20:39","guid":{"rendered":"http:\/\/www.quersaberpolitica.com.br\/?p=131650"},"modified":"2015-10-19T11:01:05","modified_gmt":"2015-10-19T14:01:05","slug":"evento-realizado-pela-embrapa-e-irpaa-evidencia-a-quebra-do-paradigma-do-combate-a-seca","status":"publish","type":"post","link":"https:\/\/blogdofarnesio.com.br\/?p=131650","title":{"rendered":"EVENTO REALIZADO PELA EMBRAPA E IRPAA EVIDENCIA A QUEBRA DO PARADIGMA DO \u201cCOMBATE \u00c0 SECA\u201d"},"content":{"rendered":"<p style=\"text-align: justify\" align=\"justify\"><a href=\"http:\/\/www.quersaberpolitica.com.br\/2016\/wp-content\/uploads\/2015\/10\/banner-semiaridoShow-360x160.gif\"><img loading=\"lazy\" decoding=\"async\" class=\"  wp-image-131121 aligncenter\" src=\"http:\/\/www.quersaberpolitica.com.br\/2016\/wp-content\/uploads\/2015\/10\/banner-semiaridoShow-360x160-300x133.gif\" alt=\"banner-semiaridoShow-360x160\" width=\"370\" height=\"172\" \/><\/a><\/p>\n<p style=\"text-align: justify\" align=\"justify\">\u201cBastante diferente daquela seca de 82, com a chegada dessas novas tecnologias adequadas de Conviv\u00eancia com o Semi\u00e1rido, facilitou, melhorou bastante, porque n\u00e3o tivemos aquela migra\u00e7\u00e3o e tamb\u00e9m o pessoal n\u00e3o passou tanta necessidade\u201d, relata Seu Jos\u00e9 Albino Batista (Z\u00e9 da Paz), agricultor do munic\u00edpio de Andorinha (BA). Ele faz refer\u00eancia \u00e0s mudan\u00e7as ocorridas ao longo dos anos a partir do enfrentamento \u00e0 \u201cind\u00fastria da seca\u201d, largamente explorada pelos governos e pela m\u00eddia brasileira durante d\u00e9cadas.<\/p>\n<p style=\"text-align: justify\" align=\"justify\">A diferen\u00e7a sentida por Seu Z\u00e9 da Paz ao comparar a seca da d\u00e9cada de 1980 com a estiagem prolongada destes \u00faltimos anos \u00e9 resultado de um novo paradigma que come\u00e7ou a ganhar for\u00e7a a partir de 1990: a Conviv\u00eancia com o Semi\u00e1rido, uma l\u00f3gica de desenvolvimento que considera o clima, os aspectos s\u00f3cio-culturais e direitos humanos como base para a vida no Semi\u00e1rido. \u201cA nossa regi\u00e3o semi\u00e1rida \u00e9 caracterizada pela irregularidade das chuvas no tempo e no espa\u00e7o geogr\u00e1fico. Estudos conclu\u00edram que as secas s\u00e3o previs\u00edveis. Passamos a entender que as secas s\u00e3o c\u00edclicas, ou seja, tem a possibilidade de a cada 26 anos esta regi\u00e3o passar por uma grande seca\u201d, explica Vanderlei Menezes, colaborador do Irpaa.<\/p>\n<p style=\"text-align: justify\" align=\"justify\"><!--more--><\/p>\n<p style=\"text-align: justify\" align=\"justify\">Hoje a Conviv\u00eancia com o Semi\u00e1rido \u00e9 pautada inclusive pelos governos dos estados e federal. Contudo, para provocar a desconstru\u00e7\u00e3o da l\u00f3gica do \u201cCombate \u00e0 Seca\u201d foi necess\u00e1rio o esfor\u00e7o de diversas organiza\u00e7\u00f5es da sociedade civil, a exemplo do Instituto Regional da Pequena Agropecu\u00e1ria Apropriada (Irpaa), o estudo e aprimora\u00e7\u00e3o de t\u00e9cnicas desenvolvidas pelos centros de pesquisa, como a Embrapa Semi\u00e1rido, e, principalmente, a disposi\u00e7\u00e3o das fam\u00edlias agricultoras que acreditaram nesta proposta. \u201cMuitos setores da sociedade, da academia e tamb\u00e9m de governos j\u00e1 considera a seca como um fen\u00f4meno clim\u00e1tico e social que faz parte da realidade aqui da regi\u00e3o. Ent\u00e3o tem mudan\u00e7as.\u201d, afirma o pesquisador Roberto Marinho.<\/p>\n<p style=\"text-align: justify\" align=\"justify\"><b>Pol\u00edticas P\u00fablicas garantem avan\u00e7os<\/b><\/p>\n<p style=\"text-align: justify\" align=\"justify\">Em Campo Alegre de Lourdes, no sert\u00e3o baiano, fam\u00edlias sertanejas hoje celebram a chegada de tecnologias sociais e do servi\u00e7o p\u00fablico de assessoria t\u00e9cnica voltada para a Conviv\u00eancia com o Semi\u00e1rido e com isso uma nova concep\u00e7\u00e3o de vida. O agricultor Raimundo Dias da Silva Santos vive em sua comunidade h\u00e1 40 anos. Ele lembra a dificuldade que era manter a cria\u00e7\u00e3o e as planta\u00e7\u00f5es de milho, feij\u00e3o, mandioca, devido \u00e0 car\u00eancia de \u00e1gua na propriedade. Por\u00e9m, essa realidade come\u00e7ou a mudar com a chegada da primeira cisterna para capta\u00e7\u00e3o e armazenamento de \u00e1gua da chuva, (capacidade para 16 mil litros) o que garantiu a \u00e1gua da fam\u00edlia e mais tarde a cisterna de produ\u00e7\u00e3o (capacidade para 52 mil litros), \u00e1gua que \u00e9 utilizada para cuidar dos canteiros produtivos. \u201cTem coentro, piment\u00e3o, tem outras coisinhas &#8230; n\u00f3s nem damos conta de consumir tudo, \u00e0s vezes vendemos para quem n\u00e3o tem por aqui\u201d, comenta o agricultor.<\/p>\n<p style=\"text-align: justify\" align=\"justify\">Exemplos como este de Seu Raimundo Dias \u00e9 apenas um entre milhares no Semi\u00e1rido. A regi\u00e3o hoje conta com o trabalho da Asa \u2013 Articula\u00e7\u00e3o do Semi\u00e1rido brasileiro, que h\u00e1 15 anos re\u00fane organiza\u00e7\u00f5es populares em torno desta discuss\u00e3o, partindo da luta pelo acesso e gest\u00e3o da \u00e1gua como um dos princ\u00edpios b\u00e1sicos para a vida digna no Semi\u00e1rido. A Asa j\u00e1 implementou mais de 660 mil tecnologias de capta\u00e7\u00e3o e armazenamento de \u00e1gua da chuva, o que impacta de forma positiva a vida de aproximadamente um milh\u00e3o de fam\u00edlias.<\/p>\n<p style=\"text-align: justify\" align=\"justify\">Mas, para Jos\u00e9 Moacir dos Santos, colaborador do Irpaa, esta discuss\u00e3o em torno da seca requer um debate maior, que toque em quest\u00f5es estruturantes e at\u00e9 ent\u00e3o tocadas de forma t\u00edmida pelo Estado brasileiro. \u201cA gente precisa de pol\u00edticas que desconcentrem a terra, desconcentrem a \u00e1gua e o conhecimento para plena Conviv\u00eancia com o Semi\u00e1rido\u201d, aponta.<\/p>\n<p style=\"text-align: justify\" align=\"justify\">\u201cAqui no nosso Semi\u00e1rido n\u00e3o falta chuva, falta \u00e9 justi\u00e7a mesmo, local de armazenamento de \u00e1gua pra que as pessoas sejam beneficiadas\u201d, argumenta Seu Z\u00e9 da Paz ao ressaltar os avan\u00e7os hoje constatados nas comunidades e munic\u00edpios que adotaram a\u00e7\u00f5es como constru\u00e7\u00e3o de cisternas, aguadas apropriadas e outras tecnologias como prioridade.<\/p>\n<p style=\"text-align: justify\" align=\"justify\">Roberto Marinho concorda que a privatiza\u00e7\u00e3o da \u00e1gua ainda contribui para esta vis\u00e3o da seca como algo catastr\u00f3fico, apesar dos avan\u00e7os, embora acredite que hoje n\u00e3o se pode mais falar em seca, inclusive porque \u201cn\u00e3o \u00e9 uma situa\u00e7\u00e3o de falta d&#8217;\u00e1gua, \u00e9 uma situa\u00e7\u00e3o de injusti\u00e7a\u201d, refor\u00e7a.<\/p>\n<p style=\"text-align: justify\" align=\"justify\">Toda esta discuss\u00e3o \u00e9 base para realiza\u00e7\u00e3o da 6\u00aa Edi\u00e7\u00e3o da Feira Semi\u00e1ridoShow, que ir\u00e1 possibilitar, para al\u00e9m das discuss\u00f5es te\u00f3ricas, a exposi\u00e7\u00e3o de tecnologias e pr\u00e1ticas que garantem a viabilidade da produ\u00e7\u00e3o apropriada ao clima semi\u00e1rido. O evento, que este ano traz como tema \u201c<span style=\"color: #000000\">Territ\u00f3rios<\/span>, \u00e1gua e agroecologia: bases para vida no Semi\u00e1rido\u201d, acontece de 20 a 23 de outubro e \u00e9 resultado de uma parceria entre a Embrapa e o Irpaa. As iniciativas apresentadas na Feira podem ser replicadas em outras regi\u00f5es do Semi\u00e1rido. O evento acontece na Embrapa Produtos e Mercados, BR 428, Km 148, em Petrolina \u2013 PE.<\/p>\n<p style=\"text-align: justify\" align=\"justify\"><em>Ascom<\/em><\/p>\n","protected":false},"excerpt":{"rendered":"<p>\u201cBastante diferente daquela seca de 82, com a chegada dessas novas tecnologias adequadas de Conviv\u00eancia com o Semi\u00e1rido, facilitou, melhorou bastante, porque n\u00e3o tivemos aquela migra\u00e7\u00e3o e tamb\u00e9m o pessoal n\u00e3o passou tanta necessidade\u201d, relata Seu Jos\u00e9 Albino Batista (Z\u00e9 da Paz), agricultor do munic\u00edpio de Andorinha (BA). Ele faz refer\u00eancia \u00e0s mudan\u00e7as ocorridas ao longo dos anos a partir do enfrentamento \u00e0 \u201cind\u00fastria da seca\u201d, largamente explorada pelos governos e pela m\u00eddia brasileira durante d\u00e9cadas. A diferen\u00e7a sentida por Seu Z\u00e9 da Paz ao comparar a seca da d\u00e9cada de 1980 com a estiagem prolongada destes \u00faltimos anos \u00e9 resultado de um novo paradigma que come\u00e7ou a ganhar for\u00e7a a partir de 1990: a Conviv\u00eancia com o Semi\u00e1rido, uma&hellip; <\/p>\n","protected":false},"author":7,"featured_media":0,"comment_status":"open","ping_status":"open","sticky":false,"template":"","format":"standard","meta":{"_acf_changed":false,"footnotes":""},"categories":[44],"tags":[],"class_list":["post-131650","post","type-post","status-publish","format-standard","hentry","category-administracao"],"acf":[],"yoast_head":"<!-- This site is optimized with the Yoast SEO plugin v27.4 - https:\/\/yoast.com\/product\/yoast-seo-wordpress\/ -->\n<title>EVENTO REALIZADO PELA EMBRAPA E IRPAA EVIDENCIA A QUEBRA DO PARADIGMA DO \u201cCOMBATE \u00c0 SECA\u201d - Blog do Farn\u00e9sio<\/title>\n<meta name=\"robots\" content=\"index, follow, max-snippet:-1, max-image-preview:large, max-video-preview:-1\" \/>\n<link rel=\"canonical\" href=\"https:\/\/blogdofarnesio.com.br\/?p=131650\" \/>\n<meta property=\"og:locale\" content=\"pt_BR\" \/>\n<meta property=\"og:type\" content=\"article\" \/>\n<meta property=\"og:title\" content=\"EVENTO REALIZADO PELA EMBRAPA E IRPAA EVIDENCIA A QUEBRA DO PARADIGMA DO \u201cCOMBATE \u00c0 SECA\u201d - Blog do Farn\u00e9sio\" \/>\n<meta property=\"og:description\" content=\"\u201cBastante diferente daquela seca de 82, com a chegada dessas novas tecnologias adequadas de Conviv\u00eancia com o Semi\u00e1rido, facilitou, melhorou bastante, porque n\u00e3o tivemos aquela migra\u00e7\u00e3o e tamb\u00e9m o pessoal n\u00e3o passou tanta necessidade\u201d, relata Seu Jos\u00e9 Albino Batista (Z\u00e9 da Paz), agricultor do munic\u00edpio de Andorinha (BA). Ele faz refer\u00eancia \u00e0s mudan\u00e7as ocorridas ao longo dos anos a partir do enfrentamento \u00e0 \u201cind\u00fastria da seca\u201d, largamente explorada pelos governos e pela m\u00eddia brasileira durante d\u00e9cadas. A diferen\u00e7a sentida por Seu Z\u00e9 da Paz ao comparar a seca da d\u00e9cada de 1980 com a estiagem prolongada destes \u00faltimos anos \u00e9 resultado de um novo paradigma que come\u00e7ou a ganhar for\u00e7a a partir de 1990: a Conviv\u00eancia com o Semi\u00e1rido, uma&hellip;\" \/>\n<meta property=\"og:url\" content=\"https:\/\/blogdofarnesio.com.br\/?p=131650\" \/>\n<meta property=\"og:site_name\" content=\"Blog do Farn\u00e9sio\" \/>\n<meta property=\"article:publisher\" content=\"https:\/\/www.facebook.com\/BlogQuerSaberPolitica\/\" \/>\n<meta property=\"article:published_time\" content=\"2015-10-19T17:20:39+00:00\" \/>\n<meta property=\"og:image\" content=\"http:\/\/www.quersaberpolitica.com.br\/2016\/wp-content\/uploads\/2015\/10\/banner-semiaridoShow-360x160-300x133.gif\" \/>\n<meta name=\"twitter:card\" content=\"summary_large_image\" \/>\n<meta name=\"twitter:label1\" content=\"Escrito por\" \/>\n\t<meta name=\"twitter:data1\" content=\"\" \/>\n\t<meta name=\"twitter:label2\" content=\"Est. tempo de leitura\" \/>\n\t<meta name=\"twitter:data2\" content=\"5 minutos\" \/>\n<script type=\"application\/ld+json\" class=\"yoast-schema-graph\">{\"@context\":\"https:\\\/\\\/schema.org\",\"@graph\":[{\"@type\":\"Article\",\"@id\":\"https:\\\/\\\/blogdofarnesio.com.br\\\/?p=131650#article\",\"isPartOf\":{\"@id\":\"https:\\\/\\\/blogdofarnesio.com.br\\\/?p=131650\"},\"author\":{\"name\":\"\",\"@id\":\"\"},\"headline\":\"EVENTO REALIZADO PELA EMBRAPA E IRPAA EVIDENCIA A QUEBRA DO PARADIGMA DO \u201cCOMBATE \u00c0 SECA\u201d\",\"datePublished\":\"2015-10-19T17:20:39+00:00\",\"mainEntityOfPage\":{\"@id\":\"https:\\\/\\\/blogdofarnesio.com.br\\\/?p=131650\"},\"wordCount\":919,\"commentCount\":0,\"publisher\":{\"@id\":\"https:\\\/\\\/blogdofarnesio.com.br\\\/#organization\"},\"image\":{\"@id\":\"https:\\\/\\\/blogdofarnesio.com.br\\\/?p=131650#primaryimage\"},\"thumbnailUrl\":\"http:\\\/\\\/www.quersaberpolitica.com.br\\\/2016\\\/wp-content\\\/uploads\\\/2015\\\/10\\\/banner-semiaridoShow-360x160-300x133.gif\",\"articleSection\":[\"Administra\u00e7\u00e3o\"],\"inLanguage\":\"pt-BR\",\"potentialAction\":[{\"@type\":\"CommentAction\",\"name\":\"Comment\",\"target\":[\"https:\\\/\\\/blogdofarnesio.com.br\\\/?p=131650#respond\"]}]},{\"@type\":\"WebPage\",\"@id\":\"https:\\\/\\\/blogdofarnesio.com.br\\\/?p=131650\",\"url\":\"https:\\\/\\\/blogdofarnesio.com.br\\\/?p=131650\",\"name\":\"EVENTO REALIZADO PELA EMBRAPA E IRPAA EVIDENCIA A QUEBRA DO PARADIGMA DO \u201cCOMBATE \u00c0 SECA\u201d - Blog do Farn\u00e9sio\",\"isPartOf\":{\"@id\":\"https:\\\/\\\/blogdofarnesio.com.br\\\/#website\"},\"primaryImageOfPage\":{\"@id\":\"https:\\\/\\\/blogdofarnesio.com.br\\\/?p=131650#primaryimage\"},\"image\":{\"@id\":\"https:\\\/\\\/blogdofarnesio.com.br\\\/?p=131650#primaryimage\"},\"thumbnailUrl\":\"http:\\\/\\\/www.quersaberpolitica.com.br\\\/2016\\\/wp-content\\\/uploads\\\/2015\\\/10\\\/banner-semiaridoShow-360x160-300x133.gif\",\"datePublished\":\"2015-10-19T17:20:39+00:00\",\"breadcrumb\":{\"@id\":\"https:\\\/\\\/blogdofarnesio.com.br\\\/?p=131650#breadcrumb\"},\"inLanguage\":\"pt-BR\",\"potentialAction\":[{\"@type\":\"ReadAction\",\"target\":[\"https:\\\/\\\/blogdofarnesio.com.br\\\/?p=131650\"]}]},{\"@type\":\"ImageObject\",\"inLanguage\":\"pt-BR\",\"@id\":\"https:\\\/\\\/blogdofarnesio.com.br\\\/?p=131650#primaryimage\",\"url\":\"http:\\\/\\\/www.quersaberpolitica.com.br\\\/2016\\\/wp-content\\\/uploads\\\/2015\\\/10\\\/banner-semiaridoShow-360x160-300x133.gif\",\"contentUrl\":\"http:\\\/\\\/www.quersaberpolitica.com.br\\\/2016\\\/wp-content\\\/uploads\\\/2015\\\/10\\\/banner-semiaridoShow-360x160-300x133.gif\"},{\"@type\":\"BreadcrumbList\",\"@id\":\"https:\\\/\\\/blogdofarnesio.com.br\\\/?p=131650#breadcrumb\",\"itemListElement\":[{\"@type\":\"ListItem\",\"position\":1,\"name\":\"In\u00edcio\",\"item\":\"https:\\\/\\\/blogdofarnesio.com.br\\\/\"},{\"@type\":\"ListItem\",\"position\":2,\"name\":\"EVENTO REALIZADO PELA EMBRAPA E IRPAA EVIDENCIA A QUEBRA DO PARADIGMA DO \u201cCOMBATE \u00c0 SECA\u201d\"}]},{\"@type\":\"WebSite\",\"@id\":\"https:\\\/\\\/blogdofarnesio.com.br\\\/#website\",\"url\":\"https:\\\/\\\/blogdofarnesio.com.br\\\/\",\"name\":\"Blog do Farn\u00e9sio\",\"description\":\"Quer Saber Pol\u00edtica?\",\"publisher\":{\"@id\":\"https:\\\/\\\/blogdofarnesio.com.br\\\/#organization\"},\"potentialAction\":[{\"@type\":\"SearchAction\",\"target\":{\"@type\":\"EntryPoint\",\"urlTemplate\":\"https:\\\/\\\/blogdofarnesio.com.br\\\/?s={search_term_string}\"},\"query-input\":{\"@type\":\"PropertyValueSpecification\",\"valueRequired\":true,\"valueName\":\"search_term_string\"}}],\"inLanguage\":\"pt-BR\"},{\"@type\":\"Organization\",\"@id\":\"https:\\\/\\\/blogdofarnesio.com.br\\\/#organization\",\"name\":\"Blog do Farn\u00e9sio\",\"url\":\"https:\\\/\\\/blogdofarnesio.com.br\\\/\",\"logo\":{\"@type\":\"ImageObject\",\"inLanguage\":\"pt-BR\",\"@id\":\"https:\\\/\\\/blogdofarnesio.com.br\\\/#\\\/schema\\\/logo\\\/image\\\/\",\"url\":\"https:\\\/\\\/blogdofarnesio.com.br\\\/wp-content\\\/uploads\\\/2026\\\/03\\\/cropped-logo_new-1.png\",\"contentUrl\":\"https:\\\/\\\/blogdofarnesio.com.br\\\/wp-content\\\/uploads\\\/2026\\\/03\\\/cropped-logo_new-1.png\",\"width\":881,\"height\":685,\"caption\":\"Blog do Farn\u00e9sio\"},\"image\":{\"@id\":\"https:\\\/\\\/blogdofarnesio.com.br\\\/#\\\/schema\\\/logo\\\/image\\\/\"},\"sameAs\":[\"https:\\\/\\\/www.facebook.com\\\/BlogQuerSaberPolitica\\\/\"]},{\"@type\":\"Person\",\"@id\":\"\",\"url\":\"https:\\\/\\\/blogdofarnesio.com.br\\\/?author=7\"}]}<\/script>\n<!-- \/ Yoast SEO plugin. -->","yoast_head_json":{"title":"EVENTO REALIZADO PELA EMBRAPA E IRPAA EVIDENCIA A QUEBRA DO PARADIGMA DO \u201cCOMBATE \u00c0 SECA\u201d - Blog do Farn\u00e9sio","robots":{"index":"index","follow":"follow","max-snippet":"max-snippet:-1","max-image-preview":"max-image-preview:large","max-video-preview":"max-video-preview:-1"},"canonical":"https:\/\/blogdofarnesio.com.br\/?p=131650","og_locale":"pt_BR","og_type":"article","og_title":"EVENTO REALIZADO PELA EMBRAPA E IRPAA EVIDENCIA A QUEBRA DO PARADIGMA DO \u201cCOMBATE \u00c0 SECA\u201d - Blog do Farn\u00e9sio","og_description":"\u201cBastante diferente daquela seca de 82, com a chegada dessas novas tecnologias adequadas de Conviv\u00eancia com o Semi\u00e1rido, facilitou, melhorou bastante, porque n\u00e3o tivemos aquela migra\u00e7\u00e3o e tamb\u00e9m o pessoal n\u00e3o passou tanta necessidade\u201d, relata Seu Jos\u00e9 Albino Batista (Z\u00e9 da Paz), agricultor do munic\u00edpio de Andorinha (BA). Ele faz refer\u00eancia \u00e0s mudan\u00e7as ocorridas ao longo dos anos a partir do enfrentamento \u00e0 \u201cind\u00fastria da seca\u201d, largamente explorada pelos governos e pela m\u00eddia brasileira durante d\u00e9cadas. A diferen\u00e7a sentida por Seu Z\u00e9 da Paz ao comparar a seca da d\u00e9cada de 1980 com a estiagem prolongada destes \u00faltimos anos \u00e9 resultado de um novo paradigma que come\u00e7ou a ganhar for\u00e7a a partir de 1990: a Conviv\u00eancia com o Semi\u00e1rido, uma&hellip;","og_url":"https:\/\/blogdofarnesio.com.br\/?p=131650","og_site_name":"Blog do Farn\u00e9sio","article_publisher":"https:\/\/www.facebook.com\/BlogQuerSaberPolitica\/","article_published_time":"2015-10-19T17:20:39+00:00","og_image":[{"url":"http:\/\/www.quersaberpolitica.com.br\/2016\/wp-content\/uploads\/2015\/10\/banner-semiaridoShow-360x160-300x133.gif","type":"","width":"","height":""}],"twitter_card":"summary_large_image","twitter_misc":{"Escrito por":"","Est. tempo de leitura":"5 minutos"},"schema":{"@context":"https:\/\/schema.org","@graph":[{"@type":"Article","@id":"https:\/\/blogdofarnesio.com.br\/?p=131650#article","isPartOf":{"@id":"https:\/\/blogdofarnesio.com.br\/?p=131650"},"author":{"name":"","@id":""},"headline":"EVENTO REALIZADO PELA EMBRAPA E IRPAA EVIDENCIA A QUEBRA DO PARADIGMA DO \u201cCOMBATE \u00c0 SECA\u201d","datePublished":"2015-10-19T17:20:39+00:00","mainEntityOfPage":{"@id":"https:\/\/blogdofarnesio.com.br\/?p=131650"},"wordCount":919,"commentCount":0,"publisher":{"@id":"https:\/\/blogdofarnesio.com.br\/#organization"},"image":{"@id":"https:\/\/blogdofarnesio.com.br\/?p=131650#primaryimage"},"thumbnailUrl":"http:\/\/www.quersaberpolitica.com.br\/2016\/wp-content\/uploads\/2015\/10\/banner-semiaridoShow-360x160-300x133.gif","articleSection":["Administra\u00e7\u00e3o"],"inLanguage":"pt-BR","potentialAction":[{"@type":"CommentAction","name":"Comment","target":["https:\/\/blogdofarnesio.com.br\/?p=131650#respond"]}]},{"@type":"WebPage","@id":"https:\/\/blogdofarnesio.com.br\/?p=131650","url":"https:\/\/blogdofarnesio.com.br\/?p=131650","name":"EVENTO REALIZADO PELA EMBRAPA E IRPAA EVIDENCIA A QUEBRA DO PARADIGMA DO \u201cCOMBATE \u00c0 SECA\u201d - Blog do Farn\u00e9sio","isPartOf":{"@id":"https:\/\/blogdofarnesio.com.br\/#website"},"primaryImageOfPage":{"@id":"https:\/\/blogdofarnesio.com.br\/?p=131650#primaryimage"},"image":{"@id":"https:\/\/blogdofarnesio.com.br\/?p=131650#primaryimage"},"thumbnailUrl":"http:\/\/www.quersaberpolitica.com.br\/2016\/wp-content\/uploads\/2015\/10\/banner-semiaridoShow-360x160-300x133.gif","datePublished":"2015-10-19T17:20:39+00:00","breadcrumb":{"@id":"https:\/\/blogdofarnesio.com.br\/?p=131650#breadcrumb"},"inLanguage":"pt-BR","potentialAction":[{"@type":"ReadAction","target":["https:\/\/blogdofarnesio.com.br\/?p=131650"]}]},{"@type":"ImageObject","inLanguage":"pt-BR","@id":"https:\/\/blogdofarnesio.com.br\/?p=131650#primaryimage","url":"http:\/\/www.quersaberpolitica.com.br\/2016\/wp-content\/uploads\/2015\/10\/banner-semiaridoShow-360x160-300x133.gif","contentUrl":"http:\/\/www.quersaberpolitica.com.br\/2016\/wp-content\/uploads\/2015\/10\/banner-semiaridoShow-360x160-300x133.gif"},{"@type":"BreadcrumbList","@id":"https:\/\/blogdofarnesio.com.br\/?p=131650#breadcrumb","itemListElement":[{"@type":"ListItem","position":1,"name":"In\u00edcio","item":"https:\/\/blogdofarnesio.com.br\/"},{"@type":"ListItem","position":2,"name":"EVENTO REALIZADO PELA EMBRAPA E IRPAA EVIDENCIA A QUEBRA DO PARADIGMA DO \u201cCOMBATE \u00c0 SECA\u201d"}]},{"@type":"WebSite","@id":"https:\/\/blogdofarnesio.com.br\/#website","url":"https:\/\/blogdofarnesio.com.br\/","name":"Blog do Farn\u00e9sio","description":"Quer Saber Pol\u00edtica?","publisher":{"@id":"https:\/\/blogdofarnesio.com.br\/#organization"},"potentialAction":[{"@type":"SearchAction","target":{"@type":"EntryPoint","urlTemplate":"https:\/\/blogdofarnesio.com.br\/?s={search_term_string}"},"query-input":{"@type":"PropertyValueSpecification","valueRequired":true,"valueName":"search_term_string"}}],"inLanguage":"pt-BR"},{"@type":"Organization","@id":"https:\/\/blogdofarnesio.com.br\/#organization","name":"Blog do Farn\u00e9sio","url":"https:\/\/blogdofarnesio.com.br\/","logo":{"@type":"ImageObject","inLanguage":"pt-BR","@id":"https:\/\/blogdofarnesio.com.br\/#\/schema\/logo\/image\/","url":"https:\/\/blogdofarnesio.com.br\/wp-content\/uploads\/2026\/03\/cropped-logo_new-1.png","contentUrl":"https:\/\/blogdofarnesio.com.br\/wp-content\/uploads\/2026\/03\/cropped-logo_new-1.png","width":881,"height":685,"caption":"Blog do Farn\u00e9sio"},"image":{"@id":"https:\/\/blogdofarnesio.com.br\/#\/schema\/logo\/image\/"},"sameAs":["https:\/\/www.facebook.com\/BlogQuerSaberPolitica\/"]},{"@type":"Person","@id":"","url":"https:\/\/blogdofarnesio.com.br\/?author=7"}]}},"_links":{"self":[{"href":"https:\/\/blogdofarnesio.com.br\/index.php?rest_route=\/wp\/v2\/posts\/131650","targetHints":{"allow":["GET"]}}],"collection":[{"href":"https:\/\/blogdofarnesio.com.br\/index.php?rest_route=\/wp\/v2\/posts"}],"about":[{"href":"https:\/\/blogdofarnesio.com.br\/index.php?rest_route=\/wp\/v2\/types\/post"}],"author":[{"embeddable":true,"href":"https:\/\/blogdofarnesio.com.br\/index.php?rest_route=\/wp\/v2\/users\/7"}],"replies":[{"embeddable":true,"href":"https:\/\/blogdofarnesio.com.br\/index.php?rest_route=%2Fwp%2Fv2%2Fcomments&post=131650"}],"version-history":[{"count":0,"href":"https:\/\/blogdofarnesio.com.br\/index.php?rest_route=\/wp\/v2\/posts\/131650\/revisions"}],"wp:attachment":[{"href":"https:\/\/blogdofarnesio.com.br\/index.php?rest_route=%2Fwp%2Fv2%2Fmedia&parent=131650"}],"wp:term":[{"taxonomy":"category","embeddable":true,"href":"https:\/\/blogdofarnesio.com.br\/index.php?rest_route=%2Fwp%2Fv2%2Fcategories&post=131650"},{"taxonomy":"post_tag","embeddable":true,"href":"https:\/\/blogdofarnesio.com.br\/index.php?rest_route=%2Fwp%2Fv2%2Ftags&post=131650"}],"curies":[{"name":"wp","href":"https:\/\/api.w.org\/{rel}","templated":true}]}}