{"id":131648,"date":"2015-10-19T13:00:26","date_gmt":"2015-10-19T16:00:26","guid":{"rendered":"http:\/\/www.quersaberpolitica.com.br\/?p=131648"},"modified":"2015-10-19T10:58:47","modified_gmt":"2015-10-19T13:58:47","slug":"acao-de-aleluia-vai-requerer-devolucao-em-dobro-do-valor-pago-por-vistorias-periodicas-ilegais","status":"publish","type":"post","link":"https:\/\/blogdofarnesio.com.br\/?p=131648","title":{"rendered":"A\u00c7\u00c3O DE ALELUIA VAI REQUERER DEVOLU\u00c7\u00c3O EM DOBRO DO VALOR PAGO POR VISTORIAS PERI\u00d3DICAS ILEGAIS"},"content":{"rendered":"<p style=\"text-align: justify\"><a href=\"http:\/\/www.quersaberpolitica.com.br\/2016\/wp-content\/uploads\/2015\/10\/blogqsp-a\u00e7\u00e3o-aleluia.jpg\"><img loading=\"lazy\" decoding=\"async\" class=\"  wp-image-131649 aligncenter\" src=\"http:\/\/www.quersaberpolitica.com.br\/2016\/wp-content\/uploads\/2015\/10\/blogqsp-a\u00e7\u00e3o-aleluia-300x300.jpg\" alt=\"blogqsp-a\u00e7\u00e3o-aleluia\" width=\"330\" height=\"330\" srcset=\"https:\/\/blogdofarnesio.com.br\/wp-content\/uploads\/2015\/10\/blogqsp-a\u00e7\u00e3o-aleluia-300x300.jpg 300w, https:\/\/blogdofarnesio.com.br\/wp-content\/uploads\/2015\/10\/blogqsp-a\u00e7\u00e3o-aleluia-150x150.jpg 150w, https:\/\/blogdofarnesio.com.br\/wp-content\/uploads\/2015\/10\/blogqsp-a\u00e7\u00e3o-aleluia.jpg 336w\" sizes=\"auto, (max-width: 330px) 100vw, 330px\" \/><\/a><\/p>\n<p style=\"text-align: justify\">\u201cEstou voltando \u00e0 Bras\u00edlia para acompanhar de perto o julgamento pelo Supremo da inconstitucionalidade da portaria do Detran-BA, que estabeleceu as ilegais vistorias veiculares peri\u00f3dicas\u201d, anuncia o deputado federal Jos\u00e9 Carlos Aleluia, presidente estadual do Democratas, na manh\u00e3 desta segunda-feira (19).<\/p>\n<p style=\"text-align: justify\">Com embarque marcado para amanh\u00e3 (20), Aleluia afirma que se reunir\u00e1 com a assessoria jur\u00eddica do partido logo na chegada a Capital Federal para tratar da a\u00e7\u00e3o coletiva a ser movida contra o governo do estado para que seja devolvido em dobro aos cidad\u00e3os baianos o arrecadado indevidamente.<\/p>\n<p style=\"text-align: justify\">\u201cDepois de confirmada a inconstitucionalidade no Supremo Tribunal Federal (STF), vamos lutar pelo direito de os baianos terem de volta o dinheiro que lhes foi tomado indevidamente pelo governo do PT. E, por se tratar de cobran\u00e7a ilegal, o governador Rui Costa vai ter que pagar em dobro o que o Detran-BA tirou do povo com as arbitr\u00e1rias vistorias peri\u00f3dicas\u201d, garante Aleluia.<\/p>\n<p style=\"text-align: justify\">Para o parlamentar baiano, que retorna ao Congresso Nacional depois de um per\u00edodo afastado para recuperar-se de uma cirurgia, o impeachment da presidente Dilma Rousseff continua em pauta e ele vai estar atuante no plen\u00e1rio para que o afastamento dela se efetive o mais breve poss\u00edvel. \u201cA presidente Dilma n\u00e3o tem a confian\u00e7a do povo brasileiro para continuar no comando de nosso pa\u00eds\u201d.<\/p>\n<p style=\"text-align: justify\">Um outro assunto que veio \u00e0 tona na \u00faltima semana e Aleluia pretende investigar em Bras\u00edlia \u00e9 o desdobramento da Lava Jato na Bahia. \u201cEm dela\u00e7\u00e3o premiada, o ex-diretor de abastecimento da Petrobras, Paulo Roberto Costa, disse que a campanha do ex-governador Jaques Wagner, atual ministro da Casa Civil, foi irrigada com o dinheiro sujo do petrol\u00e3o. Isso precisa ser investigado pelo bem da democracia\u201d.<\/p>\n<p style=\"text-align: justify\"><em>Ascom<\/em><\/p>\n","protected":false},"excerpt":{"rendered":"<p>\u201cEstou voltando \u00e0 Bras\u00edlia para acompanhar de perto o julgamento pelo Supremo da inconstitucionalidade da portaria do Detran-BA, que estabeleceu as ilegais vistorias veiculares peri\u00f3dicas\u201d, anuncia o deputado federal Jos\u00e9 Carlos Aleluia, presidente estadual do Democratas, na manh\u00e3 desta segunda-feira (19). Com embarque marcado para amanh\u00e3 (20), Aleluia afirma que se reunir\u00e1 com a assessoria jur\u00eddica do partido logo na chegada a Capital Federal para tratar da a\u00e7\u00e3o coletiva a ser movida contra o governo do estado para que seja devolvido em dobro aos cidad\u00e3os baianos o arrecadado indevidamente. \u201cDepois de confirmada a inconstitucionalidade no Supremo Tribunal Federal (STF), vamos lutar pelo direito de os baianos terem de volta o dinheiro que lhes foi tomado indevidamente pelo governo do PT.&hellip; <\/p>\n","protected":false},"author":7,"featured_media":0,"comment_status":"open","ping_status":"open","sticky":false,"template":"","format":"standard","meta":{"_acf_changed":false,"footnotes":""},"categories":[1],"tags":[],"class_list":["post-131648","post","type-post","status-publish","format-standard","hentry","category-politica"],"acf":[],"yoast_head":"<!-- This site is optimized with the Yoast SEO plugin v27.4 - https:\/\/yoast.com\/product\/yoast-seo-wordpress\/ -->\n<title>A\u00c7\u00c3O DE ALELUIA VAI REQUERER DEVOLU\u00c7\u00c3O EM DOBRO DO VALOR PAGO POR VISTORIAS PERI\u00d3DICAS ILEGAIS - Blog do Farn\u00e9sio<\/title>\n<meta name=\"robots\" content=\"index, follow, max-snippet:-1, max-image-preview:large, max-video-preview:-1\" \/>\n<link rel=\"canonical\" href=\"https:\/\/blogdofarnesio.com.br\/?p=131648\" \/>\n<meta property=\"og:locale\" content=\"pt_BR\" \/>\n<meta property=\"og:type\" content=\"article\" \/>\n<meta property=\"og:title\" content=\"A\u00c7\u00c3O DE ALELUIA VAI REQUERER DEVOLU\u00c7\u00c3O EM DOBRO DO VALOR PAGO POR VISTORIAS PERI\u00d3DICAS ILEGAIS - Blog do Farn\u00e9sio\" \/>\n<meta property=\"og:description\" content=\"\u201cEstou voltando \u00e0 Bras\u00edlia para acompanhar de perto o julgamento pelo Supremo da inconstitucionalidade da portaria do Detran-BA, que estabeleceu as ilegais vistorias veiculares peri\u00f3dicas\u201d, anuncia o deputado federal Jos\u00e9 Carlos Aleluia, presidente estadual do Democratas, na manh\u00e3 desta segunda-feira (19). Com embarque marcado para amanh\u00e3 (20), Aleluia afirma que se reunir\u00e1 com a assessoria jur\u00eddica do partido logo na chegada a Capital Federal para tratar da a\u00e7\u00e3o coletiva a ser movida contra o governo do estado para que seja devolvido em dobro aos cidad\u00e3os baianos o arrecadado indevidamente. \u201cDepois de confirmada a inconstitucionalidade no Supremo Tribunal Federal (STF), vamos lutar pelo direito de os baianos terem de volta o dinheiro que lhes foi tomado indevidamente pelo governo do PT.&hellip;\" \/>\n<meta property=\"og:url\" content=\"https:\/\/blogdofarnesio.com.br\/?p=131648\" \/>\n<meta property=\"og:site_name\" content=\"Blog do Farn\u00e9sio\" \/>\n<meta property=\"article:publisher\" content=\"https:\/\/www.facebook.com\/BlogQuerSaberPolitica\/\" \/>\n<meta property=\"article:published_time\" content=\"2015-10-19T16:00:26+00:00\" \/>\n<meta name=\"twitter:card\" content=\"summary_large_image\" \/>\n<meta name=\"twitter:label1\" content=\"Escrito por\" \/>\n\t<meta name=\"twitter:data1\" content=\"\" \/>\n\t<meta name=\"twitter:label2\" content=\"Est. tempo de leitura\" \/>\n\t<meta name=\"twitter:data2\" content=\"1 minuto\" \/>\n<script type=\"application\/ld+json\" class=\"yoast-schema-graph\">{\"@context\":\"https:\\\/\\\/schema.org\",\"@graph\":[{\"@type\":\"Article\",\"@id\":\"https:\\\/\\\/blogdofarnesio.com.br\\\/?p=131648#article\",\"isPartOf\":{\"@id\":\"https:\\\/\\\/blogdofarnesio.com.br\\\/?p=131648\"},\"author\":{\"name\":\"\",\"@id\":\"\"},\"headline\":\"A\u00c7\u00c3O DE ALELUIA VAI REQUERER DEVOLU\u00c7\u00c3O EM DOBRO DO VALOR PAGO POR VISTORIAS PERI\u00d3DICAS ILEGAIS\",\"datePublished\":\"2015-10-19T16:00:26+00:00\",\"mainEntityOfPage\":{\"@id\":\"https:\\\/\\\/blogdofarnesio.com.br\\\/?p=131648\"},\"wordCount\":310,\"commentCount\":1,\"publisher\":{\"@id\":\"https:\\\/\\\/blogdofarnesio.com.br\\\/#organization\"},\"articleSection\":[\"Pol\u00edtica\"],\"inLanguage\":\"pt-BR\",\"potentialAction\":[{\"@type\":\"CommentAction\",\"name\":\"Comment\",\"target\":[\"https:\\\/\\\/blogdofarnesio.com.br\\\/?p=131648#respond\"]}]},{\"@type\":\"WebPage\",\"@id\":\"https:\\\/\\\/blogdofarnesio.com.br\\\/?p=131648\",\"url\":\"https:\\\/\\\/blogdofarnesio.com.br\\\/?p=131648\",\"name\":\"A\u00c7\u00c3O DE ALELUIA VAI REQUERER DEVOLU\u00c7\u00c3O EM DOBRO DO VALOR PAGO POR VISTORIAS PERI\u00d3DICAS ILEGAIS - Blog do Farn\u00e9sio\",\"isPartOf\":{\"@id\":\"https:\\\/\\\/blogdofarnesio.com.br\\\/#website\"},\"datePublished\":\"2015-10-19T16:00:26+00:00\",\"breadcrumb\":{\"@id\":\"https:\\\/\\\/blogdofarnesio.com.br\\\/?p=131648#breadcrumb\"},\"inLanguage\":\"pt-BR\",\"potentialAction\":[{\"@type\":\"ReadAction\",\"target\":[\"https:\\\/\\\/blogdofarnesio.com.br\\\/?p=131648\"]}]},{\"@type\":\"BreadcrumbList\",\"@id\":\"https:\\\/\\\/blogdofarnesio.com.br\\\/?p=131648#breadcrumb\",\"itemListElement\":[{\"@type\":\"ListItem\",\"position\":1,\"name\":\"In\u00edcio\",\"item\":\"https:\\\/\\\/blogdofarnesio.com.br\\\/\"},{\"@type\":\"ListItem\",\"position\":2,\"name\":\"A\u00c7\u00c3O DE ALELUIA VAI REQUERER DEVOLU\u00c7\u00c3O EM DOBRO DO VALOR PAGO POR VISTORIAS PERI\u00d3DICAS ILEGAIS\"}]},{\"@type\":\"WebSite\",\"@id\":\"https:\\\/\\\/blogdofarnesio.com.br\\\/#website\",\"url\":\"https:\\\/\\\/blogdofarnesio.com.br\\\/\",\"name\":\"Blog do Farn\u00e9sio\",\"description\":\"Quer Saber Pol\u00edtica?\",\"publisher\":{\"@id\":\"https:\\\/\\\/blogdofarnesio.com.br\\\/#organization\"},\"potentialAction\":[{\"@type\":\"SearchAction\",\"target\":{\"@type\":\"EntryPoint\",\"urlTemplate\":\"https:\\\/\\\/blogdofarnesio.com.br\\\/?s={search_term_string}\"},\"query-input\":{\"@type\":\"PropertyValueSpecification\",\"valueRequired\":true,\"valueName\":\"search_term_string\"}}],\"inLanguage\":\"pt-BR\"},{\"@type\":\"Organization\",\"@id\":\"https:\\\/\\\/blogdofarnesio.com.br\\\/#organization\",\"name\":\"Blog do Farn\u00e9sio\",\"url\":\"https:\\\/\\\/blogdofarnesio.com.br\\\/\",\"logo\":{\"@type\":\"ImageObject\",\"inLanguage\":\"pt-BR\",\"@id\":\"https:\\\/\\\/blogdofarnesio.com.br\\\/#\\\/schema\\\/logo\\\/image\\\/\",\"url\":\"https:\\\/\\\/blogdofarnesio.com.br\\\/wp-content\\\/uploads\\\/2026\\\/03\\\/cropped-logo_new-1.png\",\"contentUrl\":\"https:\\\/\\\/blogdofarnesio.com.br\\\/wp-content\\\/uploads\\\/2026\\\/03\\\/cropped-logo_new-1.png\",\"width\":881,\"height\":685,\"caption\":\"Blog do Farn\u00e9sio\"},\"image\":{\"@id\":\"https:\\\/\\\/blogdofarnesio.com.br\\\/#\\\/schema\\\/logo\\\/image\\\/\"},\"sameAs\":[\"https:\\\/\\\/www.facebook.com\\\/BlogQuerSaberPolitica\\\/\"]},{\"@type\":\"Person\",\"@id\":\"\",\"url\":\"https:\\\/\\\/blogdofarnesio.com.br\\\/?author=7\"}]}<\/script>\n<!-- \/ Yoast SEO plugin. -->","yoast_head_json":{"title":"A\u00c7\u00c3O DE ALELUIA VAI REQUERER DEVOLU\u00c7\u00c3O EM DOBRO DO VALOR PAGO POR VISTORIAS PERI\u00d3DICAS ILEGAIS - Blog do Farn\u00e9sio","robots":{"index":"index","follow":"follow","max-snippet":"max-snippet:-1","max-image-preview":"max-image-preview:large","max-video-preview":"max-video-preview:-1"},"canonical":"https:\/\/blogdofarnesio.com.br\/?p=131648","og_locale":"pt_BR","og_type":"article","og_title":"A\u00c7\u00c3O DE ALELUIA VAI REQUERER DEVOLU\u00c7\u00c3O EM DOBRO DO VALOR PAGO POR VISTORIAS PERI\u00d3DICAS ILEGAIS - Blog do Farn\u00e9sio","og_description":"\u201cEstou voltando \u00e0 Bras\u00edlia para acompanhar de perto o julgamento pelo Supremo da inconstitucionalidade da portaria do Detran-BA, que estabeleceu as ilegais vistorias veiculares peri\u00f3dicas\u201d, anuncia o deputado federal Jos\u00e9 Carlos Aleluia, presidente estadual do Democratas, na manh\u00e3 desta segunda-feira (19). Com embarque marcado para amanh\u00e3 (20), Aleluia afirma que se reunir\u00e1 com a assessoria jur\u00eddica do partido logo na chegada a Capital Federal para tratar da a\u00e7\u00e3o coletiva a ser movida contra o governo do estado para que seja devolvido em dobro aos cidad\u00e3os baianos o arrecadado indevidamente. \u201cDepois de confirmada a inconstitucionalidade no Supremo Tribunal Federal (STF), vamos lutar pelo direito de os baianos terem de volta o dinheiro que lhes foi tomado indevidamente pelo governo do PT.&hellip;","og_url":"https:\/\/blogdofarnesio.com.br\/?p=131648","og_site_name":"Blog do Farn\u00e9sio","article_publisher":"https:\/\/www.facebook.com\/BlogQuerSaberPolitica\/","article_published_time":"2015-10-19T16:00:26+00:00","twitter_card":"summary_large_image","twitter_misc":{"Escrito por":"","Est. tempo de leitura":"1 minuto"},"schema":{"@context":"https:\/\/schema.org","@graph":[{"@type":"Article","@id":"https:\/\/blogdofarnesio.com.br\/?p=131648#article","isPartOf":{"@id":"https:\/\/blogdofarnesio.com.br\/?p=131648"},"author":{"name":"","@id":""},"headline":"A\u00c7\u00c3O DE ALELUIA VAI REQUERER DEVOLU\u00c7\u00c3O EM DOBRO DO VALOR PAGO POR VISTORIAS PERI\u00d3DICAS ILEGAIS","datePublished":"2015-10-19T16:00:26+00:00","mainEntityOfPage":{"@id":"https:\/\/blogdofarnesio.com.br\/?p=131648"},"wordCount":310,"commentCount":1,"publisher":{"@id":"https:\/\/blogdofarnesio.com.br\/#organization"},"articleSection":["Pol\u00edtica"],"inLanguage":"pt-BR","potentialAction":[{"@type":"CommentAction","name":"Comment","target":["https:\/\/blogdofarnesio.com.br\/?p=131648#respond"]}]},{"@type":"WebPage","@id":"https:\/\/blogdofarnesio.com.br\/?p=131648","url":"https:\/\/blogdofarnesio.com.br\/?p=131648","name":"A\u00c7\u00c3O DE ALELUIA VAI REQUERER DEVOLU\u00c7\u00c3O EM DOBRO DO VALOR PAGO POR VISTORIAS PERI\u00d3DICAS ILEGAIS - Blog do Farn\u00e9sio","isPartOf":{"@id":"https:\/\/blogdofarnesio.com.br\/#website"},"datePublished":"2015-10-19T16:00:26+00:00","breadcrumb":{"@id":"https:\/\/blogdofarnesio.com.br\/?p=131648#breadcrumb"},"inLanguage":"pt-BR","potentialAction":[{"@type":"ReadAction","target":["https:\/\/blogdofarnesio.com.br\/?p=131648"]}]},{"@type":"BreadcrumbList","@id":"https:\/\/blogdofarnesio.com.br\/?p=131648#breadcrumb","itemListElement":[{"@type":"ListItem","position":1,"name":"In\u00edcio","item":"https:\/\/blogdofarnesio.com.br\/"},{"@type":"ListItem","position":2,"name":"A\u00c7\u00c3O DE ALELUIA VAI REQUERER DEVOLU\u00c7\u00c3O EM DOBRO DO VALOR PAGO POR VISTORIAS PERI\u00d3DICAS ILEGAIS"}]},{"@type":"WebSite","@id":"https:\/\/blogdofarnesio.com.br\/#website","url":"https:\/\/blogdofarnesio.com.br\/","name":"Blog do Farn\u00e9sio","description":"Quer Saber Pol\u00edtica?","publisher":{"@id":"https:\/\/blogdofarnesio.com.br\/#organization"},"potentialAction":[{"@type":"SearchAction","target":{"@type":"EntryPoint","urlTemplate":"https:\/\/blogdofarnesio.com.br\/?s={search_term_string}"},"query-input":{"@type":"PropertyValueSpecification","valueRequired":true,"valueName":"search_term_string"}}],"inLanguage":"pt-BR"},{"@type":"Organization","@id":"https:\/\/blogdofarnesio.com.br\/#organization","name":"Blog do Farn\u00e9sio","url":"https:\/\/blogdofarnesio.com.br\/","logo":{"@type":"ImageObject","inLanguage":"pt-BR","@id":"https:\/\/blogdofarnesio.com.br\/#\/schema\/logo\/image\/","url":"https:\/\/blogdofarnesio.com.br\/wp-content\/uploads\/2026\/03\/cropped-logo_new-1.png","contentUrl":"https:\/\/blogdofarnesio.com.br\/wp-content\/uploads\/2026\/03\/cropped-logo_new-1.png","width":881,"height":685,"caption":"Blog do Farn\u00e9sio"},"image":{"@id":"https:\/\/blogdofarnesio.com.br\/#\/schema\/logo\/image\/"},"sameAs":["https:\/\/www.facebook.com\/BlogQuerSaberPolitica\/"]},{"@type":"Person","@id":"","url":"https:\/\/blogdofarnesio.com.br\/?author=7"}]}},"_links":{"self":[{"href":"https:\/\/blogdofarnesio.com.br\/index.php?rest_route=\/wp\/v2\/posts\/131648","targetHints":{"allow":["GET"]}}],"collection":[{"href":"https:\/\/blogdofarnesio.com.br\/index.php?rest_route=\/wp\/v2\/posts"}],"about":[{"href":"https:\/\/blogdofarnesio.com.br\/index.php?rest_route=\/wp\/v2\/types\/post"}],"author":[{"embeddable":true,"href":"https:\/\/blogdofarnesio.com.br\/index.php?rest_route=\/wp\/v2\/users\/7"}],"replies":[{"embeddable":true,"href":"https:\/\/blogdofarnesio.com.br\/index.php?rest_route=%2Fwp%2Fv2%2Fcomments&post=131648"}],"version-history":[{"count":0,"href":"https:\/\/blogdofarnesio.com.br\/index.php?rest_route=\/wp\/v2\/posts\/131648\/revisions"}],"wp:attachment":[{"href":"https:\/\/blogdofarnesio.com.br\/index.php?rest_route=%2Fwp%2Fv2%2Fmedia&parent=131648"}],"wp:term":[{"taxonomy":"category","embeddable":true,"href":"https:\/\/blogdofarnesio.com.br\/index.php?rest_route=%2Fwp%2Fv2%2Fcategories&post=131648"},{"taxonomy":"post_tag","embeddable":true,"href":"https:\/\/blogdofarnesio.com.br\/index.php?rest_route=%2Fwp%2Fv2%2Ftags&post=131648"}],"curies":[{"name":"wp","href":"https:\/\/api.w.org\/{rel}","templated":true}]}}