{"id":131638,"date":"2015-10-19T11:30:20","date_gmt":"2015-10-19T14:30:20","guid":{"rendered":"http:\/\/www.quersaberpolitica.com.br\/?p=131638"},"modified":"2015-10-19T13:26:03","modified_gmt":"2015-10-19T16:26:03","slug":"substituicao-de-cunha-ja-e-negociado","status":"publish","type":"post","link":"https:\/\/blogdofarnesio.com.br\/?p=131638","title":{"rendered":"SUBSTITUI\u00c7\u00c3O DE CUNHA J\u00c1 \u00c9 NEGOCIADA"},"content":{"rendered":"<p style=\"text-align: justify\"><a href=\"http:\/\/www.quersaberpolitica.com.br\/2016\/wp-content\/uploads\/2015\/07\/blogqsp-Eduardo-Cunha.jpg\"><img loading=\"lazy\" decoding=\"async\" class=\"  wp-image-126893 aligncenter\" src=\"http:\/\/www.quersaberpolitica.com.br\/2016\/wp-content\/uploads\/2015\/07\/blogqsp-Eduardo-Cunha-300x173.jpg\" alt=\"blogqsp-Eduardo-Cunha\" width=\"383\" height=\"227\" \/><\/a><\/p>\n<p style=\"text-align: justify\">Com o envolvimento do presidente da C\u00e2mara, Eduardo Cunha, na Opera\u00e7\u00e3o Lava Jato, l\u00edderes partid\u00e1rios buscam alternativas de fortalecimento dos partidos no Congresso. Nos bastidores, os deputados Leonardo Picciani (PMDB), Jarbas Vasconcelos (PMDB), Miro Teixeira (Rede) e Andr\u00e9 Moura (PSC) pedem votos para a presid\u00eancia da C\u00e2mara, prevendo a queda do peemedebista.<\/p>\n<p style=\"text-align: justify\">A antecipa\u00e7\u00e3o da elei\u00e7\u00e3o para presidente da C\u00e2mara \u00e9 incentivada pelo Pal\u00e1cio do Planalto, que busca um nome alinhado ao governo.<\/p>\n<p style=\"text-align: justify\">O governo acredita que a medida enfraquecer\u00e1 Eduardo Cunha e mostrar\u00e1 que ele n\u00e3o tem mais condi\u00e7\u00f5es de se manter no cargo.<\/p>\n<p style=\"text-align: justify\">Se realmente cair, Eduardo Cunha pretende emplacar um deputado que mantenha o tom beligerante em rela\u00e7\u00e3o ao governo e ao PT.<\/p>\n<p style=\"text-align: justify\"><em>Diario do Poder<\/em><\/p>\n","protected":false},"excerpt":{"rendered":"<p>Com o envolvimento do presidente da C\u00e2mara, Eduardo Cunha, na Opera\u00e7\u00e3o Lava Jato, l\u00edderes partid\u00e1rios buscam alternativas de fortalecimento dos partidos no Congresso. Nos bastidores, os deputados Leonardo Picciani (PMDB), Jarbas Vasconcelos (PMDB), Miro Teixeira (Rede) e Andr\u00e9 Moura (PSC) pedem votos para a presid\u00eancia da C\u00e2mara, prevendo a queda do peemedebista. A antecipa\u00e7\u00e3o da elei\u00e7\u00e3o para presidente da C\u00e2mara \u00e9 incentivada pelo Pal\u00e1cio do Planalto, que busca um nome alinhado ao governo. O governo acredita que a medida enfraquecer\u00e1 Eduardo Cunha e mostrar\u00e1 que ele n\u00e3o tem mais condi\u00e7\u00f5es de se manter no cargo. Se realmente cair, Eduardo Cunha pretende emplacar um deputado que mantenha o tom beligerante em rela\u00e7\u00e3o ao governo e ao PT. Diario do Poder<\/p>\n","protected":false},"author":7,"featured_media":0,"comment_status":"open","ping_status":"open","sticky":false,"template":"","format":"standard","meta":{"_acf_changed":false,"footnotes":""},"categories":[1],"tags":[],"class_list":["post-131638","post","type-post","status-publish","format-standard","hentry","category-politica"],"acf":[],"yoast_head":"<!-- This site is optimized with the Yoast SEO plugin v27.4 - https:\/\/yoast.com\/product\/yoast-seo-wordpress\/ -->\n<title>SUBSTITUI\u00c7\u00c3O DE CUNHA J\u00c1 \u00c9 NEGOCIADA - Blog do Farn\u00e9sio<\/title>\n<meta name=\"robots\" content=\"index, follow, max-snippet:-1, max-image-preview:large, max-video-preview:-1\" \/>\n<link rel=\"canonical\" href=\"https:\/\/blogdofarnesio.com.br\/?p=131638\" \/>\n<meta property=\"og:locale\" content=\"pt_BR\" \/>\n<meta property=\"og:type\" content=\"article\" \/>\n<meta property=\"og:title\" content=\"SUBSTITUI\u00c7\u00c3O DE CUNHA J\u00c1 \u00c9 NEGOCIADA - Blog do Farn\u00e9sio\" \/>\n<meta property=\"og:description\" content=\"Com o envolvimento do presidente da C\u00e2mara, Eduardo Cunha, na Opera\u00e7\u00e3o Lava Jato, l\u00edderes partid\u00e1rios buscam alternativas de fortalecimento dos partidos no Congresso. Nos bastidores, os deputados Leonardo Picciani (PMDB), Jarbas Vasconcelos (PMDB), Miro Teixeira (Rede) e Andr\u00e9 Moura (PSC) pedem votos para a presid\u00eancia da C\u00e2mara, prevendo a queda do peemedebista. A antecipa\u00e7\u00e3o da elei\u00e7\u00e3o para presidente da C\u00e2mara \u00e9 incentivada pelo Pal\u00e1cio do Planalto, que busca um nome alinhado ao governo. O governo acredita que a medida enfraquecer\u00e1 Eduardo Cunha e mostrar\u00e1 que ele n\u00e3o tem mais condi\u00e7\u00f5es de se manter no cargo. Se realmente cair, Eduardo Cunha pretende emplacar um deputado que mantenha o tom beligerante em rela\u00e7\u00e3o ao governo e ao PT. Diario do Poder\" \/>\n<meta property=\"og:url\" content=\"https:\/\/blogdofarnesio.com.br\/?p=131638\" \/>\n<meta property=\"og:site_name\" content=\"Blog do Farn\u00e9sio\" \/>\n<meta property=\"article:publisher\" content=\"https:\/\/www.facebook.com\/BlogQuerSaberPolitica\/\" \/>\n<meta property=\"article:published_time\" content=\"2015-10-19T14:30:20+00:00\" \/>\n<meta property=\"article:modified_time\" content=\"2015-10-19T16:26:03+00:00\" \/>\n<meta property=\"og:image\" content=\"http:\/\/www.quersaberpolitica.com.br\/2016\/wp-content\/uploads\/2015\/07\/blogqsp-Eduardo-Cunha-300x173.jpg\" \/>\n<meta name=\"twitter:card\" content=\"summary_large_image\" \/>\n<meta name=\"twitter:label1\" content=\"Escrito por\" \/>\n\t<meta name=\"twitter:data1\" content=\"\" \/>\n\t<meta name=\"twitter:label2\" content=\"Est. tempo de leitura\" \/>\n\t<meta name=\"twitter:data2\" content=\"1 minuto\" \/>\n<script type=\"application\/ld+json\" class=\"yoast-schema-graph\">{\"@context\":\"https:\\\/\\\/schema.org\",\"@graph\":[{\"@type\":\"Article\",\"@id\":\"https:\\\/\\\/blogdofarnesio.com.br\\\/?p=131638#article\",\"isPartOf\":{\"@id\":\"https:\\\/\\\/blogdofarnesio.com.br\\\/?p=131638\"},\"author\":{\"name\":\"\",\"@id\":\"\"},\"headline\":\"SUBSTITUI\u00c7\u00c3O DE CUNHA J\u00c1 \u00c9 NEGOCIADA\",\"datePublished\":\"2015-10-19T14:30:20+00:00\",\"dateModified\":\"2015-10-19T16:26:03+00:00\",\"mainEntityOfPage\":{\"@id\":\"https:\\\/\\\/blogdofarnesio.com.br\\\/?p=131638\"},\"wordCount\":137,\"commentCount\":0,\"publisher\":{\"@id\":\"https:\\\/\\\/blogdofarnesio.com.br\\\/#organization\"},\"image\":{\"@id\":\"https:\\\/\\\/blogdofarnesio.com.br\\\/?p=131638#primaryimage\"},\"thumbnailUrl\":\"http:\\\/\\\/www.quersaberpolitica.com.br\\\/2016\\\/wp-content\\\/uploads\\\/2015\\\/07\\\/blogqsp-Eduardo-Cunha-300x173.jpg\",\"articleSection\":[\"Pol\u00edtica\"],\"inLanguage\":\"pt-BR\",\"potentialAction\":[{\"@type\":\"CommentAction\",\"name\":\"Comment\",\"target\":[\"https:\\\/\\\/blogdofarnesio.com.br\\\/?p=131638#respond\"]}]},{\"@type\":\"WebPage\",\"@id\":\"https:\\\/\\\/blogdofarnesio.com.br\\\/?p=131638\",\"url\":\"https:\\\/\\\/blogdofarnesio.com.br\\\/?p=131638\",\"name\":\"SUBSTITUI\u00c7\u00c3O DE CUNHA J\u00c1 \u00c9 NEGOCIADA - Blog do Farn\u00e9sio\",\"isPartOf\":{\"@id\":\"https:\\\/\\\/blogdofarnesio.com.br\\\/#website\"},\"primaryImageOfPage\":{\"@id\":\"https:\\\/\\\/blogdofarnesio.com.br\\\/?p=131638#primaryimage\"},\"image\":{\"@id\":\"https:\\\/\\\/blogdofarnesio.com.br\\\/?p=131638#primaryimage\"},\"thumbnailUrl\":\"http:\\\/\\\/www.quersaberpolitica.com.br\\\/2016\\\/wp-content\\\/uploads\\\/2015\\\/07\\\/blogqsp-Eduardo-Cunha-300x173.jpg\",\"datePublished\":\"2015-10-19T14:30:20+00:00\",\"dateModified\":\"2015-10-19T16:26:03+00:00\",\"breadcrumb\":{\"@id\":\"https:\\\/\\\/blogdofarnesio.com.br\\\/?p=131638#breadcrumb\"},\"inLanguage\":\"pt-BR\",\"potentialAction\":[{\"@type\":\"ReadAction\",\"target\":[\"https:\\\/\\\/blogdofarnesio.com.br\\\/?p=131638\"]}]},{\"@type\":\"ImageObject\",\"inLanguage\":\"pt-BR\",\"@id\":\"https:\\\/\\\/blogdofarnesio.com.br\\\/?p=131638#primaryimage\",\"url\":\"http:\\\/\\\/www.quersaberpolitica.com.br\\\/2016\\\/wp-content\\\/uploads\\\/2015\\\/07\\\/blogqsp-Eduardo-Cunha-300x173.jpg\",\"contentUrl\":\"http:\\\/\\\/www.quersaberpolitica.com.br\\\/2016\\\/wp-content\\\/uploads\\\/2015\\\/07\\\/blogqsp-Eduardo-Cunha-300x173.jpg\"},{\"@type\":\"BreadcrumbList\",\"@id\":\"https:\\\/\\\/blogdofarnesio.com.br\\\/?p=131638#breadcrumb\",\"itemListElement\":[{\"@type\":\"ListItem\",\"position\":1,\"name\":\"In\u00edcio\",\"item\":\"https:\\\/\\\/blogdofarnesio.com.br\\\/\"},{\"@type\":\"ListItem\",\"position\":2,\"name\":\"SUBSTITUI\u00c7\u00c3O DE CUNHA J\u00c1 \u00c9 NEGOCIADA\"}]},{\"@type\":\"WebSite\",\"@id\":\"https:\\\/\\\/blogdofarnesio.com.br\\\/#website\",\"url\":\"https:\\\/\\\/blogdofarnesio.com.br\\\/\",\"name\":\"Blog do Farn\u00e9sio\",\"description\":\"Quer Saber Pol\u00edtica?\",\"publisher\":{\"@id\":\"https:\\\/\\\/blogdofarnesio.com.br\\\/#organization\"},\"potentialAction\":[{\"@type\":\"SearchAction\",\"target\":{\"@type\":\"EntryPoint\",\"urlTemplate\":\"https:\\\/\\\/blogdofarnesio.com.br\\\/?s={search_term_string}\"},\"query-input\":{\"@type\":\"PropertyValueSpecification\",\"valueRequired\":true,\"valueName\":\"search_term_string\"}}],\"inLanguage\":\"pt-BR\"},{\"@type\":\"Organization\",\"@id\":\"https:\\\/\\\/blogdofarnesio.com.br\\\/#organization\",\"name\":\"Blog do Farn\u00e9sio\",\"url\":\"https:\\\/\\\/blogdofarnesio.com.br\\\/\",\"logo\":{\"@type\":\"ImageObject\",\"inLanguage\":\"pt-BR\",\"@id\":\"https:\\\/\\\/blogdofarnesio.com.br\\\/#\\\/schema\\\/logo\\\/image\\\/\",\"url\":\"https:\\\/\\\/blogdofarnesio.com.br\\\/wp-content\\\/uploads\\\/2026\\\/03\\\/cropped-logo_new-1.png\",\"contentUrl\":\"https:\\\/\\\/blogdofarnesio.com.br\\\/wp-content\\\/uploads\\\/2026\\\/03\\\/cropped-logo_new-1.png\",\"width\":881,\"height\":685,\"caption\":\"Blog do Farn\u00e9sio\"},\"image\":{\"@id\":\"https:\\\/\\\/blogdofarnesio.com.br\\\/#\\\/schema\\\/logo\\\/image\\\/\"},\"sameAs\":[\"https:\\\/\\\/www.facebook.com\\\/BlogQuerSaberPolitica\\\/\"]},{\"@type\":\"Person\",\"@id\":\"\",\"url\":\"https:\\\/\\\/blogdofarnesio.com.br\\\/?author=7\"}]}<\/script>\n<!-- \/ Yoast SEO plugin. -->","yoast_head_json":{"title":"SUBSTITUI\u00c7\u00c3O DE CUNHA J\u00c1 \u00c9 NEGOCIADA - Blog do Farn\u00e9sio","robots":{"index":"index","follow":"follow","max-snippet":"max-snippet:-1","max-image-preview":"max-image-preview:large","max-video-preview":"max-video-preview:-1"},"canonical":"https:\/\/blogdofarnesio.com.br\/?p=131638","og_locale":"pt_BR","og_type":"article","og_title":"SUBSTITUI\u00c7\u00c3O DE CUNHA J\u00c1 \u00c9 NEGOCIADA - Blog do Farn\u00e9sio","og_description":"Com o envolvimento do presidente da C\u00e2mara, Eduardo Cunha, na Opera\u00e7\u00e3o Lava Jato, l\u00edderes partid\u00e1rios buscam alternativas de fortalecimento dos partidos no Congresso. Nos bastidores, os deputados Leonardo Picciani (PMDB), Jarbas Vasconcelos (PMDB), Miro Teixeira (Rede) e Andr\u00e9 Moura (PSC) pedem votos para a presid\u00eancia da C\u00e2mara, prevendo a queda do peemedebista. A antecipa\u00e7\u00e3o da elei\u00e7\u00e3o para presidente da C\u00e2mara \u00e9 incentivada pelo Pal\u00e1cio do Planalto, que busca um nome alinhado ao governo. O governo acredita que a medida enfraquecer\u00e1 Eduardo Cunha e mostrar\u00e1 que ele n\u00e3o tem mais condi\u00e7\u00f5es de se manter no cargo. Se realmente cair, Eduardo Cunha pretende emplacar um deputado que mantenha o tom beligerante em rela\u00e7\u00e3o ao governo e ao PT. Diario do Poder","og_url":"https:\/\/blogdofarnesio.com.br\/?p=131638","og_site_name":"Blog do Farn\u00e9sio","article_publisher":"https:\/\/www.facebook.com\/BlogQuerSaberPolitica\/","article_published_time":"2015-10-19T14:30:20+00:00","article_modified_time":"2015-10-19T16:26:03+00:00","og_image":[{"url":"http:\/\/www.quersaberpolitica.com.br\/2016\/wp-content\/uploads\/2015\/07\/blogqsp-Eduardo-Cunha-300x173.jpg","type":"","width":"","height":""}],"twitter_card":"summary_large_image","twitter_misc":{"Escrito por":"","Est. tempo de leitura":"1 minuto"},"schema":{"@context":"https:\/\/schema.org","@graph":[{"@type":"Article","@id":"https:\/\/blogdofarnesio.com.br\/?p=131638#article","isPartOf":{"@id":"https:\/\/blogdofarnesio.com.br\/?p=131638"},"author":{"name":"","@id":""},"headline":"SUBSTITUI\u00c7\u00c3O DE CUNHA J\u00c1 \u00c9 NEGOCIADA","datePublished":"2015-10-19T14:30:20+00:00","dateModified":"2015-10-19T16:26:03+00:00","mainEntityOfPage":{"@id":"https:\/\/blogdofarnesio.com.br\/?p=131638"},"wordCount":137,"commentCount":0,"publisher":{"@id":"https:\/\/blogdofarnesio.com.br\/#organization"},"image":{"@id":"https:\/\/blogdofarnesio.com.br\/?p=131638#primaryimage"},"thumbnailUrl":"http:\/\/www.quersaberpolitica.com.br\/2016\/wp-content\/uploads\/2015\/07\/blogqsp-Eduardo-Cunha-300x173.jpg","articleSection":["Pol\u00edtica"],"inLanguage":"pt-BR","potentialAction":[{"@type":"CommentAction","name":"Comment","target":["https:\/\/blogdofarnesio.com.br\/?p=131638#respond"]}]},{"@type":"WebPage","@id":"https:\/\/blogdofarnesio.com.br\/?p=131638","url":"https:\/\/blogdofarnesio.com.br\/?p=131638","name":"SUBSTITUI\u00c7\u00c3O DE CUNHA J\u00c1 \u00c9 NEGOCIADA - Blog do Farn\u00e9sio","isPartOf":{"@id":"https:\/\/blogdofarnesio.com.br\/#website"},"primaryImageOfPage":{"@id":"https:\/\/blogdofarnesio.com.br\/?p=131638#primaryimage"},"image":{"@id":"https:\/\/blogdofarnesio.com.br\/?p=131638#primaryimage"},"thumbnailUrl":"http:\/\/www.quersaberpolitica.com.br\/2016\/wp-content\/uploads\/2015\/07\/blogqsp-Eduardo-Cunha-300x173.jpg","datePublished":"2015-10-19T14:30:20+00:00","dateModified":"2015-10-19T16:26:03+00:00","breadcrumb":{"@id":"https:\/\/blogdofarnesio.com.br\/?p=131638#breadcrumb"},"inLanguage":"pt-BR","potentialAction":[{"@type":"ReadAction","target":["https:\/\/blogdofarnesio.com.br\/?p=131638"]}]},{"@type":"ImageObject","inLanguage":"pt-BR","@id":"https:\/\/blogdofarnesio.com.br\/?p=131638#primaryimage","url":"http:\/\/www.quersaberpolitica.com.br\/2016\/wp-content\/uploads\/2015\/07\/blogqsp-Eduardo-Cunha-300x173.jpg","contentUrl":"http:\/\/www.quersaberpolitica.com.br\/2016\/wp-content\/uploads\/2015\/07\/blogqsp-Eduardo-Cunha-300x173.jpg"},{"@type":"BreadcrumbList","@id":"https:\/\/blogdofarnesio.com.br\/?p=131638#breadcrumb","itemListElement":[{"@type":"ListItem","position":1,"name":"In\u00edcio","item":"https:\/\/blogdofarnesio.com.br\/"},{"@type":"ListItem","position":2,"name":"SUBSTITUI\u00c7\u00c3O DE CUNHA J\u00c1 \u00c9 NEGOCIADA"}]},{"@type":"WebSite","@id":"https:\/\/blogdofarnesio.com.br\/#website","url":"https:\/\/blogdofarnesio.com.br\/","name":"Blog do Farn\u00e9sio","description":"Quer Saber Pol\u00edtica?","publisher":{"@id":"https:\/\/blogdofarnesio.com.br\/#organization"},"potentialAction":[{"@type":"SearchAction","target":{"@type":"EntryPoint","urlTemplate":"https:\/\/blogdofarnesio.com.br\/?s={search_term_string}"},"query-input":{"@type":"PropertyValueSpecification","valueRequired":true,"valueName":"search_term_string"}}],"inLanguage":"pt-BR"},{"@type":"Organization","@id":"https:\/\/blogdofarnesio.com.br\/#organization","name":"Blog do Farn\u00e9sio","url":"https:\/\/blogdofarnesio.com.br\/","logo":{"@type":"ImageObject","inLanguage":"pt-BR","@id":"https:\/\/blogdofarnesio.com.br\/#\/schema\/logo\/image\/","url":"https:\/\/blogdofarnesio.com.br\/wp-content\/uploads\/2026\/03\/cropped-logo_new-1.png","contentUrl":"https:\/\/blogdofarnesio.com.br\/wp-content\/uploads\/2026\/03\/cropped-logo_new-1.png","width":881,"height":685,"caption":"Blog do Farn\u00e9sio"},"image":{"@id":"https:\/\/blogdofarnesio.com.br\/#\/schema\/logo\/image\/"},"sameAs":["https:\/\/www.facebook.com\/BlogQuerSaberPolitica\/"]},{"@type":"Person","@id":"","url":"https:\/\/blogdofarnesio.com.br\/?author=7"}]}},"_links":{"self":[{"href":"https:\/\/blogdofarnesio.com.br\/index.php?rest_route=\/wp\/v2\/posts\/131638","targetHints":{"allow":["GET"]}}],"collection":[{"href":"https:\/\/blogdofarnesio.com.br\/index.php?rest_route=\/wp\/v2\/posts"}],"about":[{"href":"https:\/\/blogdofarnesio.com.br\/index.php?rest_route=\/wp\/v2\/types\/post"}],"author":[{"embeddable":true,"href":"https:\/\/blogdofarnesio.com.br\/index.php?rest_route=\/wp\/v2\/users\/7"}],"replies":[{"embeddable":true,"href":"https:\/\/blogdofarnesio.com.br\/index.php?rest_route=%2Fwp%2Fv2%2Fcomments&post=131638"}],"version-history":[{"count":0,"href":"https:\/\/blogdofarnesio.com.br\/index.php?rest_route=\/wp\/v2\/posts\/131638\/revisions"}],"wp:attachment":[{"href":"https:\/\/blogdofarnesio.com.br\/index.php?rest_route=%2Fwp%2Fv2%2Fmedia&parent=131638"}],"wp:term":[{"taxonomy":"category","embeddable":true,"href":"https:\/\/blogdofarnesio.com.br\/index.php?rest_route=%2Fwp%2Fv2%2Fcategories&post=131638"},{"taxonomy":"post_tag","embeddable":true,"href":"https:\/\/blogdofarnesio.com.br\/index.php?rest_route=%2Fwp%2Fv2%2Ftags&post=131638"}],"curies":[{"name":"wp","href":"https:\/\/api.w.org\/{rel}","templated":true}]}}