{"id":130973,"date":"2015-10-05T15:46:51","date_gmt":"2015-10-05T18:46:51","guid":{"rendered":"http:\/\/www.quersaberpolitica.com.br\/?p=130973"},"modified":"2015-10-05T15:47:13","modified_gmt":"2015-10-05T18:47:13","slug":"moradores-de-itamotinga-comemoram-mais-uma-escola-reformada-e-climatizada-no-interior-de-juazeiro","status":"publish","type":"post","link":"https:\/\/blogdofarnesio.com.br\/?p=130973","title":{"rendered":"MORADORES DE ITAMOTINGA COMEMORAM MAIS UMA ESCOLA REFORMADA E CLIMATIZADA NO INTERIOR DE JUAZEIRO"},"content":{"rendered":"<p><a href=\"http:\/\/www.quersaberpolitica.com.br\/2016\/wp-content\/uploads\/2015\/10\/blogqsp-inaugura\u00e7\u00e3o-Escola-reformada-e-climatizada-iamotinga.jpg\"><img loading=\"lazy\" decoding=\"async\" class=\"  wp-image-130974 aligncenter\" src=\"http:\/\/www.quersaberpolitica.com.br\/2016\/wp-content\/uploads\/2015\/10\/blogqsp-inaugura\u00e7\u00e3o-Escola-reformada-e-climatizada-iamotinga-300x200.jpg\" alt=\"blogqsp-inaugura\u00e7\u00e3o-Escola reformada e climatizada-iamotinga\" width=\"374\" height=\"254\" \/><\/a><\/p>\n<p style=\"text-align: justify\">Na \u00faltima sexta-feira (02), os moradores do NH2, Distrito de Itamotinga comemoraram juntamente com o prefeito Isaac Carvalho e autoridades, a entrega de mais uma unidade da Rede Municipal de Ensino reformada, ampliada e climatizada, a Escola S\u00e3o Francisco de Assis, na zona rural de Juazeiro.<\/p>\n<p style=\"text-align: justify\">A aluna Jadna Santos fez o seu agradecimento ao prefeito e ao secret\u00e1rio de Educa\u00e7\u00e3o e Esportes \u2013 SEDUC, Cl\u00e9riston Andrade cantando uma m\u00fasica gospel na solenidade de abertura. \u201cEstou muito feliz, \u00e9 uma obra muito importante para a nossa comunidade. Estudo aqui desde pequena e nunca vi os alunos t\u00e3o empolgados para aprender, antes fazia muito calor na sala de aula e n\u00e3o tinha a quadra de esporte, a gente brincava na hora do intervalo na rua, correndo risco. Agora tudo mudou, e n\u00f3s s\u00f3 temos a agradecer a Prefeitura\u201d, ressaltou a estudante. A professora C\u00e1cia Santos acrescentou que ap\u00f3s duas semanas dando aula nas salas climatizadas, pode perceber a melhoria no desempenho dos alunos e tamb\u00e9m no comportamento. \u201cFico feliz quando observo a Educa\u00e7\u00e3o do nosso munic\u00edpio cada vez melhor, as escolas reformadas, os alunos melhorando o aprendizado, os professores valorizados, as m\u00e3es e a popula\u00e7\u00e3o satisfeita com as mudan\u00e7as. Parab\u00e9ns ao prefeito e a equipe da Educa\u00e7\u00e3o\u201d, evidenciou a professora.<\/p>\n<p style=\"text-align: justify\">O secret\u00e1rio Cl\u00e9riston Andrade, informou que a unidade recebeu pintura, piso de cer\u00e2mica, nova instala\u00e7\u00e3o el\u00e9trica, banheiros e salas reformadas, dep\u00f3sito, laborat\u00f3rio de inform\u00e1tica, sala de atendimento para alunos especiais e a quadra poliesportiva. \u201cAs crian\u00e7as agora v\u00e3o poder estudar em um ambiente adequado, onde o seu aprendizado vai melhorar significativamente e com um espa\u00e7o para a pr\u00e1tica de esportes. Isso \u00e9 fruto de um trabalho do prefeito Isaac, que esta construindo uma nova cidade, mais igual e justa para nosso povo\u201d, afirmou o secret\u00e1rio.<\/p>\n<p style=\"text-align: justify\"><!--more--><\/p>\n<p style=\"text-align: justify\">O prefeito Isaac Carvalho acompanhado de secret\u00e1rios, assessores, vereadores e do deputado Estadual, Cris\u00f3stomo Lima, Z\u00f3, destacou os n\u00fameros do Programa \u201cToda Sexta tem Obra\u201d. \u201cJ\u00e1 s\u00e3o 46 semanas e 57 obras inauguradas, e a Educa\u00e7\u00e3o tem sido uma das prioridades do nosso Governo. Hoje temos 128 unidades, as quais j\u00e1 foram climatizadas 77 e 51 totalmente reformadas, na sede e no interior. Hoje a realidade da nossa rede escolar \u00e9 outra, tanto na parte de infraestrutura, como pedag\u00f3gica. Quero agradecer e parabenizar ao secret\u00e1rio Cl\u00e9riston Andrade, ao diretor da SEDUC Alfredo Gon\u00e7alves, a gestora da Escola S\u00e3o Francisco de Assis, Jilene Xavier e toda equipe da SEDUC pelo trabalho e dedica\u00e7\u00e3o\u201d, ressaltou o prefeito.<\/p>\n<p style=\"text-align: justify\">Em seu pronunciamento, o vereador e ex-aluno da escola, Eduardo Lopes bastante emocionado falou da alegria de participar desse momento. \u201cA nossa comunidade est\u00e1 em festa, essa obra \u00e9 uma conquista para todos n\u00f3s, e para mim tem um gosto especial, porque foi aqui que estudei boa parte da minha vida. Quero agradecer tamb\u00e9m a constru\u00e7\u00e3o da quadra, que era um pleito antigo da popula\u00e7\u00e3o do NH2, e ficou muito bonita\u201d, disse o vereador.<\/p>\n<p style=\"text-align: justify\">Ap\u00f3s a solenidade, o prefeito inaugurou a quadra poliesportiva marcando um gol, com o deputado Z\u00f3 como goleiro, e em seguida descerraram a placa.\u00a0 A Fanfarra da Escola Municipal Iracy Nunes de Itamotinga, tamb\u00e9m participou da solenidade para comemorar mais uma conquista da popula\u00e7\u00e3o local.<\/p>\n<p style=\"text-align: justify\"><em>Por Emanuelle Lustosa\/SEDIS<\/em><\/p>\n","protected":false},"excerpt":{"rendered":"<p>Na \u00faltima sexta-feira (02), os moradores do NH2, Distrito de Itamotinga comemoraram juntamente com o prefeito Isaac Carvalho e autoridades, a entrega de mais uma unidade da Rede Municipal de Ensino reformada, ampliada e climatizada, a Escola S\u00e3o Francisco de Assis, na zona rural de Juazeiro. A aluna Jadna Santos fez o seu agradecimento ao prefeito e ao secret\u00e1rio de Educa\u00e7\u00e3o e Esportes \u2013 SEDUC, Cl\u00e9riston Andrade cantando uma m\u00fasica gospel na solenidade de abertura. \u201cEstou muito feliz, \u00e9 uma obra muito importante para a nossa comunidade. Estudo aqui desde pequena e nunca vi os alunos t\u00e3o empolgados para aprender, antes fazia muito calor na sala de aula e n\u00e3o tinha a quadra de esporte, a gente brincava na hora&hellip; <\/p>\n","protected":false},"author":7,"featured_media":0,"comment_status":"open","ping_status":"open","sticky":false,"template":"","format":"standard","meta":{"_acf_changed":false,"footnotes":""},"categories":[44,6],"tags":[],"class_list":["post-130973","post","type-post","status-publish","format-standard","hentry","category-administracao","category-educacao"],"acf":[],"yoast_head":"<!-- This site is optimized with the Yoast SEO plugin v27.4 - https:\/\/yoast.com\/product\/yoast-seo-wordpress\/ -->\n<title>MORADORES DE ITAMOTINGA COMEMORAM MAIS UMA ESCOLA REFORMADA E CLIMATIZADA NO INTERIOR DE JUAZEIRO - Blog do Farn\u00e9sio<\/title>\n<meta name=\"robots\" content=\"index, follow, max-snippet:-1, max-image-preview:large, max-video-preview:-1\" \/>\n<link rel=\"canonical\" href=\"https:\/\/blogdofarnesio.com.br\/?p=130973\" \/>\n<meta property=\"og:locale\" content=\"pt_BR\" \/>\n<meta property=\"og:type\" content=\"article\" \/>\n<meta property=\"og:title\" content=\"MORADORES DE ITAMOTINGA COMEMORAM MAIS UMA ESCOLA REFORMADA E CLIMATIZADA NO INTERIOR DE JUAZEIRO - Blog do Farn\u00e9sio\" \/>\n<meta property=\"og:description\" content=\"Na \u00faltima sexta-feira (02), os moradores do NH2, Distrito de Itamotinga comemoraram juntamente com o prefeito Isaac Carvalho e autoridades, a entrega de mais uma unidade da Rede Municipal de Ensino reformada, ampliada e climatizada, a Escola S\u00e3o Francisco de Assis, na zona rural de Juazeiro. A aluna Jadna Santos fez o seu agradecimento ao prefeito e ao secret\u00e1rio de Educa\u00e7\u00e3o e Esportes \u2013 SEDUC, Cl\u00e9riston Andrade cantando uma m\u00fasica gospel na solenidade de abertura. \u201cEstou muito feliz, \u00e9 uma obra muito importante para a nossa comunidade. Estudo aqui desde pequena e nunca vi os alunos t\u00e3o empolgados para aprender, antes fazia muito calor na sala de aula e n\u00e3o tinha a quadra de esporte, a gente brincava na hora&hellip;\" \/>\n<meta property=\"og:url\" content=\"https:\/\/blogdofarnesio.com.br\/?p=130973\" \/>\n<meta property=\"og:site_name\" content=\"Blog do Farn\u00e9sio\" \/>\n<meta property=\"article:publisher\" content=\"https:\/\/www.facebook.com\/BlogQuerSaberPolitica\/\" \/>\n<meta property=\"article:published_time\" content=\"2015-10-05T18:46:51+00:00\" \/>\n<meta property=\"article:modified_time\" content=\"2015-10-05T18:47:13+00:00\" \/>\n<meta name=\"twitter:card\" content=\"summary_large_image\" \/>\n<meta name=\"twitter:label1\" content=\"Escrito por\" \/>\n\t<meta name=\"twitter:data1\" content=\"\" \/>\n\t<meta name=\"twitter:label2\" content=\"Est. tempo de leitura\" \/>\n\t<meta name=\"twitter:data2\" content=\"3 minutos\" \/>\n<script type=\"application\/ld+json\" class=\"yoast-schema-graph\">{\"@context\":\"https:\\\/\\\/schema.org\",\"@graph\":[{\"@type\":\"Article\",\"@id\":\"https:\\\/\\\/blogdofarnesio.com.br\\\/?p=130973#article\",\"isPartOf\":{\"@id\":\"https:\\\/\\\/blogdofarnesio.com.br\\\/?p=130973\"},\"author\":{\"name\":\"\",\"@id\":\"\"},\"headline\":\"MORADORES DE ITAMOTINGA COMEMORAM MAIS UMA ESCOLA REFORMADA E CLIMATIZADA NO INTERIOR DE JUAZEIRO\",\"datePublished\":\"2015-10-05T18:46:51+00:00\",\"dateModified\":\"2015-10-05T18:47:13+00:00\",\"mainEntityOfPage\":{\"@id\":\"https:\\\/\\\/blogdofarnesio.com.br\\\/?p=130973\"},\"wordCount\":584,\"commentCount\":0,\"publisher\":{\"@id\":\"https:\\\/\\\/blogdofarnesio.com.br\\\/#organization\"},\"articleSection\":[\"Administra\u00e7\u00e3o\",\"Educa\u00e7\u00e3o\"],\"inLanguage\":\"pt-BR\",\"potentialAction\":[{\"@type\":\"CommentAction\",\"name\":\"Comment\",\"target\":[\"https:\\\/\\\/blogdofarnesio.com.br\\\/?p=130973#respond\"]}]},{\"@type\":\"WebPage\",\"@id\":\"https:\\\/\\\/blogdofarnesio.com.br\\\/?p=130973\",\"url\":\"https:\\\/\\\/blogdofarnesio.com.br\\\/?p=130973\",\"name\":\"MORADORES DE ITAMOTINGA COMEMORAM MAIS UMA ESCOLA REFORMADA E CLIMATIZADA NO INTERIOR DE JUAZEIRO - Blog do Farn\u00e9sio\",\"isPartOf\":{\"@id\":\"https:\\\/\\\/blogdofarnesio.com.br\\\/#website\"},\"datePublished\":\"2015-10-05T18:46:51+00:00\",\"dateModified\":\"2015-10-05T18:47:13+00:00\",\"breadcrumb\":{\"@id\":\"https:\\\/\\\/blogdofarnesio.com.br\\\/?p=130973#breadcrumb\"},\"inLanguage\":\"pt-BR\",\"potentialAction\":[{\"@type\":\"ReadAction\",\"target\":[\"https:\\\/\\\/blogdofarnesio.com.br\\\/?p=130973\"]}]},{\"@type\":\"BreadcrumbList\",\"@id\":\"https:\\\/\\\/blogdofarnesio.com.br\\\/?p=130973#breadcrumb\",\"itemListElement\":[{\"@type\":\"ListItem\",\"position\":1,\"name\":\"In\u00edcio\",\"item\":\"https:\\\/\\\/blogdofarnesio.com.br\\\/\"},{\"@type\":\"ListItem\",\"position\":2,\"name\":\"MORADORES DE ITAMOTINGA COMEMORAM MAIS UMA ESCOLA REFORMADA E CLIMATIZADA NO INTERIOR DE JUAZEIRO\"}]},{\"@type\":\"WebSite\",\"@id\":\"https:\\\/\\\/blogdofarnesio.com.br\\\/#website\",\"url\":\"https:\\\/\\\/blogdofarnesio.com.br\\\/\",\"name\":\"Blog do Farn\u00e9sio\",\"description\":\"Quer Saber Pol\u00edtica?\",\"publisher\":{\"@id\":\"https:\\\/\\\/blogdofarnesio.com.br\\\/#organization\"},\"potentialAction\":[{\"@type\":\"SearchAction\",\"target\":{\"@type\":\"EntryPoint\",\"urlTemplate\":\"https:\\\/\\\/blogdofarnesio.com.br\\\/?s={search_term_string}\"},\"query-input\":{\"@type\":\"PropertyValueSpecification\",\"valueRequired\":true,\"valueName\":\"search_term_string\"}}],\"inLanguage\":\"pt-BR\"},{\"@type\":\"Organization\",\"@id\":\"https:\\\/\\\/blogdofarnesio.com.br\\\/#organization\",\"name\":\"Blog do Farn\u00e9sio\",\"url\":\"https:\\\/\\\/blogdofarnesio.com.br\\\/\",\"logo\":{\"@type\":\"ImageObject\",\"inLanguage\":\"pt-BR\",\"@id\":\"https:\\\/\\\/blogdofarnesio.com.br\\\/#\\\/schema\\\/logo\\\/image\\\/\",\"url\":\"https:\\\/\\\/blogdofarnesio.com.br\\\/wp-content\\\/uploads\\\/2026\\\/03\\\/cropped-logo_new-1.png\",\"contentUrl\":\"https:\\\/\\\/blogdofarnesio.com.br\\\/wp-content\\\/uploads\\\/2026\\\/03\\\/cropped-logo_new-1.png\",\"width\":881,\"height\":685,\"caption\":\"Blog do Farn\u00e9sio\"},\"image\":{\"@id\":\"https:\\\/\\\/blogdofarnesio.com.br\\\/#\\\/schema\\\/logo\\\/image\\\/\"},\"sameAs\":[\"https:\\\/\\\/www.facebook.com\\\/BlogQuerSaberPolitica\\\/\"]},{\"@type\":\"Person\",\"@id\":\"\",\"url\":\"https:\\\/\\\/blogdofarnesio.com.br\\\/?author=7\"}]}<\/script>\n<!-- \/ Yoast SEO plugin. -->","yoast_head_json":{"title":"MORADORES DE ITAMOTINGA COMEMORAM MAIS UMA ESCOLA REFORMADA E CLIMATIZADA NO INTERIOR DE JUAZEIRO - Blog do Farn\u00e9sio","robots":{"index":"index","follow":"follow","max-snippet":"max-snippet:-1","max-image-preview":"max-image-preview:large","max-video-preview":"max-video-preview:-1"},"canonical":"https:\/\/blogdofarnesio.com.br\/?p=130973","og_locale":"pt_BR","og_type":"article","og_title":"MORADORES DE ITAMOTINGA COMEMORAM MAIS UMA ESCOLA REFORMADA E CLIMATIZADA NO INTERIOR DE JUAZEIRO - Blog do Farn\u00e9sio","og_description":"Na \u00faltima sexta-feira (02), os moradores do NH2, Distrito de Itamotinga comemoraram juntamente com o prefeito Isaac Carvalho e autoridades, a entrega de mais uma unidade da Rede Municipal de Ensino reformada, ampliada e climatizada, a Escola S\u00e3o Francisco de Assis, na zona rural de Juazeiro. A aluna Jadna Santos fez o seu agradecimento ao prefeito e ao secret\u00e1rio de Educa\u00e7\u00e3o e Esportes \u2013 SEDUC, Cl\u00e9riston Andrade cantando uma m\u00fasica gospel na solenidade de abertura. \u201cEstou muito feliz, \u00e9 uma obra muito importante para a nossa comunidade. Estudo aqui desde pequena e nunca vi os alunos t\u00e3o empolgados para aprender, antes fazia muito calor na sala de aula e n\u00e3o tinha a quadra de esporte, a gente brincava na hora&hellip;","og_url":"https:\/\/blogdofarnesio.com.br\/?p=130973","og_site_name":"Blog do Farn\u00e9sio","article_publisher":"https:\/\/www.facebook.com\/BlogQuerSaberPolitica\/","article_published_time":"2015-10-05T18:46:51+00:00","article_modified_time":"2015-10-05T18:47:13+00:00","twitter_card":"summary_large_image","twitter_misc":{"Escrito por":"","Est. tempo de leitura":"3 minutos"},"schema":{"@context":"https:\/\/schema.org","@graph":[{"@type":"Article","@id":"https:\/\/blogdofarnesio.com.br\/?p=130973#article","isPartOf":{"@id":"https:\/\/blogdofarnesio.com.br\/?p=130973"},"author":{"name":"","@id":""},"headline":"MORADORES DE ITAMOTINGA COMEMORAM MAIS UMA ESCOLA REFORMADA E CLIMATIZADA NO INTERIOR DE JUAZEIRO","datePublished":"2015-10-05T18:46:51+00:00","dateModified":"2015-10-05T18:47:13+00:00","mainEntityOfPage":{"@id":"https:\/\/blogdofarnesio.com.br\/?p=130973"},"wordCount":584,"commentCount":0,"publisher":{"@id":"https:\/\/blogdofarnesio.com.br\/#organization"},"articleSection":["Administra\u00e7\u00e3o","Educa\u00e7\u00e3o"],"inLanguage":"pt-BR","potentialAction":[{"@type":"CommentAction","name":"Comment","target":["https:\/\/blogdofarnesio.com.br\/?p=130973#respond"]}]},{"@type":"WebPage","@id":"https:\/\/blogdofarnesio.com.br\/?p=130973","url":"https:\/\/blogdofarnesio.com.br\/?p=130973","name":"MORADORES DE ITAMOTINGA COMEMORAM MAIS UMA ESCOLA REFORMADA E CLIMATIZADA NO INTERIOR DE JUAZEIRO - Blog do Farn\u00e9sio","isPartOf":{"@id":"https:\/\/blogdofarnesio.com.br\/#website"},"datePublished":"2015-10-05T18:46:51+00:00","dateModified":"2015-10-05T18:47:13+00:00","breadcrumb":{"@id":"https:\/\/blogdofarnesio.com.br\/?p=130973#breadcrumb"},"inLanguage":"pt-BR","potentialAction":[{"@type":"ReadAction","target":["https:\/\/blogdofarnesio.com.br\/?p=130973"]}]},{"@type":"BreadcrumbList","@id":"https:\/\/blogdofarnesio.com.br\/?p=130973#breadcrumb","itemListElement":[{"@type":"ListItem","position":1,"name":"In\u00edcio","item":"https:\/\/blogdofarnesio.com.br\/"},{"@type":"ListItem","position":2,"name":"MORADORES DE ITAMOTINGA COMEMORAM MAIS UMA ESCOLA REFORMADA E CLIMATIZADA NO INTERIOR DE JUAZEIRO"}]},{"@type":"WebSite","@id":"https:\/\/blogdofarnesio.com.br\/#website","url":"https:\/\/blogdofarnesio.com.br\/","name":"Blog do Farn\u00e9sio","description":"Quer Saber Pol\u00edtica?","publisher":{"@id":"https:\/\/blogdofarnesio.com.br\/#organization"},"potentialAction":[{"@type":"SearchAction","target":{"@type":"EntryPoint","urlTemplate":"https:\/\/blogdofarnesio.com.br\/?s={search_term_string}"},"query-input":{"@type":"PropertyValueSpecification","valueRequired":true,"valueName":"search_term_string"}}],"inLanguage":"pt-BR"},{"@type":"Organization","@id":"https:\/\/blogdofarnesio.com.br\/#organization","name":"Blog do Farn\u00e9sio","url":"https:\/\/blogdofarnesio.com.br\/","logo":{"@type":"ImageObject","inLanguage":"pt-BR","@id":"https:\/\/blogdofarnesio.com.br\/#\/schema\/logo\/image\/","url":"https:\/\/blogdofarnesio.com.br\/wp-content\/uploads\/2026\/03\/cropped-logo_new-1.png","contentUrl":"https:\/\/blogdofarnesio.com.br\/wp-content\/uploads\/2026\/03\/cropped-logo_new-1.png","width":881,"height":685,"caption":"Blog do Farn\u00e9sio"},"image":{"@id":"https:\/\/blogdofarnesio.com.br\/#\/schema\/logo\/image\/"},"sameAs":["https:\/\/www.facebook.com\/BlogQuerSaberPolitica\/"]},{"@type":"Person","@id":"","url":"https:\/\/blogdofarnesio.com.br\/?author=7"}]}},"_links":{"self":[{"href":"https:\/\/blogdofarnesio.com.br\/index.php?rest_route=\/wp\/v2\/posts\/130973","targetHints":{"allow":["GET"]}}],"collection":[{"href":"https:\/\/blogdofarnesio.com.br\/index.php?rest_route=\/wp\/v2\/posts"}],"about":[{"href":"https:\/\/blogdofarnesio.com.br\/index.php?rest_route=\/wp\/v2\/types\/post"}],"author":[{"embeddable":true,"href":"https:\/\/blogdofarnesio.com.br\/index.php?rest_route=\/wp\/v2\/users\/7"}],"replies":[{"embeddable":true,"href":"https:\/\/blogdofarnesio.com.br\/index.php?rest_route=%2Fwp%2Fv2%2Fcomments&post=130973"}],"version-history":[{"count":0,"href":"https:\/\/blogdofarnesio.com.br\/index.php?rest_route=\/wp\/v2\/posts\/130973\/revisions"}],"wp:attachment":[{"href":"https:\/\/blogdofarnesio.com.br\/index.php?rest_route=%2Fwp%2Fv2%2Fmedia&parent=130973"}],"wp:term":[{"taxonomy":"category","embeddable":true,"href":"https:\/\/blogdofarnesio.com.br\/index.php?rest_route=%2Fwp%2Fv2%2Fcategories&post=130973"},{"taxonomy":"post_tag","embeddable":true,"href":"https:\/\/blogdofarnesio.com.br\/index.php?rest_route=%2Fwp%2Fv2%2Ftags&post=130973"}],"curies":[{"name":"wp","href":"https:\/\/api.w.org\/{rel}","templated":true}]}}