{"id":130968,"date":"2015-10-05T15:22:13","date_gmt":"2015-10-05T18:22:13","guid":{"rendered":"http:\/\/www.quersaberpolitica.com.br\/?p=130968"},"modified":"2015-10-05T15:09:25","modified_gmt":"2015-10-05T18:09:25","slug":"banda-avioes-do-forro-e-obrigada-a-encerrar-show-no-maranhao-sob-ameaca-de-prisao","status":"publish","type":"post","link":"https:\/\/blogdofarnesio.com.br\/?p=130968","title":{"rendered":"BANDA AVI\u00d5ES DO FORR\u00d3 \u00c9 OBRIGADA A ENCERRAR SHOW NO MARANH\u00c3O, SOB AMEA\u00c7A DE PRIS\u00c3O"},"content":{"rendered":"<div class=\"separator\" style=\"text-align: justify\"><a href=\"http:\/\/1.bp.blogspot.com\/-OFOOmKLlrpM\/VhKiBVLFbbI\/AAAAAAAAxCE\/LLDTkQHJG_k\/s1600\/avi%25C3%25B5es-s%25C3%25A3o-lu%25C3%25ADs.jpg\"><img loading=\"lazy\" decoding=\"async\" class=\" aligncenter\" title=\"Xand e Solange Almeida foram amea\u00e7ados de pris\u00e3o caso n\u00e3o encerrassem o show (Foto: Divulga\u00e7\u00e3o)\" src=\"http:\/\/1.bp.blogspot.com\/-OFOOmKLlrpM\/VhKiBVLFbbI\/AAAAAAAAxCE\/LLDTkQHJG_k\/s640\/avi%25C3%25B5es-s%25C3%25A3o-lu%25C3%25ADs.jpg\" alt=\"\" width=\"415\" height=\"286\" border=\"0\" \/><\/a><\/div>\n<p style=\"text-align: justify\">A madrugada deste domingo (4) marcou de forma triste a <a href=\"http:\/\/www.noticiasatuaishoje.com.br\/2015\/10\/sob-ameacas-de-prisao-avioes-do-forro-e.html#\" rel=\"nofollow\">brilhante<\/a> hist\u00f3ria da banda Avi\u00f5es do Forr\u00f3. Os vocalistas Xand e Solange Almeida foram impossibilitados de completar o show em S\u00e3o Lu\u00eds, capital do Maranh\u00e3o, sob amea\u00e7as de pris\u00e3o.<\/p>\n<p>Na capital maranhense, <a href=\"http:\/\/www.noticiasatuaishoje.com.br\/2015\/10\/sob-ameacas-de-prisao-avioes-do-forro-e.html#\" rel=\"nofollow\">vigora<\/a> uma lei municipal que pro\u00edbe que shows musicais sem isolamentos ac\u00fasticos se estendam at\u00e9 depois das 3h. Contratados como estrelas do evento \u201cAvi\u00f5es Pra Todo Mundo\u201c, a banda subiu ao palco somente \u00e0s 2h20, sendo obrigada a finalizar a apresenta\u00e7\u00e3o com apenas 40 minutos de dura\u00e7\u00e3o.<\/p>\n<p>O fato gerou revolta no p\u00fablico. Ainda no palco, Solange e Xand explicaram a situa\u00e7\u00e3o para os presente e se desculparam. \u201cEu quero agradecer a voc\u00eas e pedir desculpas. A culpa n\u00e3o foi nossa. Mas se a gente continuar, a gente vai ser preso, e a gente n\u00e3o pode ser preso. Tenho 4 meninos para sustentar, ele (Xand) mais 4, e uma infinidade de pessoas aqui. S\u00e3o Lu\u00eds, desculpa. De verdade, a culpa n\u00e3o foi nossa. Chegaram aqui, mandaram a gente parar ou a gente vai ser preso\u201d, se lamentou Solange.<\/p>\n<p>Com a voz embargada, Xand complementou: \u201cvoc\u00ea (Solange) falou tudo. Eu n\u00e3o tenho o que falar. Desculpa, gente. A gente tem que respeitar a lei\u201c, finalizou. Vaias do p\u00fablico ecoaram durante o posicionamento dos cantores.<b><br \/>\n<\/b><br \/>\nEm comunicado no Instagram, a banda refor\u00e7ou a <a href=\"http:\/\/www.noticiasatuaishoje.com.br\/2015\/10\/sob-ameacas-de-prisao-avioes-do-forro-e.html#\" rel=\"nofollow\">responsabilidade<\/a> em cumprir as leis impostas.\u201d O Avi\u00f5es acata quaisquer diretrizes municipais, estaduais e\/ou federais, principalmente nos cumprimentos de hor\u00e1rios, \u00e9 um dever\u2026 mas infelizmente n\u00e3o tivemos como concluir o show e tampouco nos despedir, explicar e agradecer ao nosso p\u00fablico\u201d, afirmou a nota.<\/p>\n<p>Al\u00e9m de Avi\u00f5es do Forr\u00f3, o evento contou ainda com as participa\u00e7\u00f5es de Dorgival Dantas, X\u00e9 Pop, Bruno Shinoda e Xavecada.<\/p>\n<p>A festa foi organizado pela produtora local 4 m\u00e3os Entretenimento, com ingressos que variavam de R$ 40 a R$ 160. As apresenta\u00e7\u00f5es no Espa\u00e7o Reserva tiveram in\u00edcio \u00e0s 19h.<\/p>\n<p><b>Caso gera revoltas nas redes sociais<!--more--><\/b><br \/>\nA produtora do evento foi o grande alvo do p\u00fablico que esteve presente no show. Nas redes sociais, os f\u00e3s reclamaram de descaso com o consumidor. \u201cO show foi um fiasco! Ingresso caro, falta de organiza\u00e7\u00e3o total na entrada, para simplesmente Avi\u00f5es, a banda mais esperada, tocar 45 minutos. O que foi isso? Eu esperava mais! Muita falta de respeito!\u201c, reclamou um internauta na p\u00e1gina <a href=\"http:\/\/www.noticiasatuaishoje.com.br\/2015\/10\/sob-ameacas-de-prisao-avioes-do-forro-e.html#\" rel=\"nofollow\">oficial<\/a> da 4 M\u00e3os no Facebook. \u201cO p\u00fablico merece uma explica\u00e7\u00e3o!\u201d, bradou outra internauta.<\/p>\n<p>J\u00e1 na p\u00e1gina da banda, o tom do desabafo era de compaix\u00e3o com Xand e Solange. Voc\u00eas foram v\u00edtimas, assim como o p\u00fablico\u201d, escreveu uma f\u00e3. \u201cVoltem, mas n\u00e3o em eventos dessa produtora lixo;,<br \/>\ncorroborou outra. Isso \u00e9 um desrespeito com o p\u00fablico que paga para ver seus artistas, completou um f\u00e3.<\/p>\n<p><b>O Procon ir\u00e1 autuar empresa organizadora.<\/b><\/p>\n<p>Em resposta \u00e0s in\u00fameras reclama\u00e7\u00f5es dos consumidores, o diretor do \u00d3rg\u00e3o de <a href=\"http:\/\/www.noticiasatuaishoje.com.br\/2015\/10\/sob-ameacas-de-prisao-avioes-do-forro-e.html#\" rel=\"nofollow\">Prote\u00e7\u00e3o<\/a> e Defesa do Consumidor no Maranh\u00e3o (Procon\u00adMA), Duarte J\u00fanior, afirmou, em pronunciamento nas redes sociais, que notificar\u00e1 a empresa 4 M\u00e3os Entretenimento pelo ocorrido. Segundo ele, o encerramento inesperado no show \u201cafronta os direitos b\u00e1sicos do consumidor\u201d.<br \/>\n\u201cDescumprimentos de hor\u00e1rios em eventos caracterizam falha na presta\u00e7\u00e3o, geram uma grande inseguran\u00e7a jur\u00eddica e prejudicam os consumidores que acabam por frustar suas expectativas\u201d, ressaltou Duarte J\u00fanior, que incentivou os consumidores que se sentiram lesados a formalizarem den\u00fancia no Procon.<\/p>\n<p>A empresa ainda n\u00e3o emitiu nenhum posicionamento. J\u00e1 na p\u00e1gina da banda, o tom do desabafo era de compaix\u00e3o com Xand e Solange.<\/p>\n<p>\u201cVoc\u00eas foram v\u00edtimas, assim como o p\u00fablico\u201d, escreveu uma f\u00e3.<\/p>\n<p>\u201cVoltem, mas n\u00e3o em eventos dessa produtora lixo\u201d, corroborou outra. \u201cIsso \u00e9 um desrespeito com o p\u00fablico que paga para ver seus artistas\u201d, completou um f\u00e3.<\/p>\n<p><b><i>Di\u00e1rio do Nordeste<\/i><\/b><\/p>\n<p>Read more: <a href=\"http:\/\/www.noticiasatuaishoje.com.br\/2015\/10\/sob-ameacas-de-prisao-avioes-do-forro-e.html#ixzz3niZnr0Bh\">http:\/\/www.noticiasatuaishoje.com.br\/2015\/10\/sob-ameacas-de-prisao-avioes-do-forro-e.html#ixzz3niZnr0Bh<\/a><\/p>\n","protected":false},"excerpt":{"rendered":"<p>A madrugada deste domingo (4) marcou de forma triste a brilhante hist\u00f3ria da banda Avi\u00f5es do Forr\u00f3. Os vocalistas Xand e Solange Almeida foram impossibilitados de completar o show em S\u00e3o Lu\u00eds, capital do Maranh\u00e3o, sob amea\u00e7as de pris\u00e3o. Na capital maranhense, vigora uma lei municipal que pro\u00edbe que shows musicais sem isolamentos ac\u00fasticos se estendam at\u00e9 depois das 3h. Contratados como estrelas do evento \u201cAvi\u00f5es Pra Todo Mundo\u201c, a banda subiu ao palco somente \u00e0s 2h20, sendo obrigada a finalizar a apresenta\u00e7\u00e3o com apenas 40 minutos de dura\u00e7\u00e3o. O fato gerou revolta no p\u00fablico. Ainda no palco, Solange e Xand explicaram a situa\u00e7\u00e3o para os presente e se desculparam. \u201cEu quero agradecer a voc\u00eas e pedir desculpas. A culpa&hellip; <\/p>\n","protected":false},"author":3,"featured_media":0,"comment_status":"open","ping_status":"open","sticky":false,"template":"","format":"standard","meta":{"_acf_changed":false,"footnotes":""},"categories":[3],"tags":[],"class_list":["post-130968","post","type-post","status-publish","format-standard","hentry","category-entretenimento"],"acf":[],"yoast_head":"<!-- This site is optimized with the Yoast SEO plugin v27.4 - https:\/\/yoast.com\/product\/yoast-seo-wordpress\/ -->\n<title>BANDA AVI\u00d5ES DO FORR\u00d3 \u00c9 OBRIGADA A ENCERRAR SHOW NO MARANH\u00c3O, SOB AMEA\u00c7A DE PRIS\u00c3O - Blog do Farn\u00e9sio<\/title>\n<meta name=\"robots\" content=\"index, follow, max-snippet:-1, max-image-preview:large, max-video-preview:-1\" \/>\n<link rel=\"canonical\" href=\"https:\/\/blogdofarnesio.com.br\/?p=130968\" \/>\n<meta property=\"og:locale\" content=\"pt_BR\" \/>\n<meta property=\"og:type\" content=\"article\" \/>\n<meta property=\"og:title\" content=\"BANDA AVI\u00d5ES DO FORR\u00d3 \u00c9 OBRIGADA A ENCERRAR SHOW NO MARANH\u00c3O, SOB AMEA\u00c7A DE PRIS\u00c3O - Blog do Farn\u00e9sio\" \/>\n<meta property=\"og:description\" content=\"A madrugada deste domingo (4) marcou de forma triste a brilhante hist\u00f3ria da banda Avi\u00f5es do Forr\u00f3. Os vocalistas Xand e Solange Almeida foram impossibilitados de completar o show em S\u00e3o Lu\u00eds, capital do Maranh\u00e3o, sob amea\u00e7as de pris\u00e3o. Na capital maranhense, vigora uma lei municipal que pro\u00edbe que shows musicais sem isolamentos ac\u00fasticos se estendam at\u00e9 depois das 3h. Contratados como estrelas do evento \u201cAvi\u00f5es Pra Todo Mundo\u201c, a banda subiu ao palco somente \u00e0s 2h20, sendo obrigada a finalizar a apresenta\u00e7\u00e3o com apenas 40 minutos de dura\u00e7\u00e3o. O fato gerou revolta no p\u00fablico. Ainda no palco, Solange e Xand explicaram a situa\u00e7\u00e3o para os presente e se desculparam. \u201cEu quero agradecer a voc\u00eas e pedir desculpas. A culpa&hellip;\" \/>\n<meta property=\"og:url\" content=\"https:\/\/blogdofarnesio.com.br\/?p=130968\" \/>\n<meta property=\"og:site_name\" content=\"Blog do Farn\u00e9sio\" \/>\n<meta property=\"article:publisher\" content=\"https:\/\/www.facebook.com\/BlogQuerSaberPolitica\/\" \/>\n<meta property=\"article:published_time\" content=\"2015-10-05T18:22:13+00:00\" \/>\n<meta property=\"og:image\" content=\"http:\/\/1.bp.blogspot.com\/-OFOOmKLlrpM\/VhKiBVLFbbI\/AAAAAAAAxCE\/LLDTkQHJG_k\/s640\/avi%25C3%25B5es-s%25C3%25A3o-lu%25C3%25ADs.jpg\" \/>\n<meta name=\"author\" content=\"teste\" \/>\n<meta name=\"twitter:card\" content=\"summary_large_image\" \/>\n<meta name=\"twitter:label1\" content=\"Escrito por\" \/>\n\t<meta name=\"twitter:data1\" content=\"teste\" \/>\n\t<meta name=\"twitter:label2\" content=\"Est. tempo de leitura\" \/>\n\t<meta name=\"twitter:data2\" content=\"3 minutos\" \/>\n<script type=\"application\/ld+json\" class=\"yoast-schema-graph\">{\"@context\":\"https:\\\/\\\/schema.org\",\"@graph\":[{\"@type\":\"Article\",\"@id\":\"https:\\\/\\\/blogdofarnesio.com.br\\\/?p=130968#article\",\"isPartOf\":{\"@id\":\"https:\\\/\\\/blogdofarnesio.com.br\\\/?p=130968\"},\"author\":{\"name\":\"teste\",\"@id\":\"https:\\\/\\\/blogdofarnesio.com.br\\\/#\\\/schema\\\/person\\\/dd1bf5eba40b687199ba45ca6b97dff9\"},\"headline\":\"BANDA AVI\u00d5ES DO FORR\u00d3 \u00c9 OBRIGADA A ENCERRAR SHOW NO MARANH\u00c3O, SOB AMEA\u00c7A DE PRIS\u00c3O\",\"datePublished\":\"2015-10-05T18:22:13+00:00\",\"mainEntityOfPage\":{\"@id\":\"https:\\\/\\\/blogdofarnesio.com.br\\\/?p=130968\"},\"wordCount\":703,\"commentCount\":0,\"publisher\":{\"@id\":\"https:\\\/\\\/blogdofarnesio.com.br\\\/#organization\"},\"image\":{\"@id\":\"https:\\\/\\\/blogdofarnesio.com.br\\\/?p=130968#primaryimage\"},\"thumbnailUrl\":\"http:\\\/\\\/1.bp.blogspot.com\\\/-OFOOmKLlrpM\\\/VhKiBVLFbbI\\\/AAAAAAAAxCE\\\/LLDTkQHJG_k\\\/s640\\\/avi%25C3%25B5es-s%25C3%25A3o-lu%25C3%25ADs.jpg\",\"articleSection\":[\"Entretenimento\"],\"inLanguage\":\"pt-BR\",\"potentialAction\":[{\"@type\":\"CommentAction\",\"name\":\"Comment\",\"target\":[\"https:\\\/\\\/blogdofarnesio.com.br\\\/?p=130968#respond\"]}]},{\"@type\":\"WebPage\",\"@id\":\"https:\\\/\\\/blogdofarnesio.com.br\\\/?p=130968\",\"url\":\"https:\\\/\\\/blogdofarnesio.com.br\\\/?p=130968\",\"name\":\"BANDA AVI\u00d5ES DO FORR\u00d3 \u00c9 OBRIGADA A ENCERRAR SHOW NO MARANH\u00c3O, SOB AMEA\u00c7A DE PRIS\u00c3O - Blog do Farn\u00e9sio\",\"isPartOf\":{\"@id\":\"https:\\\/\\\/blogdofarnesio.com.br\\\/#website\"},\"primaryImageOfPage\":{\"@id\":\"https:\\\/\\\/blogdofarnesio.com.br\\\/?p=130968#primaryimage\"},\"image\":{\"@id\":\"https:\\\/\\\/blogdofarnesio.com.br\\\/?p=130968#primaryimage\"},\"thumbnailUrl\":\"http:\\\/\\\/1.bp.blogspot.com\\\/-OFOOmKLlrpM\\\/VhKiBVLFbbI\\\/AAAAAAAAxCE\\\/LLDTkQHJG_k\\\/s640\\\/avi%25C3%25B5es-s%25C3%25A3o-lu%25C3%25ADs.jpg\",\"datePublished\":\"2015-10-05T18:22:13+00:00\",\"breadcrumb\":{\"@id\":\"https:\\\/\\\/blogdofarnesio.com.br\\\/?p=130968#breadcrumb\"},\"inLanguage\":\"pt-BR\",\"potentialAction\":[{\"@type\":\"ReadAction\",\"target\":[\"https:\\\/\\\/blogdofarnesio.com.br\\\/?p=130968\"]}]},{\"@type\":\"ImageObject\",\"inLanguage\":\"pt-BR\",\"@id\":\"https:\\\/\\\/blogdofarnesio.com.br\\\/?p=130968#primaryimage\",\"url\":\"http:\\\/\\\/1.bp.blogspot.com\\\/-OFOOmKLlrpM\\\/VhKiBVLFbbI\\\/AAAAAAAAxCE\\\/LLDTkQHJG_k\\\/s640\\\/avi%25C3%25B5es-s%25C3%25A3o-lu%25C3%25ADs.jpg\",\"contentUrl\":\"http:\\\/\\\/1.bp.blogspot.com\\\/-OFOOmKLlrpM\\\/VhKiBVLFbbI\\\/AAAAAAAAxCE\\\/LLDTkQHJG_k\\\/s640\\\/avi%25C3%25B5es-s%25C3%25A3o-lu%25C3%25ADs.jpg\"},{\"@type\":\"BreadcrumbList\",\"@id\":\"https:\\\/\\\/blogdofarnesio.com.br\\\/?p=130968#breadcrumb\",\"itemListElement\":[{\"@type\":\"ListItem\",\"position\":1,\"name\":\"In\u00edcio\",\"item\":\"https:\\\/\\\/blogdofarnesio.com.br\\\/\"},{\"@type\":\"ListItem\",\"position\":2,\"name\":\"BANDA AVI\u00d5ES DO FORR\u00d3 \u00c9 OBRIGADA A ENCERRAR SHOW NO MARANH\u00c3O, SOB AMEA\u00c7A DE PRIS\u00c3O\"}]},{\"@type\":\"WebSite\",\"@id\":\"https:\\\/\\\/blogdofarnesio.com.br\\\/#website\",\"url\":\"https:\\\/\\\/blogdofarnesio.com.br\\\/\",\"name\":\"Blog do Farn\u00e9sio\",\"description\":\"Quer Saber Pol\u00edtica?\",\"publisher\":{\"@id\":\"https:\\\/\\\/blogdofarnesio.com.br\\\/#organization\"},\"potentialAction\":[{\"@type\":\"SearchAction\",\"target\":{\"@type\":\"EntryPoint\",\"urlTemplate\":\"https:\\\/\\\/blogdofarnesio.com.br\\\/?s={search_term_string}\"},\"query-input\":{\"@type\":\"PropertyValueSpecification\",\"valueRequired\":true,\"valueName\":\"search_term_string\"}}],\"inLanguage\":\"pt-BR\"},{\"@type\":\"Organization\",\"@id\":\"https:\\\/\\\/blogdofarnesio.com.br\\\/#organization\",\"name\":\"Blog do Farn\u00e9sio\",\"url\":\"https:\\\/\\\/blogdofarnesio.com.br\\\/\",\"logo\":{\"@type\":\"ImageObject\",\"inLanguage\":\"pt-BR\",\"@id\":\"https:\\\/\\\/blogdofarnesio.com.br\\\/#\\\/schema\\\/logo\\\/image\\\/\",\"url\":\"https:\\\/\\\/blogdofarnesio.com.br\\\/wp-content\\\/uploads\\\/2026\\\/03\\\/cropped-logo_new-1.png\",\"contentUrl\":\"https:\\\/\\\/blogdofarnesio.com.br\\\/wp-content\\\/uploads\\\/2026\\\/03\\\/cropped-logo_new-1.png\",\"width\":881,\"height\":685,\"caption\":\"Blog do Farn\u00e9sio\"},\"image\":{\"@id\":\"https:\\\/\\\/blogdofarnesio.com.br\\\/#\\\/schema\\\/logo\\\/image\\\/\"},\"sameAs\":[\"https:\\\/\\\/www.facebook.com\\\/BlogQuerSaberPolitica\\\/\"]},{\"@type\":\"Person\",\"@id\":\"https:\\\/\\\/blogdofarnesio.com.br\\\/#\\\/schema\\\/person\\\/dd1bf5eba40b687199ba45ca6b97dff9\",\"name\":\"teste\",\"image\":{\"@type\":\"ImageObject\",\"inLanguage\":\"pt-BR\",\"@id\":\"https:\\\/\\\/secure.gravatar.com\\\/avatar\\\/2172498d4914b51e1d89a0f97957b035ac4938723a5cac208135d389b6972a6d?s=96&d=mm&r=g\",\"url\":\"https:\\\/\\\/secure.gravatar.com\\\/avatar\\\/2172498d4914b51e1d89a0f97957b035ac4938723a5cac208135d389b6972a6d?s=96&d=mm&r=g\",\"contentUrl\":\"https:\\\/\\\/secure.gravatar.com\\\/avatar\\\/2172498d4914b51e1d89a0f97957b035ac4938723a5cac208135d389b6972a6d?s=96&d=mm&r=g\",\"caption\":\"teste\"},\"url\":\"https:\\\/\\\/blogdofarnesio.com.br\\\/?author=3\"}]}<\/script>\n<!-- \/ Yoast SEO plugin. -->","yoast_head_json":{"title":"BANDA AVI\u00d5ES DO FORR\u00d3 \u00c9 OBRIGADA A ENCERRAR SHOW NO MARANH\u00c3O, SOB AMEA\u00c7A DE PRIS\u00c3O - Blog do Farn\u00e9sio","robots":{"index":"index","follow":"follow","max-snippet":"max-snippet:-1","max-image-preview":"max-image-preview:large","max-video-preview":"max-video-preview:-1"},"canonical":"https:\/\/blogdofarnesio.com.br\/?p=130968","og_locale":"pt_BR","og_type":"article","og_title":"BANDA AVI\u00d5ES DO FORR\u00d3 \u00c9 OBRIGADA A ENCERRAR SHOW NO MARANH\u00c3O, SOB AMEA\u00c7A DE PRIS\u00c3O - Blog do Farn\u00e9sio","og_description":"A madrugada deste domingo (4) marcou de forma triste a brilhante hist\u00f3ria da banda Avi\u00f5es do Forr\u00f3. Os vocalistas Xand e Solange Almeida foram impossibilitados de completar o show em S\u00e3o Lu\u00eds, capital do Maranh\u00e3o, sob amea\u00e7as de pris\u00e3o. Na capital maranhense, vigora uma lei municipal que pro\u00edbe que shows musicais sem isolamentos ac\u00fasticos se estendam at\u00e9 depois das 3h. Contratados como estrelas do evento \u201cAvi\u00f5es Pra Todo Mundo\u201c, a banda subiu ao palco somente \u00e0s 2h20, sendo obrigada a finalizar a apresenta\u00e7\u00e3o com apenas 40 minutos de dura\u00e7\u00e3o. O fato gerou revolta no p\u00fablico. Ainda no palco, Solange e Xand explicaram a situa\u00e7\u00e3o para os presente e se desculparam. \u201cEu quero agradecer a voc\u00eas e pedir desculpas. A culpa&hellip;","og_url":"https:\/\/blogdofarnesio.com.br\/?p=130968","og_site_name":"Blog do Farn\u00e9sio","article_publisher":"https:\/\/www.facebook.com\/BlogQuerSaberPolitica\/","article_published_time":"2015-10-05T18:22:13+00:00","og_image":[{"url":"http:\/\/1.bp.blogspot.com\/-OFOOmKLlrpM\/VhKiBVLFbbI\/AAAAAAAAxCE\/LLDTkQHJG_k\/s640\/avi%25C3%25B5es-s%25C3%25A3o-lu%25C3%25ADs.jpg","type":"","width":"","height":""}],"author":"teste","twitter_card":"summary_large_image","twitter_misc":{"Escrito por":"teste","Est. tempo de leitura":"3 minutos"},"schema":{"@context":"https:\/\/schema.org","@graph":[{"@type":"Article","@id":"https:\/\/blogdofarnesio.com.br\/?p=130968#article","isPartOf":{"@id":"https:\/\/blogdofarnesio.com.br\/?p=130968"},"author":{"name":"teste","@id":"https:\/\/blogdofarnesio.com.br\/#\/schema\/person\/dd1bf5eba40b687199ba45ca6b97dff9"},"headline":"BANDA AVI\u00d5ES DO FORR\u00d3 \u00c9 OBRIGADA A ENCERRAR SHOW NO MARANH\u00c3O, SOB AMEA\u00c7A DE PRIS\u00c3O","datePublished":"2015-10-05T18:22:13+00:00","mainEntityOfPage":{"@id":"https:\/\/blogdofarnesio.com.br\/?p=130968"},"wordCount":703,"commentCount":0,"publisher":{"@id":"https:\/\/blogdofarnesio.com.br\/#organization"},"image":{"@id":"https:\/\/blogdofarnesio.com.br\/?p=130968#primaryimage"},"thumbnailUrl":"http:\/\/1.bp.blogspot.com\/-OFOOmKLlrpM\/VhKiBVLFbbI\/AAAAAAAAxCE\/LLDTkQHJG_k\/s640\/avi%25C3%25B5es-s%25C3%25A3o-lu%25C3%25ADs.jpg","articleSection":["Entretenimento"],"inLanguage":"pt-BR","potentialAction":[{"@type":"CommentAction","name":"Comment","target":["https:\/\/blogdofarnesio.com.br\/?p=130968#respond"]}]},{"@type":"WebPage","@id":"https:\/\/blogdofarnesio.com.br\/?p=130968","url":"https:\/\/blogdofarnesio.com.br\/?p=130968","name":"BANDA AVI\u00d5ES DO FORR\u00d3 \u00c9 OBRIGADA A ENCERRAR SHOW NO MARANH\u00c3O, SOB AMEA\u00c7A DE PRIS\u00c3O - Blog do Farn\u00e9sio","isPartOf":{"@id":"https:\/\/blogdofarnesio.com.br\/#website"},"primaryImageOfPage":{"@id":"https:\/\/blogdofarnesio.com.br\/?p=130968#primaryimage"},"image":{"@id":"https:\/\/blogdofarnesio.com.br\/?p=130968#primaryimage"},"thumbnailUrl":"http:\/\/1.bp.blogspot.com\/-OFOOmKLlrpM\/VhKiBVLFbbI\/AAAAAAAAxCE\/LLDTkQHJG_k\/s640\/avi%25C3%25B5es-s%25C3%25A3o-lu%25C3%25ADs.jpg","datePublished":"2015-10-05T18:22:13+00:00","breadcrumb":{"@id":"https:\/\/blogdofarnesio.com.br\/?p=130968#breadcrumb"},"inLanguage":"pt-BR","potentialAction":[{"@type":"ReadAction","target":["https:\/\/blogdofarnesio.com.br\/?p=130968"]}]},{"@type":"ImageObject","inLanguage":"pt-BR","@id":"https:\/\/blogdofarnesio.com.br\/?p=130968#primaryimage","url":"http:\/\/1.bp.blogspot.com\/-OFOOmKLlrpM\/VhKiBVLFbbI\/AAAAAAAAxCE\/LLDTkQHJG_k\/s640\/avi%25C3%25B5es-s%25C3%25A3o-lu%25C3%25ADs.jpg","contentUrl":"http:\/\/1.bp.blogspot.com\/-OFOOmKLlrpM\/VhKiBVLFbbI\/AAAAAAAAxCE\/LLDTkQHJG_k\/s640\/avi%25C3%25B5es-s%25C3%25A3o-lu%25C3%25ADs.jpg"},{"@type":"BreadcrumbList","@id":"https:\/\/blogdofarnesio.com.br\/?p=130968#breadcrumb","itemListElement":[{"@type":"ListItem","position":1,"name":"In\u00edcio","item":"https:\/\/blogdofarnesio.com.br\/"},{"@type":"ListItem","position":2,"name":"BANDA AVI\u00d5ES DO FORR\u00d3 \u00c9 OBRIGADA A ENCERRAR SHOW NO MARANH\u00c3O, SOB AMEA\u00c7A DE PRIS\u00c3O"}]},{"@type":"WebSite","@id":"https:\/\/blogdofarnesio.com.br\/#website","url":"https:\/\/blogdofarnesio.com.br\/","name":"Blog do Farn\u00e9sio","description":"Quer Saber Pol\u00edtica?","publisher":{"@id":"https:\/\/blogdofarnesio.com.br\/#organization"},"potentialAction":[{"@type":"SearchAction","target":{"@type":"EntryPoint","urlTemplate":"https:\/\/blogdofarnesio.com.br\/?s={search_term_string}"},"query-input":{"@type":"PropertyValueSpecification","valueRequired":true,"valueName":"search_term_string"}}],"inLanguage":"pt-BR"},{"@type":"Organization","@id":"https:\/\/blogdofarnesio.com.br\/#organization","name":"Blog do Farn\u00e9sio","url":"https:\/\/blogdofarnesio.com.br\/","logo":{"@type":"ImageObject","inLanguage":"pt-BR","@id":"https:\/\/blogdofarnesio.com.br\/#\/schema\/logo\/image\/","url":"https:\/\/blogdofarnesio.com.br\/wp-content\/uploads\/2026\/03\/cropped-logo_new-1.png","contentUrl":"https:\/\/blogdofarnesio.com.br\/wp-content\/uploads\/2026\/03\/cropped-logo_new-1.png","width":881,"height":685,"caption":"Blog do Farn\u00e9sio"},"image":{"@id":"https:\/\/blogdofarnesio.com.br\/#\/schema\/logo\/image\/"},"sameAs":["https:\/\/www.facebook.com\/BlogQuerSaberPolitica\/"]},{"@type":"Person","@id":"https:\/\/blogdofarnesio.com.br\/#\/schema\/person\/dd1bf5eba40b687199ba45ca6b97dff9","name":"teste","image":{"@type":"ImageObject","inLanguage":"pt-BR","@id":"https:\/\/secure.gravatar.com\/avatar\/2172498d4914b51e1d89a0f97957b035ac4938723a5cac208135d389b6972a6d?s=96&d=mm&r=g","url":"https:\/\/secure.gravatar.com\/avatar\/2172498d4914b51e1d89a0f97957b035ac4938723a5cac208135d389b6972a6d?s=96&d=mm&r=g","contentUrl":"https:\/\/secure.gravatar.com\/avatar\/2172498d4914b51e1d89a0f97957b035ac4938723a5cac208135d389b6972a6d?s=96&d=mm&r=g","caption":"teste"},"url":"https:\/\/blogdofarnesio.com.br\/?author=3"}]}},"_links":{"self":[{"href":"https:\/\/blogdofarnesio.com.br\/index.php?rest_route=\/wp\/v2\/posts\/130968","targetHints":{"allow":["GET"]}}],"collection":[{"href":"https:\/\/blogdofarnesio.com.br\/index.php?rest_route=\/wp\/v2\/posts"}],"about":[{"href":"https:\/\/blogdofarnesio.com.br\/index.php?rest_route=\/wp\/v2\/types\/post"}],"author":[{"embeddable":true,"href":"https:\/\/blogdofarnesio.com.br\/index.php?rest_route=\/wp\/v2\/users\/3"}],"replies":[{"embeddable":true,"href":"https:\/\/blogdofarnesio.com.br\/index.php?rest_route=%2Fwp%2Fv2%2Fcomments&post=130968"}],"version-history":[{"count":0,"href":"https:\/\/blogdofarnesio.com.br\/index.php?rest_route=\/wp\/v2\/posts\/130968\/revisions"}],"wp:attachment":[{"href":"https:\/\/blogdofarnesio.com.br\/index.php?rest_route=%2Fwp%2Fv2%2Fmedia&parent=130968"}],"wp:term":[{"taxonomy":"category","embeddable":true,"href":"https:\/\/blogdofarnesio.com.br\/index.php?rest_route=%2Fwp%2Fv2%2Fcategories&post=130968"},{"taxonomy":"post_tag","embeddable":true,"href":"https:\/\/blogdofarnesio.com.br\/index.php?rest_route=%2Fwp%2Fv2%2Ftags&post=130968"}],"curies":[{"name":"wp","href":"https:\/\/api.w.org\/{rel}","templated":true}]}}