{"id":130967,"date":"2015-10-05T12:30:55","date_gmt":"2015-10-05T15:30:55","guid":{"rendered":"http:\/\/www.quersaberpolitica.com.br\/?p=130967"},"modified":"2015-10-05T12:46:17","modified_gmt":"2015-10-05T15:46:17","slug":"transito-de-juazeiro-fez-mais-uma-vitima-fatal-ontem-a-noite","status":"publish","type":"post","link":"https:\/\/blogdofarnesio.com.br\/2015\/10\/transito-de-juazeiro-fez-mais-uma-vitima-fatal-ontem-a-noite\/","title":{"rendered":"TR\u00c2NSITO DE JUAZEIRO FEZ MAIS UMA V\u00cdTIMA FATAL ONTEM A NOITE"},"content":{"rendered":"<div id=\"post-body-400944644406933606\" class=\"post-body entry-content\">\n<div class=\"separator\" style=\"text-align: justify\"><a href=\"http:\/\/2.bp.blogspot.com\/-QpOzB44zKJk\/VhHrlpOJS_I\/AAAAAAAAXjY\/xUFjijuES9k\/s1600\/12144709_1010151222338491_4976701516970938520_n.jpg\"><img loading=\"lazy\" decoding=\"async\" class=\" aligncenter\" src=\"http:\/\/2.bp.blogspot.com\/-QpOzB44zKJk\/VhHrlpOJS_I\/AAAAAAAAXjY\/xUFjijuES9k\/s640\/12144709_1010151222338491_4976701516970938520_n.jpg\" alt=\"\" width=\"420\" height=\"170\" border=\"0\" \/><\/a><\/div>\n<div style=\"text-align: justify\">Por volta das 20:15h da noite deste domingo, 04, aconteceu uma colis\u00e3o entre um caminh\u00e3o e uma motocicleta na BR, 407, na altura do Km 11 pr\u00f3ximo ao Posto Trevo na cidade de Juazeiro Bahia, deixando uma v\u00edtima fatal.A Policia foi acionada e constatou que o motociclista morreu no local. Trata-se do jovem Marcocelino Daniel Firmino, nascido em 18\/05\/1989.\u00a0O corpo foi recolhido pelo IML de Juazeiro e encaminhado ao referido Instituto.<\/p>\n<\/div>\n<\/div>\n","protected":false},"excerpt":{"rendered":"<p>Por volta das 20:15h da noite deste domingo, 04, aconteceu uma colis\u00e3o entre um caminh\u00e3o e uma motocicleta na BR, 407, na altura do Km 11 pr\u00f3ximo ao Posto Trevo na cidade de Juazeiro Bahia, deixando uma v\u00edtima fatal.A Policia foi acionada e constatou que o motociclista morreu no local. Trata-se do jovem Marcocelino Daniel Firmino, nascido em 18\/05\/1989.\u00a0O corpo foi recolhido pelo IML de Juazeiro e encaminhado ao referido Instituto.<\/p>\n","protected":false},"author":3,"featured_media":0,"comment_status":"open","ping_status":"open","sticky":false,"template":"","format":"standard","meta":{"_acf_changed":false,"footnotes":""},"categories":[1],"tags":[],"class_list":["post-130967","post","type-post","status-publish","format-standard","hentry","category-politica"],"acf":[],"yoast_head":"<!-- This site is optimized with the Yoast SEO plugin v27.5 - https:\/\/yoast.com\/product\/yoast-seo-wordpress\/ -->\n<title>TR\u00c2NSITO DE JUAZEIRO FEZ MAIS UMA V\u00cdTIMA FATAL ONTEM A NOITE - Blog do Farn\u00e9sio<\/title>\n<meta name=\"robots\" content=\"index, follow, max-snippet:-1, max-image-preview:large, max-video-preview:-1\" \/>\n<link rel=\"canonical\" href=\"https:\/\/blogdofarnesio.com.br\/2015\/10\/transito-de-juazeiro-fez-mais-uma-vitima-fatal-ontem-a-noite\/\" \/>\n<meta property=\"og:locale\" content=\"pt_BR\" \/>\n<meta property=\"og:type\" content=\"article\" \/>\n<meta property=\"og:title\" content=\"TR\u00c2NSITO DE JUAZEIRO FEZ MAIS UMA V\u00cdTIMA FATAL ONTEM A NOITE - Blog do Farn\u00e9sio\" \/>\n<meta property=\"og:description\" content=\"Por volta das 20:15h da noite deste domingo, 04, aconteceu uma colis\u00e3o entre um caminh\u00e3o e uma motocicleta na BR, 407, na altura do Km 11 pr\u00f3ximo ao Posto Trevo na cidade de Juazeiro Bahia, deixando uma v\u00edtima fatal.A Policia foi acionada e constatou que o motociclista morreu no local. Trata-se do jovem Marcocelino Daniel Firmino, nascido em 18\/05\/1989.\u00a0O corpo foi recolhido pelo IML de Juazeiro e encaminhado ao referido Instituto.\" \/>\n<meta property=\"og:url\" content=\"https:\/\/blogdofarnesio.com.br\/2015\/10\/transito-de-juazeiro-fez-mais-uma-vitima-fatal-ontem-a-noite\/\" \/>\n<meta property=\"og:site_name\" content=\"Blog do Farn\u00e9sio\" \/>\n<meta property=\"article:publisher\" content=\"https:\/\/www.facebook.com\/BlogQuerSaberPolitica\/\" \/>\n<meta property=\"article:published_time\" content=\"2015-10-05T15:30:55+00:00\" \/>\n<meta property=\"article:modified_time\" content=\"2015-10-05T15:46:17+00:00\" \/>\n<meta property=\"og:image\" content=\"http:\/\/2.bp.blogspot.com\/-QpOzB44zKJk\/VhHrlpOJS_I\/AAAAAAAAXjY\/xUFjijuES9k\/s640\/12144709_1010151222338491_4976701516970938520_n.jpg\" \/>\n<meta name=\"author\" content=\"teste\" \/>\n<meta name=\"twitter:card\" content=\"summary_large_image\" \/>\n<meta name=\"twitter:label1\" content=\"Escrito por\" \/>\n\t<meta name=\"twitter:data1\" content=\"teste\" \/>\n<script type=\"application\/ld+json\" class=\"yoast-schema-graph\">{\"@context\":\"https:\\\/\\\/schema.org\",\"@graph\":[{\"@type\":\"Article\",\"@id\":\"https:\\\/\\\/blogdofarnesio.com.br\\\/2015\\\/10\\\/transito-de-juazeiro-fez-mais-uma-vitima-fatal-ontem-a-noite\\\/#article\",\"isPartOf\":{\"@id\":\"https:\\\/\\\/blogdofarnesio.com.br\\\/2015\\\/10\\\/transito-de-juazeiro-fez-mais-uma-vitima-fatal-ontem-a-noite\\\/\"},\"author\":{\"name\":\"teste\",\"@id\":\"https:\\\/\\\/blogdofarnesio.com.br\\\/#\\\/schema\\\/person\\\/dd1bf5eba40b687199ba45ca6b97dff9\"},\"headline\":\"TR\u00c2NSITO DE JUAZEIRO FEZ MAIS UMA V\u00cdTIMA FATAL ONTEM A NOITE\",\"datePublished\":\"2015-10-05T15:30:55+00:00\",\"dateModified\":\"2015-10-05T15:46:17+00:00\",\"mainEntityOfPage\":{\"@id\":\"https:\\\/\\\/blogdofarnesio.com.br\\\/2015\\\/10\\\/transito-de-juazeiro-fez-mais-uma-vitima-fatal-ontem-a-noite\\\/\"},\"wordCount\":86,\"commentCount\":0,\"publisher\":{\"@id\":\"https:\\\/\\\/blogdofarnesio.com.br\\\/#organization\"},\"image\":{\"@id\":\"https:\\\/\\\/blogdofarnesio.com.br\\\/2015\\\/10\\\/transito-de-juazeiro-fez-mais-uma-vitima-fatal-ontem-a-noite\\\/#primaryimage\"},\"thumbnailUrl\":\"http:\\\/\\\/2.bp.blogspot.com\\\/-QpOzB44zKJk\\\/VhHrlpOJS_I\\\/AAAAAAAAXjY\\\/xUFjijuES9k\\\/s640\\\/12144709_1010151222338491_4976701516970938520_n.jpg\",\"articleSection\":[\"Pol\u00edtica\"],\"inLanguage\":\"pt-BR\",\"potentialAction\":[{\"@type\":\"CommentAction\",\"name\":\"Comment\",\"target\":[\"https:\\\/\\\/blogdofarnesio.com.br\\\/2015\\\/10\\\/transito-de-juazeiro-fez-mais-uma-vitima-fatal-ontem-a-noite\\\/#respond\"]}]},{\"@type\":\"WebPage\",\"@id\":\"https:\\\/\\\/blogdofarnesio.com.br\\\/2015\\\/10\\\/transito-de-juazeiro-fez-mais-uma-vitima-fatal-ontem-a-noite\\\/\",\"url\":\"https:\\\/\\\/blogdofarnesio.com.br\\\/2015\\\/10\\\/transito-de-juazeiro-fez-mais-uma-vitima-fatal-ontem-a-noite\\\/\",\"name\":\"TR\u00c2NSITO DE JUAZEIRO FEZ MAIS UMA V\u00cdTIMA FATAL ONTEM A NOITE - Blog do Farn\u00e9sio\",\"isPartOf\":{\"@id\":\"https:\\\/\\\/blogdofarnesio.com.br\\\/#website\"},\"primaryImageOfPage\":{\"@id\":\"https:\\\/\\\/blogdofarnesio.com.br\\\/2015\\\/10\\\/transito-de-juazeiro-fez-mais-uma-vitima-fatal-ontem-a-noite\\\/#primaryimage\"},\"image\":{\"@id\":\"https:\\\/\\\/blogdofarnesio.com.br\\\/2015\\\/10\\\/transito-de-juazeiro-fez-mais-uma-vitima-fatal-ontem-a-noite\\\/#primaryimage\"},\"thumbnailUrl\":\"http:\\\/\\\/2.bp.blogspot.com\\\/-QpOzB44zKJk\\\/VhHrlpOJS_I\\\/AAAAAAAAXjY\\\/xUFjijuES9k\\\/s640\\\/12144709_1010151222338491_4976701516970938520_n.jpg\",\"datePublished\":\"2015-10-05T15:30:55+00:00\",\"dateModified\":\"2015-10-05T15:46:17+00:00\",\"breadcrumb\":{\"@id\":\"https:\\\/\\\/blogdofarnesio.com.br\\\/2015\\\/10\\\/transito-de-juazeiro-fez-mais-uma-vitima-fatal-ontem-a-noite\\\/#breadcrumb\"},\"inLanguage\":\"pt-BR\",\"potentialAction\":[{\"@type\":\"ReadAction\",\"target\":[\"https:\\\/\\\/blogdofarnesio.com.br\\\/2015\\\/10\\\/transito-de-juazeiro-fez-mais-uma-vitima-fatal-ontem-a-noite\\\/\"]}]},{\"@type\":\"ImageObject\",\"inLanguage\":\"pt-BR\",\"@id\":\"https:\\\/\\\/blogdofarnesio.com.br\\\/2015\\\/10\\\/transito-de-juazeiro-fez-mais-uma-vitima-fatal-ontem-a-noite\\\/#primaryimage\",\"url\":\"http:\\\/\\\/2.bp.blogspot.com\\\/-QpOzB44zKJk\\\/VhHrlpOJS_I\\\/AAAAAAAAXjY\\\/xUFjijuES9k\\\/s640\\\/12144709_1010151222338491_4976701516970938520_n.jpg\",\"contentUrl\":\"http:\\\/\\\/2.bp.blogspot.com\\\/-QpOzB44zKJk\\\/VhHrlpOJS_I\\\/AAAAAAAAXjY\\\/xUFjijuES9k\\\/s640\\\/12144709_1010151222338491_4976701516970938520_n.jpg\"},{\"@type\":\"BreadcrumbList\",\"@id\":\"https:\\\/\\\/blogdofarnesio.com.br\\\/2015\\\/10\\\/transito-de-juazeiro-fez-mais-uma-vitima-fatal-ontem-a-noite\\\/#breadcrumb\",\"itemListElement\":[{\"@type\":\"ListItem\",\"position\":1,\"name\":\"In\u00edcio\",\"item\":\"https:\\\/\\\/blogdofarnesio.com.br\\\/\"},{\"@type\":\"ListItem\",\"position\":2,\"name\":\"TR\u00c2NSITO DE JUAZEIRO FEZ MAIS UMA V\u00cdTIMA FATAL ONTEM A NOITE\"}]},{\"@type\":\"WebSite\",\"@id\":\"https:\\\/\\\/blogdofarnesio.com.br\\\/#website\",\"url\":\"https:\\\/\\\/blogdofarnesio.com.br\\\/\",\"name\":\"Blog do Farn\u00e9sio\",\"description\":\"Quer Saber Pol\u00edtica?\",\"publisher\":{\"@id\":\"https:\\\/\\\/blogdofarnesio.com.br\\\/#organization\"},\"potentialAction\":[{\"@type\":\"SearchAction\",\"target\":{\"@type\":\"EntryPoint\",\"urlTemplate\":\"https:\\\/\\\/blogdofarnesio.com.br\\\/?s={search_term_string}\"},\"query-input\":{\"@type\":\"PropertyValueSpecification\",\"valueRequired\":true,\"valueName\":\"search_term_string\"}}],\"inLanguage\":\"pt-BR\"},{\"@type\":\"Organization\",\"@id\":\"https:\\\/\\\/blogdofarnesio.com.br\\\/#organization\",\"name\":\"Blog do Farn\u00e9sio\",\"url\":\"https:\\\/\\\/blogdofarnesio.com.br\\\/\",\"logo\":{\"@type\":\"ImageObject\",\"inLanguage\":\"pt-BR\",\"@id\":\"https:\\\/\\\/blogdofarnesio.com.br\\\/#\\\/schema\\\/logo\\\/image\\\/\",\"url\":\"https:\\\/\\\/blogdofarnesio.com.br\\\/wp-content\\\/uploads\\\/2026\\\/03\\\/cropped-logo_new-1.png\",\"contentUrl\":\"https:\\\/\\\/blogdofarnesio.com.br\\\/wp-content\\\/uploads\\\/2026\\\/03\\\/cropped-logo_new-1.png\",\"width\":881,\"height\":685,\"caption\":\"Blog do Farn\u00e9sio\"},\"image\":{\"@id\":\"https:\\\/\\\/blogdofarnesio.com.br\\\/#\\\/schema\\\/logo\\\/image\\\/\"},\"sameAs\":[\"https:\\\/\\\/www.facebook.com\\\/BlogQuerSaberPolitica\\\/\"]},{\"@type\":\"Person\",\"@id\":\"https:\\\/\\\/blogdofarnesio.com.br\\\/#\\\/schema\\\/person\\\/dd1bf5eba40b687199ba45ca6b97dff9\",\"name\":\"teste\",\"image\":{\"@type\":\"ImageObject\",\"inLanguage\":\"pt-BR\",\"@id\":\"https:\\\/\\\/secure.gravatar.com\\\/avatar\\\/2172498d4914b51e1d89a0f97957b035ac4938723a5cac208135d389b6972a6d?s=96&d=mm&r=g\",\"url\":\"https:\\\/\\\/secure.gravatar.com\\\/avatar\\\/2172498d4914b51e1d89a0f97957b035ac4938723a5cac208135d389b6972a6d?s=96&d=mm&r=g\",\"contentUrl\":\"https:\\\/\\\/secure.gravatar.com\\\/avatar\\\/2172498d4914b51e1d89a0f97957b035ac4938723a5cac208135d389b6972a6d?s=96&d=mm&r=g\",\"caption\":\"teste\"},\"url\":\"https:\\\/\\\/blogdofarnesio.com.br\\\/author\\\/teste\\\/\"}]}<\/script>\n<!-- \/ Yoast SEO plugin. -->","yoast_head_json":{"title":"TR\u00c2NSITO DE JUAZEIRO FEZ MAIS UMA V\u00cdTIMA FATAL ONTEM A NOITE - Blog do Farn\u00e9sio","robots":{"index":"index","follow":"follow","max-snippet":"max-snippet:-1","max-image-preview":"max-image-preview:large","max-video-preview":"max-video-preview:-1"},"canonical":"https:\/\/blogdofarnesio.com.br\/2015\/10\/transito-de-juazeiro-fez-mais-uma-vitima-fatal-ontem-a-noite\/","og_locale":"pt_BR","og_type":"article","og_title":"TR\u00c2NSITO DE JUAZEIRO FEZ MAIS UMA V\u00cdTIMA FATAL ONTEM A NOITE - Blog do Farn\u00e9sio","og_description":"Por volta das 20:15h da noite deste domingo, 04, aconteceu uma colis\u00e3o entre um caminh\u00e3o e uma motocicleta na BR, 407, na altura do Km 11 pr\u00f3ximo ao Posto Trevo na cidade de Juazeiro Bahia, deixando uma v\u00edtima fatal.A Policia foi acionada e constatou que o motociclista morreu no local. Trata-se do jovem Marcocelino Daniel Firmino, nascido em 18\/05\/1989.\u00a0O corpo foi recolhido pelo IML de Juazeiro e encaminhado ao referido Instituto.","og_url":"https:\/\/blogdofarnesio.com.br\/2015\/10\/transito-de-juazeiro-fez-mais-uma-vitima-fatal-ontem-a-noite\/","og_site_name":"Blog do Farn\u00e9sio","article_publisher":"https:\/\/www.facebook.com\/BlogQuerSaberPolitica\/","article_published_time":"2015-10-05T15:30:55+00:00","article_modified_time":"2015-10-05T15:46:17+00:00","og_image":[{"url":"http:\/\/2.bp.blogspot.com\/-QpOzB44zKJk\/VhHrlpOJS_I\/AAAAAAAAXjY\/xUFjijuES9k\/s640\/12144709_1010151222338491_4976701516970938520_n.jpg","type":"","width":"","height":""}],"author":"teste","twitter_card":"summary_large_image","twitter_misc":{"Escrito por":"teste"},"schema":{"@context":"https:\/\/schema.org","@graph":[{"@type":"Article","@id":"https:\/\/blogdofarnesio.com.br\/2015\/10\/transito-de-juazeiro-fez-mais-uma-vitima-fatal-ontem-a-noite\/#article","isPartOf":{"@id":"https:\/\/blogdofarnesio.com.br\/2015\/10\/transito-de-juazeiro-fez-mais-uma-vitima-fatal-ontem-a-noite\/"},"author":{"name":"teste","@id":"https:\/\/blogdofarnesio.com.br\/#\/schema\/person\/dd1bf5eba40b687199ba45ca6b97dff9"},"headline":"TR\u00c2NSITO DE JUAZEIRO FEZ MAIS UMA V\u00cdTIMA FATAL ONTEM A NOITE","datePublished":"2015-10-05T15:30:55+00:00","dateModified":"2015-10-05T15:46:17+00:00","mainEntityOfPage":{"@id":"https:\/\/blogdofarnesio.com.br\/2015\/10\/transito-de-juazeiro-fez-mais-uma-vitima-fatal-ontem-a-noite\/"},"wordCount":86,"commentCount":0,"publisher":{"@id":"https:\/\/blogdofarnesio.com.br\/#organization"},"image":{"@id":"https:\/\/blogdofarnesio.com.br\/2015\/10\/transito-de-juazeiro-fez-mais-uma-vitima-fatal-ontem-a-noite\/#primaryimage"},"thumbnailUrl":"http:\/\/2.bp.blogspot.com\/-QpOzB44zKJk\/VhHrlpOJS_I\/AAAAAAAAXjY\/xUFjijuES9k\/s640\/12144709_1010151222338491_4976701516970938520_n.jpg","articleSection":["Pol\u00edtica"],"inLanguage":"pt-BR","potentialAction":[{"@type":"CommentAction","name":"Comment","target":["https:\/\/blogdofarnesio.com.br\/2015\/10\/transito-de-juazeiro-fez-mais-uma-vitima-fatal-ontem-a-noite\/#respond"]}]},{"@type":"WebPage","@id":"https:\/\/blogdofarnesio.com.br\/2015\/10\/transito-de-juazeiro-fez-mais-uma-vitima-fatal-ontem-a-noite\/","url":"https:\/\/blogdofarnesio.com.br\/2015\/10\/transito-de-juazeiro-fez-mais-uma-vitima-fatal-ontem-a-noite\/","name":"TR\u00c2NSITO DE JUAZEIRO FEZ MAIS UMA V\u00cdTIMA FATAL ONTEM A NOITE - Blog do Farn\u00e9sio","isPartOf":{"@id":"https:\/\/blogdofarnesio.com.br\/#website"},"primaryImageOfPage":{"@id":"https:\/\/blogdofarnesio.com.br\/2015\/10\/transito-de-juazeiro-fez-mais-uma-vitima-fatal-ontem-a-noite\/#primaryimage"},"image":{"@id":"https:\/\/blogdofarnesio.com.br\/2015\/10\/transito-de-juazeiro-fez-mais-uma-vitima-fatal-ontem-a-noite\/#primaryimage"},"thumbnailUrl":"http:\/\/2.bp.blogspot.com\/-QpOzB44zKJk\/VhHrlpOJS_I\/AAAAAAAAXjY\/xUFjijuES9k\/s640\/12144709_1010151222338491_4976701516970938520_n.jpg","datePublished":"2015-10-05T15:30:55+00:00","dateModified":"2015-10-05T15:46:17+00:00","breadcrumb":{"@id":"https:\/\/blogdofarnesio.com.br\/2015\/10\/transito-de-juazeiro-fez-mais-uma-vitima-fatal-ontem-a-noite\/#breadcrumb"},"inLanguage":"pt-BR","potentialAction":[{"@type":"ReadAction","target":["https:\/\/blogdofarnesio.com.br\/2015\/10\/transito-de-juazeiro-fez-mais-uma-vitima-fatal-ontem-a-noite\/"]}]},{"@type":"ImageObject","inLanguage":"pt-BR","@id":"https:\/\/blogdofarnesio.com.br\/2015\/10\/transito-de-juazeiro-fez-mais-uma-vitima-fatal-ontem-a-noite\/#primaryimage","url":"http:\/\/2.bp.blogspot.com\/-QpOzB44zKJk\/VhHrlpOJS_I\/AAAAAAAAXjY\/xUFjijuES9k\/s640\/12144709_1010151222338491_4976701516970938520_n.jpg","contentUrl":"http:\/\/2.bp.blogspot.com\/-QpOzB44zKJk\/VhHrlpOJS_I\/AAAAAAAAXjY\/xUFjijuES9k\/s640\/12144709_1010151222338491_4976701516970938520_n.jpg"},{"@type":"BreadcrumbList","@id":"https:\/\/blogdofarnesio.com.br\/2015\/10\/transito-de-juazeiro-fez-mais-uma-vitima-fatal-ontem-a-noite\/#breadcrumb","itemListElement":[{"@type":"ListItem","position":1,"name":"In\u00edcio","item":"https:\/\/blogdofarnesio.com.br\/"},{"@type":"ListItem","position":2,"name":"TR\u00c2NSITO DE JUAZEIRO FEZ MAIS UMA V\u00cdTIMA FATAL ONTEM A NOITE"}]},{"@type":"WebSite","@id":"https:\/\/blogdofarnesio.com.br\/#website","url":"https:\/\/blogdofarnesio.com.br\/","name":"Blog do Farn\u00e9sio","description":"Quer Saber Pol\u00edtica?","publisher":{"@id":"https:\/\/blogdofarnesio.com.br\/#organization"},"potentialAction":[{"@type":"SearchAction","target":{"@type":"EntryPoint","urlTemplate":"https:\/\/blogdofarnesio.com.br\/?s={search_term_string}"},"query-input":{"@type":"PropertyValueSpecification","valueRequired":true,"valueName":"search_term_string"}}],"inLanguage":"pt-BR"},{"@type":"Organization","@id":"https:\/\/blogdofarnesio.com.br\/#organization","name":"Blog do Farn\u00e9sio","url":"https:\/\/blogdofarnesio.com.br\/","logo":{"@type":"ImageObject","inLanguage":"pt-BR","@id":"https:\/\/blogdofarnesio.com.br\/#\/schema\/logo\/image\/","url":"https:\/\/blogdofarnesio.com.br\/wp-content\/uploads\/2026\/03\/cropped-logo_new-1.png","contentUrl":"https:\/\/blogdofarnesio.com.br\/wp-content\/uploads\/2026\/03\/cropped-logo_new-1.png","width":881,"height":685,"caption":"Blog do Farn\u00e9sio"},"image":{"@id":"https:\/\/blogdofarnesio.com.br\/#\/schema\/logo\/image\/"},"sameAs":["https:\/\/www.facebook.com\/BlogQuerSaberPolitica\/"]},{"@type":"Person","@id":"https:\/\/blogdofarnesio.com.br\/#\/schema\/person\/dd1bf5eba40b687199ba45ca6b97dff9","name":"teste","image":{"@type":"ImageObject","inLanguage":"pt-BR","@id":"https:\/\/secure.gravatar.com\/avatar\/2172498d4914b51e1d89a0f97957b035ac4938723a5cac208135d389b6972a6d?s=96&d=mm&r=g","url":"https:\/\/secure.gravatar.com\/avatar\/2172498d4914b51e1d89a0f97957b035ac4938723a5cac208135d389b6972a6d?s=96&d=mm&r=g","contentUrl":"https:\/\/secure.gravatar.com\/avatar\/2172498d4914b51e1d89a0f97957b035ac4938723a5cac208135d389b6972a6d?s=96&d=mm&r=g","caption":"teste"},"url":"https:\/\/blogdofarnesio.com.br\/author\/teste\/"}]}},"_links":{"self":[{"href":"https:\/\/blogdofarnesio.com.br\/wp-json\/wp\/v2\/posts\/130967","targetHints":{"allow":["GET"]}}],"collection":[{"href":"https:\/\/blogdofarnesio.com.br\/wp-json\/wp\/v2\/posts"}],"about":[{"href":"https:\/\/blogdofarnesio.com.br\/wp-json\/wp\/v2\/types\/post"}],"author":[{"embeddable":true,"href":"https:\/\/blogdofarnesio.com.br\/wp-json\/wp\/v2\/users\/3"}],"replies":[{"embeddable":true,"href":"https:\/\/blogdofarnesio.com.br\/wp-json\/wp\/v2\/comments?post=130967"}],"version-history":[{"count":0,"href":"https:\/\/blogdofarnesio.com.br\/wp-json\/wp\/v2\/posts\/130967\/revisions"}],"wp:attachment":[{"href":"https:\/\/blogdofarnesio.com.br\/wp-json\/wp\/v2\/media?parent=130967"}],"wp:term":[{"taxonomy":"category","embeddable":true,"href":"https:\/\/blogdofarnesio.com.br\/wp-json\/wp\/v2\/categories?post=130967"},{"taxonomy":"post_tag","embeddable":true,"href":"https:\/\/blogdofarnesio.com.br\/wp-json\/wp\/v2\/tags?post=130967"}],"curies":[{"name":"wp","href":"https:\/\/api.w.org\/{rel}","templated":true}]}}