{"id":130949,"date":"2015-10-05T14:21:43","date_gmt":"2015-10-05T17:21:43","guid":{"rendered":"http:\/\/www.quersaberpolitica.com.br\/?p=130949"},"modified":"2015-10-05T09:35:37","modified_gmt":"2015-10-05T12:35:37","slug":"como-ficara-a-zona-azul-de-juazeiro","status":"publish","type":"post","link":"https:\/\/blogdofarnesio.com.br\/?p=130949","title":{"rendered":"COMO FICAR\u00c1 A ZONA AZUL DE JUAZEIRO?"},"content":{"rendered":"<p style=\"text-align: justify\"><a href=\"http:\/\/www.quersaberpolitica.com.br\/2016\/wp-content\/uploads\/2015\/10\/Zona-Azul.jpg\"><img loading=\"lazy\" decoding=\"async\" class=\" size-medium wp-image-130950 aligncenter\" src=\"http:\/\/www.quersaberpolitica.com.br\/2016\/wp-content\/uploads\/2015\/10\/Zona-Azul-300x277.jpg\" alt=\"Zona-Azul\" width=\"300\" height=\"277\" srcset=\"https:\/\/blogdofarnesio.com.br\/wp-content\/uploads\/2015\/10\/Zona-Azul-300x277.jpg 300w, https:\/\/blogdofarnesio.com.br\/wp-content\/uploads\/2015\/10\/Zona-Azul-1024x946.jpg 1024w, https:\/\/blogdofarnesio.com.br\/wp-content\/uploads\/2015\/10\/Zona-Azul-325x300.jpg 325w, https:\/\/blogdofarnesio.com.br\/wp-content\/uploads\/2015\/10\/Zona-Azul.jpg 1600w\" sizes=\"auto, (max-width: 300px) 100vw, 300px\" \/><\/a><\/p>\n<p style=\"text-align: justify\">Vejam a nova Jurisprud\u00eancia do Tribunal de Justi\u00e7a-SP. Agora as Prefeituras pensar\u00e3o duas vezes antes de licitar Zonas Azuis e Juazeiro ficar\u00e1 como?<\/p>\n<p style=\"text-align: justify\">Quem paga Zona Azul tem direito \u00e0 seguran\u00e7a do carro &#8216;Optando o Poder P\u00fablico pela cobran\u00e7a de remunera\u00e7\u00e3o de estacionamentos em vias p\u00fablicas de uso comum do povo, tem o dever de vigi\u00e1-los, com responsabilidade pelos danos ali ocorridos&#8217;. Assim, a empresa que administra a Zona Azul de S\u00e3o Carlos, foi condenada a pagar indeniza\u00e7\u00e3o no valor de R$ 18,5 mil ao motorista Irineu Camargo de Souza de Itirapina\/SP, que teve o carro furtado quando ocupava uma das vagas do sistema de Zona Azul da cidade de S\u00e3o Carlos, servi\u00e7o explorado pela empresa.<\/p>\n<p style=\"text-align: justify\">A decis\u00e3o \u00e9 da 1\u00aa C\u00e2mara de Direito Civil do Tribunal de Justi\u00e7a de S\u00e3o Paulo confirmando senten\u00e7a da comarca de Itirapina.<\/p>\n<p style=\"text-align: justify\">Agora j\u00e1 existe jurisprud\u00eancia firmada!<\/p>\n<p style=\"text-align: justify\">Para se exercer a plena cidadania, \u00e9 imprescind\u00edvel a informa\u00e7\u00e3o.<\/p>\n<p style=\"text-align: justify\">Fique ciente!!!!<\/p>\n<p style=\"text-align: justify\">INDEPENDENTEMENTE DO SEGURO PARTICULAR, AGORA PODEREMOS EXECUTAR AS PREFEITURAS!!!!<\/p>\n<p style=\"text-align: justify\">Esta vale a pena circular, mas tem gente que n\u00e3o tem interesse em tornar isso p\u00fablico. Esta informa\u00e7\u00e3o \u00e9 muito v\u00e1lida para n\u00f3s contribuintes.<!--more--><\/p>\n<p style=\"text-align: justify\">Vamos aproveitar e exercer o nosso direito de cidadania repassando este e-mail<\/p>\n<p style=\"text-align: justify\">Mais um direito que estava escondido<\/p>\n<p style=\"text-align: justify\">A minha pergunta \u00e9: Quando \u00e9 que vai sair a zona azul de Juazeiro? J\u00e1 v\u00e3o 6 anos tentando licitar e n\u00e3o conseguem licitar? Ser\u00e1 que tem alguma coisa errada ou e s\u00f3 incompet\u00eancia? Com a palavra a prefeitura Municipal de Juazeiro.<\/p>\n<p><em><strong>Marizalda Alves\/\u00a0<\/strong><strong>Cidad\u00e3o Juazeirense e de olho na pol\u00edtica de Juazeiro<\/strong><\/em><\/p>\n","protected":false},"excerpt":{"rendered":"<p>Vejam a nova Jurisprud\u00eancia do Tribunal de Justi\u00e7a-SP. Agora as Prefeituras pensar\u00e3o duas vezes antes de licitar Zonas Azuis e Juazeiro ficar\u00e1 como? Quem paga Zona Azul tem direito \u00e0 seguran\u00e7a do carro &#8216;Optando o Poder P\u00fablico pela cobran\u00e7a de remunera\u00e7\u00e3o de estacionamentos em vias p\u00fablicas de uso comum do povo, tem o dever de vigi\u00e1-los, com responsabilidade pelos danos ali ocorridos&#8217;. Assim, a empresa que administra a Zona Azul de S\u00e3o Carlos, foi condenada a pagar indeniza\u00e7\u00e3o no valor de R$ 18,5 mil ao motorista Irineu Camargo de Souza de Itirapina\/SP, que teve o carro furtado quando ocupava uma das vagas do sistema de Zona Azul da cidade de S\u00e3o Carlos, servi\u00e7o explorado pela empresa. A decis\u00e3o \u00e9 da&hellip; <\/p>\n","protected":false},"author":7,"featured_media":0,"comment_status":"open","ping_status":"open","sticky":false,"template":"","format":"standard","meta":{"_acf_changed":false,"footnotes":""},"categories":[21],"tags":[],"class_list":["post-130949","post","type-post","status-publish","format-standard","hentry","category-transito"],"acf":[],"yoast_head":"<!-- This site is optimized with the Yoast SEO plugin v27.4 - https:\/\/yoast.com\/product\/yoast-seo-wordpress\/ -->\n<title>COMO FICAR\u00c1 A ZONA AZUL DE JUAZEIRO? - Blog do Farn\u00e9sio<\/title>\n<meta name=\"robots\" content=\"index, follow, max-snippet:-1, max-image-preview:large, max-video-preview:-1\" \/>\n<link rel=\"canonical\" href=\"https:\/\/blogdofarnesio.com.br\/?p=130949\" \/>\n<meta property=\"og:locale\" content=\"pt_BR\" \/>\n<meta property=\"og:type\" content=\"article\" \/>\n<meta property=\"og:title\" content=\"COMO FICAR\u00c1 A ZONA AZUL DE JUAZEIRO? - Blog do Farn\u00e9sio\" \/>\n<meta property=\"og:description\" content=\"Vejam a nova Jurisprud\u00eancia do Tribunal de Justi\u00e7a-SP. Agora as Prefeituras pensar\u00e3o duas vezes antes de licitar Zonas Azuis e Juazeiro ficar\u00e1 como? Quem paga Zona Azul tem direito \u00e0 seguran\u00e7a do carro &#8216;Optando o Poder P\u00fablico pela cobran\u00e7a de remunera\u00e7\u00e3o de estacionamentos em vias p\u00fablicas de uso comum do povo, tem o dever de vigi\u00e1-los, com responsabilidade pelos danos ali ocorridos&#8217;. Assim, a empresa que administra a Zona Azul de S\u00e3o Carlos, foi condenada a pagar indeniza\u00e7\u00e3o no valor de R$ 18,5 mil ao motorista Irineu Camargo de Souza de Itirapina\/SP, que teve o carro furtado quando ocupava uma das vagas do sistema de Zona Azul da cidade de S\u00e3o Carlos, servi\u00e7o explorado pela empresa. A decis\u00e3o \u00e9 da&hellip;\" \/>\n<meta property=\"og:url\" content=\"https:\/\/blogdofarnesio.com.br\/?p=130949\" \/>\n<meta property=\"og:site_name\" content=\"Blog do Farn\u00e9sio\" \/>\n<meta property=\"article:publisher\" content=\"https:\/\/www.facebook.com\/BlogQuerSaberPolitica\/\" \/>\n<meta property=\"article:published_time\" content=\"2015-10-05T17:21:43+00:00\" \/>\n<meta property=\"og:image\" content=\"http:\/\/www.quersaberpolitica.com.br\/2016\/wp-content\/uploads\/2015\/10\/Zona-Azul-300x277.jpg\" \/>\n<meta name=\"twitter:card\" content=\"summary_large_image\" \/>\n<meta name=\"twitter:label1\" content=\"Escrito por\" \/>\n\t<meta name=\"twitter:data1\" content=\"\" \/>\n\t<meta name=\"twitter:label2\" content=\"Est. tempo de leitura\" \/>\n\t<meta name=\"twitter:data2\" content=\"1 minuto\" \/>\n<script type=\"application\/ld+json\" class=\"yoast-schema-graph\">{\"@context\":\"https:\\\/\\\/schema.org\",\"@graph\":[{\"@type\":\"Article\",\"@id\":\"https:\\\/\\\/blogdofarnesio.com.br\\\/?p=130949#article\",\"isPartOf\":{\"@id\":\"https:\\\/\\\/blogdofarnesio.com.br\\\/?p=130949\"},\"author\":{\"name\":\"\",\"@id\":\"\"},\"headline\":\"COMO FICAR\u00c1 A ZONA AZUL DE JUAZEIRO?\",\"datePublished\":\"2015-10-05T17:21:43+00:00\",\"mainEntityOfPage\":{\"@id\":\"https:\\\/\\\/blogdofarnesio.com.br\\\/?p=130949\"},\"wordCount\":289,\"commentCount\":0,\"publisher\":{\"@id\":\"https:\\\/\\\/blogdofarnesio.com.br\\\/#organization\"},\"image\":{\"@id\":\"https:\\\/\\\/blogdofarnesio.com.br\\\/?p=130949#primaryimage\"},\"thumbnailUrl\":\"http:\\\/\\\/www.quersaberpolitica.com.br\\\/2016\\\/wp-content\\\/uploads\\\/2015\\\/10\\\/Zona-Azul-300x277.jpg\",\"articleSection\":[\"Tr\u00e2nsito\"],\"inLanguage\":\"pt-BR\",\"potentialAction\":[{\"@type\":\"CommentAction\",\"name\":\"Comment\",\"target\":[\"https:\\\/\\\/blogdofarnesio.com.br\\\/?p=130949#respond\"]}]},{\"@type\":\"WebPage\",\"@id\":\"https:\\\/\\\/blogdofarnesio.com.br\\\/?p=130949\",\"url\":\"https:\\\/\\\/blogdofarnesio.com.br\\\/?p=130949\",\"name\":\"COMO FICAR\u00c1 A ZONA AZUL DE JUAZEIRO? - Blog do Farn\u00e9sio\",\"isPartOf\":{\"@id\":\"https:\\\/\\\/blogdofarnesio.com.br\\\/#website\"},\"primaryImageOfPage\":{\"@id\":\"https:\\\/\\\/blogdofarnesio.com.br\\\/?p=130949#primaryimage\"},\"image\":{\"@id\":\"https:\\\/\\\/blogdofarnesio.com.br\\\/?p=130949#primaryimage\"},\"thumbnailUrl\":\"http:\\\/\\\/www.quersaberpolitica.com.br\\\/2016\\\/wp-content\\\/uploads\\\/2015\\\/10\\\/Zona-Azul-300x277.jpg\",\"datePublished\":\"2015-10-05T17:21:43+00:00\",\"breadcrumb\":{\"@id\":\"https:\\\/\\\/blogdofarnesio.com.br\\\/?p=130949#breadcrumb\"},\"inLanguage\":\"pt-BR\",\"potentialAction\":[{\"@type\":\"ReadAction\",\"target\":[\"https:\\\/\\\/blogdofarnesio.com.br\\\/?p=130949\"]}]},{\"@type\":\"ImageObject\",\"inLanguage\":\"pt-BR\",\"@id\":\"https:\\\/\\\/blogdofarnesio.com.br\\\/?p=130949#primaryimage\",\"url\":\"http:\\\/\\\/www.quersaberpolitica.com.br\\\/2016\\\/wp-content\\\/uploads\\\/2015\\\/10\\\/Zona-Azul-300x277.jpg\",\"contentUrl\":\"http:\\\/\\\/www.quersaberpolitica.com.br\\\/2016\\\/wp-content\\\/uploads\\\/2015\\\/10\\\/Zona-Azul-300x277.jpg\"},{\"@type\":\"BreadcrumbList\",\"@id\":\"https:\\\/\\\/blogdofarnesio.com.br\\\/?p=130949#breadcrumb\",\"itemListElement\":[{\"@type\":\"ListItem\",\"position\":1,\"name\":\"In\u00edcio\",\"item\":\"https:\\\/\\\/blogdofarnesio.com.br\\\/\"},{\"@type\":\"ListItem\",\"position\":2,\"name\":\"COMO FICAR\u00c1 A ZONA AZUL DE JUAZEIRO?\"}]},{\"@type\":\"WebSite\",\"@id\":\"https:\\\/\\\/blogdofarnesio.com.br\\\/#website\",\"url\":\"https:\\\/\\\/blogdofarnesio.com.br\\\/\",\"name\":\"Blog do Farn\u00e9sio\",\"description\":\"Quer Saber Pol\u00edtica?\",\"publisher\":{\"@id\":\"https:\\\/\\\/blogdofarnesio.com.br\\\/#organization\"},\"potentialAction\":[{\"@type\":\"SearchAction\",\"target\":{\"@type\":\"EntryPoint\",\"urlTemplate\":\"https:\\\/\\\/blogdofarnesio.com.br\\\/?s={search_term_string}\"},\"query-input\":{\"@type\":\"PropertyValueSpecification\",\"valueRequired\":true,\"valueName\":\"search_term_string\"}}],\"inLanguage\":\"pt-BR\"},{\"@type\":\"Organization\",\"@id\":\"https:\\\/\\\/blogdofarnesio.com.br\\\/#organization\",\"name\":\"Blog do Farn\u00e9sio\",\"url\":\"https:\\\/\\\/blogdofarnesio.com.br\\\/\",\"logo\":{\"@type\":\"ImageObject\",\"inLanguage\":\"pt-BR\",\"@id\":\"https:\\\/\\\/blogdofarnesio.com.br\\\/#\\\/schema\\\/logo\\\/image\\\/\",\"url\":\"https:\\\/\\\/blogdofarnesio.com.br\\\/wp-content\\\/uploads\\\/2026\\\/03\\\/cropped-logo_new-1.png\",\"contentUrl\":\"https:\\\/\\\/blogdofarnesio.com.br\\\/wp-content\\\/uploads\\\/2026\\\/03\\\/cropped-logo_new-1.png\",\"width\":881,\"height\":685,\"caption\":\"Blog do Farn\u00e9sio\"},\"image\":{\"@id\":\"https:\\\/\\\/blogdofarnesio.com.br\\\/#\\\/schema\\\/logo\\\/image\\\/\"},\"sameAs\":[\"https:\\\/\\\/www.facebook.com\\\/BlogQuerSaberPolitica\\\/\"]},{\"@type\":\"Person\",\"@id\":\"\",\"url\":\"https:\\\/\\\/blogdofarnesio.com.br\\\/?author=7\"}]}<\/script>\n<!-- \/ Yoast SEO plugin. -->","yoast_head_json":{"title":"COMO FICAR\u00c1 A ZONA AZUL DE JUAZEIRO? - Blog do Farn\u00e9sio","robots":{"index":"index","follow":"follow","max-snippet":"max-snippet:-1","max-image-preview":"max-image-preview:large","max-video-preview":"max-video-preview:-1"},"canonical":"https:\/\/blogdofarnesio.com.br\/?p=130949","og_locale":"pt_BR","og_type":"article","og_title":"COMO FICAR\u00c1 A ZONA AZUL DE JUAZEIRO? - Blog do Farn\u00e9sio","og_description":"Vejam a nova Jurisprud\u00eancia do Tribunal de Justi\u00e7a-SP. Agora as Prefeituras pensar\u00e3o duas vezes antes de licitar Zonas Azuis e Juazeiro ficar\u00e1 como? Quem paga Zona Azul tem direito \u00e0 seguran\u00e7a do carro &#8216;Optando o Poder P\u00fablico pela cobran\u00e7a de remunera\u00e7\u00e3o de estacionamentos em vias p\u00fablicas de uso comum do povo, tem o dever de vigi\u00e1-los, com responsabilidade pelos danos ali ocorridos&#8217;. Assim, a empresa que administra a Zona Azul de S\u00e3o Carlos, foi condenada a pagar indeniza\u00e7\u00e3o no valor de R$ 18,5 mil ao motorista Irineu Camargo de Souza de Itirapina\/SP, que teve o carro furtado quando ocupava uma das vagas do sistema de Zona Azul da cidade de S\u00e3o Carlos, servi\u00e7o explorado pela empresa. A decis\u00e3o \u00e9 da&hellip;","og_url":"https:\/\/blogdofarnesio.com.br\/?p=130949","og_site_name":"Blog do Farn\u00e9sio","article_publisher":"https:\/\/www.facebook.com\/BlogQuerSaberPolitica\/","article_published_time":"2015-10-05T17:21:43+00:00","og_image":[{"url":"http:\/\/www.quersaberpolitica.com.br\/2016\/wp-content\/uploads\/2015\/10\/Zona-Azul-300x277.jpg","type":"","width":"","height":""}],"twitter_card":"summary_large_image","twitter_misc":{"Escrito por":"","Est. tempo de leitura":"1 minuto"},"schema":{"@context":"https:\/\/schema.org","@graph":[{"@type":"Article","@id":"https:\/\/blogdofarnesio.com.br\/?p=130949#article","isPartOf":{"@id":"https:\/\/blogdofarnesio.com.br\/?p=130949"},"author":{"name":"","@id":""},"headline":"COMO FICAR\u00c1 A ZONA AZUL DE JUAZEIRO?","datePublished":"2015-10-05T17:21:43+00:00","mainEntityOfPage":{"@id":"https:\/\/blogdofarnesio.com.br\/?p=130949"},"wordCount":289,"commentCount":0,"publisher":{"@id":"https:\/\/blogdofarnesio.com.br\/#organization"},"image":{"@id":"https:\/\/blogdofarnesio.com.br\/?p=130949#primaryimage"},"thumbnailUrl":"http:\/\/www.quersaberpolitica.com.br\/2016\/wp-content\/uploads\/2015\/10\/Zona-Azul-300x277.jpg","articleSection":["Tr\u00e2nsito"],"inLanguage":"pt-BR","potentialAction":[{"@type":"CommentAction","name":"Comment","target":["https:\/\/blogdofarnesio.com.br\/?p=130949#respond"]}]},{"@type":"WebPage","@id":"https:\/\/blogdofarnesio.com.br\/?p=130949","url":"https:\/\/blogdofarnesio.com.br\/?p=130949","name":"COMO FICAR\u00c1 A ZONA AZUL DE JUAZEIRO? - Blog do Farn\u00e9sio","isPartOf":{"@id":"https:\/\/blogdofarnesio.com.br\/#website"},"primaryImageOfPage":{"@id":"https:\/\/blogdofarnesio.com.br\/?p=130949#primaryimage"},"image":{"@id":"https:\/\/blogdofarnesio.com.br\/?p=130949#primaryimage"},"thumbnailUrl":"http:\/\/www.quersaberpolitica.com.br\/2016\/wp-content\/uploads\/2015\/10\/Zona-Azul-300x277.jpg","datePublished":"2015-10-05T17:21:43+00:00","breadcrumb":{"@id":"https:\/\/blogdofarnesio.com.br\/?p=130949#breadcrumb"},"inLanguage":"pt-BR","potentialAction":[{"@type":"ReadAction","target":["https:\/\/blogdofarnesio.com.br\/?p=130949"]}]},{"@type":"ImageObject","inLanguage":"pt-BR","@id":"https:\/\/blogdofarnesio.com.br\/?p=130949#primaryimage","url":"http:\/\/www.quersaberpolitica.com.br\/2016\/wp-content\/uploads\/2015\/10\/Zona-Azul-300x277.jpg","contentUrl":"http:\/\/www.quersaberpolitica.com.br\/2016\/wp-content\/uploads\/2015\/10\/Zona-Azul-300x277.jpg"},{"@type":"BreadcrumbList","@id":"https:\/\/blogdofarnesio.com.br\/?p=130949#breadcrumb","itemListElement":[{"@type":"ListItem","position":1,"name":"In\u00edcio","item":"https:\/\/blogdofarnesio.com.br\/"},{"@type":"ListItem","position":2,"name":"COMO FICAR\u00c1 A ZONA AZUL DE JUAZEIRO?"}]},{"@type":"WebSite","@id":"https:\/\/blogdofarnesio.com.br\/#website","url":"https:\/\/blogdofarnesio.com.br\/","name":"Blog do Farn\u00e9sio","description":"Quer Saber Pol\u00edtica?","publisher":{"@id":"https:\/\/blogdofarnesio.com.br\/#organization"},"potentialAction":[{"@type":"SearchAction","target":{"@type":"EntryPoint","urlTemplate":"https:\/\/blogdofarnesio.com.br\/?s={search_term_string}"},"query-input":{"@type":"PropertyValueSpecification","valueRequired":true,"valueName":"search_term_string"}}],"inLanguage":"pt-BR"},{"@type":"Organization","@id":"https:\/\/blogdofarnesio.com.br\/#organization","name":"Blog do Farn\u00e9sio","url":"https:\/\/blogdofarnesio.com.br\/","logo":{"@type":"ImageObject","inLanguage":"pt-BR","@id":"https:\/\/blogdofarnesio.com.br\/#\/schema\/logo\/image\/","url":"https:\/\/blogdofarnesio.com.br\/wp-content\/uploads\/2026\/03\/cropped-logo_new-1.png","contentUrl":"https:\/\/blogdofarnesio.com.br\/wp-content\/uploads\/2026\/03\/cropped-logo_new-1.png","width":881,"height":685,"caption":"Blog do Farn\u00e9sio"},"image":{"@id":"https:\/\/blogdofarnesio.com.br\/#\/schema\/logo\/image\/"},"sameAs":["https:\/\/www.facebook.com\/BlogQuerSaberPolitica\/"]},{"@type":"Person","@id":"","url":"https:\/\/blogdofarnesio.com.br\/?author=7"}]}},"_links":{"self":[{"href":"https:\/\/blogdofarnesio.com.br\/index.php?rest_route=\/wp\/v2\/posts\/130949","targetHints":{"allow":["GET"]}}],"collection":[{"href":"https:\/\/blogdofarnesio.com.br\/index.php?rest_route=\/wp\/v2\/posts"}],"about":[{"href":"https:\/\/blogdofarnesio.com.br\/index.php?rest_route=\/wp\/v2\/types\/post"}],"author":[{"embeddable":true,"href":"https:\/\/blogdofarnesio.com.br\/index.php?rest_route=\/wp\/v2\/users\/7"}],"replies":[{"embeddable":true,"href":"https:\/\/blogdofarnesio.com.br\/index.php?rest_route=%2Fwp%2Fv2%2Fcomments&post=130949"}],"version-history":[{"count":0,"href":"https:\/\/blogdofarnesio.com.br\/index.php?rest_route=\/wp\/v2\/posts\/130949\/revisions"}],"wp:attachment":[{"href":"https:\/\/blogdofarnesio.com.br\/index.php?rest_route=%2Fwp%2Fv2%2Fmedia&parent=130949"}],"wp:term":[{"taxonomy":"category","embeddable":true,"href":"https:\/\/blogdofarnesio.com.br\/index.php?rest_route=%2Fwp%2Fv2%2Fcategories&post=130949"},{"taxonomy":"post_tag","embeddable":true,"href":"https:\/\/blogdofarnesio.com.br\/index.php?rest_route=%2Fwp%2Fv2%2Ftags&post=130949"}],"curies":[{"name":"wp","href":"https:\/\/api.w.org\/{rel}","templated":true}]}}