{"id":130948,"date":"2015-10-05T13:30:02","date_gmt":"2015-10-05T16:30:02","guid":{"rendered":"http:\/\/www.quersaberpolitica.com.br\/?p=130948"},"modified":"2015-10-05T09:34:07","modified_gmt":"2015-10-05T12:34:07","slug":"policia-investiga-mafia-do-bolsa-familia","status":"publish","type":"post","link":"https:\/\/blogdofarnesio.com.br\/?p=130948","title":{"rendered":"POL\u00cdCIA INVESTIGA M\u00c1FIA DO BOLSA FAM\u00cdLIA"},"content":{"rendered":"<p style=\"text-align: justify\"><a href=\"http:\/\/www.quersaberpolitica.com.br\/2016\/wp-content\/uploads\/2013\/10\/cartao_bolsa_familia_principal.jpg\"><img loading=\"lazy\" decoding=\"async\" class=\"  wp-image-61713 aligncenter\" src=\"http:\/\/www.quersaberpolitica.com.br\/2016\/wp-content\/uploads\/2013\/10\/cartao_bolsa_familia_principal.jpg\" alt=\"blogqsp.bolsafamilia \" width=\"334\" height=\"238\" \/><\/a><\/p>\n<p style=\"text-align: justify\">A Pol\u00edcia Federal deflagrou uma opera\u00e7\u00e3o para reprimir a m\u00e1fia que ret\u00e9m cart\u00f5es do Bolsa Fam\u00edlia nas cidades do Alto Solim\u00f5es, no Amazonas.<\/p>\n<p style=\"text-align: justify\">Um grupo de 20 agentes recolheu, ao longo da semana passada, cart\u00f5es de benefici\u00e1rios ind\u00edgenas do programa social que estavam em poder de nove comerciantes de Atalaia do Norte, munic\u00edpio a 1.350 quil\u00f4metros por via fluvial de Manaus. O n\u00famero de documentos apreendidos ainda est\u00e1 sendo contabilizado. A pol\u00edcia recolheu tamb\u00e9m anota\u00e7\u00f5es de vendas, registros de senhas, cadernos de apontamentos de d\u00edvidas, comprovantes de saque e extratos banc\u00e1rios.<\/p>\n<p style=\"text-align: justify\">O mandado de busca e apreens\u00e3o dos cart\u00f5es foi expedido pela Justi\u00e7a Federal em Tabatinga. Nos pr\u00f3ximos dias, o delegado federal Vin\u00edcius Ferreira, coordenador da opera\u00e7\u00e3o, ouvir\u00e1 os comerciantes envolvidos no esquema. Eles poder\u00e3o ser indiciados e responder a processos por crimes de apropria\u00e7\u00e3o ind\u00e9bita, estelionato em detrimento de institui\u00e7\u00f5es financeiras e furto. As investiga\u00e7\u00f5es continuam em outros munic\u00edpios com predom\u00ednio da popula\u00e7\u00e3o ind\u00edgena. \u201cA Pol\u00edcia Federal vai coibir essa pr\u00e1tica que desvirtua a proposta do programa social do governo\u201d, afirmou Vin\u00edcius Ferreira. O delegado pretende ouvir ainda os ind\u00edgenas que foram v\u00edtimas do grupo.<\/p>\n<p style=\"text-align: justify\"><!--more--><\/p>\n<p style=\"text-align: justify\">A\u00a0opera\u00e7\u00e3o foi posta nas ruas ap\u00f3s semanas de investiga\u00e7\u00e3o em Atalaia do Norte. A pol\u00edcia j\u00e1 tem ind\u00edcios de que o crime de reter os cart\u00f5es ocorre tamb\u00e9m nas demais cidades amazonenses da regi\u00e3o da tr\u00edplice fronteira do Brasil com a Col\u00f4mbia e o Peru. As fam\u00edlias entregam inclusive as senhas para os comerciantes. Eles mesmos v\u00e3o \u00e0 casa lot\u00e9rica retirar o dinheiro do benef\u00edcio e fazem o acompanhamento da movimenta\u00e7\u00e3o das contas.<\/p>\n<p style=\"text-align: justify\"><strong>\u2018Sistema do barrac\u00e3o\u2019<\/strong><\/p>\n<p style=\"text-align: justify\">As d\u00edvidas das fam\u00edlias beneficiadas pelo programa, por\u00e9m, s\u00f3 aumentam. Varney da Silva Tavares Kanamari, presidente da Associa\u00e7\u00e3o dos Kanamaris do Vale do Javari, afirma que os comerciantes inflam os pre\u00e7os dos produtos aliment\u00edcios para garantir o controle dos \u201cparentes\u201d que moram nas aldeias. Os comerciantes, por sua vez, argumentam que ret\u00eam os cart\u00f5es como garantia de pagamento de d\u00edvidas. \u00c9 o velho \u201csistema do barrac\u00e3o\u201d do come\u00e7o do s\u00e9culo XX: o dono de seringal fornecia alimentos e outros produtos para seus empregados que, diante do aumento da d\u00edvida, n\u00e3o podiam deixar o trabalho sob pena de tortura e morte.<\/p>\n<p style=\"text-align: justify\">A hist\u00f3ria da m\u00e1fia dos cart\u00f5es do Bolsa Fam\u00edlia em Atalaia do Norte foi contada no caderno especial e em multim\u00eddia para a internet Favela Amaz\u00f4nia, um novo retrato da floresta, publicado em 5 de julho pelo Estado. Por meio de textos, v\u00eddeos, fotografias e \u00e1udios, o jornal mostrou comerciantes que retinham cart\u00f5es do Bolsa Fam\u00edlia e da Previd\u00eancia. O munic\u00edpio tem o terceiro pior \u00cdndice de Desenvolvimento Humano do Pa\u00eds e apresenta elevados \u00edndices de desnutri\u00e7\u00e3o e morte de crian\u00e7as. Fam\u00edlias v\u00edtimas do esquema relataram que n\u00e3o acompanham a movimenta\u00e7\u00e3o da conta do benef\u00edcio. A m\u00e1fia tinha apoio de casas lot\u00e9ricas.<\/p>\n<p style=\"text-align: justify\">Antes da publica\u00e7\u00e3o da reportagem, o jornal apresentou tr\u00eas v\u00eddeos de comerciantes que retinham cart\u00f5es para a ministra do Desenvolvimento Social e Combate \u00e0 Fome (MDS), Tereza Campello. Respons\u00e1vel pelo programa Bolsa Fam\u00edlia, ela demonstrou indigna\u00e7\u00e3o com o \u201ccrime\u201d praticado pelo com\u00e9rcio do munic\u00edpio e encaminhou a den\u00fancia e apura\u00e7\u00f5es feitas depois por sua equipe para a Pol\u00edcia Federal, em Bras\u00edlia.<\/p>\n<p style=\"text-align: justify\"><strong>Migra\u00e7\u00e3o<\/strong><\/p>\n<p style=\"text-align: justify\">No Pa\u00eds, 133.161 fam\u00edlias ind\u00edgenas recebem o Bolsa Fam\u00edlia. O programa levanta pol\u00eamicas no Alto Solim\u00f5es. Beto Marubo, do movimento ind\u00edgena da regi\u00e3o, avalia que o benef\u00edcio incentiva a migra\u00e7\u00e3o de fam\u00edlias do Territ\u00f3rio Ind\u00edgena do Vale do Javari, \u00e1rea do tamanho do Estado de Santa Catarina, para a regi\u00e3o urbana em Atalaia do Norte. \u201cOs programas sociais do governo n\u00e3o entram nas aldeias\u201d, ressalta. Ele observa que para sacar o dinheiro do Bolsa Fam\u00edlia, os \u00edndios precisam fazer viagens de canoa de at\u00e9 duas semanas at\u00e9 o centro da cidade. Depois, n\u00e3o t\u00eam dinheiro para pagar o combust\u00edvel da volta.<\/p>\n<p style=\"text-align: justify\">Alguns \u00edndios conseguiram recuperar o cart\u00e3o, como o casal Maria Rodrigues e Raimundo Kanamari, de Atalaia do Norte.<\/p>\n<p style=\"text-align: justify\">A partir da reportagem, o minist\u00e9rio aumentou o prazo de saque dos cart\u00f5es de tr\u00eas para seis meses, permitindo que as fam\u00edlias fa\u00e7am menos viagens ao ano. T\u00e9cnicos do minist\u00e9rio avaliam outras propostas para evitar fraudes.<\/p>\n<p style=\"text-align: justify\"><em>MSN<\/em><\/p>\n","protected":false},"excerpt":{"rendered":"<p>A Pol\u00edcia Federal deflagrou uma opera\u00e7\u00e3o para reprimir a m\u00e1fia que ret\u00e9m cart\u00f5es do Bolsa Fam\u00edlia nas cidades do Alto Solim\u00f5es, no Amazonas. Um grupo de 20 agentes recolheu, ao longo da semana passada, cart\u00f5es de benefici\u00e1rios ind\u00edgenas do programa social que estavam em poder de nove comerciantes de Atalaia do Norte, munic\u00edpio a 1.350 quil\u00f4metros por via fluvial de Manaus. O n\u00famero de documentos apreendidos ainda est\u00e1 sendo contabilizado. A pol\u00edcia recolheu tamb\u00e9m anota\u00e7\u00f5es de vendas, registros de senhas, cadernos de apontamentos de d\u00edvidas, comprovantes de saque e extratos banc\u00e1rios. O mandado de busca e apreens\u00e3o dos cart\u00f5es foi expedido pela Justi\u00e7a Federal em Tabatinga. Nos pr\u00f3ximos dias, o delegado federal Vin\u00edcius Ferreira, coordenador da opera\u00e7\u00e3o, ouvir\u00e1 os comerciantes&hellip; <\/p>\n","protected":false},"author":7,"featured_media":0,"comment_status":"open","ping_status":"open","sticky":false,"template":"","format":"standard","meta":{"_acf_changed":false,"footnotes":""},"categories":[1],"tags":[],"class_list":["post-130948","post","type-post","status-publish","format-standard","hentry","category-politica"],"acf":[],"yoast_head":"<!-- This site is optimized with the Yoast SEO plugin v27.4 - https:\/\/yoast.com\/product\/yoast-seo-wordpress\/ -->\n<title>POL\u00cdCIA INVESTIGA M\u00c1FIA DO BOLSA FAM\u00cdLIA - Blog do Farn\u00e9sio<\/title>\n<meta name=\"robots\" content=\"index, follow, max-snippet:-1, max-image-preview:large, max-video-preview:-1\" \/>\n<link rel=\"canonical\" href=\"https:\/\/blogdofarnesio.com.br\/?p=130948\" \/>\n<meta property=\"og:locale\" content=\"pt_BR\" \/>\n<meta property=\"og:type\" content=\"article\" \/>\n<meta property=\"og:title\" content=\"POL\u00cdCIA INVESTIGA M\u00c1FIA DO BOLSA FAM\u00cdLIA - Blog do Farn\u00e9sio\" \/>\n<meta property=\"og:description\" content=\"A Pol\u00edcia Federal deflagrou uma opera\u00e7\u00e3o para reprimir a m\u00e1fia que ret\u00e9m cart\u00f5es do Bolsa Fam\u00edlia nas cidades do Alto Solim\u00f5es, no Amazonas. Um grupo de 20 agentes recolheu, ao longo da semana passada, cart\u00f5es de benefici\u00e1rios ind\u00edgenas do programa social que estavam em poder de nove comerciantes de Atalaia do Norte, munic\u00edpio a 1.350 quil\u00f4metros por via fluvial de Manaus. O n\u00famero de documentos apreendidos ainda est\u00e1 sendo contabilizado. A pol\u00edcia recolheu tamb\u00e9m anota\u00e7\u00f5es de vendas, registros de senhas, cadernos de apontamentos de d\u00edvidas, comprovantes de saque e extratos banc\u00e1rios. O mandado de busca e apreens\u00e3o dos cart\u00f5es foi expedido pela Justi\u00e7a Federal em Tabatinga. Nos pr\u00f3ximos dias, o delegado federal Vin\u00edcius Ferreira, coordenador da opera\u00e7\u00e3o, ouvir\u00e1 os comerciantes&hellip;\" \/>\n<meta property=\"og:url\" content=\"https:\/\/blogdofarnesio.com.br\/?p=130948\" \/>\n<meta property=\"og:site_name\" content=\"Blog do Farn\u00e9sio\" \/>\n<meta property=\"article:publisher\" content=\"https:\/\/www.facebook.com\/BlogQuerSaberPolitica\/\" \/>\n<meta property=\"article:published_time\" content=\"2015-10-05T16:30:02+00:00\" \/>\n<meta property=\"og:image\" content=\"http:\/\/www.quersaberpolitica.com.br\/2016\/wp-content\/uploads\/2013\/10\/cartao_bolsa_familia_principal.jpg\" \/>\n<meta name=\"twitter:card\" content=\"summary_large_image\" \/>\n<meta name=\"twitter:label1\" content=\"Escrito por\" \/>\n\t<meta name=\"twitter:data1\" content=\"\" \/>\n\t<meta name=\"twitter:label2\" content=\"Est. tempo de leitura\" \/>\n\t<meta name=\"twitter:data2\" content=\"4 minutos\" \/>\n<script type=\"application\/ld+json\" class=\"yoast-schema-graph\">{\"@context\":\"https:\\\/\\\/schema.org\",\"@graph\":[{\"@type\":\"Article\",\"@id\":\"https:\\\/\\\/blogdofarnesio.com.br\\\/?p=130948#article\",\"isPartOf\":{\"@id\":\"https:\\\/\\\/blogdofarnesio.com.br\\\/?p=130948\"},\"author\":{\"name\":\"\",\"@id\":\"\"},\"headline\":\"POL\u00cdCIA INVESTIGA M\u00c1FIA DO BOLSA FAM\u00cdLIA\",\"datePublished\":\"2015-10-05T16:30:02+00:00\",\"mainEntityOfPage\":{\"@id\":\"https:\\\/\\\/blogdofarnesio.com.br\\\/?p=130948\"},\"wordCount\":815,\"commentCount\":0,\"publisher\":{\"@id\":\"https:\\\/\\\/blogdofarnesio.com.br\\\/#organization\"},\"image\":{\"@id\":\"https:\\\/\\\/blogdofarnesio.com.br\\\/?p=130948#primaryimage\"},\"thumbnailUrl\":\"http:\\\/\\\/www.quersaberpolitica.com.br\\\/2016\\\/wp-content\\\/uploads\\\/2013\\\/10\\\/cartao_bolsa_familia_principal.jpg\",\"articleSection\":[\"Pol\u00edtica\"],\"inLanguage\":\"pt-BR\",\"potentialAction\":[{\"@type\":\"CommentAction\",\"name\":\"Comment\",\"target\":[\"https:\\\/\\\/blogdofarnesio.com.br\\\/?p=130948#respond\"]}]},{\"@type\":\"WebPage\",\"@id\":\"https:\\\/\\\/blogdofarnesio.com.br\\\/?p=130948\",\"url\":\"https:\\\/\\\/blogdofarnesio.com.br\\\/?p=130948\",\"name\":\"POL\u00cdCIA INVESTIGA M\u00c1FIA DO BOLSA FAM\u00cdLIA - Blog do Farn\u00e9sio\",\"isPartOf\":{\"@id\":\"https:\\\/\\\/blogdofarnesio.com.br\\\/#website\"},\"primaryImageOfPage\":{\"@id\":\"https:\\\/\\\/blogdofarnesio.com.br\\\/?p=130948#primaryimage\"},\"image\":{\"@id\":\"https:\\\/\\\/blogdofarnesio.com.br\\\/?p=130948#primaryimage\"},\"thumbnailUrl\":\"http:\\\/\\\/www.quersaberpolitica.com.br\\\/2016\\\/wp-content\\\/uploads\\\/2013\\\/10\\\/cartao_bolsa_familia_principal.jpg\",\"datePublished\":\"2015-10-05T16:30:02+00:00\",\"breadcrumb\":{\"@id\":\"https:\\\/\\\/blogdofarnesio.com.br\\\/?p=130948#breadcrumb\"},\"inLanguage\":\"pt-BR\",\"potentialAction\":[{\"@type\":\"ReadAction\",\"target\":[\"https:\\\/\\\/blogdofarnesio.com.br\\\/?p=130948\"]}]},{\"@type\":\"ImageObject\",\"inLanguage\":\"pt-BR\",\"@id\":\"https:\\\/\\\/blogdofarnesio.com.br\\\/?p=130948#primaryimage\",\"url\":\"http:\\\/\\\/www.quersaberpolitica.com.br\\\/2016\\\/wp-content\\\/uploads\\\/2013\\\/10\\\/cartao_bolsa_familia_principal.jpg\",\"contentUrl\":\"http:\\\/\\\/www.quersaberpolitica.com.br\\\/2016\\\/wp-content\\\/uploads\\\/2013\\\/10\\\/cartao_bolsa_familia_principal.jpg\"},{\"@type\":\"BreadcrumbList\",\"@id\":\"https:\\\/\\\/blogdofarnesio.com.br\\\/?p=130948#breadcrumb\",\"itemListElement\":[{\"@type\":\"ListItem\",\"position\":1,\"name\":\"In\u00edcio\",\"item\":\"https:\\\/\\\/blogdofarnesio.com.br\\\/\"},{\"@type\":\"ListItem\",\"position\":2,\"name\":\"POL\u00cdCIA INVESTIGA M\u00c1FIA DO BOLSA FAM\u00cdLIA\"}]},{\"@type\":\"WebSite\",\"@id\":\"https:\\\/\\\/blogdofarnesio.com.br\\\/#website\",\"url\":\"https:\\\/\\\/blogdofarnesio.com.br\\\/\",\"name\":\"Blog do Farn\u00e9sio\",\"description\":\"Quer Saber Pol\u00edtica?\",\"publisher\":{\"@id\":\"https:\\\/\\\/blogdofarnesio.com.br\\\/#organization\"},\"potentialAction\":[{\"@type\":\"SearchAction\",\"target\":{\"@type\":\"EntryPoint\",\"urlTemplate\":\"https:\\\/\\\/blogdofarnesio.com.br\\\/?s={search_term_string}\"},\"query-input\":{\"@type\":\"PropertyValueSpecification\",\"valueRequired\":true,\"valueName\":\"search_term_string\"}}],\"inLanguage\":\"pt-BR\"},{\"@type\":\"Organization\",\"@id\":\"https:\\\/\\\/blogdofarnesio.com.br\\\/#organization\",\"name\":\"Blog do Farn\u00e9sio\",\"url\":\"https:\\\/\\\/blogdofarnesio.com.br\\\/\",\"logo\":{\"@type\":\"ImageObject\",\"inLanguage\":\"pt-BR\",\"@id\":\"https:\\\/\\\/blogdofarnesio.com.br\\\/#\\\/schema\\\/logo\\\/image\\\/\",\"url\":\"https:\\\/\\\/blogdofarnesio.com.br\\\/wp-content\\\/uploads\\\/2026\\\/03\\\/cropped-logo_new-1.png\",\"contentUrl\":\"https:\\\/\\\/blogdofarnesio.com.br\\\/wp-content\\\/uploads\\\/2026\\\/03\\\/cropped-logo_new-1.png\",\"width\":881,\"height\":685,\"caption\":\"Blog do Farn\u00e9sio\"},\"image\":{\"@id\":\"https:\\\/\\\/blogdofarnesio.com.br\\\/#\\\/schema\\\/logo\\\/image\\\/\"},\"sameAs\":[\"https:\\\/\\\/www.facebook.com\\\/BlogQuerSaberPolitica\\\/\"]},{\"@type\":\"Person\",\"@id\":\"\",\"url\":\"https:\\\/\\\/blogdofarnesio.com.br\\\/?author=7\"}]}<\/script>\n<!-- \/ Yoast SEO plugin. -->","yoast_head_json":{"title":"POL\u00cdCIA INVESTIGA M\u00c1FIA DO BOLSA FAM\u00cdLIA - Blog do Farn\u00e9sio","robots":{"index":"index","follow":"follow","max-snippet":"max-snippet:-1","max-image-preview":"max-image-preview:large","max-video-preview":"max-video-preview:-1"},"canonical":"https:\/\/blogdofarnesio.com.br\/?p=130948","og_locale":"pt_BR","og_type":"article","og_title":"POL\u00cdCIA INVESTIGA M\u00c1FIA DO BOLSA FAM\u00cdLIA - Blog do Farn\u00e9sio","og_description":"A Pol\u00edcia Federal deflagrou uma opera\u00e7\u00e3o para reprimir a m\u00e1fia que ret\u00e9m cart\u00f5es do Bolsa Fam\u00edlia nas cidades do Alto Solim\u00f5es, no Amazonas. Um grupo de 20 agentes recolheu, ao longo da semana passada, cart\u00f5es de benefici\u00e1rios ind\u00edgenas do programa social que estavam em poder de nove comerciantes de Atalaia do Norte, munic\u00edpio a 1.350 quil\u00f4metros por via fluvial de Manaus. O n\u00famero de documentos apreendidos ainda est\u00e1 sendo contabilizado. A pol\u00edcia recolheu tamb\u00e9m anota\u00e7\u00f5es de vendas, registros de senhas, cadernos de apontamentos de d\u00edvidas, comprovantes de saque e extratos banc\u00e1rios. O mandado de busca e apreens\u00e3o dos cart\u00f5es foi expedido pela Justi\u00e7a Federal em Tabatinga. Nos pr\u00f3ximos dias, o delegado federal Vin\u00edcius Ferreira, coordenador da opera\u00e7\u00e3o, ouvir\u00e1 os comerciantes&hellip;","og_url":"https:\/\/blogdofarnesio.com.br\/?p=130948","og_site_name":"Blog do Farn\u00e9sio","article_publisher":"https:\/\/www.facebook.com\/BlogQuerSaberPolitica\/","article_published_time":"2015-10-05T16:30:02+00:00","og_image":[{"url":"http:\/\/www.quersaberpolitica.com.br\/2016\/wp-content\/uploads\/2013\/10\/cartao_bolsa_familia_principal.jpg","type":"","width":"","height":""}],"twitter_card":"summary_large_image","twitter_misc":{"Escrito por":"","Est. tempo de leitura":"4 minutos"},"schema":{"@context":"https:\/\/schema.org","@graph":[{"@type":"Article","@id":"https:\/\/blogdofarnesio.com.br\/?p=130948#article","isPartOf":{"@id":"https:\/\/blogdofarnesio.com.br\/?p=130948"},"author":{"name":"","@id":""},"headline":"POL\u00cdCIA INVESTIGA M\u00c1FIA DO BOLSA FAM\u00cdLIA","datePublished":"2015-10-05T16:30:02+00:00","mainEntityOfPage":{"@id":"https:\/\/blogdofarnesio.com.br\/?p=130948"},"wordCount":815,"commentCount":0,"publisher":{"@id":"https:\/\/blogdofarnesio.com.br\/#organization"},"image":{"@id":"https:\/\/blogdofarnesio.com.br\/?p=130948#primaryimage"},"thumbnailUrl":"http:\/\/www.quersaberpolitica.com.br\/2016\/wp-content\/uploads\/2013\/10\/cartao_bolsa_familia_principal.jpg","articleSection":["Pol\u00edtica"],"inLanguage":"pt-BR","potentialAction":[{"@type":"CommentAction","name":"Comment","target":["https:\/\/blogdofarnesio.com.br\/?p=130948#respond"]}]},{"@type":"WebPage","@id":"https:\/\/blogdofarnesio.com.br\/?p=130948","url":"https:\/\/blogdofarnesio.com.br\/?p=130948","name":"POL\u00cdCIA INVESTIGA M\u00c1FIA DO BOLSA FAM\u00cdLIA - Blog do Farn\u00e9sio","isPartOf":{"@id":"https:\/\/blogdofarnesio.com.br\/#website"},"primaryImageOfPage":{"@id":"https:\/\/blogdofarnesio.com.br\/?p=130948#primaryimage"},"image":{"@id":"https:\/\/blogdofarnesio.com.br\/?p=130948#primaryimage"},"thumbnailUrl":"http:\/\/www.quersaberpolitica.com.br\/2016\/wp-content\/uploads\/2013\/10\/cartao_bolsa_familia_principal.jpg","datePublished":"2015-10-05T16:30:02+00:00","breadcrumb":{"@id":"https:\/\/blogdofarnesio.com.br\/?p=130948#breadcrumb"},"inLanguage":"pt-BR","potentialAction":[{"@type":"ReadAction","target":["https:\/\/blogdofarnesio.com.br\/?p=130948"]}]},{"@type":"ImageObject","inLanguage":"pt-BR","@id":"https:\/\/blogdofarnesio.com.br\/?p=130948#primaryimage","url":"http:\/\/www.quersaberpolitica.com.br\/2016\/wp-content\/uploads\/2013\/10\/cartao_bolsa_familia_principal.jpg","contentUrl":"http:\/\/www.quersaberpolitica.com.br\/2016\/wp-content\/uploads\/2013\/10\/cartao_bolsa_familia_principal.jpg"},{"@type":"BreadcrumbList","@id":"https:\/\/blogdofarnesio.com.br\/?p=130948#breadcrumb","itemListElement":[{"@type":"ListItem","position":1,"name":"In\u00edcio","item":"https:\/\/blogdofarnesio.com.br\/"},{"@type":"ListItem","position":2,"name":"POL\u00cdCIA INVESTIGA M\u00c1FIA DO BOLSA FAM\u00cdLIA"}]},{"@type":"WebSite","@id":"https:\/\/blogdofarnesio.com.br\/#website","url":"https:\/\/blogdofarnesio.com.br\/","name":"Blog do Farn\u00e9sio","description":"Quer Saber Pol\u00edtica?","publisher":{"@id":"https:\/\/blogdofarnesio.com.br\/#organization"},"potentialAction":[{"@type":"SearchAction","target":{"@type":"EntryPoint","urlTemplate":"https:\/\/blogdofarnesio.com.br\/?s={search_term_string}"},"query-input":{"@type":"PropertyValueSpecification","valueRequired":true,"valueName":"search_term_string"}}],"inLanguage":"pt-BR"},{"@type":"Organization","@id":"https:\/\/blogdofarnesio.com.br\/#organization","name":"Blog do Farn\u00e9sio","url":"https:\/\/blogdofarnesio.com.br\/","logo":{"@type":"ImageObject","inLanguage":"pt-BR","@id":"https:\/\/blogdofarnesio.com.br\/#\/schema\/logo\/image\/","url":"https:\/\/blogdofarnesio.com.br\/wp-content\/uploads\/2026\/03\/cropped-logo_new-1.png","contentUrl":"https:\/\/blogdofarnesio.com.br\/wp-content\/uploads\/2026\/03\/cropped-logo_new-1.png","width":881,"height":685,"caption":"Blog do Farn\u00e9sio"},"image":{"@id":"https:\/\/blogdofarnesio.com.br\/#\/schema\/logo\/image\/"},"sameAs":["https:\/\/www.facebook.com\/BlogQuerSaberPolitica\/"]},{"@type":"Person","@id":"","url":"https:\/\/blogdofarnesio.com.br\/?author=7"}]}},"_links":{"self":[{"href":"https:\/\/blogdofarnesio.com.br\/index.php?rest_route=\/wp\/v2\/posts\/130948","targetHints":{"allow":["GET"]}}],"collection":[{"href":"https:\/\/blogdofarnesio.com.br\/index.php?rest_route=\/wp\/v2\/posts"}],"about":[{"href":"https:\/\/blogdofarnesio.com.br\/index.php?rest_route=\/wp\/v2\/types\/post"}],"author":[{"embeddable":true,"href":"https:\/\/blogdofarnesio.com.br\/index.php?rest_route=\/wp\/v2\/users\/7"}],"replies":[{"embeddable":true,"href":"https:\/\/blogdofarnesio.com.br\/index.php?rest_route=%2Fwp%2Fv2%2Fcomments&post=130948"}],"version-history":[{"count":0,"href":"https:\/\/blogdofarnesio.com.br\/index.php?rest_route=\/wp\/v2\/posts\/130948\/revisions"}],"wp:attachment":[{"href":"https:\/\/blogdofarnesio.com.br\/index.php?rest_route=%2Fwp%2Fv2%2Fmedia&parent=130948"}],"wp:term":[{"taxonomy":"category","embeddable":true,"href":"https:\/\/blogdofarnesio.com.br\/index.php?rest_route=%2Fwp%2Fv2%2Fcategories&post=130948"},{"taxonomy":"post_tag","embeddable":true,"href":"https:\/\/blogdofarnesio.com.br\/index.php?rest_route=%2Fwp%2Fv2%2Ftags&post=130948"}],"curies":[{"name":"wp","href":"https:\/\/api.w.org\/{rel}","templated":true}]}}