{"id":130947,"date":"2015-10-05T13:00:54","date_gmt":"2015-10-05T16:00:54","guid":{"rendered":"http:\/\/www.quersaberpolitica.com.br\/?p=130947"},"modified":"2015-10-05T09:17:52","modified_gmt":"2015-10-05T12:17:52","slug":"novos-ministros-serao-empossados-nesta-segunda-feira","status":"publish","type":"post","link":"https:\/\/blogdofarnesio.com.br\/?p=130947","title":{"rendered":"NOVOS MINISTROS SER\u00c3O EMPOSSADOS NESTA SEGUNDA-FEIRA"},"content":{"rendered":"<div class=\"entry-content\">\n<p style=\"text-align: justify\"><a class=\"fancybox image\" href=\"http:\/\/imagens1.ne10.uol.com.br\/blogsne10\/jamildo\/uploads\/2015\/10\/Ministros.jpg\"><img loading=\"lazy\" decoding=\"async\" class=\"wp-image-133731 aligncenter\" src=\"http:\/\/imagens1.ne10.uol.com.br\/blogsne10\/jamildo\/uploads\/2015\/10\/Ministros-580x707.jpg\" alt=\"Ministros\" width=\"445\" height=\"541\" \/><\/a><\/p>\n<p style=\"text-align: justify\"><em>Da ABr \u2013<\/em> A presidente Dilma Rousseff d\u00e1 posse nesta segunda-feira\u00a0(5) aos novos ministros, em cerim\u00f4nia \u00e0 tarde no Pal\u00e1cio do Planalto.\u00a0 Os nomes foram anunciados na \u00faltima sexta-feira (2) pela presidenta, juntamente com medidas administrativas para diminuir os gastos do governo, como a redu\u00e7\u00e3o de 30 secretarias nacionais em todos os minist\u00e9rios, a cria\u00e7\u00e3o de um limite de gastos com telefonia, passagens a\u00e9reas e di\u00e1rias, o corte de 10% na remunera\u00e7\u00e3o dos ministros e a revis\u00e3o de todos os contratos de aluguel e de presta\u00e7\u00e3o de servi\u00e7os.<\/p>\n<p style=\"text-align: justify\">Os dez ministros que assumem nesta segunda-feira s\u00e3o: Ricardo Berzoini (PT), na Secretaria de Governo; Miguel Rossetto (PT), no Minist\u00e9rio do Trabalho e Previd\u00eancia Social; Nilma Lino Gomes, no Minist\u00e9rio das Mulheres, Igualdade Racial e Direitos Humanos; Marcelo Castro (PMDB), no Minist\u00e9rio da Sa\u00fade; Aloizio Mercadante (PT), no Minist\u00e9rio da Educa\u00e7\u00e3o; Jaques Wagner (PT), na Casa Civil; Aldo Rebelo (PCdoB), no Minist\u00e9rio da Defesa; Celso Pansera (PMDB), no Minist\u00e9rio da Ci\u00eancia, Tecnologia e Inova\u00e7\u00e3o; Helder Barbalho (PMDB), no Minist\u00e9rio dos Portos e Andr\u00e9 Figueiredo (PDT), no Minist\u00e9rio das Comunica\u00e7\u00f5es.<\/p>\n<p style=\"text-align: justify\">Ao anunciar as medidas, a presidenta disse que com essas iniciativas, que ter\u00e3o que ser refor\u00e7adas permanentemente, o objetivo \u00e9 contribuir para que o Brasil saia mais rapidamente da crise, crescendo, gerando emprego e renda. \u201cEssa reforma vai nos ajudar a efetivar as medidas j\u00e1 tomadas para o reequil\u00edbrio fiscal e aquelas que est\u00e3o em andamento\u201d, acrescentou.<\/p>\n<\/div>\n","protected":false},"excerpt":{"rendered":"<p>Da ABr \u2013 A presidente Dilma Rousseff d\u00e1 posse nesta segunda-feira\u00a0(5) aos novos ministros, em cerim\u00f4nia \u00e0 tarde no Pal\u00e1cio do Planalto.\u00a0 Os nomes foram anunciados na \u00faltima sexta-feira (2) pela presidenta, juntamente com medidas administrativas para diminuir os gastos do governo, como a redu\u00e7\u00e3o de 30 secretarias nacionais em todos os minist\u00e9rios, a cria\u00e7\u00e3o de um limite de gastos com telefonia, passagens a\u00e9reas e di\u00e1rias, o corte de 10% na remunera\u00e7\u00e3o dos ministros e a revis\u00e3o de todos os contratos de aluguel e de presta\u00e7\u00e3o de servi\u00e7os. Os dez ministros que assumem nesta segunda-feira s\u00e3o: Ricardo Berzoini (PT), na Secretaria de Governo; Miguel Rossetto (PT), no Minist\u00e9rio do Trabalho e Previd\u00eancia Social; Nilma Lino Gomes, no Minist\u00e9rio das Mulheres,&hellip; <\/p>\n","protected":false},"author":3,"featured_media":0,"comment_status":"open","ping_status":"open","sticky":false,"template":"","format":"standard","meta":{"_acf_changed":false,"footnotes":""},"categories":[1],"tags":[],"class_list":["post-130947","post","type-post","status-publish","format-standard","hentry","category-politica"],"acf":[],"yoast_head":"<!-- This site is optimized with the Yoast SEO plugin v27.4 - https:\/\/yoast.com\/product\/yoast-seo-wordpress\/ -->\n<title>NOVOS MINISTROS SER\u00c3O EMPOSSADOS NESTA SEGUNDA-FEIRA - Blog do Farn\u00e9sio<\/title>\n<meta name=\"robots\" content=\"index, follow, max-snippet:-1, max-image-preview:large, max-video-preview:-1\" \/>\n<link rel=\"canonical\" href=\"https:\/\/blogdofarnesio.com.br\/?p=130947\" \/>\n<meta property=\"og:locale\" content=\"pt_BR\" \/>\n<meta property=\"og:type\" content=\"article\" \/>\n<meta property=\"og:title\" content=\"NOVOS MINISTROS SER\u00c3O EMPOSSADOS NESTA SEGUNDA-FEIRA - Blog do Farn\u00e9sio\" \/>\n<meta property=\"og:description\" content=\"Da ABr \u2013 A presidente Dilma Rousseff d\u00e1 posse nesta segunda-feira\u00a0(5) aos novos ministros, em cerim\u00f4nia \u00e0 tarde no Pal\u00e1cio do Planalto.\u00a0 Os nomes foram anunciados na \u00faltima sexta-feira (2) pela presidenta, juntamente com medidas administrativas para diminuir os gastos do governo, como a redu\u00e7\u00e3o de 30 secretarias nacionais em todos os minist\u00e9rios, a cria\u00e7\u00e3o de um limite de gastos com telefonia, passagens a\u00e9reas e di\u00e1rias, o corte de 10% na remunera\u00e7\u00e3o dos ministros e a revis\u00e3o de todos os contratos de aluguel e de presta\u00e7\u00e3o de servi\u00e7os. Os dez ministros que assumem nesta segunda-feira s\u00e3o: Ricardo Berzoini (PT), na Secretaria de Governo; Miguel Rossetto (PT), no Minist\u00e9rio do Trabalho e Previd\u00eancia Social; Nilma Lino Gomes, no Minist\u00e9rio das Mulheres,&hellip;\" \/>\n<meta property=\"og:url\" content=\"https:\/\/blogdofarnesio.com.br\/?p=130947\" \/>\n<meta property=\"og:site_name\" content=\"Blog do Farn\u00e9sio\" \/>\n<meta property=\"article:publisher\" content=\"https:\/\/www.facebook.com\/BlogQuerSaberPolitica\/\" \/>\n<meta property=\"article:published_time\" content=\"2015-10-05T16:00:54+00:00\" \/>\n<meta property=\"og:image\" content=\"http:\/\/imagens1.ne10.uol.com.br\/blogsne10\/jamildo\/uploads\/2015\/10\/Ministros-580x707.jpg\" \/>\n<meta name=\"author\" content=\"teste\" \/>\n<meta name=\"twitter:card\" content=\"summary_large_image\" \/>\n<meta name=\"twitter:label1\" content=\"Escrito por\" \/>\n\t<meta name=\"twitter:data1\" content=\"teste\" \/>\n\t<meta name=\"twitter:label2\" content=\"Est. tempo de leitura\" \/>\n\t<meta name=\"twitter:data2\" content=\"1 minuto\" \/>\n<script type=\"application\/ld+json\" class=\"yoast-schema-graph\">{\"@context\":\"https:\\\/\\\/schema.org\",\"@graph\":[{\"@type\":\"Article\",\"@id\":\"https:\\\/\\\/blogdofarnesio.com.br\\\/?p=130947#article\",\"isPartOf\":{\"@id\":\"https:\\\/\\\/blogdofarnesio.com.br\\\/?p=130947\"},\"author\":{\"name\":\"teste\",\"@id\":\"https:\\\/\\\/blogdofarnesio.com.br\\\/#\\\/schema\\\/person\\\/dd1bf5eba40b687199ba45ca6b97dff9\"},\"headline\":\"NOVOS MINISTROS SER\u00c3O EMPOSSADOS NESTA SEGUNDA-FEIRA\",\"datePublished\":\"2015-10-05T16:00:54+00:00\",\"mainEntityOfPage\":{\"@id\":\"https:\\\/\\\/blogdofarnesio.com.br\\\/?p=130947\"},\"wordCount\":265,\"commentCount\":0,\"publisher\":{\"@id\":\"https:\\\/\\\/blogdofarnesio.com.br\\\/#organization\"},\"image\":{\"@id\":\"https:\\\/\\\/blogdofarnesio.com.br\\\/?p=130947#primaryimage\"},\"thumbnailUrl\":\"http:\\\/\\\/imagens1.ne10.uol.com.br\\\/blogsne10\\\/jamildo\\\/uploads\\\/2015\\\/10\\\/Ministros-580x707.jpg\",\"articleSection\":[\"Pol\u00edtica\"],\"inLanguage\":\"pt-BR\",\"potentialAction\":[{\"@type\":\"CommentAction\",\"name\":\"Comment\",\"target\":[\"https:\\\/\\\/blogdofarnesio.com.br\\\/?p=130947#respond\"]}]},{\"@type\":\"WebPage\",\"@id\":\"https:\\\/\\\/blogdofarnesio.com.br\\\/?p=130947\",\"url\":\"https:\\\/\\\/blogdofarnesio.com.br\\\/?p=130947\",\"name\":\"NOVOS MINISTROS SER\u00c3O EMPOSSADOS NESTA SEGUNDA-FEIRA - Blog do Farn\u00e9sio\",\"isPartOf\":{\"@id\":\"https:\\\/\\\/blogdofarnesio.com.br\\\/#website\"},\"primaryImageOfPage\":{\"@id\":\"https:\\\/\\\/blogdofarnesio.com.br\\\/?p=130947#primaryimage\"},\"image\":{\"@id\":\"https:\\\/\\\/blogdofarnesio.com.br\\\/?p=130947#primaryimage\"},\"thumbnailUrl\":\"http:\\\/\\\/imagens1.ne10.uol.com.br\\\/blogsne10\\\/jamildo\\\/uploads\\\/2015\\\/10\\\/Ministros-580x707.jpg\",\"datePublished\":\"2015-10-05T16:00:54+00:00\",\"breadcrumb\":{\"@id\":\"https:\\\/\\\/blogdofarnesio.com.br\\\/?p=130947#breadcrumb\"},\"inLanguage\":\"pt-BR\",\"potentialAction\":[{\"@type\":\"ReadAction\",\"target\":[\"https:\\\/\\\/blogdofarnesio.com.br\\\/?p=130947\"]}]},{\"@type\":\"ImageObject\",\"inLanguage\":\"pt-BR\",\"@id\":\"https:\\\/\\\/blogdofarnesio.com.br\\\/?p=130947#primaryimage\",\"url\":\"http:\\\/\\\/imagens1.ne10.uol.com.br\\\/blogsne10\\\/jamildo\\\/uploads\\\/2015\\\/10\\\/Ministros-580x707.jpg\",\"contentUrl\":\"http:\\\/\\\/imagens1.ne10.uol.com.br\\\/blogsne10\\\/jamildo\\\/uploads\\\/2015\\\/10\\\/Ministros-580x707.jpg\"},{\"@type\":\"BreadcrumbList\",\"@id\":\"https:\\\/\\\/blogdofarnesio.com.br\\\/?p=130947#breadcrumb\",\"itemListElement\":[{\"@type\":\"ListItem\",\"position\":1,\"name\":\"In\u00edcio\",\"item\":\"https:\\\/\\\/blogdofarnesio.com.br\\\/\"},{\"@type\":\"ListItem\",\"position\":2,\"name\":\"NOVOS MINISTROS SER\u00c3O EMPOSSADOS NESTA SEGUNDA-FEIRA\"}]},{\"@type\":\"WebSite\",\"@id\":\"https:\\\/\\\/blogdofarnesio.com.br\\\/#website\",\"url\":\"https:\\\/\\\/blogdofarnesio.com.br\\\/\",\"name\":\"Blog do Farn\u00e9sio\",\"description\":\"Quer Saber Pol\u00edtica?\",\"publisher\":{\"@id\":\"https:\\\/\\\/blogdofarnesio.com.br\\\/#organization\"},\"potentialAction\":[{\"@type\":\"SearchAction\",\"target\":{\"@type\":\"EntryPoint\",\"urlTemplate\":\"https:\\\/\\\/blogdofarnesio.com.br\\\/?s={search_term_string}\"},\"query-input\":{\"@type\":\"PropertyValueSpecification\",\"valueRequired\":true,\"valueName\":\"search_term_string\"}}],\"inLanguage\":\"pt-BR\"},{\"@type\":\"Organization\",\"@id\":\"https:\\\/\\\/blogdofarnesio.com.br\\\/#organization\",\"name\":\"Blog do Farn\u00e9sio\",\"url\":\"https:\\\/\\\/blogdofarnesio.com.br\\\/\",\"logo\":{\"@type\":\"ImageObject\",\"inLanguage\":\"pt-BR\",\"@id\":\"https:\\\/\\\/blogdofarnesio.com.br\\\/#\\\/schema\\\/logo\\\/image\\\/\",\"url\":\"https:\\\/\\\/blogdofarnesio.com.br\\\/wp-content\\\/uploads\\\/2026\\\/03\\\/cropped-logo_new-1.png\",\"contentUrl\":\"https:\\\/\\\/blogdofarnesio.com.br\\\/wp-content\\\/uploads\\\/2026\\\/03\\\/cropped-logo_new-1.png\",\"width\":881,\"height\":685,\"caption\":\"Blog do Farn\u00e9sio\"},\"image\":{\"@id\":\"https:\\\/\\\/blogdofarnesio.com.br\\\/#\\\/schema\\\/logo\\\/image\\\/\"},\"sameAs\":[\"https:\\\/\\\/www.facebook.com\\\/BlogQuerSaberPolitica\\\/\"]},{\"@type\":\"Person\",\"@id\":\"https:\\\/\\\/blogdofarnesio.com.br\\\/#\\\/schema\\\/person\\\/dd1bf5eba40b687199ba45ca6b97dff9\",\"name\":\"teste\",\"image\":{\"@type\":\"ImageObject\",\"inLanguage\":\"pt-BR\",\"@id\":\"https:\\\/\\\/secure.gravatar.com\\\/avatar\\\/2172498d4914b51e1d89a0f97957b035ac4938723a5cac208135d389b6972a6d?s=96&d=mm&r=g\",\"url\":\"https:\\\/\\\/secure.gravatar.com\\\/avatar\\\/2172498d4914b51e1d89a0f97957b035ac4938723a5cac208135d389b6972a6d?s=96&d=mm&r=g\",\"contentUrl\":\"https:\\\/\\\/secure.gravatar.com\\\/avatar\\\/2172498d4914b51e1d89a0f97957b035ac4938723a5cac208135d389b6972a6d?s=96&d=mm&r=g\",\"caption\":\"teste\"},\"url\":\"https:\\\/\\\/blogdofarnesio.com.br\\\/?author=3\"}]}<\/script>\n<!-- \/ Yoast SEO plugin. -->","yoast_head_json":{"title":"NOVOS MINISTROS SER\u00c3O EMPOSSADOS NESTA SEGUNDA-FEIRA - Blog do Farn\u00e9sio","robots":{"index":"index","follow":"follow","max-snippet":"max-snippet:-1","max-image-preview":"max-image-preview:large","max-video-preview":"max-video-preview:-1"},"canonical":"https:\/\/blogdofarnesio.com.br\/?p=130947","og_locale":"pt_BR","og_type":"article","og_title":"NOVOS MINISTROS SER\u00c3O EMPOSSADOS NESTA SEGUNDA-FEIRA - Blog do Farn\u00e9sio","og_description":"Da ABr \u2013 A presidente Dilma Rousseff d\u00e1 posse nesta segunda-feira\u00a0(5) aos novos ministros, em cerim\u00f4nia \u00e0 tarde no Pal\u00e1cio do Planalto.\u00a0 Os nomes foram anunciados na \u00faltima sexta-feira (2) pela presidenta, juntamente com medidas administrativas para diminuir os gastos do governo, como a redu\u00e7\u00e3o de 30 secretarias nacionais em todos os minist\u00e9rios, a cria\u00e7\u00e3o de um limite de gastos com telefonia, passagens a\u00e9reas e di\u00e1rias, o corte de 10% na remunera\u00e7\u00e3o dos ministros e a revis\u00e3o de todos os contratos de aluguel e de presta\u00e7\u00e3o de servi\u00e7os. Os dez ministros que assumem nesta segunda-feira s\u00e3o: Ricardo Berzoini (PT), na Secretaria de Governo; Miguel Rossetto (PT), no Minist\u00e9rio do Trabalho e Previd\u00eancia Social; Nilma Lino Gomes, no Minist\u00e9rio das Mulheres,&hellip;","og_url":"https:\/\/blogdofarnesio.com.br\/?p=130947","og_site_name":"Blog do Farn\u00e9sio","article_publisher":"https:\/\/www.facebook.com\/BlogQuerSaberPolitica\/","article_published_time":"2015-10-05T16:00:54+00:00","og_image":[{"url":"http:\/\/imagens1.ne10.uol.com.br\/blogsne10\/jamildo\/uploads\/2015\/10\/Ministros-580x707.jpg","type":"","width":"","height":""}],"author":"teste","twitter_card":"summary_large_image","twitter_misc":{"Escrito por":"teste","Est. tempo de leitura":"1 minuto"},"schema":{"@context":"https:\/\/schema.org","@graph":[{"@type":"Article","@id":"https:\/\/blogdofarnesio.com.br\/?p=130947#article","isPartOf":{"@id":"https:\/\/blogdofarnesio.com.br\/?p=130947"},"author":{"name":"teste","@id":"https:\/\/blogdofarnesio.com.br\/#\/schema\/person\/dd1bf5eba40b687199ba45ca6b97dff9"},"headline":"NOVOS MINISTROS SER\u00c3O EMPOSSADOS NESTA SEGUNDA-FEIRA","datePublished":"2015-10-05T16:00:54+00:00","mainEntityOfPage":{"@id":"https:\/\/blogdofarnesio.com.br\/?p=130947"},"wordCount":265,"commentCount":0,"publisher":{"@id":"https:\/\/blogdofarnesio.com.br\/#organization"},"image":{"@id":"https:\/\/blogdofarnesio.com.br\/?p=130947#primaryimage"},"thumbnailUrl":"http:\/\/imagens1.ne10.uol.com.br\/blogsne10\/jamildo\/uploads\/2015\/10\/Ministros-580x707.jpg","articleSection":["Pol\u00edtica"],"inLanguage":"pt-BR","potentialAction":[{"@type":"CommentAction","name":"Comment","target":["https:\/\/blogdofarnesio.com.br\/?p=130947#respond"]}]},{"@type":"WebPage","@id":"https:\/\/blogdofarnesio.com.br\/?p=130947","url":"https:\/\/blogdofarnesio.com.br\/?p=130947","name":"NOVOS MINISTROS SER\u00c3O EMPOSSADOS NESTA SEGUNDA-FEIRA - Blog do Farn\u00e9sio","isPartOf":{"@id":"https:\/\/blogdofarnesio.com.br\/#website"},"primaryImageOfPage":{"@id":"https:\/\/blogdofarnesio.com.br\/?p=130947#primaryimage"},"image":{"@id":"https:\/\/blogdofarnesio.com.br\/?p=130947#primaryimage"},"thumbnailUrl":"http:\/\/imagens1.ne10.uol.com.br\/blogsne10\/jamildo\/uploads\/2015\/10\/Ministros-580x707.jpg","datePublished":"2015-10-05T16:00:54+00:00","breadcrumb":{"@id":"https:\/\/blogdofarnesio.com.br\/?p=130947#breadcrumb"},"inLanguage":"pt-BR","potentialAction":[{"@type":"ReadAction","target":["https:\/\/blogdofarnesio.com.br\/?p=130947"]}]},{"@type":"ImageObject","inLanguage":"pt-BR","@id":"https:\/\/blogdofarnesio.com.br\/?p=130947#primaryimage","url":"http:\/\/imagens1.ne10.uol.com.br\/blogsne10\/jamildo\/uploads\/2015\/10\/Ministros-580x707.jpg","contentUrl":"http:\/\/imagens1.ne10.uol.com.br\/blogsne10\/jamildo\/uploads\/2015\/10\/Ministros-580x707.jpg"},{"@type":"BreadcrumbList","@id":"https:\/\/blogdofarnesio.com.br\/?p=130947#breadcrumb","itemListElement":[{"@type":"ListItem","position":1,"name":"In\u00edcio","item":"https:\/\/blogdofarnesio.com.br\/"},{"@type":"ListItem","position":2,"name":"NOVOS MINISTROS SER\u00c3O EMPOSSADOS NESTA SEGUNDA-FEIRA"}]},{"@type":"WebSite","@id":"https:\/\/blogdofarnesio.com.br\/#website","url":"https:\/\/blogdofarnesio.com.br\/","name":"Blog do Farn\u00e9sio","description":"Quer Saber Pol\u00edtica?","publisher":{"@id":"https:\/\/blogdofarnesio.com.br\/#organization"},"potentialAction":[{"@type":"SearchAction","target":{"@type":"EntryPoint","urlTemplate":"https:\/\/blogdofarnesio.com.br\/?s={search_term_string}"},"query-input":{"@type":"PropertyValueSpecification","valueRequired":true,"valueName":"search_term_string"}}],"inLanguage":"pt-BR"},{"@type":"Organization","@id":"https:\/\/blogdofarnesio.com.br\/#organization","name":"Blog do Farn\u00e9sio","url":"https:\/\/blogdofarnesio.com.br\/","logo":{"@type":"ImageObject","inLanguage":"pt-BR","@id":"https:\/\/blogdofarnesio.com.br\/#\/schema\/logo\/image\/","url":"https:\/\/blogdofarnesio.com.br\/wp-content\/uploads\/2026\/03\/cropped-logo_new-1.png","contentUrl":"https:\/\/blogdofarnesio.com.br\/wp-content\/uploads\/2026\/03\/cropped-logo_new-1.png","width":881,"height":685,"caption":"Blog do Farn\u00e9sio"},"image":{"@id":"https:\/\/blogdofarnesio.com.br\/#\/schema\/logo\/image\/"},"sameAs":["https:\/\/www.facebook.com\/BlogQuerSaberPolitica\/"]},{"@type":"Person","@id":"https:\/\/blogdofarnesio.com.br\/#\/schema\/person\/dd1bf5eba40b687199ba45ca6b97dff9","name":"teste","image":{"@type":"ImageObject","inLanguage":"pt-BR","@id":"https:\/\/secure.gravatar.com\/avatar\/2172498d4914b51e1d89a0f97957b035ac4938723a5cac208135d389b6972a6d?s=96&d=mm&r=g","url":"https:\/\/secure.gravatar.com\/avatar\/2172498d4914b51e1d89a0f97957b035ac4938723a5cac208135d389b6972a6d?s=96&d=mm&r=g","contentUrl":"https:\/\/secure.gravatar.com\/avatar\/2172498d4914b51e1d89a0f97957b035ac4938723a5cac208135d389b6972a6d?s=96&d=mm&r=g","caption":"teste"},"url":"https:\/\/blogdofarnesio.com.br\/?author=3"}]}},"_links":{"self":[{"href":"https:\/\/blogdofarnesio.com.br\/index.php?rest_route=\/wp\/v2\/posts\/130947","targetHints":{"allow":["GET"]}}],"collection":[{"href":"https:\/\/blogdofarnesio.com.br\/index.php?rest_route=\/wp\/v2\/posts"}],"about":[{"href":"https:\/\/blogdofarnesio.com.br\/index.php?rest_route=\/wp\/v2\/types\/post"}],"author":[{"embeddable":true,"href":"https:\/\/blogdofarnesio.com.br\/index.php?rest_route=\/wp\/v2\/users\/3"}],"replies":[{"embeddable":true,"href":"https:\/\/blogdofarnesio.com.br\/index.php?rest_route=%2Fwp%2Fv2%2Fcomments&post=130947"}],"version-history":[{"count":0,"href":"https:\/\/blogdofarnesio.com.br\/index.php?rest_route=\/wp\/v2\/posts\/130947\/revisions"}],"wp:attachment":[{"href":"https:\/\/blogdofarnesio.com.br\/index.php?rest_route=%2Fwp%2Fv2%2Fmedia&parent=130947"}],"wp:term":[{"taxonomy":"category","embeddable":true,"href":"https:\/\/blogdofarnesio.com.br\/index.php?rest_route=%2Fwp%2Fv2%2Fcategories&post=130947"},{"taxonomy":"post_tag","embeddable":true,"href":"https:\/\/blogdofarnesio.com.br\/index.php?rest_route=%2Fwp%2Fv2%2Ftags&post=130947"}],"curies":[{"name":"wp","href":"https:\/\/api.w.org\/{rel}","templated":true}]}}