{"id":130938,"date":"2015-10-05T15:00:19","date_gmt":"2015-10-05T18:00:19","guid":{"rendered":"http:\/\/www.quersaberpolitica.com.br\/?p=130938"},"modified":"2015-10-05T09:33:07","modified_gmt":"2015-10-05T12:33:07","slug":"psdc-tem-novo-presidente-em-juazeiro","status":"publish","type":"post","link":"https:\/\/blogdofarnesio.com.br\/?p=130938","title":{"rendered":"PSDC TEM NOVO PRESIDENTE EM JUAZEIRO"},"content":{"rendered":"<p style=\"text-align: justify\"><a href=\"http:\/\/www.quersaberpolitica.com.br\/2016\/wp-content\/uploads\/2015\/10\/blogqsppsdcmazinho-Foto-Farn\u00e9sio-Silva1.jpg\"><img loading=\"lazy\" decoding=\"async\" class=\"aligncenter  wp-image-130942\" src=\"http:\/\/www.quersaberpolitica.com.br\/2016\/wp-content\/uploads\/2015\/10\/blogqsppsdcmazinho-Foto-Farn\u00e9sio-Silva1.jpg\" alt=\"blogqsppsdcmazinho   Foto Farn\u00e9sio Silva1\" width=\"420\" height=\"283\" \/><\/a>Vilmar Medrado, o popular Mazinho, \u00e9 o novo presidente do Partido Social Democrata Crist\u00e3o (PSDC) em Juazeiro. Ele assume o cargo com o compromisso de fortalecer e estruturar o partido visando \u00e0s elei\u00e7\u00f5es de 2016.<\/p>\n<p style=\"text-align: justify\">Durante entrevista ao <em>Programa Bastidores da Not\u00edcia<\/em>, o novo presidente ressaltou o compromisso com o fortalecimento do partido. \u201cAgrade\u00e7o aos companheiros partid\u00e1rios pelo apoio e juntos iremos desenvolver um bom trabalho buscando alinhar as a\u00e7\u00f5es. Nosso objetivo \u00e9 fortalecer a legenda e prepar\u00e1-la para as elei\u00e7\u00f5es de 2016\u201d, destacou.<\/p>\n<p style=\"text-align: justify\">Mazinho disse que j\u00e1 iniciou os di\u00e1logos com parceiros, lideran\u00e7as, sindicatos e associa\u00e7\u00f5es para promover uma pol\u00edtica em prol da coletividade. \u201cO PSDC vem discutindo alian\u00e7as com Wank Medrado, Marcio Jandir, Joseph Bandeira, Telma Marineide, Flavio Luiz, entre outros candidatos. Vamos discutir com todos e caminhar juntos e unidos\u201d, frisou.<\/p>\n<p style=\"text-align: justify\"><em>Da Reda\u00e7\u00e3o\/BlogQSP<\/em><\/p>\n","protected":false},"excerpt":{"rendered":"<p>Vilmar Medrado, o popular Mazinho, \u00e9 o novo presidente do Partido Social Democrata Crist\u00e3o (PSDC) em Juazeiro. Ele assume o cargo com o compromisso de fortalecer e estruturar o partido visando \u00e0s elei\u00e7\u00f5es de 2016. Durante entrevista ao Programa Bastidores da Not\u00edcia, o novo presidente ressaltou o compromisso com o fortalecimento do partido. \u201cAgrade\u00e7o aos companheiros partid\u00e1rios pelo apoio e juntos iremos desenvolver um bom trabalho buscando alinhar as a\u00e7\u00f5es. Nosso objetivo \u00e9 fortalecer a legenda e prepar\u00e1-la para as elei\u00e7\u00f5es de 2016\u201d, destacou. Mazinho disse que j\u00e1 iniciou os di\u00e1logos com parceiros, lideran\u00e7as, sindicatos e associa\u00e7\u00f5es para promover uma pol\u00edtica em prol da coletividade. \u201cO PSDC vem discutindo alian\u00e7as com Wank Medrado, Marcio Jandir, Joseph Bandeira, Telma Marineide, Flavio&hellip; <\/p>\n","protected":false},"author":7,"featured_media":0,"comment_status":"open","ping_status":"open","sticky":false,"template":"","format":"standard","meta":{"_acf_changed":false,"footnotes":""},"categories":[1],"tags":[],"class_list":["post-130938","post","type-post","status-publish","format-standard","hentry","category-politica"],"acf":[],"yoast_head":"<!-- This site is optimized with the Yoast SEO plugin v27.4 - https:\/\/yoast.com\/product\/yoast-seo-wordpress\/ -->\n<title>PSDC TEM NOVO PRESIDENTE EM JUAZEIRO - Blog do Farn\u00e9sio<\/title>\n<meta name=\"robots\" content=\"index, follow, max-snippet:-1, max-image-preview:large, max-video-preview:-1\" \/>\n<link rel=\"canonical\" href=\"https:\/\/blogdofarnesio.com.br\/?p=130938\" \/>\n<meta property=\"og:locale\" content=\"pt_BR\" \/>\n<meta property=\"og:type\" content=\"article\" \/>\n<meta property=\"og:title\" content=\"PSDC TEM NOVO PRESIDENTE EM JUAZEIRO - Blog do Farn\u00e9sio\" \/>\n<meta property=\"og:description\" content=\"Vilmar Medrado, o popular Mazinho, \u00e9 o novo presidente do Partido Social Democrata Crist\u00e3o (PSDC) em Juazeiro. Ele assume o cargo com o compromisso de fortalecer e estruturar o partido visando \u00e0s elei\u00e7\u00f5es de 2016. Durante entrevista ao Programa Bastidores da Not\u00edcia, o novo presidente ressaltou o compromisso com o fortalecimento do partido. \u201cAgrade\u00e7o aos companheiros partid\u00e1rios pelo apoio e juntos iremos desenvolver um bom trabalho buscando alinhar as a\u00e7\u00f5es. Nosso objetivo \u00e9 fortalecer a legenda e prepar\u00e1-la para as elei\u00e7\u00f5es de 2016\u201d, destacou. Mazinho disse que j\u00e1 iniciou os di\u00e1logos com parceiros, lideran\u00e7as, sindicatos e associa\u00e7\u00f5es para promover uma pol\u00edtica em prol da coletividade. \u201cO PSDC vem discutindo alian\u00e7as com Wank Medrado, Marcio Jandir, Joseph Bandeira, Telma Marineide, Flavio&hellip;\" \/>\n<meta property=\"og:url\" content=\"https:\/\/blogdofarnesio.com.br\/?p=130938\" \/>\n<meta property=\"og:site_name\" content=\"Blog do Farn\u00e9sio\" \/>\n<meta property=\"article:publisher\" content=\"https:\/\/www.facebook.com\/BlogQuerSaberPolitica\/\" \/>\n<meta property=\"article:published_time\" content=\"2015-10-05T18:00:19+00:00\" \/>\n<meta name=\"twitter:card\" content=\"summary_large_image\" \/>\n<meta name=\"twitter:label1\" content=\"Escrito por\" \/>\n\t<meta name=\"twitter:data1\" content=\"\" \/>\n\t<meta name=\"twitter:label2\" content=\"Est. tempo de leitura\" \/>\n\t<meta name=\"twitter:data2\" content=\"1 minuto\" \/>\n<script type=\"application\/ld+json\" class=\"yoast-schema-graph\">{\"@context\":\"https:\\\/\\\/schema.org\",\"@graph\":[{\"@type\":\"Article\",\"@id\":\"https:\\\/\\\/blogdofarnesio.com.br\\\/?p=130938#article\",\"isPartOf\":{\"@id\":\"https:\\\/\\\/blogdofarnesio.com.br\\\/?p=130938\"},\"author\":{\"name\":\"\",\"@id\":\"\"},\"headline\":\"PSDC TEM NOVO PRESIDENTE EM JUAZEIRO\",\"datePublished\":\"2015-10-05T18:00:19+00:00\",\"mainEntityOfPage\":{\"@id\":\"https:\\\/\\\/blogdofarnesio.com.br\\\/?p=130938\"},\"wordCount\":153,\"commentCount\":0,\"publisher\":{\"@id\":\"https:\\\/\\\/blogdofarnesio.com.br\\\/#organization\"},\"articleSection\":[\"Pol\u00edtica\"],\"inLanguage\":\"pt-BR\",\"potentialAction\":[{\"@type\":\"CommentAction\",\"name\":\"Comment\",\"target\":[\"https:\\\/\\\/blogdofarnesio.com.br\\\/?p=130938#respond\"]}]},{\"@type\":\"WebPage\",\"@id\":\"https:\\\/\\\/blogdofarnesio.com.br\\\/?p=130938\",\"url\":\"https:\\\/\\\/blogdofarnesio.com.br\\\/?p=130938\",\"name\":\"PSDC TEM NOVO PRESIDENTE EM JUAZEIRO - Blog do Farn\u00e9sio\",\"isPartOf\":{\"@id\":\"https:\\\/\\\/blogdofarnesio.com.br\\\/#website\"},\"datePublished\":\"2015-10-05T18:00:19+00:00\",\"breadcrumb\":{\"@id\":\"https:\\\/\\\/blogdofarnesio.com.br\\\/?p=130938#breadcrumb\"},\"inLanguage\":\"pt-BR\",\"potentialAction\":[{\"@type\":\"ReadAction\",\"target\":[\"https:\\\/\\\/blogdofarnesio.com.br\\\/?p=130938\"]}]},{\"@type\":\"BreadcrumbList\",\"@id\":\"https:\\\/\\\/blogdofarnesio.com.br\\\/?p=130938#breadcrumb\",\"itemListElement\":[{\"@type\":\"ListItem\",\"position\":1,\"name\":\"In\u00edcio\",\"item\":\"https:\\\/\\\/blogdofarnesio.com.br\\\/\"},{\"@type\":\"ListItem\",\"position\":2,\"name\":\"PSDC TEM NOVO PRESIDENTE EM JUAZEIRO\"}]},{\"@type\":\"WebSite\",\"@id\":\"https:\\\/\\\/blogdofarnesio.com.br\\\/#website\",\"url\":\"https:\\\/\\\/blogdofarnesio.com.br\\\/\",\"name\":\"Blog do Farn\u00e9sio\",\"description\":\"Quer Saber Pol\u00edtica?\",\"publisher\":{\"@id\":\"https:\\\/\\\/blogdofarnesio.com.br\\\/#organization\"},\"potentialAction\":[{\"@type\":\"SearchAction\",\"target\":{\"@type\":\"EntryPoint\",\"urlTemplate\":\"https:\\\/\\\/blogdofarnesio.com.br\\\/?s={search_term_string}\"},\"query-input\":{\"@type\":\"PropertyValueSpecification\",\"valueRequired\":true,\"valueName\":\"search_term_string\"}}],\"inLanguage\":\"pt-BR\"},{\"@type\":\"Organization\",\"@id\":\"https:\\\/\\\/blogdofarnesio.com.br\\\/#organization\",\"name\":\"Blog do Farn\u00e9sio\",\"url\":\"https:\\\/\\\/blogdofarnesio.com.br\\\/\",\"logo\":{\"@type\":\"ImageObject\",\"inLanguage\":\"pt-BR\",\"@id\":\"https:\\\/\\\/blogdofarnesio.com.br\\\/#\\\/schema\\\/logo\\\/image\\\/\",\"url\":\"https:\\\/\\\/blogdofarnesio.com.br\\\/wp-content\\\/uploads\\\/2026\\\/03\\\/cropped-logo_new-1.png\",\"contentUrl\":\"https:\\\/\\\/blogdofarnesio.com.br\\\/wp-content\\\/uploads\\\/2026\\\/03\\\/cropped-logo_new-1.png\",\"width\":881,\"height\":685,\"caption\":\"Blog do Farn\u00e9sio\"},\"image\":{\"@id\":\"https:\\\/\\\/blogdofarnesio.com.br\\\/#\\\/schema\\\/logo\\\/image\\\/\"},\"sameAs\":[\"https:\\\/\\\/www.facebook.com\\\/BlogQuerSaberPolitica\\\/\"]},{\"@type\":\"Person\",\"@id\":\"\",\"url\":\"https:\\\/\\\/blogdofarnesio.com.br\\\/?author=7\"}]}<\/script>\n<!-- \/ Yoast SEO plugin. -->","yoast_head_json":{"title":"PSDC TEM NOVO PRESIDENTE EM JUAZEIRO - Blog do Farn\u00e9sio","robots":{"index":"index","follow":"follow","max-snippet":"max-snippet:-1","max-image-preview":"max-image-preview:large","max-video-preview":"max-video-preview:-1"},"canonical":"https:\/\/blogdofarnesio.com.br\/?p=130938","og_locale":"pt_BR","og_type":"article","og_title":"PSDC TEM NOVO PRESIDENTE EM JUAZEIRO - Blog do Farn\u00e9sio","og_description":"Vilmar Medrado, o popular Mazinho, \u00e9 o novo presidente do Partido Social Democrata Crist\u00e3o (PSDC) em Juazeiro. Ele assume o cargo com o compromisso de fortalecer e estruturar o partido visando \u00e0s elei\u00e7\u00f5es de 2016. Durante entrevista ao Programa Bastidores da Not\u00edcia, o novo presidente ressaltou o compromisso com o fortalecimento do partido. \u201cAgrade\u00e7o aos companheiros partid\u00e1rios pelo apoio e juntos iremos desenvolver um bom trabalho buscando alinhar as a\u00e7\u00f5es. Nosso objetivo \u00e9 fortalecer a legenda e prepar\u00e1-la para as elei\u00e7\u00f5es de 2016\u201d, destacou. Mazinho disse que j\u00e1 iniciou os di\u00e1logos com parceiros, lideran\u00e7as, sindicatos e associa\u00e7\u00f5es para promover uma pol\u00edtica em prol da coletividade. \u201cO PSDC vem discutindo alian\u00e7as com Wank Medrado, Marcio Jandir, Joseph Bandeira, Telma Marineide, Flavio&hellip;","og_url":"https:\/\/blogdofarnesio.com.br\/?p=130938","og_site_name":"Blog do Farn\u00e9sio","article_publisher":"https:\/\/www.facebook.com\/BlogQuerSaberPolitica\/","article_published_time":"2015-10-05T18:00:19+00:00","twitter_card":"summary_large_image","twitter_misc":{"Escrito por":"","Est. tempo de leitura":"1 minuto"},"schema":{"@context":"https:\/\/schema.org","@graph":[{"@type":"Article","@id":"https:\/\/blogdofarnesio.com.br\/?p=130938#article","isPartOf":{"@id":"https:\/\/blogdofarnesio.com.br\/?p=130938"},"author":{"name":"","@id":""},"headline":"PSDC TEM NOVO PRESIDENTE EM JUAZEIRO","datePublished":"2015-10-05T18:00:19+00:00","mainEntityOfPage":{"@id":"https:\/\/blogdofarnesio.com.br\/?p=130938"},"wordCount":153,"commentCount":0,"publisher":{"@id":"https:\/\/blogdofarnesio.com.br\/#organization"},"articleSection":["Pol\u00edtica"],"inLanguage":"pt-BR","potentialAction":[{"@type":"CommentAction","name":"Comment","target":["https:\/\/blogdofarnesio.com.br\/?p=130938#respond"]}]},{"@type":"WebPage","@id":"https:\/\/blogdofarnesio.com.br\/?p=130938","url":"https:\/\/blogdofarnesio.com.br\/?p=130938","name":"PSDC TEM NOVO PRESIDENTE EM JUAZEIRO - Blog do Farn\u00e9sio","isPartOf":{"@id":"https:\/\/blogdofarnesio.com.br\/#website"},"datePublished":"2015-10-05T18:00:19+00:00","breadcrumb":{"@id":"https:\/\/blogdofarnesio.com.br\/?p=130938#breadcrumb"},"inLanguage":"pt-BR","potentialAction":[{"@type":"ReadAction","target":["https:\/\/blogdofarnesio.com.br\/?p=130938"]}]},{"@type":"BreadcrumbList","@id":"https:\/\/blogdofarnesio.com.br\/?p=130938#breadcrumb","itemListElement":[{"@type":"ListItem","position":1,"name":"In\u00edcio","item":"https:\/\/blogdofarnesio.com.br\/"},{"@type":"ListItem","position":2,"name":"PSDC TEM NOVO PRESIDENTE EM JUAZEIRO"}]},{"@type":"WebSite","@id":"https:\/\/blogdofarnesio.com.br\/#website","url":"https:\/\/blogdofarnesio.com.br\/","name":"Blog do Farn\u00e9sio","description":"Quer Saber Pol\u00edtica?","publisher":{"@id":"https:\/\/blogdofarnesio.com.br\/#organization"},"potentialAction":[{"@type":"SearchAction","target":{"@type":"EntryPoint","urlTemplate":"https:\/\/blogdofarnesio.com.br\/?s={search_term_string}"},"query-input":{"@type":"PropertyValueSpecification","valueRequired":true,"valueName":"search_term_string"}}],"inLanguage":"pt-BR"},{"@type":"Organization","@id":"https:\/\/blogdofarnesio.com.br\/#organization","name":"Blog do Farn\u00e9sio","url":"https:\/\/blogdofarnesio.com.br\/","logo":{"@type":"ImageObject","inLanguage":"pt-BR","@id":"https:\/\/blogdofarnesio.com.br\/#\/schema\/logo\/image\/","url":"https:\/\/blogdofarnesio.com.br\/wp-content\/uploads\/2026\/03\/cropped-logo_new-1.png","contentUrl":"https:\/\/blogdofarnesio.com.br\/wp-content\/uploads\/2026\/03\/cropped-logo_new-1.png","width":881,"height":685,"caption":"Blog do Farn\u00e9sio"},"image":{"@id":"https:\/\/blogdofarnesio.com.br\/#\/schema\/logo\/image\/"},"sameAs":["https:\/\/www.facebook.com\/BlogQuerSaberPolitica\/"]},{"@type":"Person","@id":"","url":"https:\/\/blogdofarnesio.com.br\/?author=7"}]}},"_links":{"self":[{"href":"https:\/\/blogdofarnesio.com.br\/index.php?rest_route=\/wp\/v2\/posts\/130938","targetHints":{"allow":["GET"]}}],"collection":[{"href":"https:\/\/blogdofarnesio.com.br\/index.php?rest_route=\/wp\/v2\/posts"}],"about":[{"href":"https:\/\/blogdofarnesio.com.br\/index.php?rest_route=\/wp\/v2\/types\/post"}],"author":[{"embeddable":true,"href":"https:\/\/blogdofarnesio.com.br\/index.php?rest_route=\/wp\/v2\/users\/7"}],"replies":[{"embeddable":true,"href":"https:\/\/blogdofarnesio.com.br\/index.php?rest_route=%2Fwp%2Fv2%2Fcomments&post=130938"}],"version-history":[{"count":0,"href":"https:\/\/blogdofarnesio.com.br\/index.php?rest_route=\/wp\/v2\/posts\/130938\/revisions"}],"wp:attachment":[{"href":"https:\/\/blogdofarnesio.com.br\/index.php?rest_route=%2Fwp%2Fv2%2Fmedia&parent=130938"}],"wp:term":[{"taxonomy":"category","embeddable":true,"href":"https:\/\/blogdofarnesio.com.br\/index.php?rest_route=%2Fwp%2Fv2%2Fcategories&post=130938"},{"taxonomy":"post_tag","embeddable":true,"href":"https:\/\/blogdofarnesio.com.br\/index.php?rest_route=%2Fwp%2Fv2%2Ftags&post=130938"}],"curies":[{"name":"wp","href":"https:\/\/api.w.org\/{rel}","templated":true}]}}