{"id":130922,"date":"2015-10-05T14:00:25","date_gmt":"2015-10-05T17:00:25","guid":{"rendered":"http:\/\/www.quersaberpolitica.com.br\/?p=130922"},"modified":"2015-10-05T07:33:51","modified_gmt":"2015-10-05T10:33:51","slug":"profissionais-do-samu-petrolina-participam-de-treinamento-em-sao-paulo-2","status":"publish","type":"post","link":"https:\/\/blogdofarnesio.com.br\/?p=130922","title":{"rendered":"PROFISSIONAIS DO SAMU PETROLINA PARTICIPAM DE TREINAMENTO EM S\u00c3O PAULO"},"content":{"rendered":"<p style=\"text-align: justify\"><a href=\"http:\/\/www.quersaberpolitica.com.br\/2016\/wp-content\/uploads\/2015\/10\/blogqsp-profissionais-samu-petrolina.jpg\"><img loading=\"lazy\" decoding=\"async\" class=\" size-medium wp-image-130923 aligncenter\" src=\"http:\/\/www.quersaberpolitica.com.br\/2016\/wp-content\/uploads\/2015\/10\/blogqsp-profissionais-samu-petrolina-300x225.jpg\" alt=\"blogqsp-profissionais-samu-petrolina\" width=\"300\" height=\"225\" srcset=\"https:\/\/blogdofarnesio.com.br\/wp-content\/uploads\/2015\/10\/blogqsp-profissionais-samu-petrolina-300x225.jpg 300w, https:\/\/blogdofarnesio.com.br\/wp-content\/uploads\/2015\/10\/blogqsp-profissionais-samu-petrolina-400x300.jpg 400w, https:\/\/blogdofarnesio.com.br\/wp-content\/uploads\/2015\/10\/blogqsp-profissionais-samu-petrolina.jpg 448w\" sizes=\"auto, (max-width: 300px) 100vw, 300px\" \/><\/a><\/p>\n<p style=\"text-align: justify\">Profissionais do Servi\u00e7o de Atendimento M\u00f3vel e Urg\u00eancia de Petrolina (SAMU-192) participaram do treinamento\u00a0\u201cUso de Simula\u00e7\u00e3o Real\u00edstica para Atendimento de Urg\u00eancias e Emerg\u00eancias Adulto no SUS\u201d no Hospital Albert Einsten, em S\u00e3o Paulo.<\/p>\n<p style=\"text-align: justify\">\u201cOs profissionais entram em uma sala semelhante de uma emerg\u00eancia com manequins rob\u00f3ticos, que respiram, piscam, t\u00eam l\u00e1grima, reflexo pupilar, pulso, ritmos e, assim, podem receber procedimentos de emerg\u00eancia como drenagem, sondagem, acessos entre outros\u201d, explicou o coordenador geral do SAMU, Tiago Acioli.<\/p>\n<p style=\"text-align: justify\">A secret\u00e1ria de Sa\u00fade, Lucia Giesta, pontua a import\u00e2ncia da qualifica\u00e7\u00e3o permanente dos servidores. \u201cA gest\u00e3o sempre busca oportunizar momentos de atualiza\u00e7\u00e3o e conhecimentos de novas t\u00e9cnicas e estrat\u00e9gias. Esses profissionais ser\u00e3o multiplicadores, pois v\u00e3o repassar para o restante da equipe os conhecimentos apreendidos\u201d.<\/p>\n<p><em><strong>Gabriella Moura<\/strong><\/em><\/p>\n","protected":false},"excerpt":{"rendered":"<p>Profissionais do Servi\u00e7o de Atendimento M\u00f3vel e Urg\u00eancia de Petrolina (SAMU-192) participaram do treinamento\u00a0\u201cUso de Simula\u00e7\u00e3o Real\u00edstica para Atendimento de Urg\u00eancias e Emerg\u00eancias Adulto no SUS\u201d no Hospital Albert Einsten, em S\u00e3o Paulo. \u201cOs profissionais entram em uma sala semelhante de uma emerg\u00eancia com manequins rob\u00f3ticos, que respiram, piscam, t\u00eam l\u00e1grima, reflexo pupilar, pulso, ritmos e, assim, podem receber procedimentos de emerg\u00eancia como drenagem, sondagem, acessos entre outros\u201d, explicou o coordenador geral do SAMU, Tiago Acioli. A secret\u00e1ria de Sa\u00fade, Lucia Giesta, pontua a import\u00e2ncia da qualifica\u00e7\u00e3o permanente dos servidores. \u201cA gest\u00e3o sempre busca oportunizar momentos de atualiza\u00e7\u00e3o e conhecimentos de novas t\u00e9cnicas e estrat\u00e9gias. Esses profissionais ser\u00e3o multiplicadores, pois v\u00e3o repassar para o restante da equipe os conhecimentos apreendidos\u201d.&hellip; <\/p>\n","protected":false},"author":7,"featured_media":0,"comment_status":"open","ping_status":"open","sticky":false,"template":"","format":"standard","meta":{"_acf_changed":false,"footnotes":""},"categories":[44,4],"tags":[],"class_list":["post-130922","post","type-post","status-publish","format-standard","hentry","category-administracao","category-saude"],"acf":[],"yoast_head":"<!-- This site is optimized with the Yoast SEO plugin v27.4 - https:\/\/yoast.com\/product\/yoast-seo-wordpress\/ -->\n<title>PROFISSIONAIS DO SAMU PETROLINA PARTICIPAM DE TREINAMENTO EM S\u00c3O PAULO - Blog do Farn\u00e9sio<\/title>\n<meta name=\"robots\" content=\"index, follow, max-snippet:-1, max-image-preview:large, max-video-preview:-1\" \/>\n<link rel=\"canonical\" href=\"https:\/\/blogdofarnesio.com.br\/?p=130922\" \/>\n<meta property=\"og:locale\" content=\"pt_BR\" \/>\n<meta property=\"og:type\" content=\"article\" \/>\n<meta property=\"og:title\" content=\"PROFISSIONAIS DO SAMU PETROLINA PARTICIPAM DE TREINAMENTO EM S\u00c3O PAULO - Blog do Farn\u00e9sio\" \/>\n<meta property=\"og:description\" content=\"Profissionais do Servi\u00e7o de Atendimento M\u00f3vel e Urg\u00eancia de Petrolina (SAMU-192) participaram do treinamento\u00a0\u201cUso de Simula\u00e7\u00e3o Real\u00edstica para Atendimento de Urg\u00eancias e Emerg\u00eancias Adulto no SUS\u201d no Hospital Albert Einsten, em S\u00e3o Paulo. \u201cOs profissionais entram em uma sala semelhante de uma emerg\u00eancia com manequins rob\u00f3ticos, que respiram, piscam, t\u00eam l\u00e1grima, reflexo pupilar, pulso, ritmos e, assim, podem receber procedimentos de emerg\u00eancia como drenagem, sondagem, acessos entre outros\u201d, explicou o coordenador geral do SAMU, Tiago Acioli. A secret\u00e1ria de Sa\u00fade, Lucia Giesta, pontua a import\u00e2ncia da qualifica\u00e7\u00e3o permanente dos servidores. \u201cA gest\u00e3o sempre busca oportunizar momentos de atualiza\u00e7\u00e3o e conhecimentos de novas t\u00e9cnicas e estrat\u00e9gias. Esses profissionais ser\u00e3o multiplicadores, pois v\u00e3o repassar para o restante da equipe os conhecimentos apreendidos\u201d.&hellip;\" \/>\n<meta property=\"og:url\" content=\"https:\/\/blogdofarnesio.com.br\/?p=130922\" \/>\n<meta property=\"og:site_name\" content=\"Blog do Farn\u00e9sio\" \/>\n<meta property=\"article:publisher\" content=\"https:\/\/www.facebook.com\/BlogQuerSaberPolitica\/\" \/>\n<meta property=\"article:published_time\" content=\"2015-10-05T17:00:25+00:00\" \/>\n<meta property=\"og:image\" content=\"http:\/\/www.quersaberpolitica.com.br\/2016\/wp-content\/uploads\/2015\/10\/blogqsp-profissionais-samu-petrolina-300x225.jpg\" \/>\n<meta name=\"twitter:card\" content=\"summary_large_image\" \/>\n<meta name=\"twitter:label1\" content=\"Escrito por\" \/>\n\t<meta name=\"twitter:data1\" content=\"\" \/>\n\t<meta name=\"twitter:label2\" content=\"Est. tempo de leitura\" \/>\n\t<meta name=\"twitter:data2\" content=\"1 minuto\" \/>\n<script type=\"application\/ld+json\" class=\"yoast-schema-graph\">{\"@context\":\"https:\\\/\\\/schema.org\",\"@graph\":[{\"@type\":\"Article\",\"@id\":\"https:\\\/\\\/blogdofarnesio.com.br\\\/?p=130922#article\",\"isPartOf\":{\"@id\":\"https:\\\/\\\/blogdofarnesio.com.br\\\/?p=130922\"},\"author\":{\"name\":\"\",\"@id\":\"\"},\"headline\":\"PROFISSIONAIS DO SAMU PETROLINA PARTICIPAM DE TREINAMENTO EM S\u00c3O PAULO\",\"datePublished\":\"2015-10-05T17:00:25+00:00\",\"mainEntityOfPage\":{\"@id\":\"https:\\\/\\\/blogdofarnesio.com.br\\\/?p=130922\"},\"wordCount\":157,\"commentCount\":0,\"publisher\":{\"@id\":\"https:\\\/\\\/blogdofarnesio.com.br\\\/#organization\"},\"image\":{\"@id\":\"https:\\\/\\\/blogdofarnesio.com.br\\\/?p=130922#primaryimage\"},\"thumbnailUrl\":\"http:\\\/\\\/www.quersaberpolitica.com.br\\\/2016\\\/wp-content\\\/uploads\\\/2015\\\/10\\\/blogqsp-profissionais-samu-petrolina-300x225.jpg\",\"articleSection\":[\"Administra\u00e7\u00e3o\",\"Sa\u00fade\"],\"inLanguage\":\"pt-BR\",\"potentialAction\":[{\"@type\":\"CommentAction\",\"name\":\"Comment\",\"target\":[\"https:\\\/\\\/blogdofarnesio.com.br\\\/?p=130922#respond\"]}]},{\"@type\":\"WebPage\",\"@id\":\"https:\\\/\\\/blogdofarnesio.com.br\\\/?p=130922\",\"url\":\"https:\\\/\\\/blogdofarnesio.com.br\\\/?p=130922\",\"name\":\"PROFISSIONAIS DO SAMU PETROLINA PARTICIPAM DE TREINAMENTO EM S\u00c3O PAULO - Blog do Farn\u00e9sio\",\"isPartOf\":{\"@id\":\"https:\\\/\\\/blogdofarnesio.com.br\\\/#website\"},\"primaryImageOfPage\":{\"@id\":\"https:\\\/\\\/blogdofarnesio.com.br\\\/?p=130922#primaryimage\"},\"image\":{\"@id\":\"https:\\\/\\\/blogdofarnesio.com.br\\\/?p=130922#primaryimage\"},\"thumbnailUrl\":\"http:\\\/\\\/www.quersaberpolitica.com.br\\\/2016\\\/wp-content\\\/uploads\\\/2015\\\/10\\\/blogqsp-profissionais-samu-petrolina-300x225.jpg\",\"datePublished\":\"2015-10-05T17:00:25+00:00\",\"breadcrumb\":{\"@id\":\"https:\\\/\\\/blogdofarnesio.com.br\\\/?p=130922#breadcrumb\"},\"inLanguage\":\"pt-BR\",\"potentialAction\":[{\"@type\":\"ReadAction\",\"target\":[\"https:\\\/\\\/blogdofarnesio.com.br\\\/?p=130922\"]}]},{\"@type\":\"ImageObject\",\"inLanguage\":\"pt-BR\",\"@id\":\"https:\\\/\\\/blogdofarnesio.com.br\\\/?p=130922#primaryimage\",\"url\":\"http:\\\/\\\/www.quersaberpolitica.com.br\\\/2016\\\/wp-content\\\/uploads\\\/2015\\\/10\\\/blogqsp-profissionais-samu-petrolina-300x225.jpg\",\"contentUrl\":\"http:\\\/\\\/www.quersaberpolitica.com.br\\\/2016\\\/wp-content\\\/uploads\\\/2015\\\/10\\\/blogqsp-profissionais-samu-petrolina-300x225.jpg\"},{\"@type\":\"BreadcrumbList\",\"@id\":\"https:\\\/\\\/blogdofarnesio.com.br\\\/?p=130922#breadcrumb\",\"itemListElement\":[{\"@type\":\"ListItem\",\"position\":1,\"name\":\"In\u00edcio\",\"item\":\"https:\\\/\\\/blogdofarnesio.com.br\\\/\"},{\"@type\":\"ListItem\",\"position\":2,\"name\":\"PROFISSIONAIS DO SAMU PETROLINA PARTICIPAM DE TREINAMENTO EM S\u00c3O PAULO\"}]},{\"@type\":\"WebSite\",\"@id\":\"https:\\\/\\\/blogdofarnesio.com.br\\\/#website\",\"url\":\"https:\\\/\\\/blogdofarnesio.com.br\\\/\",\"name\":\"Blog do Farn\u00e9sio\",\"description\":\"Quer Saber Pol\u00edtica?\",\"publisher\":{\"@id\":\"https:\\\/\\\/blogdofarnesio.com.br\\\/#organization\"},\"potentialAction\":[{\"@type\":\"SearchAction\",\"target\":{\"@type\":\"EntryPoint\",\"urlTemplate\":\"https:\\\/\\\/blogdofarnesio.com.br\\\/?s={search_term_string}\"},\"query-input\":{\"@type\":\"PropertyValueSpecification\",\"valueRequired\":true,\"valueName\":\"search_term_string\"}}],\"inLanguage\":\"pt-BR\"},{\"@type\":\"Organization\",\"@id\":\"https:\\\/\\\/blogdofarnesio.com.br\\\/#organization\",\"name\":\"Blog do Farn\u00e9sio\",\"url\":\"https:\\\/\\\/blogdofarnesio.com.br\\\/\",\"logo\":{\"@type\":\"ImageObject\",\"inLanguage\":\"pt-BR\",\"@id\":\"https:\\\/\\\/blogdofarnesio.com.br\\\/#\\\/schema\\\/logo\\\/image\\\/\",\"url\":\"https:\\\/\\\/blogdofarnesio.com.br\\\/wp-content\\\/uploads\\\/2026\\\/03\\\/cropped-logo_new-1.png\",\"contentUrl\":\"https:\\\/\\\/blogdofarnesio.com.br\\\/wp-content\\\/uploads\\\/2026\\\/03\\\/cropped-logo_new-1.png\",\"width\":881,\"height\":685,\"caption\":\"Blog do Farn\u00e9sio\"},\"image\":{\"@id\":\"https:\\\/\\\/blogdofarnesio.com.br\\\/#\\\/schema\\\/logo\\\/image\\\/\"},\"sameAs\":[\"https:\\\/\\\/www.facebook.com\\\/BlogQuerSaberPolitica\\\/\"]},{\"@type\":\"Person\",\"@id\":\"\",\"url\":\"https:\\\/\\\/blogdofarnesio.com.br\\\/?author=7\"}]}<\/script>\n<!-- \/ Yoast SEO plugin. -->","yoast_head_json":{"title":"PROFISSIONAIS DO SAMU PETROLINA PARTICIPAM DE TREINAMENTO EM S\u00c3O PAULO - Blog do Farn\u00e9sio","robots":{"index":"index","follow":"follow","max-snippet":"max-snippet:-1","max-image-preview":"max-image-preview:large","max-video-preview":"max-video-preview:-1"},"canonical":"https:\/\/blogdofarnesio.com.br\/?p=130922","og_locale":"pt_BR","og_type":"article","og_title":"PROFISSIONAIS DO SAMU PETROLINA PARTICIPAM DE TREINAMENTO EM S\u00c3O PAULO - Blog do Farn\u00e9sio","og_description":"Profissionais do Servi\u00e7o de Atendimento M\u00f3vel e Urg\u00eancia de Petrolina (SAMU-192) participaram do treinamento\u00a0\u201cUso de Simula\u00e7\u00e3o Real\u00edstica para Atendimento de Urg\u00eancias e Emerg\u00eancias Adulto no SUS\u201d no Hospital Albert Einsten, em S\u00e3o Paulo. \u201cOs profissionais entram em uma sala semelhante de uma emerg\u00eancia com manequins rob\u00f3ticos, que respiram, piscam, t\u00eam l\u00e1grima, reflexo pupilar, pulso, ritmos e, assim, podem receber procedimentos de emerg\u00eancia como drenagem, sondagem, acessos entre outros\u201d, explicou o coordenador geral do SAMU, Tiago Acioli. A secret\u00e1ria de Sa\u00fade, Lucia Giesta, pontua a import\u00e2ncia da qualifica\u00e7\u00e3o permanente dos servidores. \u201cA gest\u00e3o sempre busca oportunizar momentos de atualiza\u00e7\u00e3o e conhecimentos de novas t\u00e9cnicas e estrat\u00e9gias. Esses profissionais ser\u00e3o multiplicadores, pois v\u00e3o repassar para o restante da equipe os conhecimentos apreendidos\u201d.&hellip;","og_url":"https:\/\/blogdofarnesio.com.br\/?p=130922","og_site_name":"Blog do Farn\u00e9sio","article_publisher":"https:\/\/www.facebook.com\/BlogQuerSaberPolitica\/","article_published_time":"2015-10-05T17:00:25+00:00","og_image":[{"url":"http:\/\/www.quersaberpolitica.com.br\/2016\/wp-content\/uploads\/2015\/10\/blogqsp-profissionais-samu-petrolina-300x225.jpg","type":"","width":"","height":""}],"twitter_card":"summary_large_image","twitter_misc":{"Escrito por":"","Est. tempo de leitura":"1 minuto"},"schema":{"@context":"https:\/\/schema.org","@graph":[{"@type":"Article","@id":"https:\/\/blogdofarnesio.com.br\/?p=130922#article","isPartOf":{"@id":"https:\/\/blogdofarnesio.com.br\/?p=130922"},"author":{"name":"","@id":""},"headline":"PROFISSIONAIS DO SAMU PETROLINA PARTICIPAM DE TREINAMENTO EM S\u00c3O PAULO","datePublished":"2015-10-05T17:00:25+00:00","mainEntityOfPage":{"@id":"https:\/\/blogdofarnesio.com.br\/?p=130922"},"wordCount":157,"commentCount":0,"publisher":{"@id":"https:\/\/blogdofarnesio.com.br\/#organization"},"image":{"@id":"https:\/\/blogdofarnesio.com.br\/?p=130922#primaryimage"},"thumbnailUrl":"http:\/\/www.quersaberpolitica.com.br\/2016\/wp-content\/uploads\/2015\/10\/blogqsp-profissionais-samu-petrolina-300x225.jpg","articleSection":["Administra\u00e7\u00e3o","Sa\u00fade"],"inLanguage":"pt-BR","potentialAction":[{"@type":"CommentAction","name":"Comment","target":["https:\/\/blogdofarnesio.com.br\/?p=130922#respond"]}]},{"@type":"WebPage","@id":"https:\/\/blogdofarnesio.com.br\/?p=130922","url":"https:\/\/blogdofarnesio.com.br\/?p=130922","name":"PROFISSIONAIS DO SAMU PETROLINA PARTICIPAM DE TREINAMENTO EM S\u00c3O PAULO - Blog do Farn\u00e9sio","isPartOf":{"@id":"https:\/\/blogdofarnesio.com.br\/#website"},"primaryImageOfPage":{"@id":"https:\/\/blogdofarnesio.com.br\/?p=130922#primaryimage"},"image":{"@id":"https:\/\/blogdofarnesio.com.br\/?p=130922#primaryimage"},"thumbnailUrl":"http:\/\/www.quersaberpolitica.com.br\/2016\/wp-content\/uploads\/2015\/10\/blogqsp-profissionais-samu-petrolina-300x225.jpg","datePublished":"2015-10-05T17:00:25+00:00","breadcrumb":{"@id":"https:\/\/blogdofarnesio.com.br\/?p=130922#breadcrumb"},"inLanguage":"pt-BR","potentialAction":[{"@type":"ReadAction","target":["https:\/\/blogdofarnesio.com.br\/?p=130922"]}]},{"@type":"ImageObject","inLanguage":"pt-BR","@id":"https:\/\/blogdofarnesio.com.br\/?p=130922#primaryimage","url":"http:\/\/www.quersaberpolitica.com.br\/2016\/wp-content\/uploads\/2015\/10\/blogqsp-profissionais-samu-petrolina-300x225.jpg","contentUrl":"http:\/\/www.quersaberpolitica.com.br\/2016\/wp-content\/uploads\/2015\/10\/blogqsp-profissionais-samu-petrolina-300x225.jpg"},{"@type":"BreadcrumbList","@id":"https:\/\/blogdofarnesio.com.br\/?p=130922#breadcrumb","itemListElement":[{"@type":"ListItem","position":1,"name":"In\u00edcio","item":"https:\/\/blogdofarnesio.com.br\/"},{"@type":"ListItem","position":2,"name":"PROFISSIONAIS DO SAMU PETROLINA PARTICIPAM DE TREINAMENTO EM S\u00c3O PAULO"}]},{"@type":"WebSite","@id":"https:\/\/blogdofarnesio.com.br\/#website","url":"https:\/\/blogdofarnesio.com.br\/","name":"Blog do Farn\u00e9sio","description":"Quer Saber Pol\u00edtica?","publisher":{"@id":"https:\/\/blogdofarnesio.com.br\/#organization"},"potentialAction":[{"@type":"SearchAction","target":{"@type":"EntryPoint","urlTemplate":"https:\/\/blogdofarnesio.com.br\/?s={search_term_string}"},"query-input":{"@type":"PropertyValueSpecification","valueRequired":true,"valueName":"search_term_string"}}],"inLanguage":"pt-BR"},{"@type":"Organization","@id":"https:\/\/blogdofarnesio.com.br\/#organization","name":"Blog do Farn\u00e9sio","url":"https:\/\/blogdofarnesio.com.br\/","logo":{"@type":"ImageObject","inLanguage":"pt-BR","@id":"https:\/\/blogdofarnesio.com.br\/#\/schema\/logo\/image\/","url":"https:\/\/blogdofarnesio.com.br\/wp-content\/uploads\/2026\/03\/cropped-logo_new-1.png","contentUrl":"https:\/\/blogdofarnesio.com.br\/wp-content\/uploads\/2026\/03\/cropped-logo_new-1.png","width":881,"height":685,"caption":"Blog do Farn\u00e9sio"},"image":{"@id":"https:\/\/blogdofarnesio.com.br\/#\/schema\/logo\/image\/"},"sameAs":["https:\/\/www.facebook.com\/BlogQuerSaberPolitica\/"]},{"@type":"Person","@id":"","url":"https:\/\/blogdofarnesio.com.br\/?author=7"}]}},"_links":{"self":[{"href":"https:\/\/blogdofarnesio.com.br\/index.php?rest_route=\/wp\/v2\/posts\/130922","targetHints":{"allow":["GET"]}}],"collection":[{"href":"https:\/\/blogdofarnesio.com.br\/index.php?rest_route=\/wp\/v2\/posts"}],"about":[{"href":"https:\/\/blogdofarnesio.com.br\/index.php?rest_route=\/wp\/v2\/types\/post"}],"author":[{"embeddable":true,"href":"https:\/\/blogdofarnesio.com.br\/index.php?rest_route=\/wp\/v2\/users\/7"}],"replies":[{"embeddable":true,"href":"https:\/\/blogdofarnesio.com.br\/index.php?rest_route=%2Fwp%2Fv2%2Fcomments&post=130922"}],"version-history":[{"count":0,"href":"https:\/\/blogdofarnesio.com.br\/index.php?rest_route=\/wp\/v2\/posts\/130922\/revisions"}],"wp:attachment":[{"href":"https:\/\/blogdofarnesio.com.br\/index.php?rest_route=%2Fwp%2Fv2%2Fmedia&parent=130922"}],"wp:term":[{"taxonomy":"category","embeddable":true,"href":"https:\/\/blogdofarnesio.com.br\/index.php?rest_route=%2Fwp%2Fv2%2Fcategories&post=130922"},{"taxonomy":"post_tag","embeddable":true,"href":"https:\/\/blogdofarnesio.com.br\/index.php?rest_route=%2Fwp%2Fv2%2Ftags&post=130922"}],"curies":[{"name":"wp","href":"https:\/\/api.w.org\/{rel}","templated":true}]}}