{"id":130809,"date":"2015-10-02T08:33:20","date_gmt":"2015-10-02T11:33:20","guid":{"rendered":"http:\/\/www.quersaberpolitica.com.br\/?p=130809"},"modified":"2015-10-01T17:52:43","modified_gmt":"2015-10-01T20:52:43","slug":"quase-2-mil-servidores-podem-ficar-sem-salario-se-nao-se-recadastrarem-ate-hoje","status":"publish","type":"post","link":"https:\/\/blogdofarnesio.com.br\/?p=130809","title":{"rendered":"QUASE 2 MIL SERVIDORES BAIANOS PODEM FICAR SEM SAL\u00c1RIO SE N\u00c3O SE RECADASTRAREM AT\u00c9 HOJE"},"content":{"rendered":"<div class=\"box-title\"><\/div>\n<div class=\"box-body\">\n<div class=\"text-descricao\" style=\"text-align: justify\"><a href=\"http:\/\/www.quersaberpolitica.com.br\/2016\/wp-content\/uploads\/2013\/02\/blogqsprecadastramento.jpg\"><img loading=\"lazy\" decoding=\"async\" class=\"alignleft size-full wp-image-27240\" src=\"http:\/\/www.quersaberpolitica.com.br\/2016\/wp-content\/uploads\/2013\/02\/blogqsprecadastramento.jpg\" alt=\"blogqsprecadastramento\" width=\"276\" height=\"182\" \/><\/a>O prazo da segunda fase do recadastramento dos servidores ativos do Estado encerra nesta sexta-feira (2) e os funcion\u00e1rios p\u00fablicos que n\u00e3o atualizarem seus dados at\u00e9 este dia podem ficar sem receber sal\u00e1rio.<\/div>\n<div class=\"text-descricao\" style=\"text-align: justify\"><\/div>\n<div class=\"text-descricao\" style=\"text-align: justify\">De acordo com a Saeb, a etapa de recadastramento est\u00e1 vigente desde 26 de agosto para 48 \u00f3rg\u00e3os estaduais, exceto para Secretarias da Sa\u00fade (Sesab), Educa\u00e7\u00e3o (SEC) e Seguran\u00e7a P\u00fablica (SSP), cuja situa\u00e7\u00e3o foi regularizada no in\u00edcio do ano. Todos os servidores ativos devem se recadastrar, incluindo contratados como cargo comissionado ou em Regime Especial de Direito Administrativo (Reda).<\/div>\n<div class=\"text-descricao\" style=\"text-align: justify\"><\/div>\n<div class=\"text-descricao\" style=\"text-align: justify\">O prazo vale ainda em situa\u00e7\u00e3o de f\u00e9rias; licen\u00e7a-m\u00e9dica, licen\u00e7a-pr\u00eamio, licen\u00e7a-maternidade e outras licen\u00e7as; para os que est\u00e3o \u00e0 disposi\u00e7\u00e3o de \u00f3rg\u00e3os dos tr\u00eas poderes (com ou sem \u00f4nus); os que respondendo a processo administrativo, que passam por readapta\u00e7\u00e3o funcional, al\u00e9m de estagi\u00e1rios e menores aprendizes.<\/div>\n<div class=\"text-descricao\" style=\"text-align: justify\"><\/div>\n<div class=\"text-descricao\" style=\"text-align: justify\">Se o servidor pertencer originalmente a uma pasta e esteja lotado em outra secretaria, ele precisa se recadastrar por cada uma. Servidores \u00e0 disposi\u00e7\u00e3o dentro de \u00f3rg\u00e3os de outros poderes, fazem o recadastramento apenas uma vez, no local onde est\u00e3o lotados.<\/div>\n<div class=\"text-descricao\" style=\"text-align: justify\"><\/div>\n<div class=\"text-descricao\" style=\"text-align: justify\">O objetivo do procedimento, feito em parceria com a Empresa de Processamento de Dados do Estado da Bahia (Prodeb), \u00e9 verificar os locais e jornada de trabalho de cerca de 30 mil servidores e empregados p\u00fablicos ativos do Estado, permitindo a identifica\u00e7\u00e3o de poss\u00edveis irregularidades, como o ac\u00famulo indevido de cargos e a incompatibilidade de hor\u00e1rios de trabalho.<\/div>\n<\/div>\n","protected":false},"excerpt":{"rendered":"<p>O prazo da segunda fase do recadastramento dos servidores ativos do Estado encerra nesta sexta-feira (2) e os funcion\u00e1rios p\u00fablicos que n\u00e3o atualizarem seus dados at\u00e9 este dia podem ficar sem receber sal\u00e1rio. De acordo com a Saeb, a etapa de recadastramento est\u00e1 vigente desde 26 de agosto para 48 \u00f3rg\u00e3os estaduais, exceto para Secretarias da Sa\u00fade (Sesab), Educa\u00e7\u00e3o (SEC) e Seguran\u00e7a P\u00fablica (SSP), cuja situa\u00e7\u00e3o foi regularizada no in\u00edcio do ano. Todos os servidores ativos devem se recadastrar, incluindo contratados como cargo comissionado ou em Regime Especial de Direito Administrativo (Reda). O prazo vale ainda em situa\u00e7\u00e3o de f\u00e9rias; licen\u00e7a-m\u00e9dica, licen\u00e7a-pr\u00eamio, licen\u00e7a-maternidade e outras licen\u00e7as; para os que est\u00e3o \u00e0 disposi\u00e7\u00e3o de \u00f3rg\u00e3os dos tr\u00eas poderes (com ou sem&hellip; <\/p>\n","protected":false},"author":3,"featured_media":0,"comment_status":"open","ping_status":"open","sticky":false,"template":"","format":"standard","meta":{"_acf_changed":false,"footnotes":""},"categories":[44,19],"tags":[],"class_list":["post-130809","post","type-post","status-publish","format-standard","hentry","category-administracao","category-servidores"],"acf":[],"yoast_head":"<!-- This site is optimized with the Yoast SEO plugin v27.4 - https:\/\/yoast.com\/product\/yoast-seo-wordpress\/ -->\n<title>QUASE 2 MIL SERVIDORES BAIANOS PODEM FICAR SEM SAL\u00c1RIO SE N\u00c3O SE RECADASTRAREM AT\u00c9 HOJE - Blog do Farn\u00e9sio<\/title>\n<meta name=\"robots\" content=\"index, follow, max-snippet:-1, max-image-preview:large, max-video-preview:-1\" \/>\n<link rel=\"canonical\" href=\"https:\/\/blogdofarnesio.com.br\/?p=130809\" \/>\n<meta property=\"og:locale\" content=\"pt_BR\" \/>\n<meta property=\"og:type\" content=\"article\" \/>\n<meta property=\"og:title\" content=\"QUASE 2 MIL SERVIDORES BAIANOS PODEM FICAR SEM SAL\u00c1RIO SE N\u00c3O SE RECADASTRAREM AT\u00c9 HOJE - Blog do Farn\u00e9sio\" \/>\n<meta property=\"og:description\" content=\"O prazo da segunda fase do recadastramento dos servidores ativos do Estado encerra nesta sexta-feira (2) e os funcion\u00e1rios p\u00fablicos que n\u00e3o atualizarem seus dados at\u00e9 este dia podem ficar sem receber sal\u00e1rio. De acordo com a Saeb, a etapa de recadastramento est\u00e1 vigente desde 26 de agosto para 48 \u00f3rg\u00e3os estaduais, exceto para Secretarias da Sa\u00fade (Sesab), Educa\u00e7\u00e3o (SEC) e Seguran\u00e7a P\u00fablica (SSP), cuja situa\u00e7\u00e3o foi regularizada no in\u00edcio do ano. Todos os servidores ativos devem se recadastrar, incluindo contratados como cargo comissionado ou em Regime Especial de Direito Administrativo (Reda). O prazo vale ainda em situa\u00e7\u00e3o de f\u00e9rias; licen\u00e7a-m\u00e9dica, licen\u00e7a-pr\u00eamio, licen\u00e7a-maternidade e outras licen\u00e7as; para os que est\u00e3o \u00e0 disposi\u00e7\u00e3o de \u00f3rg\u00e3os dos tr\u00eas poderes (com ou sem&hellip;\" \/>\n<meta property=\"og:url\" content=\"https:\/\/blogdofarnesio.com.br\/?p=130809\" \/>\n<meta property=\"og:site_name\" content=\"Blog do Farn\u00e9sio\" \/>\n<meta property=\"article:publisher\" content=\"https:\/\/www.facebook.com\/BlogQuerSaberPolitica\/\" \/>\n<meta property=\"article:published_time\" content=\"2015-10-02T11:33:20+00:00\" \/>\n<meta property=\"og:image\" content=\"http:\/\/www.quersaberpolitica.com.br\/2016\/wp-content\/uploads\/2013\/02\/blogqsprecadastramento.jpg\" \/>\n<meta name=\"author\" content=\"teste\" \/>\n<meta name=\"twitter:card\" content=\"summary_large_image\" \/>\n<meta name=\"twitter:label1\" content=\"Escrito por\" \/>\n\t<meta name=\"twitter:data1\" content=\"teste\" \/>\n\t<meta name=\"twitter:label2\" content=\"Est. tempo de leitura\" \/>\n\t<meta name=\"twitter:data2\" content=\"1 minuto\" \/>\n<script type=\"application\/ld+json\" class=\"yoast-schema-graph\">{\"@context\":\"https:\\\/\\\/schema.org\",\"@graph\":[{\"@type\":\"Article\",\"@id\":\"https:\\\/\\\/blogdofarnesio.com.br\\\/?p=130809#article\",\"isPartOf\":{\"@id\":\"https:\\\/\\\/blogdofarnesio.com.br\\\/?p=130809\"},\"author\":{\"name\":\"teste\",\"@id\":\"https:\\\/\\\/blogdofarnesio.com.br\\\/#\\\/schema\\\/person\\\/dd1bf5eba40b687199ba45ca6b97dff9\"},\"headline\":\"QUASE 2 MIL SERVIDORES BAIANOS PODEM FICAR SEM SAL\u00c1RIO SE N\u00c3O SE RECADASTRAREM AT\u00c9 HOJE\",\"datePublished\":\"2015-10-02T11:33:20+00:00\",\"mainEntityOfPage\":{\"@id\":\"https:\\\/\\\/blogdofarnesio.com.br\\\/?p=130809\"},\"wordCount\":280,\"commentCount\":0,\"publisher\":{\"@id\":\"https:\\\/\\\/blogdofarnesio.com.br\\\/#organization\"},\"image\":{\"@id\":\"https:\\\/\\\/blogdofarnesio.com.br\\\/?p=130809#primaryimage\"},\"thumbnailUrl\":\"http:\\\/\\\/www.quersaberpolitica.com.br\\\/2016\\\/wp-content\\\/uploads\\\/2013\\\/02\\\/blogqsprecadastramento.jpg\",\"articleSection\":[\"Administra\u00e7\u00e3o\",\"Servidores\"],\"inLanguage\":\"pt-BR\",\"potentialAction\":[{\"@type\":\"CommentAction\",\"name\":\"Comment\",\"target\":[\"https:\\\/\\\/blogdofarnesio.com.br\\\/?p=130809#respond\"]}]},{\"@type\":\"WebPage\",\"@id\":\"https:\\\/\\\/blogdofarnesio.com.br\\\/?p=130809\",\"url\":\"https:\\\/\\\/blogdofarnesio.com.br\\\/?p=130809\",\"name\":\"QUASE 2 MIL SERVIDORES BAIANOS PODEM FICAR SEM SAL\u00c1RIO SE N\u00c3O SE RECADASTRAREM AT\u00c9 HOJE - Blog do Farn\u00e9sio\",\"isPartOf\":{\"@id\":\"https:\\\/\\\/blogdofarnesio.com.br\\\/#website\"},\"primaryImageOfPage\":{\"@id\":\"https:\\\/\\\/blogdofarnesio.com.br\\\/?p=130809#primaryimage\"},\"image\":{\"@id\":\"https:\\\/\\\/blogdofarnesio.com.br\\\/?p=130809#primaryimage\"},\"thumbnailUrl\":\"http:\\\/\\\/www.quersaberpolitica.com.br\\\/2016\\\/wp-content\\\/uploads\\\/2013\\\/02\\\/blogqsprecadastramento.jpg\",\"datePublished\":\"2015-10-02T11:33:20+00:00\",\"breadcrumb\":{\"@id\":\"https:\\\/\\\/blogdofarnesio.com.br\\\/?p=130809#breadcrumb\"},\"inLanguage\":\"pt-BR\",\"potentialAction\":[{\"@type\":\"ReadAction\",\"target\":[\"https:\\\/\\\/blogdofarnesio.com.br\\\/?p=130809\"]}]},{\"@type\":\"ImageObject\",\"inLanguage\":\"pt-BR\",\"@id\":\"https:\\\/\\\/blogdofarnesio.com.br\\\/?p=130809#primaryimage\",\"url\":\"http:\\\/\\\/www.quersaberpolitica.com.br\\\/2016\\\/wp-content\\\/uploads\\\/2013\\\/02\\\/blogqsprecadastramento.jpg\",\"contentUrl\":\"http:\\\/\\\/www.quersaberpolitica.com.br\\\/2016\\\/wp-content\\\/uploads\\\/2013\\\/02\\\/blogqsprecadastramento.jpg\"},{\"@type\":\"BreadcrumbList\",\"@id\":\"https:\\\/\\\/blogdofarnesio.com.br\\\/?p=130809#breadcrumb\",\"itemListElement\":[{\"@type\":\"ListItem\",\"position\":1,\"name\":\"In\u00edcio\",\"item\":\"https:\\\/\\\/blogdofarnesio.com.br\\\/\"},{\"@type\":\"ListItem\",\"position\":2,\"name\":\"QUASE 2 MIL SERVIDORES BAIANOS PODEM FICAR SEM SAL\u00c1RIO SE N\u00c3O SE RECADASTRAREM AT\u00c9 HOJE\"}]},{\"@type\":\"WebSite\",\"@id\":\"https:\\\/\\\/blogdofarnesio.com.br\\\/#website\",\"url\":\"https:\\\/\\\/blogdofarnesio.com.br\\\/\",\"name\":\"Blog do Farn\u00e9sio\",\"description\":\"Quer Saber Pol\u00edtica?\",\"publisher\":{\"@id\":\"https:\\\/\\\/blogdofarnesio.com.br\\\/#organization\"},\"potentialAction\":[{\"@type\":\"SearchAction\",\"target\":{\"@type\":\"EntryPoint\",\"urlTemplate\":\"https:\\\/\\\/blogdofarnesio.com.br\\\/?s={search_term_string}\"},\"query-input\":{\"@type\":\"PropertyValueSpecification\",\"valueRequired\":true,\"valueName\":\"search_term_string\"}}],\"inLanguage\":\"pt-BR\"},{\"@type\":\"Organization\",\"@id\":\"https:\\\/\\\/blogdofarnesio.com.br\\\/#organization\",\"name\":\"Blog do Farn\u00e9sio\",\"url\":\"https:\\\/\\\/blogdofarnesio.com.br\\\/\",\"logo\":{\"@type\":\"ImageObject\",\"inLanguage\":\"pt-BR\",\"@id\":\"https:\\\/\\\/blogdofarnesio.com.br\\\/#\\\/schema\\\/logo\\\/image\\\/\",\"url\":\"https:\\\/\\\/blogdofarnesio.com.br\\\/wp-content\\\/uploads\\\/2026\\\/03\\\/cropped-logo_new-1.png\",\"contentUrl\":\"https:\\\/\\\/blogdofarnesio.com.br\\\/wp-content\\\/uploads\\\/2026\\\/03\\\/cropped-logo_new-1.png\",\"width\":881,\"height\":685,\"caption\":\"Blog do Farn\u00e9sio\"},\"image\":{\"@id\":\"https:\\\/\\\/blogdofarnesio.com.br\\\/#\\\/schema\\\/logo\\\/image\\\/\"},\"sameAs\":[\"https:\\\/\\\/www.facebook.com\\\/BlogQuerSaberPolitica\\\/\"]},{\"@type\":\"Person\",\"@id\":\"https:\\\/\\\/blogdofarnesio.com.br\\\/#\\\/schema\\\/person\\\/dd1bf5eba40b687199ba45ca6b97dff9\",\"name\":\"teste\",\"image\":{\"@type\":\"ImageObject\",\"inLanguage\":\"pt-BR\",\"@id\":\"https:\\\/\\\/secure.gravatar.com\\\/avatar\\\/2172498d4914b51e1d89a0f97957b035ac4938723a5cac208135d389b6972a6d?s=96&d=mm&r=g\",\"url\":\"https:\\\/\\\/secure.gravatar.com\\\/avatar\\\/2172498d4914b51e1d89a0f97957b035ac4938723a5cac208135d389b6972a6d?s=96&d=mm&r=g\",\"contentUrl\":\"https:\\\/\\\/secure.gravatar.com\\\/avatar\\\/2172498d4914b51e1d89a0f97957b035ac4938723a5cac208135d389b6972a6d?s=96&d=mm&r=g\",\"caption\":\"teste\"},\"url\":\"https:\\\/\\\/blogdofarnesio.com.br\\\/?author=3\"}]}<\/script>\n<!-- \/ Yoast SEO plugin. -->","yoast_head_json":{"title":"QUASE 2 MIL SERVIDORES BAIANOS PODEM FICAR SEM SAL\u00c1RIO SE N\u00c3O SE RECADASTRAREM AT\u00c9 HOJE - Blog do Farn\u00e9sio","robots":{"index":"index","follow":"follow","max-snippet":"max-snippet:-1","max-image-preview":"max-image-preview:large","max-video-preview":"max-video-preview:-1"},"canonical":"https:\/\/blogdofarnesio.com.br\/?p=130809","og_locale":"pt_BR","og_type":"article","og_title":"QUASE 2 MIL SERVIDORES BAIANOS PODEM FICAR SEM SAL\u00c1RIO SE N\u00c3O SE RECADASTRAREM AT\u00c9 HOJE - Blog do Farn\u00e9sio","og_description":"O prazo da segunda fase do recadastramento dos servidores ativos do Estado encerra nesta sexta-feira (2) e os funcion\u00e1rios p\u00fablicos que n\u00e3o atualizarem seus dados at\u00e9 este dia podem ficar sem receber sal\u00e1rio. De acordo com a Saeb, a etapa de recadastramento est\u00e1 vigente desde 26 de agosto para 48 \u00f3rg\u00e3os estaduais, exceto para Secretarias da Sa\u00fade (Sesab), Educa\u00e7\u00e3o (SEC) e Seguran\u00e7a P\u00fablica (SSP), cuja situa\u00e7\u00e3o foi regularizada no in\u00edcio do ano. Todos os servidores ativos devem se recadastrar, incluindo contratados como cargo comissionado ou em Regime Especial de Direito Administrativo (Reda). O prazo vale ainda em situa\u00e7\u00e3o de f\u00e9rias; licen\u00e7a-m\u00e9dica, licen\u00e7a-pr\u00eamio, licen\u00e7a-maternidade e outras licen\u00e7as; para os que est\u00e3o \u00e0 disposi\u00e7\u00e3o de \u00f3rg\u00e3os dos tr\u00eas poderes (com ou sem&hellip;","og_url":"https:\/\/blogdofarnesio.com.br\/?p=130809","og_site_name":"Blog do Farn\u00e9sio","article_publisher":"https:\/\/www.facebook.com\/BlogQuerSaberPolitica\/","article_published_time":"2015-10-02T11:33:20+00:00","og_image":[{"url":"http:\/\/www.quersaberpolitica.com.br\/2016\/wp-content\/uploads\/2013\/02\/blogqsprecadastramento.jpg","type":"","width":"","height":""}],"author":"teste","twitter_card":"summary_large_image","twitter_misc":{"Escrito por":"teste","Est. tempo de leitura":"1 minuto"},"schema":{"@context":"https:\/\/schema.org","@graph":[{"@type":"Article","@id":"https:\/\/blogdofarnesio.com.br\/?p=130809#article","isPartOf":{"@id":"https:\/\/blogdofarnesio.com.br\/?p=130809"},"author":{"name":"teste","@id":"https:\/\/blogdofarnesio.com.br\/#\/schema\/person\/dd1bf5eba40b687199ba45ca6b97dff9"},"headline":"QUASE 2 MIL SERVIDORES BAIANOS PODEM FICAR SEM SAL\u00c1RIO SE N\u00c3O SE RECADASTRAREM AT\u00c9 HOJE","datePublished":"2015-10-02T11:33:20+00:00","mainEntityOfPage":{"@id":"https:\/\/blogdofarnesio.com.br\/?p=130809"},"wordCount":280,"commentCount":0,"publisher":{"@id":"https:\/\/blogdofarnesio.com.br\/#organization"},"image":{"@id":"https:\/\/blogdofarnesio.com.br\/?p=130809#primaryimage"},"thumbnailUrl":"http:\/\/www.quersaberpolitica.com.br\/2016\/wp-content\/uploads\/2013\/02\/blogqsprecadastramento.jpg","articleSection":["Administra\u00e7\u00e3o","Servidores"],"inLanguage":"pt-BR","potentialAction":[{"@type":"CommentAction","name":"Comment","target":["https:\/\/blogdofarnesio.com.br\/?p=130809#respond"]}]},{"@type":"WebPage","@id":"https:\/\/blogdofarnesio.com.br\/?p=130809","url":"https:\/\/blogdofarnesio.com.br\/?p=130809","name":"QUASE 2 MIL SERVIDORES BAIANOS PODEM FICAR SEM SAL\u00c1RIO SE N\u00c3O SE RECADASTRAREM AT\u00c9 HOJE - Blog do Farn\u00e9sio","isPartOf":{"@id":"https:\/\/blogdofarnesio.com.br\/#website"},"primaryImageOfPage":{"@id":"https:\/\/blogdofarnesio.com.br\/?p=130809#primaryimage"},"image":{"@id":"https:\/\/blogdofarnesio.com.br\/?p=130809#primaryimage"},"thumbnailUrl":"http:\/\/www.quersaberpolitica.com.br\/2016\/wp-content\/uploads\/2013\/02\/blogqsprecadastramento.jpg","datePublished":"2015-10-02T11:33:20+00:00","breadcrumb":{"@id":"https:\/\/blogdofarnesio.com.br\/?p=130809#breadcrumb"},"inLanguage":"pt-BR","potentialAction":[{"@type":"ReadAction","target":["https:\/\/blogdofarnesio.com.br\/?p=130809"]}]},{"@type":"ImageObject","inLanguage":"pt-BR","@id":"https:\/\/blogdofarnesio.com.br\/?p=130809#primaryimage","url":"http:\/\/www.quersaberpolitica.com.br\/2016\/wp-content\/uploads\/2013\/02\/blogqsprecadastramento.jpg","contentUrl":"http:\/\/www.quersaberpolitica.com.br\/2016\/wp-content\/uploads\/2013\/02\/blogqsprecadastramento.jpg"},{"@type":"BreadcrumbList","@id":"https:\/\/blogdofarnesio.com.br\/?p=130809#breadcrumb","itemListElement":[{"@type":"ListItem","position":1,"name":"In\u00edcio","item":"https:\/\/blogdofarnesio.com.br\/"},{"@type":"ListItem","position":2,"name":"QUASE 2 MIL SERVIDORES BAIANOS PODEM FICAR SEM SAL\u00c1RIO SE N\u00c3O SE RECADASTRAREM AT\u00c9 HOJE"}]},{"@type":"WebSite","@id":"https:\/\/blogdofarnesio.com.br\/#website","url":"https:\/\/blogdofarnesio.com.br\/","name":"Blog do Farn\u00e9sio","description":"Quer Saber Pol\u00edtica?","publisher":{"@id":"https:\/\/blogdofarnesio.com.br\/#organization"},"potentialAction":[{"@type":"SearchAction","target":{"@type":"EntryPoint","urlTemplate":"https:\/\/blogdofarnesio.com.br\/?s={search_term_string}"},"query-input":{"@type":"PropertyValueSpecification","valueRequired":true,"valueName":"search_term_string"}}],"inLanguage":"pt-BR"},{"@type":"Organization","@id":"https:\/\/blogdofarnesio.com.br\/#organization","name":"Blog do Farn\u00e9sio","url":"https:\/\/blogdofarnesio.com.br\/","logo":{"@type":"ImageObject","inLanguage":"pt-BR","@id":"https:\/\/blogdofarnesio.com.br\/#\/schema\/logo\/image\/","url":"https:\/\/blogdofarnesio.com.br\/wp-content\/uploads\/2026\/03\/cropped-logo_new-1.png","contentUrl":"https:\/\/blogdofarnesio.com.br\/wp-content\/uploads\/2026\/03\/cropped-logo_new-1.png","width":881,"height":685,"caption":"Blog do Farn\u00e9sio"},"image":{"@id":"https:\/\/blogdofarnesio.com.br\/#\/schema\/logo\/image\/"},"sameAs":["https:\/\/www.facebook.com\/BlogQuerSaberPolitica\/"]},{"@type":"Person","@id":"https:\/\/blogdofarnesio.com.br\/#\/schema\/person\/dd1bf5eba40b687199ba45ca6b97dff9","name":"teste","image":{"@type":"ImageObject","inLanguage":"pt-BR","@id":"https:\/\/secure.gravatar.com\/avatar\/2172498d4914b51e1d89a0f97957b035ac4938723a5cac208135d389b6972a6d?s=96&d=mm&r=g","url":"https:\/\/secure.gravatar.com\/avatar\/2172498d4914b51e1d89a0f97957b035ac4938723a5cac208135d389b6972a6d?s=96&d=mm&r=g","contentUrl":"https:\/\/secure.gravatar.com\/avatar\/2172498d4914b51e1d89a0f97957b035ac4938723a5cac208135d389b6972a6d?s=96&d=mm&r=g","caption":"teste"},"url":"https:\/\/blogdofarnesio.com.br\/?author=3"}]}},"_links":{"self":[{"href":"https:\/\/blogdofarnesio.com.br\/index.php?rest_route=\/wp\/v2\/posts\/130809","targetHints":{"allow":["GET"]}}],"collection":[{"href":"https:\/\/blogdofarnesio.com.br\/index.php?rest_route=\/wp\/v2\/posts"}],"about":[{"href":"https:\/\/blogdofarnesio.com.br\/index.php?rest_route=\/wp\/v2\/types\/post"}],"author":[{"embeddable":true,"href":"https:\/\/blogdofarnesio.com.br\/index.php?rest_route=\/wp\/v2\/users\/3"}],"replies":[{"embeddable":true,"href":"https:\/\/blogdofarnesio.com.br\/index.php?rest_route=%2Fwp%2Fv2%2Fcomments&post=130809"}],"version-history":[{"count":0,"href":"https:\/\/blogdofarnesio.com.br\/index.php?rest_route=\/wp\/v2\/posts\/130809\/revisions"}],"wp:attachment":[{"href":"https:\/\/blogdofarnesio.com.br\/index.php?rest_route=%2Fwp%2Fv2%2Fmedia&parent=130809"}],"wp:term":[{"taxonomy":"category","embeddable":true,"href":"https:\/\/blogdofarnesio.com.br\/index.php?rest_route=%2Fwp%2Fv2%2Fcategories&post=130809"},{"taxonomy":"post_tag","embeddable":true,"href":"https:\/\/blogdofarnesio.com.br\/index.php?rest_route=%2Fwp%2Fv2%2Ftags&post=130809"}],"curies":[{"name":"wp","href":"https:\/\/api.w.org\/{rel}","templated":true}]}}