{"id":130804,"date":"2015-10-02T09:22:35","date_gmt":"2015-10-02T12:22:35","guid":{"rendered":"http:\/\/www.quersaberpolitica.com.br\/?p=130804"},"modified":"2015-10-01T18:13:47","modified_gmt":"2015-10-01T21:13:47","slug":"preparativos-para-a-feira-semiaridoshow-estao-em-ritmo-acelerado","status":"publish","type":"post","link":"https:\/\/blogdofarnesio.com.br\/?p=130804","title":{"rendered":"PREPARATIVOS PARA A FEIRA SEMI\u00c1RIDOSHOW EST\u00c3O EM RITMO ACELERADO"},"content":{"rendered":"<p style=\"text-align: justify\"><a href=\"http:\/\/www.quersaberpolitica.com.br\/2016\/wp-content\/uploads\/2015\/10\/blogqsp-Coordena\u00e7\u00e3o-do-Semi\u00e1ridoShow.jpg\"><img loading=\"lazy\" decoding=\"async\" class=\" size-medium wp-image-130805 alignleft\" src=\"http:\/\/www.quersaberpolitica.com.br\/2016\/wp-content\/uploads\/2015\/10\/blogqsp-Coordena\u00e7\u00e3o-do-Semi\u00e1ridoShow-300x225.jpg\" alt=\"blogqsp-Coordena\u00e7\u00e3o do Semi\u00e1ridoShow\" width=\"300\" height=\"225\" srcset=\"https:\/\/blogdofarnesio.com.br\/wp-content\/uploads\/2015\/10\/blogqsp-Coordena\u00e7\u00e3o-do-Semi\u00e1ridoShow-300x225.jpg 300w, https:\/\/blogdofarnesio.com.br\/wp-content\/uploads\/2015\/10\/blogqsp-Coordena\u00e7\u00e3o-do-Semi\u00e1ridoShow-400x300.jpg 400w, https:\/\/blogdofarnesio.com.br\/wp-content\/uploads\/2015\/10\/blogqsp-Coordena\u00e7\u00e3o-do-Semi\u00e1ridoShow.jpg 448w\" sizes=\"auto, (max-width: 300px) 100vw, 300px\" \/><\/a>Na \u00e1rea de exposi\u00e7\u00e3o da Feira Semi\u00e1ridoShow 2015 a colora\u00e7\u00e3o amarronzada do solo come\u00e7a a ser sobreposta por tons variados de verde: s\u00e3o as variedades de mandioca, esp\u00e9cies forrageiras, agroenerg\u00e9ticas e florestais, feij\u00e3o e milho, um total de quase 80 variedades destes cultivos em fase de crescimento e que devem estar no ponto de colheita \u00e0 \u00e9poca de realiza\u00e7\u00e3o do evento, no per\u00edodo de 20 a 23 de outubro.<\/p>\n<p style=\"text-align: justify\">Elias Moura Reis, engenheiro agr\u00f4nomo da Embrapa Semi\u00e1rido, revela que, ao todo, ser\u00e3o 12 hectares cultivados com as variedades e todas tem como caracter\u00edstica comum a adapta\u00e7\u00e3o \u00e0s condi\u00e7\u00f5es clim\u00e1ticas da regi\u00e3o, pesquisadas para ter ciclo curto de produ\u00e7\u00e3o. Isto, afirma Elias, diminui os riscos de perdas das plantas com a irregularidade das chuvas.<\/p>\n<p style=\"text-align: justify\">De cima do mirante com quatro metros de altura se pode observar a feira tomando a forma de exposi\u00e7\u00e3o de alternativas para as\/os agricultores\/as conviverem com o Semi\u00e1rido. Al\u00e9m dos cultivos, alguns plantados individualmente outros em forma de cons\u00f3rcios, demonstra\u00e7\u00f5es de apriscos, galinheiros, cria\u00e7\u00e3o de animais apropriados ao clima, variadas tecnologias de capta\u00e7\u00e3o e armazenamento da \u00e1gua da chuva e muito mais possibilidades ser\u00e3o expostas durante os quatro dias da Feira.<!--more--><\/p>\n<p style=\"text-align: justify\">Para o t\u00e9cnico da Embrapa, o que n\u00e3o vai faltar nesta sexta edi\u00e7\u00e3o da Feira Semi\u00e1ridoShow s\u00e3o inova\u00e7\u00f5es tecnol\u00f3gicas para os sistemas de produ\u00e7\u00e3o da regi\u00e3o. Algumas delas s\u00e3o constru\u00e7\u00f5es e equipamentos de baixo custo que podem ser muito eficientes na cria\u00e7\u00e3o de galinha caipira e produ\u00e7\u00e3o de hortas comunit\u00e1rias com at\u00e9 500 m2, que t\u00eam sido instalados em propriedades assistidas pelo Programa Brasil Sem Mis\u00e9ria (PBSM).<\/p>\n<p style=\"text-align: justify\">A Feira demonstra e torna acess\u00edvel para o\/a pequeno\/a agricultor\/a pesquisas e experi\u00eancias sobre produ\u00e7\u00e3o agropecu\u00e1ria no Semi\u00e1rido, com tecnologias apropriadas, que dialogam com a realidade das fam\u00edlias que vivem na regi\u00e3o semi\u00e1rida do Brasil, afirma Josem\u00e1rio Gon\u00e7alves, colaborador do Irpaa. Ele diz ainda que a participa\u00e7\u00e3o deste p\u00fablico ao longo das edi\u00e7\u00f5es da Feira impulsiona o aperfei\u00e7oamento destas pesquisas e a\u00e7\u00f5es expostas no evento.<\/p>\n<p style=\"text-align: justify\">Na \u00e1rea, ser\u00e1 abordada tamb\u00e9m a regulariza\u00e7\u00e3o fundi\u00e1ria das comunidades tradicionais de Fundo e Fecho de Pasto, assim como o manejo adequado da Caatinga e t\u00e9cnicos da Embrapa e do Irpaa est\u00e3o concluindo, junto com o Minist\u00e9rio do Meio Ambiente, um sistema para aproveitamento de \u00e1gua salobra na cria\u00e7\u00e3o de peixes e irriga\u00e7\u00e3o de esp\u00e9cie forrageira.<\/p>\n<p style=\"text-align: justify\">De acordo com Elias, at\u00e9 o in\u00edcio do evento tudo dever\u00e1 est\u00e1 funcionando a contento e as\/os visitantes poder\u00e3o avaliar a ado\u00e7\u00e3o das variedades e dos sistemas de produ\u00e7\u00e3o. Isso ir\u00e1 se somar a um conjunto de palestras, semin\u00e1rios, minicursos que poder\u00e3o fornecer mais detalhes com rela\u00e7\u00e3o \u00e0s tecnologias.<\/p>\n<p style=\"text-align: justify\">Al\u00e9m destas demonstra\u00e7\u00f5es, as fam\u00edlias tamb\u00e9m ter\u00e3o acesso a pesquisas desenvolvidas por 16 unidades da Embrapa, que ir\u00e3o demonstrar na pr\u00e1tica os cultivos de variedades. A Feira Semi\u00e1ridoShow acontece de 20 a 23 de outubro de 2015 deste ano, na Embrapa Produtos e Mercados, Petrolina (PE). A Feira \u00e9 realizada pela Embrapa em parceria com o Irpaa. O evento ser\u00e1 aberto ao p\u00fablico das 8h \u00e0s 17h.<\/p>\n<p><em>Texto e Foto: Ascom Semi\u00e1ridoShow 2015<\/em><\/p>\n","protected":false},"excerpt":{"rendered":"<p>Na \u00e1rea de exposi\u00e7\u00e3o da Feira Semi\u00e1ridoShow 2015 a colora\u00e7\u00e3o amarronzada do solo come\u00e7a a ser sobreposta por tons variados de verde: s\u00e3o as variedades de mandioca, esp\u00e9cies forrageiras, agroenerg\u00e9ticas e florestais, feij\u00e3o e milho, um total de quase 80 variedades destes cultivos em fase de crescimento e que devem estar no ponto de colheita \u00e0 \u00e9poca de realiza\u00e7\u00e3o do evento, no per\u00edodo de 20 a 23 de outubro. Elias Moura Reis, engenheiro agr\u00f4nomo da Embrapa Semi\u00e1rido, revela que, ao todo, ser\u00e3o 12 hectares cultivados com as variedades e todas tem como caracter\u00edstica comum a adapta\u00e7\u00e3o \u00e0s condi\u00e7\u00f5es clim\u00e1ticas da regi\u00e3o, pesquisadas para ter ciclo curto de produ\u00e7\u00e3o. Isto, afirma Elias, diminui os riscos de perdas das plantas com a&hellip; <\/p>\n","protected":false},"author":7,"featured_media":0,"comment_status":"open","ping_status":"open","sticky":false,"template":"","format":"standard","meta":{"_acf_changed":false,"footnotes":""},"categories":[26,13],"tags":[],"class_list":["post-130804","post","type-post","status-publish","format-standard","hentry","category-agricultura","category-fruticultura"],"acf":[],"yoast_head":"<!-- This site is optimized with the Yoast SEO plugin v27.4 - https:\/\/yoast.com\/product\/yoast-seo-wordpress\/ -->\n<title>PREPARATIVOS PARA A FEIRA SEMI\u00c1RIDOSHOW EST\u00c3O EM RITMO ACELERADO - Blog do Farn\u00e9sio<\/title>\n<meta name=\"robots\" content=\"index, follow, max-snippet:-1, max-image-preview:large, max-video-preview:-1\" \/>\n<link rel=\"canonical\" href=\"https:\/\/blogdofarnesio.com.br\/?p=130804\" \/>\n<meta property=\"og:locale\" content=\"pt_BR\" \/>\n<meta property=\"og:type\" content=\"article\" \/>\n<meta property=\"og:title\" content=\"PREPARATIVOS PARA A FEIRA SEMI\u00c1RIDOSHOW EST\u00c3O EM RITMO ACELERADO - Blog do Farn\u00e9sio\" \/>\n<meta property=\"og:description\" content=\"Na \u00e1rea de exposi\u00e7\u00e3o da Feira Semi\u00e1ridoShow 2015 a colora\u00e7\u00e3o amarronzada do solo come\u00e7a a ser sobreposta por tons variados de verde: s\u00e3o as variedades de mandioca, esp\u00e9cies forrageiras, agroenerg\u00e9ticas e florestais, feij\u00e3o e milho, um total de quase 80 variedades destes cultivos em fase de crescimento e que devem estar no ponto de colheita \u00e0 \u00e9poca de realiza\u00e7\u00e3o do evento, no per\u00edodo de 20 a 23 de outubro. Elias Moura Reis, engenheiro agr\u00f4nomo da Embrapa Semi\u00e1rido, revela que, ao todo, ser\u00e3o 12 hectares cultivados com as variedades e todas tem como caracter\u00edstica comum a adapta\u00e7\u00e3o \u00e0s condi\u00e7\u00f5es clim\u00e1ticas da regi\u00e3o, pesquisadas para ter ciclo curto de produ\u00e7\u00e3o. Isto, afirma Elias, diminui os riscos de perdas das plantas com a&hellip;\" \/>\n<meta property=\"og:url\" content=\"https:\/\/blogdofarnesio.com.br\/?p=130804\" \/>\n<meta property=\"og:site_name\" content=\"Blog do Farn\u00e9sio\" \/>\n<meta property=\"article:publisher\" content=\"https:\/\/www.facebook.com\/BlogQuerSaberPolitica\/\" \/>\n<meta property=\"article:published_time\" content=\"2015-10-02T12:22:35+00:00\" \/>\n<meta name=\"twitter:card\" content=\"summary_large_image\" \/>\n<meta name=\"twitter:label1\" content=\"Escrito por\" \/>\n\t<meta name=\"twitter:data1\" content=\"\" \/>\n\t<meta name=\"twitter:label2\" content=\"Est. tempo de leitura\" \/>\n\t<meta name=\"twitter:data2\" content=\"3 minutos\" \/>\n<script type=\"application\/ld+json\" class=\"yoast-schema-graph\">{\"@context\":\"https:\\\/\\\/schema.org\",\"@graph\":[{\"@type\":\"Article\",\"@id\":\"https:\\\/\\\/blogdofarnesio.com.br\\\/?p=130804#article\",\"isPartOf\":{\"@id\":\"https:\\\/\\\/blogdofarnesio.com.br\\\/?p=130804\"},\"author\":{\"name\":\"\",\"@id\":\"\"},\"headline\":\"PREPARATIVOS PARA A FEIRA SEMI\u00c1RIDOSHOW EST\u00c3O EM RITMO ACELERADO\",\"datePublished\":\"2015-10-02T12:22:35+00:00\",\"mainEntityOfPage\":{\"@id\":\"https:\\\/\\\/blogdofarnesio.com.br\\\/?p=130804\"},\"wordCount\":592,\"commentCount\":0,\"publisher\":{\"@id\":\"https:\\\/\\\/blogdofarnesio.com.br\\\/#organization\"},\"articleSection\":[\"Agricultura\",\"Fruticultura\"],\"inLanguage\":\"pt-BR\",\"potentialAction\":[{\"@type\":\"CommentAction\",\"name\":\"Comment\",\"target\":[\"https:\\\/\\\/blogdofarnesio.com.br\\\/?p=130804#respond\"]}]},{\"@type\":\"WebPage\",\"@id\":\"https:\\\/\\\/blogdofarnesio.com.br\\\/?p=130804\",\"url\":\"https:\\\/\\\/blogdofarnesio.com.br\\\/?p=130804\",\"name\":\"PREPARATIVOS PARA A FEIRA SEMI\u00c1RIDOSHOW EST\u00c3O EM RITMO ACELERADO - Blog do Farn\u00e9sio\",\"isPartOf\":{\"@id\":\"https:\\\/\\\/blogdofarnesio.com.br\\\/#website\"},\"datePublished\":\"2015-10-02T12:22:35+00:00\",\"breadcrumb\":{\"@id\":\"https:\\\/\\\/blogdofarnesio.com.br\\\/?p=130804#breadcrumb\"},\"inLanguage\":\"pt-BR\",\"potentialAction\":[{\"@type\":\"ReadAction\",\"target\":[\"https:\\\/\\\/blogdofarnesio.com.br\\\/?p=130804\"]}]},{\"@type\":\"BreadcrumbList\",\"@id\":\"https:\\\/\\\/blogdofarnesio.com.br\\\/?p=130804#breadcrumb\",\"itemListElement\":[{\"@type\":\"ListItem\",\"position\":1,\"name\":\"In\u00edcio\",\"item\":\"https:\\\/\\\/blogdofarnesio.com.br\\\/\"},{\"@type\":\"ListItem\",\"position\":2,\"name\":\"PREPARATIVOS PARA A FEIRA SEMI\u00c1RIDOSHOW EST\u00c3O EM RITMO ACELERADO\"}]},{\"@type\":\"WebSite\",\"@id\":\"https:\\\/\\\/blogdofarnesio.com.br\\\/#website\",\"url\":\"https:\\\/\\\/blogdofarnesio.com.br\\\/\",\"name\":\"Blog do Farn\u00e9sio\",\"description\":\"Quer Saber Pol\u00edtica?\",\"publisher\":{\"@id\":\"https:\\\/\\\/blogdofarnesio.com.br\\\/#organization\"},\"potentialAction\":[{\"@type\":\"SearchAction\",\"target\":{\"@type\":\"EntryPoint\",\"urlTemplate\":\"https:\\\/\\\/blogdofarnesio.com.br\\\/?s={search_term_string}\"},\"query-input\":{\"@type\":\"PropertyValueSpecification\",\"valueRequired\":true,\"valueName\":\"search_term_string\"}}],\"inLanguage\":\"pt-BR\"},{\"@type\":\"Organization\",\"@id\":\"https:\\\/\\\/blogdofarnesio.com.br\\\/#organization\",\"name\":\"Blog do Farn\u00e9sio\",\"url\":\"https:\\\/\\\/blogdofarnesio.com.br\\\/\",\"logo\":{\"@type\":\"ImageObject\",\"inLanguage\":\"pt-BR\",\"@id\":\"https:\\\/\\\/blogdofarnesio.com.br\\\/#\\\/schema\\\/logo\\\/image\\\/\",\"url\":\"https:\\\/\\\/blogdofarnesio.com.br\\\/wp-content\\\/uploads\\\/2026\\\/03\\\/cropped-logo_new-1.png\",\"contentUrl\":\"https:\\\/\\\/blogdofarnesio.com.br\\\/wp-content\\\/uploads\\\/2026\\\/03\\\/cropped-logo_new-1.png\",\"width\":881,\"height\":685,\"caption\":\"Blog do Farn\u00e9sio\"},\"image\":{\"@id\":\"https:\\\/\\\/blogdofarnesio.com.br\\\/#\\\/schema\\\/logo\\\/image\\\/\"},\"sameAs\":[\"https:\\\/\\\/www.facebook.com\\\/BlogQuerSaberPolitica\\\/\"]},{\"@type\":\"Person\",\"@id\":\"\",\"url\":\"https:\\\/\\\/blogdofarnesio.com.br\\\/?author=7\"}]}<\/script>\n<!-- \/ Yoast SEO plugin. -->","yoast_head_json":{"title":"PREPARATIVOS PARA A FEIRA SEMI\u00c1RIDOSHOW EST\u00c3O EM RITMO ACELERADO - Blog do Farn\u00e9sio","robots":{"index":"index","follow":"follow","max-snippet":"max-snippet:-1","max-image-preview":"max-image-preview:large","max-video-preview":"max-video-preview:-1"},"canonical":"https:\/\/blogdofarnesio.com.br\/?p=130804","og_locale":"pt_BR","og_type":"article","og_title":"PREPARATIVOS PARA A FEIRA SEMI\u00c1RIDOSHOW EST\u00c3O EM RITMO ACELERADO - Blog do Farn\u00e9sio","og_description":"Na \u00e1rea de exposi\u00e7\u00e3o da Feira Semi\u00e1ridoShow 2015 a colora\u00e7\u00e3o amarronzada do solo come\u00e7a a ser sobreposta por tons variados de verde: s\u00e3o as variedades de mandioca, esp\u00e9cies forrageiras, agroenerg\u00e9ticas e florestais, feij\u00e3o e milho, um total de quase 80 variedades destes cultivos em fase de crescimento e que devem estar no ponto de colheita \u00e0 \u00e9poca de realiza\u00e7\u00e3o do evento, no per\u00edodo de 20 a 23 de outubro. Elias Moura Reis, engenheiro agr\u00f4nomo da Embrapa Semi\u00e1rido, revela que, ao todo, ser\u00e3o 12 hectares cultivados com as variedades e todas tem como caracter\u00edstica comum a adapta\u00e7\u00e3o \u00e0s condi\u00e7\u00f5es clim\u00e1ticas da regi\u00e3o, pesquisadas para ter ciclo curto de produ\u00e7\u00e3o. Isto, afirma Elias, diminui os riscos de perdas das plantas com a&hellip;","og_url":"https:\/\/blogdofarnesio.com.br\/?p=130804","og_site_name":"Blog do Farn\u00e9sio","article_publisher":"https:\/\/www.facebook.com\/BlogQuerSaberPolitica\/","article_published_time":"2015-10-02T12:22:35+00:00","twitter_card":"summary_large_image","twitter_misc":{"Escrito por":"","Est. tempo de leitura":"3 minutos"},"schema":{"@context":"https:\/\/schema.org","@graph":[{"@type":"Article","@id":"https:\/\/blogdofarnesio.com.br\/?p=130804#article","isPartOf":{"@id":"https:\/\/blogdofarnesio.com.br\/?p=130804"},"author":{"name":"","@id":""},"headline":"PREPARATIVOS PARA A FEIRA SEMI\u00c1RIDOSHOW EST\u00c3O EM RITMO ACELERADO","datePublished":"2015-10-02T12:22:35+00:00","mainEntityOfPage":{"@id":"https:\/\/blogdofarnesio.com.br\/?p=130804"},"wordCount":592,"commentCount":0,"publisher":{"@id":"https:\/\/blogdofarnesio.com.br\/#organization"},"articleSection":["Agricultura","Fruticultura"],"inLanguage":"pt-BR","potentialAction":[{"@type":"CommentAction","name":"Comment","target":["https:\/\/blogdofarnesio.com.br\/?p=130804#respond"]}]},{"@type":"WebPage","@id":"https:\/\/blogdofarnesio.com.br\/?p=130804","url":"https:\/\/blogdofarnesio.com.br\/?p=130804","name":"PREPARATIVOS PARA A FEIRA SEMI\u00c1RIDOSHOW EST\u00c3O EM RITMO ACELERADO - Blog do Farn\u00e9sio","isPartOf":{"@id":"https:\/\/blogdofarnesio.com.br\/#website"},"datePublished":"2015-10-02T12:22:35+00:00","breadcrumb":{"@id":"https:\/\/blogdofarnesio.com.br\/?p=130804#breadcrumb"},"inLanguage":"pt-BR","potentialAction":[{"@type":"ReadAction","target":["https:\/\/blogdofarnesio.com.br\/?p=130804"]}]},{"@type":"BreadcrumbList","@id":"https:\/\/blogdofarnesio.com.br\/?p=130804#breadcrumb","itemListElement":[{"@type":"ListItem","position":1,"name":"In\u00edcio","item":"https:\/\/blogdofarnesio.com.br\/"},{"@type":"ListItem","position":2,"name":"PREPARATIVOS PARA A FEIRA SEMI\u00c1RIDOSHOW EST\u00c3O EM RITMO ACELERADO"}]},{"@type":"WebSite","@id":"https:\/\/blogdofarnesio.com.br\/#website","url":"https:\/\/blogdofarnesio.com.br\/","name":"Blog do Farn\u00e9sio","description":"Quer Saber Pol\u00edtica?","publisher":{"@id":"https:\/\/blogdofarnesio.com.br\/#organization"},"potentialAction":[{"@type":"SearchAction","target":{"@type":"EntryPoint","urlTemplate":"https:\/\/blogdofarnesio.com.br\/?s={search_term_string}"},"query-input":{"@type":"PropertyValueSpecification","valueRequired":true,"valueName":"search_term_string"}}],"inLanguage":"pt-BR"},{"@type":"Organization","@id":"https:\/\/blogdofarnesio.com.br\/#organization","name":"Blog do Farn\u00e9sio","url":"https:\/\/blogdofarnesio.com.br\/","logo":{"@type":"ImageObject","inLanguage":"pt-BR","@id":"https:\/\/blogdofarnesio.com.br\/#\/schema\/logo\/image\/","url":"https:\/\/blogdofarnesio.com.br\/wp-content\/uploads\/2026\/03\/cropped-logo_new-1.png","contentUrl":"https:\/\/blogdofarnesio.com.br\/wp-content\/uploads\/2026\/03\/cropped-logo_new-1.png","width":881,"height":685,"caption":"Blog do Farn\u00e9sio"},"image":{"@id":"https:\/\/blogdofarnesio.com.br\/#\/schema\/logo\/image\/"},"sameAs":["https:\/\/www.facebook.com\/BlogQuerSaberPolitica\/"]},{"@type":"Person","@id":"","url":"https:\/\/blogdofarnesio.com.br\/?author=7"}]}},"_links":{"self":[{"href":"https:\/\/blogdofarnesio.com.br\/index.php?rest_route=\/wp\/v2\/posts\/130804","targetHints":{"allow":["GET"]}}],"collection":[{"href":"https:\/\/blogdofarnesio.com.br\/index.php?rest_route=\/wp\/v2\/posts"}],"about":[{"href":"https:\/\/blogdofarnesio.com.br\/index.php?rest_route=\/wp\/v2\/types\/post"}],"author":[{"embeddable":true,"href":"https:\/\/blogdofarnesio.com.br\/index.php?rest_route=\/wp\/v2\/users\/7"}],"replies":[{"embeddable":true,"href":"https:\/\/blogdofarnesio.com.br\/index.php?rest_route=%2Fwp%2Fv2%2Fcomments&post=130804"}],"version-history":[{"count":0,"href":"https:\/\/blogdofarnesio.com.br\/index.php?rest_route=\/wp\/v2\/posts\/130804\/revisions"}],"wp:attachment":[{"href":"https:\/\/blogdofarnesio.com.br\/index.php?rest_route=%2Fwp%2Fv2%2Fmedia&parent=130804"}],"wp:term":[{"taxonomy":"category","embeddable":true,"href":"https:\/\/blogdofarnesio.com.br\/index.php?rest_route=%2Fwp%2Fv2%2Fcategories&post=130804"},{"taxonomy":"post_tag","embeddable":true,"href":"https:\/\/blogdofarnesio.com.br\/index.php?rest_route=%2Fwp%2Fv2%2Ftags&post=130804"}],"curies":[{"name":"wp","href":"https:\/\/api.w.org\/{rel}","templated":true}]}}