{"id":130787,"date":"2015-10-02T07:22:15","date_gmt":"2015-10-02T10:22:15","guid":{"rendered":"http:\/\/www.quersaberpolitica.com.br\/?p=130787"},"modified":"2015-10-01T10:58:54","modified_gmt":"2015-10-01T13:58:54","slug":"130787","status":"publish","type":"post","link":"https:\/\/blogdofarnesio.com.br\/2015\/10\/130787\/","title":{"rendered":"ELEI\u00c7\u00d5ES PARA O CONSELHO TUTELAR ACONTECEM NESTE DOMINGO (04)"},"content":{"rendered":"<div id=\"post-body-7206101682558808468\" class=\"post-body entry-content\">\n<div class=\"separator\" style=\"text-align: justify\"><a href=\"http:\/\/www.meionorte.com\/uploads\/imagens\/2015\/9\/29\/9440574a-57ec-44ca-add9-b521964284ba.jpg\"><img loading=\"lazy\" decoding=\"async\" class=\" aligncenter\" src=\"http:\/\/www.meionorte.com\/uploads\/imagens\/2015\/9\/29\/9440574a-57ec-44ca-add9-b521964284ba.jpg\" alt=\"\" width=\"426\" height=\"273\" border=\"0\" \/><\/a><\/div>\n<div style=\"text-align: justify\">Todos os dias, crian\u00e7as e adolescentes s\u00e3o v\u00edtimas no Brasil das mais diversas e variadas formas de viol\u00eancia. Segundo o mapa da viol\u00eancia contra crian\u00e7as e adolescentes, publicado em 2012 pelo Centro Brasileiro de Estudos Latino-Americanos, a taxa de homic\u00eddios praticados contra esse segmento aumentou 346% nos \u00faltimos 30 anos.<\/div>\n<div style=\"text-align: justify\"><\/div>\n<div style=\"text-align: justify\">Mais. O Brasil ocupa o quarto lugar dentre os pa\u00edses onde mais se mata crian\u00e7as e adolescentes, em um universo de 99 pa\u00edses pesquisados.<\/div>\n<div style=\"text-align: justify\"><\/div>\n<div style=\"text-align: justify\">Uma das estrat\u00e9gias do Brasil para combater a viol\u00eancia contra crian\u00e7as e adolescentes foi a cria\u00e7\u00e3o de conselhos tutelares nos munic\u00edpios, na esteira da aprova\u00e7\u00e3o do Estatuto da Crian\u00e7a e do Adolescente (ECA), institu\u00eddo pela Lei 8.069.<\/div>\n<div style=\"text-align: justify\"><\/div>\n<div style=\"text-align: justify\">A principal tarefa do conselho \u00e9 zelar pelo cumprimento dos direitos da crian\u00e7a e do adolescente, conforme determinado no Estatuto da Crian\u00e7a e do Adolescente (artigos 131 a 140).<\/div>\n<div style=\"text-align: justify\"><\/div>\n<div style=\"text-align: justify\">O Conselho Tutelar \u00e9 composto por cinco membros, eleitos pela comunidade para um mandato de quatro anos. Em todo o Brasil, a popula\u00e7\u00e3o vai poder votar no pr\u00f3ximo domingo (04) e escolher quem vai exercer essa nobre fun\u00e7\u00e3o.<\/div>\n<div style=\"text-align: justify\"><\/div>\n<div style=\"text-align: justify\">Link para quem desejar acessar os dados completos contidos no Mapa da Viol\u00eancia contra Crian\u00e7as e Adolescentes (2012): <b><a href=\"http:\/\/www.mapadaviolencia.org.br\/pdf2012\/MapaViolencia2012_Criancas_e_Adolescentes.pdf\">CLIQUE AQUI<\/a><\/b><\/div>\n<\/div>\n","protected":false},"excerpt":{"rendered":"<p>Todos os dias, crian\u00e7as e adolescentes s\u00e3o v\u00edtimas no Brasil das mais diversas e variadas formas de viol\u00eancia. Segundo o mapa da viol\u00eancia contra crian\u00e7as e adolescentes, publicado em 2012 pelo Centro Brasileiro de Estudos Latino-Americanos, a taxa de homic\u00eddios praticados contra esse segmento aumentou 346% nos \u00faltimos 30 anos. Mais. O Brasil ocupa o quarto lugar dentre os pa\u00edses onde mais se mata crian\u00e7as e adolescentes, em um universo de 99 pa\u00edses pesquisados. Uma das estrat\u00e9gias do Brasil para combater a viol\u00eancia contra crian\u00e7as e adolescentes foi a cria\u00e7\u00e3o de conselhos tutelares nos munic\u00edpios, na esteira da aprova\u00e7\u00e3o do Estatuto da Crian\u00e7a e do Adolescente (ECA), institu\u00eddo pela Lei 8.069. A principal tarefa do conselho \u00e9 zelar pelo cumprimento&hellip; <\/p>\n","protected":false},"author":3,"featured_media":0,"comment_status":"open","ping_status":"open","sticky":false,"template":"","format":"standard","meta":{"_acf_changed":false,"footnotes":""},"categories":[22],"tags":[],"class_list":["post-130787","post","type-post","status-publish","format-standard","hentry","category-acao-social"],"acf":[],"yoast_head":"<!-- This site is optimized with the Yoast SEO plugin v27.5 - https:\/\/yoast.com\/product\/yoast-seo-wordpress\/ -->\n<title>ELEI\u00c7\u00d5ES PARA O CONSELHO TUTELAR ACONTECEM NESTE DOMINGO (04) - Blog do Farn\u00e9sio<\/title>\n<meta name=\"robots\" content=\"index, follow, max-snippet:-1, max-image-preview:large, max-video-preview:-1\" \/>\n<link rel=\"canonical\" href=\"https:\/\/blogdofarnesio.com.br\/2015\/10\/130787\/\" \/>\n<meta property=\"og:locale\" content=\"pt_BR\" \/>\n<meta property=\"og:type\" content=\"article\" \/>\n<meta property=\"og:title\" content=\"ELEI\u00c7\u00d5ES PARA O CONSELHO TUTELAR ACONTECEM NESTE DOMINGO (04) - Blog do Farn\u00e9sio\" \/>\n<meta property=\"og:description\" content=\"Todos os dias, crian\u00e7as e adolescentes s\u00e3o v\u00edtimas no Brasil das mais diversas e variadas formas de viol\u00eancia. Segundo o mapa da viol\u00eancia contra crian\u00e7as e adolescentes, publicado em 2012 pelo Centro Brasileiro de Estudos Latino-Americanos, a taxa de homic\u00eddios praticados contra esse segmento aumentou 346% nos \u00faltimos 30 anos. Mais. O Brasil ocupa o quarto lugar dentre os pa\u00edses onde mais se mata crian\u00e7as e adolescentes, em um universo de 99 pa\u00edses pesquisados. Uma das estrat\u00e9gias do Brasil para combater a viol\u00eancia contra crian\u00e7as e adolescentes foi a cria\u00e7\u00e3o de conselhos tutelares nos munic\u00edpios, na esteira da aprova\u00e7\u00e3o do Estatuto da Crian\u00e7a e do Adolescente (ECA), institu\u00eddo pela Lei 8.069. A principal tarefa do conselho \u00e9 zelar pelo cumprimento&hellip;\" \/>\n<meta property=\"og:url\" content=\"https:\/\/blogdofarnesio.com.br\/2015\/10\/130787\/\" \/>\n<meta property=\"og:site_name\" content=\"Blog do Farn\u00e9sio\" \/>\n<meta property=\"article:publisher\" content=\"https:\/\/www.facebook.com\/BlogQuerSaberPolitica\/\" \/>\n<meta property=\"article:published_time\" content=\"2015-10-02T10:22:15+00:00\" \/>\n<meta property=\"og:image\" content=\"http:\/\/www.meionorte.com\/uploads\/imagens\/2015\/9\/29\/9440574a-57ec-44ca-add9-b521964284ba.jpg\" \/>\n<meta name=\"author\" content=\"teste\" \/>\n<meta name=\"twitter:card\" content=\"summary_large_image\" \/>\n<meta name=\"twitter:label1\" content=\"Escrito por\" \/>\n\t<meta name=\"twitter:data1\" content=\"teste\" \/>\n\t<meta name=\"twitter:label2\" content=\"Est. tempo de leitura\" \/>\n\t<meta name=\"twitter:data2\" content=\"1 minuto\" \/>\n<script type=\"application\/ld+json\" class=\"yoast-schema-graph\">{\"@context\":\"https:\\\/\\\/schema.org\",\"@graph\":[{\"@type\":\"Article\",\"@id\":\"https:\\\/\\\/blogdofarnesio.com.br\\\/2015\\\/10\\\/130787\\\/#article\",\"isPartOf\":{\"@id\":\"https:\\\/\\\/blogdofarnesio.com.br\\\/2015\\\/10\\\/130787\\\/\"},\"author\":{\"name\":\"teste\",\"@id\":\"https:\\\/\\\/blogdofarnesio.com.br\\\/#\\\/schema\\\/person\\\/dd1bf5eba40b687199ba45ca6b97dff9\"},\"headline\":\"ELEI\u00c7\u00d5ES PARA O CONSELHO TUTELAR ACONTECEM NESTE DOMINGO (04)\",\"datePublished\":\"2015-10-02T10:22:15+00:00\",\"mainEntityOfPage\":{\"@id\":\"https:\\\/\\\/blogdofarnesio.com.br\\\/2015\\\/10\\\/130787\\\/\"},\"wordCount\":221,\"commentCount\":0,\"publisher\":{\"@id\":\"https:\\\/\\\/blogdofarnesio.com.br\\\/#organization\"},\"image\":{\"@id\":\"https:\\\/\\\/blogdofarnesio.com.br\\\/2015\\\/10\\\/130787\\\/#primaryimage\"},\"thumbnailUrl\":\"http:\\\/\\\/www.meionorte.com\\\/uploads\\\/imagens\\\/2015\\\/9\\\/29\\\/9440574a-57ec-44ca-add9-b521964284ba.jpg\",\"articleSection\":[\"A\u00e7\u00e3o Social\"],\"inLanguage\":\"pt-BR\",\"potentialAction\":[{\"@type\":\"CommentAction\",\"name\":\"Comment\",\"target\":[\"https:\\\/\\\/blogdofarnesio.com.br\\\/2015\\\/10\\\/130787\\\/#respond\"]}]},{\"@type\":\"WebPage\",\"@id\":\"https:\\\/\\\/blogdofarnesio.com.br\\\/2015\\\/10\\\/130787\\\/\",\"url\":\"https:\\\/\\\/blogdofarnesio.com.br\\\/2015\\\/10\\\/130787\\\/\",\"name\":\"ELEI\u00c7\u00d5ES PARA O CONSELHO TUTELAR ACONTECEM NESTE DOMINGO (04) - Blog do Farn\u00e9sio\",\"isPartOf\":{\"@id\":\"https:\\\/\\\/blogdofarnesio.com.br\\\/#website\"},\"primaryImageOfPage\":{\"@id\":\"https:\\\/\\\/blogdofarnesio.com.br\\\/2015\\\/10\\\/130787\\\/#primaryimage\"},\"image\":{\"@id\":\"https:\\\/\\\/blogdofarnesio.com.br\\\/2015\\\/10\\\/130787\\\/#primaryimage\"},\"thumbnailUrl\":\"http:\\\/\\\/www.meionorte.com\\\/uploads\\\/imagens\\\/2015\\\/9\\\/29\\\/9440574a-57ec-44ca-add9-b521964284ba.jpg\",\"datePublished\":\"2015-10-02T10:22:15+00:00\",\"breadcrumb\":{\"@id\":\"https:\\\/\\\/blogdofarnesio.com.br\\\/2015\\\/10\\\/130787\\\/#breadcrumb\"},\"inLanguage\":\"pt-BR\",\"potentialAction\":[{\"@type\":\"ReadAction\",\"target\":[\"https:\\\/\\\/blogdofarnesio.com.br\\\/2015\\\/10\\\/130787\\\/\"]}]},{\"@type\":\"ImageObject\",\"inLanguage\":\"pt-BR\",\"@id\":\"https:\\\/\\\/blogdofarnesio.com.br\\\/2015\\\/10\\\/130787\\\/#primaryimage\",\"url\":\"http:\\\/\\\/www.meionorte.com\\\/uploads\\\/imagens\\\/2015\\\/9\\\/29\\\/9440574a-57ec-44ca-add9-b521964284ba.jpg\",\"contentUrl\":\"http:\\\/\\\/www.meionorte.com\\\/uploads\\\/imagens\\\/2015\\\/9\\\/29\\\/9440574a-57ec-44ca-add9-b521964284ba.jpg\"},{\"@type\":\"BreadcrumbList\",\"@id\":\"https:\\\/\\\/blogdofarnesio.com.br\\\/2015\\\/10\\\/130787\\\/#breadcrumb\",\"itemListElement\":[{\"@type\":\"ListItem\",\"position\":1,\"name\":\"In\u00edcio\",\"item\":\"https:\\\/\\\/blogdofarnesio.com.br\\\/\"},{\"@type\":\"ListItem\",\"position\":2,\"name\":\"ELEI\u00c7\u00d5ES PARA O CONSELHO TUTELAR ACONTECEM NESTE DOMINGO (04)\"}]},{\"@type\":\"WebSite\",\"@id\":\"https:\\\/\\\/blogdofarnesio.com.br\\\/#website\",\"url\":\"https:\\\/\\\/blogdofarnesio.com.br\\\/\",\"name\":\"Blog do Farn\u00e9sio\",\"description\":\"Quer Saber Pol\u00edtica?\",\"publisher\":{\"@id\":\"https:\\\/\\\/blogdofarnesio.com.br\\\/#organization\"},\"potentialAction\":[{\"@type\":\"SearchAction\",\"target\":{\"@type\":\"EntryPoint\",\"urlTemplate\":\"https:\\\/\\\/blogdofarnesio.com.br\\\/?s={search_term_string}\"},\"query-input\":{\"@type\":\"PropertyValueSpecification\",\"valueRequired\":true,\"valueName\":\"search_term_string\"}}],\"inLanguage\":\"pt-BR\"},{\"@type\":\"Organization\",\"@id\":\"https:\\\/\\\/blogdofarnesio.com.br\\\/#organization\",\"name\":\"Blog do Farn\u00e9sio\",\"url\":\"https:\\\/\\\/blogdofarnesio.com.br\\\/\",\"logo\":{\"@type\":\"ImageObject\",\"inLanguage\":\"pt-BR\",\"@id\":\"https:\\\/\\\/blogdofarnesio.com.br\\\/#\\\/schema\\\/logo\\\/image\\\/\",\"url\":\"https:\\\/\\\/blogdofarnesio.com.br\\\/wp-content\\\/uploads\\\/2026\\\/03\\\/cropped-logo_new-1.png\",\"contentUrl\":\"https:\\\/\\\/blogdofarnesio.com.br\\\/wp-content\\\/uploads\\\/2026\\\/03\\\/cropped-logo_new-1.png\",\"width\":881,\"height\":685,\"caption\":\"Blog do Farn\u00e9sio\"},\"image\":{\"@id\":\"https:\\\/\\\/blogdofarnesio.com.br\\\/#\\\/schema\\\/logo\\\/image\\\/\"},\"sameAs\":[\"https:\\\/\\\/www.facebook.com\\\/BlogQuerSaberPolitica\\\/\"]},{\"@type\":\"Person\",\"@id\":\"https:\\\/\\\/blogdofarnesio.com.br\\\/#\\\/schema\\\/person\\\/dd1bf5eba40b687199ba45ca6b97dff9\",\"name\":\"teste\",\"image\":{\"@type\":\"ImageObject\",\"inLanguage\":\"pt-BR\",\"@id\":\"https:\\\/\\\/secure.gravatar.com\\\/avatar\\\/2172498d4914b51e1d89a0f97957b035ac4938723a5cac208135d389b6972a6d?s=96&d=mm&r=g\",\"url\":\"https:\\\/\\\/secure.gravatar.com\\\/avatar\\\/2172498d4914b51e1d89a0f97957b035ac4938723a5cac208135d389b6972a6d?s=96&d=mm&r=g\",\"contentUrl\":\"https:\\\/\\\/secure.gravatar.com\\\/avatar\\\/2172498d4914b51e1d89a0f97957b035ac4938723a5cac208135d389b6972a6d?s=96&d=mm&r=g\",\"caption\":\"teste\"},\"url\":\"https:\\\/\\\/blogdofarnesio.com.br\\\/author\\\/teste\\\/\"}]}<\/script>\n<!-- \/ Yoast SEO plugin. -->","yoast_head_json":{"title":"ELEI\u00c7\u00d5ES PARA O CONSELHO TUTELAR ACONTECEM NESTE DOMINGO (04) - Blog do Farn\u00e9sio","robots":{"index":"index","follow":"follow","max-snippet":"max-snippet:-1","max-image-preview":"max-image-preview:large","max-video-preview":"max-video-preview:-1"},"canonical":"https:\/\/blogdofarnesio.com.br\/2015\/10\/130787\/","og_locale":"pt_BR","og_type":"article","og_title":"ELEI\u00c7\u00d5ES PARA O CONSELHO TUTELAR ACONTECEM NESTE DOMINGO (04) - Blog do Farn\u00e9sio","og_description":"Todos os dias, crian\u00e7as e adolescentes s\u00e3o v\u00edtimas no Brasil das mais diversas e variadas formas de viol\u00eancia. Segundo o mapa da viol\u00eancia contra crian\u00e7as e adolescentes, publicado em 2012 pelo Centro Brasileiro de Estudos Latino-Americanos, a taxa de homic\u00eddios praticados contra esse segmento aumentou 346% nos \u00faltimos 30 anos. Mais. O Brasil ocupa o quarto lugar dentre os pa\u00edses onde mais se mata crian\u00e7as e adolescentes, em um universo de 99 pa\u00edses pesquisados. Uma das estrat\u00e9gias do Brasil para combater a viol\u00eancia contra crian\u00e7as e adolescentes foi a cria\u00e7\u00e3o de conselhos tutelares nos munic\u00edpios, na esteira da aprova\u00e7\u00e3o do Estatuto da Crian\u00e7a e do Adolescente (ECA), institu\u00eddo pela Lei 8.069. A principal tarefa do conselho \u00e9 zelar pelo cumprimento&hellip;","og_url":"https:\/\/blogdofarnesio.com.br\/2015\/10\/130787\/","og_site_name":"Blog do Farn\u00e9sio","article_publisher":"https:\/\/www.facebook.com\/BlogQuerSaberPolitica\/","article_published_time":"2015-10-02T10:22:15+00:00","og_image":[{"url":"http:\/\/www.meionorte.com\/uploads\/imagens\/2015\/9\/29\/9440574a-57ec-44ca-add9-b521964284ba.jpg","type":"","width":"","height":""}],"author":"teste","twitter_card":"summary_large_image","twitter_misc":{"Escrito por":"teste","Est. tempo de leitura":"1 minuto"},"schema":{"@context":"https:\/\/schema.org","@graph":[{"@type":"Article","@id":"https:\/\/blogdofarnesio.com.br\/2015\/10\/130787\/#article","isPartOf":{"@id":"https:\/\/blogdofarnesio.com.br\/2015\/10\/130787\/"},"author":{"name":"teste","@id":"https:\/\/blogdofarnesio.com.br\/#\/schema\/person\/dd1bf5eba40b687199ba45ca6b97dff9"},"headline":"ELEI\u00c7\u00d5ES PARA O CONSELHO TUTELAR ACONTECEM NESTE DOMINGO (04)","datePublished":"2015-10-02T10:22:15+00:00","mainEntityOfPage":{"@id":"https:\/\/blogdofarnesio.com.br\/2015\/10\/130787\/"},"wordCount":221,"commentCount":0,"publisher":{"@id":"https:\/\/blogdofarnesio.com.br\/#organization"},"image":{"@id":"https:\/\/blogdofarnesio.com.br\/2015\/10\/130787\/#primaryimage"},"thumbnailUrl":"http:\/\/www.meionorte.com\/uploads\/imagens\/2015\/9\/29\/9440574a-57ec-44ca-add9-b521964284ba.jpg","articleSection":["A\u00e7\u00e3o Social"],"inLanguage":"pt-BR","potentialAction":[{"@type":"CommentAction","name":"Comment","target":["https:\/\/blogdofarnesio.com.br\/2015\/10\/130787\/#respond"]}]},{"@type":"WebPage","@id":"https:\/\/blogdofarnesio.com.br\/2015\/10\/130787\/","url":"https:\/\/blogdofarnesio.com.br\/2015\/10\/130787\/","name":"ELEI\u00c7\u00d5ES PARA O CONSELHO TUTELAR ACONTECEM NESTE DOMINGO (04) - Blog do Farn\u00e9sio","isPartOf":{"@id":"https:\/\/blogdofarnesio.com.br\/#website"},"primaryImageOfPage":{"@id":"https:\/\/blogdofarnesio.com.br\/2015\/10\/130787\/#primaryimage"},"image":{"@id":"https:\/\/blogdofarnesio.com.br\/2015\/10\/130787\/#primaryimage"},"thumbnailUrl":"http:\/\/www.meionorte.com\/uploads\/imagens\/2015\/9\/29\/9440574a-57ec-44ca-add9-b521964284ba.jpg","datePublished":"2015-10-02T10:22:15+00:00","breadcrumb":{"@id":"https:\/\/blogdofarnesio.com.br\/2015\/10\/130787\/#breadcrumb"},"inLanguage":"pt-BR","potentialAction":[{"@type":"ReadAction","target":["https:\/\/blogdofarnesio.com.br\/2015\/10\/130787\/"]}]},{"@type":"ImageObject","inLanguage":"pt-BR","@id":"https:\/\/blogdofarnesio.com.br\/2015\/10\/130787\/#primaryimage","url":"http:\/\/www.meionorte.com\/uploads\/imagens\/2015\/9\/29\/9440574a-57ec-44ca-add9-b521964284ba.jpg","contentUrl":"http:\/\/www.meionorte.com\/uploads\/imagens\/2015\/9\/29\/9440574a-57ec-44ca-add9-b521964284ba.jpg"},{"@type":"BreadcrumbList","@id":"https:\/\/blogdofarnesio.com.br\/2015\/10\/130787\/#breadcrumb","itemListElement":[{"@type":"ListItem","position":1,"name":"In\u00edcio","item":"https:\/\/blogdofarnesio.com.br\/"},{"@type":"ListItem","position":2,"name":"ELEI\u00c7\u00d5ES PARA O CONSELHO TUTELAR ACONTECEM NESTE DOMINGO (04)"}]},{"@type":"WebSite","@id":"https:\/\/blogdofarnesio.com.br\/#website","url":"https:\/\/blogdofarnesio.com.br\/","name":"Blog do Farn\u00e9sio","description":"Quer Saber Pol\u00edtica?","publisher":{"@id":"https:\/\/blogdofarnesio.com.br\/#organization"},"potentialAction":[{"@type":"SearchAction","target":{"@type":"EntryPoint","urlTemplate":"https:\/\/blogdofarnesio.com.br\/?s={search_term_string}"},"query-input":{"@type":"PropertyValueSpecification","valueRequired":true,"valueName":"search_term_string"}}],"inLanguage":"pt-BR"},{"@type":"Organization","@id":"https:\/\/blogdofarnesio.com.br\/#organization","name":"Blog do Farn\u00e9sio","url":"https:\/\/blogdofarnesio.com.br\/","logo":{"@type":"ImageObject","inLanguage":"pt-BR","@id":"https:\/\/blogdofarnesio.com.br\/#\/schema\/logo\/image\/","url":"https:\/\/blogdofarnesio.com.br\/wp-content\/uploads\/2026\/03\/cropped-logo_new-1.png","contentUrl":"https:\/\/blogdofarnesio.com.br\/wp-content\/uploads\/2026\/03\/cropped-logo_new-1.png","width":881,"height":685,"caption":"Blog do Farn\u00e9sio"},"image":{"@id":"https:\/\/blogdofarnesio.com.br\/#\/schema\/logo\/image\/"},"sameAs":["https:\/\/www.facebook.com\/BlogQuerSaberPolitica\/"]},{"@type":"Person","@id":"https:\/\/blogdofarnesio.com.br\/#\/schema\/person\/dd1bf5eba40b687199ba45ca6b97dff9","name":"teste","image":{"@type":"ImageObject","inLanguage":"pt-BR","@id":"https:\/\/secure.gravatar.com\/avatar\/2172498d4914b51e1d89a0f97957b035ac4938723a5cac208135d389b6972a6d?s=96&d=mm&r=g","url":"https:\/\/secure.gravatar.com\/avatar\/2172498d4914b51e1d89a0f97957b035ac4938723a5cac208135d389b6972a6d?s=96&d=mm&r=g","contentUrl":"https:\/\/secure.gravatar.com\/avatar\/2172498d4914b51e1d89a0f97957b035ac4938723a5cac208135d389b6972a6d?s=96&d=mm&r=g","caption":"teste"},"url":"https:\/\/blogdofarnesio.com.br\/author\/teste\/"}]}},"_links":{"self":[{"href":"https:\/\/blogdofarnesio.com.br\/wp-json\/wp\/v2\/posts\/130787","targetHints":{"allow":["GET"]}}],"collection":[{"href":"https:\/\/blogdofarnesio.com.br\/wp-json\/wp\/v2\/posts"}],"about":[{"href":"https:\/\/blogdofarnesio.com.br\/wp-json\/wp\/v2\/types\/post"}],"author":[{"embeddable":true,"href":"https:\/\/blogdofarnesio.com.br\/wp-json\/wp\/v2\/users\/3"}],"replies":[{"embeddable":true,"href":"https:\/\/blogdofarnesio.com.br\/wp-json\/wp\/v2\/comments?post=130787"}],"version-history":[{"count":0,"href":"https:\/\/blogdofarnesio.com.br\/wp-json\/wp\/v2\/posts\/130787\/revisions"}],"wp:attachment":[{"href":"https:\/\/blogdofarnesio.com.br\/wp-json\/wp\/v2\/media?parent=130787"}],"wp:term":[{"taxonomy":"category","embeddable":true,"href":"https:\/\/blogdofarnesio.com.br\/wp-json\/wp\/v2\/categories?post=130787"},{"taxonomy":"post_tag","embeddable":true,"href":"https:\/\/blogdofarnesio.com.br\/wp-json\/wp\/v2\/tags?post=130787"}],"curies":[{"name":"wp","href":"https:\/\/api.w.org\/{rel}","templated":true}]}}