{"id":130664,"date":"2015-09-29T12:00:18","date_gmt":"2015-09-29T15:00:18","guid":{"rendered":"http:\/\/www.quersaberpolitica.com.br\/?p=130664"},"modified":"2015-09-29T10:34:31","modified_gmt":"2015-09-29T13:34:31","slug":"dilma-vai-se-encontrar-com-lula-e-temer-para-fechar-reforma-ministerial","status":"publish","type":"post","link":"https:\/\/blogdofarnesio.com.br\/?p=130664","title":{"rendered":"DILMA VAI SE ENCONTRAR COM LULA E TEMER PARA FECHAR REFORMA MINISTERIAL"},"content":{"rendered":"<p style=\"text-align: justify\"><a href=\"http:\/\/www.quersaberpolitica.com.br\/2016\/wp-content\/uploads\/2015\/09\/blogqsp-Temer-Dilma-e-lula.jpg\"><img loading=\"lazy\" decoding=\"async\" class=\" size-medium wp-image-130665 aligncenter\" src=\"http:\/\/www.quersaberpolitica.com.br\/2016\/wp-content\/uploads\/2015\/09\/blogqsp-Temer-Dilma-e-lula-300x167.jpg\" alt=\"blogqsp-Temer-Dilma-e-lula\" width=\"300\" height=\"167\" srcset=\"https:\/\/blogdofarnesio.com.br\/wp-content\/uploads\/2015\/09\/blogqsp-Temer-Dilma-e-lula-300x167.jpg 300w, https:\/\/blogdofarnesio.com.br\/wp-content\/uploads\/2015\/09\/blogqsp-Temer-Dilma-e-lula-500x278.jpg 500w, https:\/\/blogdofarnesio.com.br\/wp-content\/uploads\/2015\/09\/blogqsp-Temer-Dilma-e-lula.jpg 580w\" sizes=\"auto, (max-width: 300px) 100vw, 300px\" \/><\/a><\/p>\n<p style=\"text-align: justify\">Em momento de\u00a0dificuldades para definir o novo desenho da Esplanada dos Minist\u00e9rios, a presidente Dilma Rousseff (PT) voltar\u00e1 a se reunir a partir desta ter\u00e7a-feira (29) com PMDB e PT em busca de um formato de reforma administrativa que lhe garanta apoio no Congresso.<\/p>\n<p style=\"text-align: justify\">Visando\u00a0contemplar as diferentes alas do PMDB, que iniciaram uma queda de bra\u00e7o pelo controle de pastas, Dilma deve voltar a discutir as mudan\u00e7as nos minist\u00e9rios com o vice-presidente, Michel Temer, e com o ex-presidente Lula.<\/p>\n<p style=\"text-align: justify\">Com o impasse no PMDB, a c\u00fapula do Planalto avalia como improv\u00e1vel que a reforma administrativa seja anunciada na quarta e defende que, no atual momento de crise pol\u00edtica, \u00e9 prefer\u00edvel Dilma acomodar as distintas for\u00e7as do PMDB do que cumprir promessa feita no in\u00edcio do m\u00eas de cortar dez minist\u00e9rios.<\/p>\n<p style=\"text-align: justify\">Com a aus\u00eancia da presidente, que discursou nesta segunda (28) em Nova York na abertura da Assembleia Geral da Na\u00e7\u00f5es Unidas, coube \u00e0 sua equipe de articula\u00e7\u00e3o pol\u00edtica tentar chegar a um acordo entre a bancada do PMDB na C\u00e2mara dos Deputados e o grupo do vice-presidente, Michel Temer.<\/p>\n<p style=\"text-align: justify\">Com a amea\u00e7a da bancada de deputados do PMDB de abrirem m\u00e3o da participa\u00e7\u00e3o na administra\u00e7\u00e3o petista, o ministro Ricardo Berzoini (Comunica\u00e7\u00f5es) e o assessor Giles Azevedo entraram em contato com parlamentares do partido para assegurar que a presidente n\u00e3o recuar\u00e1 no compromisso de entregar duas pastas \u00e0 bancada peemedebista da C\u00e2mara.<\/p>\n<p style=\"text-align: justify\"><em>Blog Jamildo<\/em><\/p>\n","protected":false},"excerpt":{"rendered":"<p>Em momento de\u00a0dificuldades para definir o novo desenho da Esplanada dos Minist\u00e9rios, a presidente Dilma Rousseff (PT) voltar\u00e1 a se reunir a partir desta ter\u00e7a-feira (29) com PMDB e PT em busca de um formato de reforma administrativa que lhe garanta apoio no Congresso. Visando\u00a0contemplar as diferentes alas do PMDB, que iniciaram uma queda de bra\u00e7o pelo controle de pastas, Dilma deve voltar a discutir as mudan\u00e7as nos minist\u00e9rios com o vice-presidente, Michel Temer, e com o ex-presidente Lula. Com o impasse no PMDB, a c\u00fapula do Planalto avalia como improv\u00e1vel que a reforma administrativa seja anunciada na quarta e defende que, no atual momento de crise pol\u00edtica, \u00e9 prefer\u00edvel Dilma acomodar as distintas for\u00e7as do PMDB do que cumprir&hellip; <\/p>\n","protected":false},"author":7,"featured_media":0,"comment_status":"open","ping_status":"open","sticky":false,"template":"","format":"standard","meta":{"_acf_changed":false,"footnotes":""},"categories":[1],"tags":[],"class_list":["post-130664","post","type-post","status-publish","format-standard","hentry","category-politica"],"acf":[],"yoast_head":"<!-- This site is optimized with the Yoast SEO plugin v27.4 - https:\/\/yoast.com\/product\/yoast-seo-wordpress\/ -->\n<title>DILMA VAI SE ENCONTRAR COM LULA E TEMER PARA FECHAR REFORMA MINISTERIAL - Blog do Farn\u00e9sio<\/title>\n<meta name=\"robots\" content=\"index, follow, max-snippet:-1, max-image-preview:large, max-video-preview:-1\" \/>\n<link rel=\"canonical\" href=\"https:\/\/blogdofarnesio.com.br\/?p=130664\" \/>\n<meta property=\"og:locale\" content=\"pt_BR\" \/>\n<meta property=\"og:type\" content=\"article\" \/>\n<meta property=\"og:title\" content=\"DILMA VAI SE ENCONTRAR COM LULA E TEMER PARA FECHAR REFORMA MINISTERIAL - Blog do Farn\u00e9sio\" \/>\n<meta property=\"og:description\" content=\"Em momento de\u00a0dificuldades para definir o novo desenho da Esplanada dos Minist\u00e9rios, a presidente Dilma Rousseff (PT) voltar\u00e1 a se reunir a partir desta ter\u00e7a-feira (29) com PMDB e PT em busca de um formato de reforma administrativa que lhe garanta apoio no Congresso. Visando\u00a0contemplar as diferentes alas do PMDB, que iniciaram uma queda de bra\u00e7o pelo controle de pastas, Dilma deve voltar a discutir as mudan\u00e7as nos minist\u00e9rios com o vice-presidente, Michel Temer, e com o ex-presidente Lula. Com o impasse no PMDB, a c\u00fapula do Planalto avalia como improv\u00e1vel que a reforma administrativa seja anunciada na quarta e defende que, no atual momento de crise pol\u00edtica, \u00e9 prefer\u00edvel Dilma acomodar as distintas for\u00e7as do PMDB do que cumprir&hellip;\" \/>\n<meta property=\"og:url\" content=\"https:\/\/blogdofarnesio.com.br\/?p=130664\" \/>\n<meta property=\"og:site_name\" content=\"Blog do Farn\u00e9sio\" \/>\n<meta property=\"article:publisher\" content=\"https:\/\/www.facebook.com\/BlogQuerSaberPolitica\/\" \/>\n<meta property=\"article:published_time\" content=\"2015-09-29T15:00:18+00:00\" \/>\n<meta property=\"og:image\" content=\"http:\/\/www.quersaberpolitica.com.br\/2016\/wp-content\/uploads\/2015\/09\/blogqsp-Temer-Dilma-e-lula-300x167.jpg\" \/>\n<meta name=\"twitter:card\" content=\"summary_large_image\" \/>\n<meta name=\"twitter:label1\" content=\"Escrito por\" \/>\n\t<meta name=\"twitter:data1\" content=\"\" \/>\n\t<meta name=\"twitter:label2\" content=\"Est. tempo de leitura\" \/>\n\t<meta name=\"twitter:data2\" content=\"1 minuto\" \/>\n<script type=\"application\/ld+json\" class=\"yoast-schema-graph\">{\"@context\":\"https:\\\/\\\/schema.org\",\"@graph\":[{\"@type\":\"Article\",\"@id\":\"https:\\\/\\\/blogdofarnesio.com.br\\\/?p=130664#article\",\"isPartOf\":{\"@id\":\"https:\\\/\\\/blogdofarnesio.com.br\\\/?p=130664\"},\"author\":{\"name\":\"\",\"@id\":\"\"},\"headline\":\"DILMA VAI SE ENCONTRAR COM LULA E TEMER PARA FECHAR REFORMA MINISTERIAL\",\"datePublished\":\"2015-09-29T15:00:18+00:00\",\"mainEntityOfPage\":{\"@id\":\"https:\\\/\\\/blogdofarnesio.com.br\\\/?p=130664\"},\"wordCount\":267,\"commentCount\":0,\"publisher\":{\"@id\":\"https:\\\/\\\/blogdofarnesio.com.br\\\/#organization\"},\"image\":{\"@id\":\"https:\\\/\\\/blogdofarnesio.com.br\\\/?p=130664#primaryimage\"},\"thumbnailUrl\":\"http:\\\/\\\/www.quersaberpolitica.com.br\\\/2016\\\/wp-content\\\/uploads\\\/2015\\\/09\\\/blogqsp-Temer-Dilma-e-lula-300x167.jpg\",\"articleSection\":[\"Pol\u00edtica\"],\"inLanguage\":\"pt-BR\",\"potentialAction\":[{\"@type\":\"CommentAction\",\"name\":\"Comment\",\"target\":[\"https:\\\/\\\/blogdofarnesio.com.br\\\/?p=130664#respond\"]}]},{\"@type\":\"WebPage\",\"@id\":\"https:\\\/\\\/blogdofarnesio.com.br\\\/?p=130664\",\"url\":\"https:\\\/\\\/blogdofarnesio.com.br\\\/?p=130664\",\"name\":\"DILMA VAI SE ENCONTRAR COM LULA E TEMER PARA FECHAR REFORMA MINISTERIAL - Blog do Farn\u00e9sio\",\"isPartOf\":{\"@id\":\"https:\\\/\\\/blogdofarnesio.com.br\\\/#website\"},\"primaryImageOfPage\":{\"@id\":\"https:\\\/\\\/blogdofarnesio.com.br\\\/?p=130664#primaryimage\"},\"image\":{\"@id\":\"https:\\\/\\\/blogdofarnesio.com.br\\\/?p=130664#primaryimage\"},\"thumbnailUrl\":\"http:\\\/\\\/www.quersaberpolitica.com.br\\\/2016\\\/wp-content\\\/uploads\\\/2015\\\/09\\\/blogqsp-Temer-Dilma-e-lula-300x167.jpg\",\"datePublished\":\"2015-09-29T15:00:18+00:00\",\"breadcrumb\":{\"@id\":\"https:\\\/\\\/blogdofarnesio.com.br\\\/?p=130664#breadcrumb\"},\"inLanguage\":\"pt-BR\",\"potentialAction\":[{\"@type\":\"ReadAction\",\"target\":[\"https:\\\/\\\/blogdofarnesio.com.br\\\/?p=130664\"]}]},{\"@type\":\"ImageObject\",\"inLanguage\":\"pt-BR\",\"@id\":\"https:\\\/\\\/blogdofarnesio.com.br\\\/?p=130664#primaryimage\",\"url\":\"http:\\\/\\\/www.quersaberpolitica.com.br\\\/2016\\\/wp-content\\\/uploads\\\/2015\\\/09\\\/blogqsp-Temer-Dilma-e-lula-300x167.jpg\",\"contentUrl\":\"http:\\\/\\\/www.quersaberpolitica.com.br\\\/2016\\\/wp-content\\\/uploads\\\/2015\\\/09\\\/blogqsp-Temer-Dilma-e-lula-300x167.jpg\"},{\"@type\":\"BreadcrumbList\",\"@id\":\"https:\\\/\\\/blogdofarnesio.com.br\\\/?p=130664#breadcrumb\",\"itemListElement\":[{\"@type\":\"ListItem\",\"position\":1,\"name\":\"In\u00edcio\",\"item\":\"https:\\\/\\\/blogdofarnesio.com.br\\\/\"},{\"@type\":\"ListItem\",\"position\":2,\"name\":\"DILMA VAI SE ENCONTRAR COM LULA E TEMER PARA FECHAR REFORMA MINISTERIAL\"}]},{\"@type\":\"WebSite\",\"@id\":\"https:\\\/\\\/blogdofarnesio.com.br\\\/#website\",\"url\":\"https:\\\/\\\/blogdofarnesio.com.br\\\/\",\"name\":\"Blog do Farn\u00e9sio\",\"description\":\"Quer Saber Pol\u00edtica?\",\"publisher\":{\"@id\":\"https:\\\/\\\/blogdofarnesio.com.br\\\/#organization\"},\"potentialAction\":[{\"@type\":\"SearchAction\",\"target\":{\"@type\":\"EntryPoint\",\"urlTemplate\":\"https:\\\/\\\/blogdofarnesio.com.br\\\/?s={search_term_string}\"},\"query-input\":{\"@type\":\"PropertyValueSpecification\",\"valueRequired\":true,\"valueName\":\"search_term_string\"}}],\"inLanguage\":\"pt-BR\"},{\"@type\":\"Organization\",\"@id\":\"https:\\\/\\\/blogdofarnesio.com.br\\\/#organization\",\"name\":\"Blog do Farn\u00e9sio\",\"url\":\"https:\\\/\\\/blogdofarnesio.com.br\\\/\",\"logo\":{\"@type\":\"ImageObject\",\"inLanguage\":\"pt-BR\",\"@id\":\"https:\\\/\\\/blogdofarnesio.com.br\\\/#\\\/schema\\\/logo\\\/image\\\/\",\"url\":\"https:\\\/\\\/blogdofarnesio.com.br\\\/wp-content\\\/uploads\\\/2026\\\/03\\\/cropped-logo_new-1.png\",\"contentUrl\":\"https:\\\/\\\/blogdofarnesio.com.br\\\/wp-content\\\/uploads\\\/2026\\\/03\\\/cropped-logo_new-1.png\",\"width\":881,\"height\":685,\"caption\":\"Blog do Farn\u00e9sio\"},\"image\":{\"@id\":\"https:\\\/\\\/blogdofarnesio.com.br\\\/#\\\/schema\\\/logo\\\/image\\\/\"},\"sameAs\":[\"https:\\\/\\\/www.facebook.com\\\/BlogQuerSaberPolitica\\\/\"]},{\"@type\":\"Person\",\"@id\":\"\",\"url\":\"https:\\\/\\\/blogdofarnesio.com.br\\\/?author=7\"}]}<\/script>\n<!-- \/ Yoast SEO plugin. -->","yoast_head_json":{"title":"DILMA VAI SE ENCONTRAR COM LULA E TEMER PARA FECHAR REFORMA MINISTERIAL - Blog do Farn\u00e9sio","robots":{"index":"index","follow":"follow","max-snippet":"max-snippet:-1","max-image-preview":"max-image-preview:large","max-video-preview":"max-video-preview:-1"},"canonical":"https:\/\/blogdofarnesio.com.br\/?p=130664","og_locale":"pt_BR","og_type":"article","og_title":"DILMA VAI SE ENCONTRAR COM LULA E TEMER PARA FECHAR REFORMA MINISTERIAL - Blog do Farn\u00e9sio","og_description":"Em momento de\u00a0dificuldades para definir o novo desenho da Esplanada dos Minist\u00e9rios, a presidente Dilma Rousseff (PT) voltar\u00e1 a se reunir a partir desta ter\u00e7a-feira (29) com PMDB e PT em busca de um formato de reforma administrativa que lhe garanta apoio no Congresso. Visando\u00a0contemplar as diferentes alas do PMDB, que iniciaram uma queda de bra\u00e7o pelo controle de pastas, Dilma deve voltar a discutir as mudan\u00e7as nos minist\u00e9rios com o vice-presidente, Michel Temer, e com o ex-presidente Lula. Com o impasse no PMDB, a c\u00fapula do Planalto avalia como improv\u00e1vel que a reforma administrativa seja anunciada na quarta e defende que, no atual momento de crise pol\u00edtica, \u00e9 prefer\u00edvel Dilma acomodar as distintas for\u00e7as do PMDB do que cumprir&hellip;","og_url":"https:\/\/blogdofarnesio.com.br\/?p=130664","og_site_name":"Blog do Farn\u00e9sio","article_publisher":"https:\/\/www.facebook.com\/BlogQuerSaberPolitica\/","article_published_time":"2015-09-29T15:00:18+00:00","og_image":[{"url":"http:\/\/www.quersaberpolitica.com.br\/2016\/wp-content\/uploads\/2015\/09\/blogqsp-Temer-Dilma-e-lula-300x167.jpg","type":"","width":"","height":""}],"twitter_card":"summary_large_image","twitter_misc":{"Escrito por":"","Est. tempo de leitura":"1 minuto"},"schema":{"@context":"https:\/\/schema.org","@graph":[{"@type":"Article","@id":"https:\/\/blogdofarnesio.com.br\/?p=130664#article","isPartOf":{"@id":"https:\/\/blogdofarnesio.com.br\/?p=130664"},"author":{"name":"","@id":""},"headline":"DILMA VAI SE ENCONTRAR COM LULA E TEMER PARA FECHAR REFORMA MINISTERIAL","datePublished":"2015-09-29T15:00:18+00:00","mainEntityOfPage":{"@id":"https:\/\/blogdofarnesio.com.br\/?p=130664"},"wordCount":267,"commentCount":0,"publisher":{"@id":"https:\/\/blogdofarnesio.com.br\/#organization"},"image":{"@id":"https:\/\/blogdofarnesio.com.br\/?p=130664#primaryimage"},"thumbnailUrl":"http:\/\/www.quersaberpolitica.com.br\/2016\/wp-content\/uploads\/2015\/09\/blogqsp-Temer-Dilma-e-lula-300x167.jpg","articleSection":["Pol\u00edtica"],"inLanguage":"pt-BR","potentialAction":[{"@type":"CommentAction","name":"Comment","target":["https:\/\/blogdofarnesio.com.br\/?p=130664#respond"]}]},{"@type":"WebPage","@id":"https:\/\/blogdofarnesio.com.br\/?p=130664","url":"https:\/\/blogdofarnesio.com.br\/?p=130664","name":"DILMA VAI SE ENCONTRAR COM LULA E TEMER PARA FECHAR REFORMA MINISTERIAL - Blog do Farn\u00e9sio","isPartOf":{"@id":"https:\/\/blogdofarnesio.com.br\/#website"},"primaryImageOfPage":{"@id":"https:\/\/blogdofarnesio.com.br\/?p=130664#primaryimage"},"image":{"@id":"https:\/\/blogdofarnesio.com.br\/?p=130664#primaryimage"},"thumbnailUrl":"http:\/\/www.quersaberpolitica.com.br\/2016\/wp-content\/uploads\/2015\/09\/blogqsp-Temer-Dilma-e-lula-300x167.jpg","datePublished":"2015-09-29T15:00:18+00:00","breadcrumb":{"@id":"https:\/\/blogdofarnesio.com.br\/?p=130664#breadcrumb"},"inLanguage":"pt-BR","potentialAction":[{"@type":"ReadAction","target":["https:\/\/blogdofarnesio.com.br\/?p=130664"]}]},{"@type":"ImageObject","inLanguage":"pt-BR","@id":"https:\/\/blogdofarnesio.com.br\/?p=130664#primaryimage","url":"http:\/\/www.quersaberpolitica.com.br\/2016\/wp-content\/uploads\/2015\/09\/blogqsp-Temer-Dilma-e-lula-300x167.jpg","contentUrl":"http:\/\/www.quersaberpolitica.com.br\/2016\/wp-content\/uploads\/2015\/09\/blogqsp-Temer-Dilma-e-lula-300x167.jpg"},{"@type":"BreadcrumbList","@id":"https:\/\/blogdofarnesio.com.br\/?p=130664#breadcrumb","itemListElement":[{"@type":"ListItem","position":1,"name":"In\u00edcio","item":"https:\/\/blogdofarnesio.com.br\/"},{"@type":"ListItem","position":2,"name":"DILMA VAI SE ENCONTRAR COM LULA E TEMER PARA FECHAR REFORMA MINISTERIAL"}]},{"@type":"WebSite","@id":"https:\/\/blogdofarnesio.com.br\/#website","url":"https:\/\/blogdofarnesio.com.br\/","name":"Blog do Farn\u00e9sio","description":"Quer Saber Pol\u00edtica?","publisher":{"@id":"https:\/\/blogdofarnesio.com.br\/#organization"},"potentialAction":[{"@type":"SearchAction","target":{"@type":"EntryPoint","urlTemplate":"https:\/\/blogdofarnesio.com.br\/?s={search_term_string}"},"query-input":{"@type":"PropertyValueSpecification","valueRequired":true,"valueName":"search_term_string"}}],"inLanguage":"pt-BR"},{"@type":"Organization","@id":"https:\/\/blogdofarnesio.com.br\/#organization","name":"Blog do Farn\u00e9sio","url":"https:\/\/blogdofarnesio.com.br\/","logo":{"@type":"ImageObject","inLanguage":"pt-BR","@id":"https:\/\/blogdofarnesio.com.br\/#\/schema\/logo\/image\/","url":"https:\/\/blogdofarnesio.com.br\/wp-content\/uploads\/2026\/03\/cropped-logo_new-1.png","contentUrl":"https:\/\/blogdofarnesio.com.br\/wp-content\/uploads\/2026\/03\/cropped-logo_new-1.png","width":881,"height":685,"caption":"Blog do Farn\u00e9sio"},"image":{"@id":"https:\/\/blogdofarnesio.com.br\/#\/schema\/logo\/image\/"},"sameAs":["https:\/\/www.facebook.com\/BlogQuerSaberPolitica\/"]},{"@type":"Person","@id":"","url":"https:\/\/blogdofarnesio.com.br\/?author=7"}]}},"_links":{"self":[{"href":"https:\/\/blogdofarnesio.com.br\/index.php?rest_route=\/wp\/v2\/posts\/130664","targetHints":{"allow":["GET"]}}],"collection":[{"href":"https:\/\/blogdofarnesio.com.br\/index.php?rest_route=\/wp\/v2\/posts"}],"about":[{"href":"https:\/\/blogdofarnesio.com.br\/index.php?rest_route=\/wp\/v2\/types\/post"}],"author":[{"embeddable":true,"href":"https:\/\/blogdofarnesio.com.br\/index.php?rest_route=\/wp\/v2\/users\/7"}],"replies":[{"embeddable":true,"href":"https:\/\/blogdofarnesio.com.br\/index.php?rest_route=%2Fwp%2Fv2%2Fcomments&post=130664"}],"version-history":[{"count":0,"href":"https:\/\/blogdofarnesio.com.br\/index.php?rest_route=\/wp\/v2\/posts\/130664\/revisions"}],"wp:attachment":[{"href":"https:\/\/blogdofarnesio.com.br\/index.php?rest_route=%2Fwp%2Fv2%2Fmedia&parent=130664"}],"wp:term":[{"taxonomy":"category","embeddable":true,"href":"https:\/\/blogdofarnesio.com.br\/index.php?rest_route=%2Fwp%2Fv2%2Fcategories&post=130664"},{"taxonomy":"post_tag","embeddable":true,"href":"https:\/\/blogdofarnesio.com.br\/index.php?rest_route=%2Fwp%2Fv2%2Ftags&post=130664"}],"curies":[{"name":"wp","href":"https:\/\/api.w.org\/{rel}","templated":true}]}}