{"id":130610,"date":"2015-09-29T07:43:53","date_gmt":"2015-09-29T10:43:53","guid":{"rendered":"http:\/\/www.quersaberpolitica.com.br\/?p=130610"},"modified":"2015-09-28T19:17:41","modified_gmt":"2015-09-28T22:17:41","slug":"mercado-do-produtor-de-juazeiro-marca-prresenca-no-29o-congresso-anual-de-mercados-atacadistas-em-sp","status":"publish","type":"post","link":"https:\/\/blogdofarnesio.com.br\/2015\/09\/mercado-do-produtor-de-juazeiro-marca-prresenca-no-29o-congresso-anual-de-mercados-atacadistas-em-sp\/","title":{"rendered":"MERCADO DO PRODUTOR DE JUAZEIRO MARCA PRRESEN\u00c7A NO 29\u00ba CONGRESSO ANUAL DE MERCADOS ATACADISTAS EM SP"},"content":{"rendered":"<p style=\"text-align: justify\"><a href=\"http:\/\/www.quersaberpolitica.com.br\/2016\/wp-content\/uploads\/2015\/09\/blogqsp-Cisley-Bandeira-participa-congresso-sp.jpg\"><img loading=\"lazy\" decoding=\"async\" class=\" size-medium wp-image-130611 alignleft\" src=\"http:\/\/www.quersaberpolitica.com.br\/2016\/wp-content\/uploads\/2015\/09\/blogqsp-Cisley-Bandeira-participa-congresso-sp-300x225.jpg\" alt=\"blogqsp-Cisley Bandeira-participa-congresso-sp\" width=\"300\" height=\"225\" srcset=\"https:\/\/blogdofarnesio.com.br\/wp-content\/uploads\/2015\/09\/blogqsp-Cisley-Bandeira-participa-congresso-sp-300x225.jpg 300w, https:\/\/blogdofarnesio.com.br\/wp-content\/uploads\/2015\/09\/blogqsp-Cisley-Bandeira-participa-congresso-sp-400x300.jpg 400w, https:\/\/blogdofarnesio.com.br\/wp-content\/uploads\/2015\/09\/blogqsp-Cisley-Bandeira-participa-congresso-sp.jpg 448w\" sizes=\"auto, (max-width: 300px) 100vw, 300px\" \/><\/a><\/p>\n<p style=\"text-align: justify\">O diretor operacional do Mercado do Produtor de Juazeiro, Cisley Bandeira, participou de 23 a 26 de setembro, no Centro de Eventos do Royal Palm Plaza, em Campinas \u2013 SP, do 29\u00ba Congresso Anual da Uni\u00e3o Mundial de Mercados Atacadistas (World Union of Wholesale Markets\/WUWM), que teve como objetivo apresentar uma agenda tem\u00e1tica para todos os gestores e operadores de mercados atacadistas de alimentos in natura, bem como proporcionar uma troca de experi\u00eancias na gest\u00e3o e nas opera\u00e7\u00f5es dos entrepostos.<\/p>\n<p style=\"text-align: justify\">Com o tema \u201cO meio ambiente e o futuro dos Mercados Atacadistas\u201d, o congresso contou com a presen\u00e7a do presidente da Associa\u00e7\u00e3o Brasileira das Centrais de Abastecimento (ABRACEN), Mario Maurici; do Ministro da Ci\u00eancia, Tecnologia e Inova\u00e7\u00e3o, Aldo Rebelo; do prefeito de Campinas, Jonas Donizette, al\u00e9m de mais de 400 participantes de 29 pa\u00edses.<\/p>\n<p style=\"text-align: justify\">Na ocasi\u00e3o o presidente da Abracen, Mario Maurici, ressaltou a relev\u00e2ncia do tema escolhido. \u201c\u00c9 essencial que os mercados se re\u00fanam para enfrentar situa\u00e7\u00f5es como essa (das mudan\u00e7as clim\u00e1ticas), que acontecem aqui, em S\u00e3o Paulo, no Brasil, e que se repetem em todo o mundo,\u201d. J\u00e1 o Ministro da Ci\u00eancia, Tecnologia e Inova\u00e7\u00e3o, Aldo Rebelo falou sobre a import\u00e2ncia do Congresso da WUWM. \u201cEsse congresso tem entre seus desafios o de desvendar e o de buscar na ci\u00eancia, na pesquisa e na inova\u00e7\u00e3o os caminhos para a seguran\u00e7a alimentar da humanidade em todas as suas disciplinas e em todas as suas exig\u00eancias,\u201d disse.<\/p>\n<p style=\"text-align: justify\">Na sexta-feira (25) os participantes tiveram a oportunidade de conhecer a Ceasa Campinas, refer\u00eancia do setor de abastecimento brasileiro e da Am\u00e9rica Latina. As comitivas visitaram a estrutura e a log\u00edstica da central que abrange o Mercado de Flores e Plantas Ornamentais, o maior da Am\u00e9rica Latina.<\/p>\n<p style=\"text-align: justify\">Durante o evento temas como \u201cNovos Cen\u00e1rios para o Abastecimento Alimentar Frente \u00e0s Mudan\u00e7as Clim\u00e1ticas\u201d, \u201cDesafios para Moderniza\u00e7\u00e3o e Constru\u00e7\u00e3o de Novos Mercados Atacadistas na Am\u00e9rica Latina\u201d e \u201cOs Mercados Atacadistas no S\u00e9culo XXI \u2013 Maior Efici\u00eancia e Especializa\u00e7\u00e3o dos Servi\u00e7os\u201d, foram debatidos.<!--more--><\/p>\n<p style=\"text-align: justify\">De acordo com o diretor operacional do Mercado do Produtor de Juazeiro, Cisley Bandeira, o evento proporcionou acesso \u00e0s novidades de outras Ceasas e a troca de conhecimentos. \u201cN\u00f3s interagimos com Ceasas do Brasil e do mundo, e analisamos a nossa realidade e o que precisamos melhorar, bem como a realidade das Ceasas de outros pa\u00edses que est\u00e3o bem mais avan\u00e7adas que as nossas. Esse momento nos permitiu contato com servi\u00e7os e informa\u00e7\u00f5es de qualidade\u201d, disse.<\/p>\n<p style=\"text-align: justify\">O evento foi finalizado no s\u00e1bado (26), com visita t\u00e9cnica ao Mercado Municipal (Central) de S\u00e3o Paulo e a Ceagesp &#8211; terceiro maior entreposto de alimentos do mundo.<\/p>\n<p><em>Lene Radina\/ASCOM SEAPA<\/em><\/p>\n","protected":false},"excerpt":{"rendered":"<p>O diretor operacional do Mercado do Produtor de Juazeiro, Cisley Bandeira, participou de 23 a 26 de setembro, no Centro de Eventos do Royal Palm Plaza, em Campinas \u2013 SP, do 29\u00ba Congresso Anual da Uni\u00e3o Mundial de Mercados Atacadistas (World Union of Wholesale Markets\/WUWM), que teve como objetivo apresentar uma agenda tem\u00e1tica para todos os gestores e operadores de mercados atacadistas de alimentos in natura, bem como proporcionar uma troca de experi\u00eancias na gest\u00e3o e nas opera\u00e7\u00f5es dos entrepostos. Com o tema \u201cO meio ambiente e o futuro dos Mercados Atacadistas\u201d, o congresso contou com a presen\u00e7a do presidente da Associa\u00e7\u00e3o Brasileira das Centrais de Abastecimento (ABRACEN), Mario Maurici; do Ministro da Ci\u00eancia, Tecnologia e Inova\u00e7\u00e3o, Aldo Rebelo; do&hellip; <\/p>\n","protected":false},"author":7,"featured_media":0,"comment_status":"open","ping_status":"open","sticky":false,"template":"","format":"standard","meta":{"_acf_changed":false,"footnotes":""},"categories":[26,20,13],"tags":[],"class_list":["post-130610","post","type-post","status-publish","format-standard","hentry","category-agricultura","category-economia","category-fruticultura"],"acf":[],"yoast_head":"<!-- This site is optimized with the Yoast SEO plugin v27.5 - https:\/\/yoast.com\/product\/yoast-seo-wordpress\/ -->\n<title>MERCADO DO PRODUTOR DE JUAZEIRO MARCA PRRESEN\u00c7A NO 29\u00ba CONGRESSO ANUAL DE MERCADOS ATACADISTAS EM SP - Blog do Farn\u00e9sio<\/title>\n<meta name=\"robots\" content=\"index, follow, max-snippet:-1, max-image-preview:large, max-video-preview:-1\" \/>\n<link rel=\"canonical\" href=\"https:\/\/blogdofarnesio.com.br\/2015\/09\/mercado-do-produtor-de-juazeiro-marca-prresenca-no-29o-congresso-anual-de-mercados-atacadistas-em-sp\/\" \/>\n<meta property=\"og:locale\" content=\"pt_BR\" \/>\n<meta property=\"og:type\" content=\"article\" \/>\n<meta property=\"og:title\" content=\"MERCADO DO PRODUTOR DE JUAZEIRO MARCA PRRESEN\u00c7A NO 29\u00ba CONGRESSO ANUAL DE MERCADOS ATACADISTAS EM SP - Blog do Farn\u00e9sio\" \/>\n<meta property=\"og:description\" content=\"O diretor operacional do Mercado do Produtor de Juazeiro, Cisley Bandeira, participou de 23 a 26 de setembro, no Centro de Eventos do Royal Palm Plaza, em Campinas \u2013 SP, do 29\u00ba Congresso Anual da Uni\u00e3o Mundial de Mercados Atacadistas (World Union of Wholesale Markets\/WUWM), que teve como objetivo apresentar uma agenda tem\u00e1tica para todos os gestores e operadores de mercados atacadistas de alimentos in natura, bem como proporcionar uma troca de experi\u00eancias na gest\u00e3o e nas opera\u00e7\u00f5es dos entrepostos. Com o tema \u201cO meio ambiente e o futuro dos Mercados Atacadistas\u201d, o congresso contou com a presen\u00e7a do presidente da Associa\u00e7\u00e3o Brasileira das Centrais de Abastecimento (ABRACEN), Mario Maurici; do Ministro da Ci\u00eancia, Tecnologia e Inova\u00e7\u00e3o, Aldo Rebelo; do&hellip;\" \/>\n<meta property=\"og:url\" content=\"https:\/\/blogdofarnesio.com.br\/2015\/09\/mercado-do-produtor-de-juazeiro-marca-prresenca-no-29o-congresso-anual-de-mercados-atacadistas-em-sp\/\" \/>\n<meta property=\"og:site_name\" content=\"Blog do Farn\u00e9sio\" \/>\n<meta property=\"article:publisher\" content=\"https:\/\/www.facebook.com\/BlogQuerSaberPolitica\/\" \/>\n<meta property=\"article:published_time\" content=\"2015-09-29T10:43:53+00:00\" \/>\n<meta property=\"og:image\" content=\"http:\/\/www.quersaberpolitica.com.br\/2016\/wp-content\/uploads\/2015\/09\/blogqsp-Cisley-Bandeira-participa-congresso-sp-300x225.jpg\" \/>\n<meta name=\"twitter:card\" content=\"summary_large_image\" \/>\n<meta name=\"twitter:label1\" content=\"Escrito por\" \/>\n\t<meta name=\"twitter:data1\" content=\"\" \/>\n\t<meta name=\"twitter:label2\" content=\"Est. tempo de leitura\" \/>\n\t<meta name=\"twitter:data2\" content=\"2 minutos\" \/>\n<script type=\"application\/ld+json\" class=\"yoast-schema-graph\">{\"@context\":\"https:\\\/\\\/schema.org\",\"@graph\":[{\"@type\":\"Article\",\"@id\":\"https:\\\/\\\/blogdofarnesio.com.br\\\/2015\\\/09\\\/mercado-do-produtor-de-juazeiro-marca-prresenca-no-29o-congresso-anual-de-mercados-atacadistas-em-sp\\\/#article\",\"isPartOf\":{\"@id\":\"https:\\\/\\\/blogdofarnesio.com.br\\\/2015\\\/09\\\/mercado-do-produtor-de-juazeiro-marca-prresenca-no-29o-congresso-anual-de-mercados-atacadistas-em-sp\\\/\"},\"author\":{\"name\":\"\",\"@id\":\"\"},\"headline\":\"MERCADO DO PRODUTOR DE JUAZEIRO MARCA PRRESEN\u00c7A NO 29\u00ba CONGRESSO ANUAL DE MERCADOS ATACADISTAS EM SP\",\"datePublished\":\"2015-09-29T10:43:53+00:00\",\"mainEntityOfPage\":{\"@id\":\"https:\\\/\\\/blogdofarnesio.com.br\\\/2015\\\/09\\\/mercado-do-produtor-de-juazeiro-marca-prresenca-no-29o-congresso-anual-de-mercados-atacadistas-em-sp\\\/\"},\"wordCount\":490,\"commentCount\":0,\"publisher\":{\"@id\":\"https:\\\/\\\/blogdofarnesio.com.br\\\/#organization\"},\"image\":{\"@id\":\"https:\\\/\\\/blogdofarnesio.com.br\\\/2015\\\/09\\\/mercado-do-produtor-de-juazeiro-marca-prresenca-no-29o-congresso-anual-de-mercados-atacadistas-em-sp\\\/#primaryimage\"},\"thumbnailUrl\":\"http:\\\/\\\/www.quersaberpolitica.com.br\\\/2016\\\/wp-content\\\/uploads\\\/2015\\\/09\\\/blogqsp-Cisley-Bandeira-participa-congresso-sp-300x225.jpg\",\"articleSection\":[\"Agricultura\",\"Economia\",\"Fruticultura\"],\"inLanguage\":\"pt-BR\",\"potentialAction\":[{\"@type\":\"CommentAction\",\"name\":\"Comment\",\"target\":[\"https:\\\/\\\/blogdofarnesio.com.br\\\/2015\\\/09\\\/mercado-do-produtor-de-juazeiro-marca-prresenca-no-29o-congresso-anual-de-mercados-atacadistas-em-sp\\\/#respond\"]}]},{\"@type\":\"WebPage\",\"@id\":\"https:\\\/\\\/blogdofarnesio.com.br\\\/2015\\\/09\\\/mercado-do-produtor-de-juazeiro-marca-prresenca-no-29o-congresso-anual-de-mercados-atacadistas-em-sp\\\/\",\"url\":\"https:\\\/\\\/blogdofarnesio.com.br\\\/2015\\\/09\\\/mercado-do-produtor-de-juazeiro-marca-prresenca-no-29o-congresso-anual-de-mercados-atacadistas-em-sp\\\/\",\"name\":\"MERCADO DO PRODUTOR DE JUAZEIRO MARCA PRRESEN\u00c7A NO 29\u00ba CONGRESSO ANUAL DE MERCADOS ATACADISTAS EM SP - Blog do Farn\u00e9sio\",\"isPartOf\":{\"@id\":\"https:\\\/\\\/blogdofarnesio.com.br\\\/#website\"},\"primaryImageOfPage\":{\"@id\":\"https:\\\/\\\/blogdofarnesio.com.br\\\/2015\\\/09\\\/mercado-do-produtor-de-juazeiro-marca-prresenca-no-29o-congresso-anual-de-mercados-atacadistas-em-sp\\\/#primaryimage\"},\"image\":{\"@id\":\"https:\\\/\\\/blogdofarnesio.com.br\\\/2015\\\/09\\\/mercado-do-produtor-de-juazeiro-marca-prresenca-no-29o-congresso-anual-de-mercados-atacadistas-em-sp\\\/#primaryimage\"},\"thumbnailUrl\":\"http:\\\/\\\/www.quersaberpolitica.com.br\\\/2016\\\/wp-content\\\/uploads\\\/2015\\\/09\\\/blogqsp-Cisley-Bandeira-participa-congresso-sp-300x225.jpg\",\"datePublished\":\"2015-09-29T10:43:53+00:00\",\"breadcrumb\":{\"@id\":\"https:\\\/\\\/blogdofarnesio.com.br\\\/2015\\\/09\\\/mercado-do-produtor-de-juazeiro-marca-prresenca-no-29o-congresso-anual-de-mercados-atacadistas-em-sp\\\/#breadcrumb\"},\"inLanguage\":\"pt-BR\",\"potentialAction\":[{\"@type\":\"ReadAction\",\"target\":[\"https:\\\/\\\/blogdofarnesio.com.br\\\/2015\\\/09\\\/mercado-do-produtor-de-juazeiro-marca-prresenca-no-29o-congresso-anual-de-mercados-atacadistas-em-sp\\\/\"]}]},{\"@type\":\"ImageObject\",\"inLanguage\":\"pt-BR\",\"@id\":\"https:\\\/\\\/blogdofarnesio.com.br\\\/2015\\\/09\\\/mercado-do-produtor-de-juazeiro-marca-prresenca-no-29o-congresso-anual-de-mercados-atacadistas-em-sp\\\/#primaryimage\",\"url\":\"http:\\\/\\\/www.quersaberpolitica.com.br\\\/2016\\\/wp-content\\\/uploads\\\/2015\\\/09\\\/blogqsp-Cisley-Bandeira-participa-congresso-sp-300x225.jpg\",\"contentUrl\":\"http:\\\/\\\/www.quersaberpolitica.com.br\\\/2016\\\/wp-content\\\/uploads\\\/2015\\\/09\\\/blogqsp-Cisley-Bandeira-participa-congresso-sp-300x225.jpg\"},{\"@type\":\"BreadcrumbList\",\"@id\":\"https:\\\/\\\/blogdofarnesio.com.br\\\/2015\\\/09\\\/mercado-do-produtor-de-juazeiro-marca-prresenca-no-29o-congresso-anual-de-mercados-atacadistas-em-sp\\\/#breadcrumb\",\"itemListElement\":[{\"@type\":\"ListItem\",\"position\":1,\"name\":\"In\u00edcio\",\"item\":\"https:\\\/\\\/blogdofarnesio.com.br\\\/\"},{\"@type\":\"ListItem\",\"position\":2,\"name\":\"MERCADO DO PRODUTOR DE JUAZEIRO MARCA PRRESEN\u00c7A NO 29\u00ba CONGRESSO ANUAL DE MERCADOS ATACADISTAS EM SP\"}]},{\"@type\":\"WebSite\",\"@id\":\"https:\\\/\\\/blogdofarnesio.com.br\\\/#website\",\"url\":\"https:\\\/\\\/blogdofarnesio.com.br\\\/\",\"name\":\"Blog do Farn\u00e9sio\",\"description\":\"Quer Saber Pol\u00edtica?\",\"publisher\":{\"@id\":\"https:\\\/\\\/blogdofarnesio.com.br\\\/#organization\"},\"potentialAction\":[{\"@type\":\"SearchAction\",\"target\":{\"@type\":\"EntryPoint\",\"urlTemplate\":\"https:\\\/\\\/blogdofarnesio.com.br\\\/?s={search_term_string}\"},\"query-input\":{\"@type\":\"PropertyValueSpecification\",\"valueRequired\":true,\"valueName\":\"search_term_string\"}}],\"inLanguage\":\"pt-BR\"},{\"@type\":\"Organization\",\"@id\":\"https:\\\/\\\/blogdofarnesio.com.br\\\/#organization\",\"name\":\"Blog do Farn\u00e9sio\",\"url\":\"https:\\\/\\\/blogdofarnesio.com.br\\\/\",\"logo\":{\"@type\":\"ImageObject\",\"inLanguage\":\"pt-BR\",\"@id\":\"https:\\\/\\\/blogdofarnesio.com.br\\\/#\\\/schema\\\/logo\\\/image\\\/\",\"url\":\"https:\\\/\\\/blogdofarnesio.com.br\\\/wp-content\\\/uploads\\\/2026\\\/03\\\/cropped-logo_new-1.png\",\"contentUrl\":\"https:\\\/\\\/blogdofarnesio.com.br\\\/wp-content\\\/uploads\\\/2026\\\/03\\\/cropped-logo_new-1.png\",\"width\":881,\"height\":685,\"caption\":\"Blog do Farn\u00e9sio\"},\"image\":{\"@id\":\"https:\\\/\\\/blogdofarnesio.com.br\\\/#\\\/schema\\\/logo\\\/image\\\/\"},\"sameAs\":[\"https:\\\/\\\/www.facebook.com\\\/BlogQuerSaberPolitica\\\/\"]},{\"@type\":\"Person\",\"@id\":\"\",\"url\":\"https:\\\/\\\/blogdofarnesio.com.br\\\/author\\\/\"}]}<\/script>\n<!-- \/ Yoast SEO plugin. -->","yoast_head_json":{"title":"MERCADO DO PRODUTOR DE JUAZEIRO MARCA PRRESEN\u00c7A NO 29\u00ba CONGRESSO ANUAL DE MERCADOS ATACADISTAS EM SP - Blog do Farn\u00e9sio","robots":{"index":"index","follow":"follow","max-snippet":"max-snippet:-1","max-image-preview":"max-image-preview:large","max-video-preview":"max-video-preview:-1"},"canonical":"https:\/\/blogdofarnesio.com.br\/2015\/09\/mercado-do-produtor-de-juazeiro-marca-prresenca-no-29o-congresso-anual-de-mercados-atacadistas-em-sp\/","og_locale":"pt_BR","og_type":"article","og_title":"MERCADO DO PRODUTOR DE JUAZEIRO MARCA PRRESEN\u00c7A NO 29\u00ba CONGRESSO ANUAL DE MERCADOS ATACADISTAS EM SP - Blog do Farn\u00e9sio","og_description":"O diretor operacional do Mercado do Produtor de Juazeiro, Cisley Bandeira, participou de 23 a 26 de setembro, no Centro de Eventos do Royal Palm Plaza, em Campinas \u2013 SP, do 29\u00ba Congresso Anual da Uni\u00e3o Mundial de Mercados Atacadistas (World Union of Wholesale Markets\/WUWM), que teve como objetivo apresentar uma agenda tem\u00e1tica para todos os gestores e operadores de mercados atacadistas de alimentos in natura, bem como proporcionar uma troca de experi\u00eancias na gest\u00e3o e nas opera\u00e7\u00f5es dos entrepostos. Com o tema \u201cO meio ambiente e o futuro dos Mercados Atacadistas\u201d, o congresso contou com a presen\u00e7a do presidente da Associa\u00e7\u00e3o Brasileira das Centrais de Abastecimento (ABRACEN), Mario Maurici; do Ministro da Ci\u00eancia, Tecnologia e Inova\u00e7\u00e3o, Aldo Rebelo; do&hellip;","og_url":"https:\/\/blogdofarnesio.com.br\/2015\/09\/mercado-do-produtor-de-juazeiro-marca-prresenca-no-29o-congresso-anual-de-mercados-atacadistas-em-sp\/","og_site_name":"Blog do Farn\u00e9sio","article_publisher":"https:\/\/www.facebook.com\/BlogQuerSaberPolitica\/","article_published_time":"2015-09-29T10:43:53+00:00","og_image":[{"url":"http:\/\/www.quersaberpolitica.com.br\/2016\/wp-content\/uploads\/2015\/09\/blogqsp-Cisley-Bandeira-participa-congresso-sp-300x225.jpg","type":"","width":"","height":""}],"twitter_card":"summary_large_image","twitter_misc":{"Escrito por":"","Est. tempo de leitura":"2 minutos"},"schema":{"@context":"https:\/\/schema.org","@graph":[{"@type":"Article","@id":"https:\/\/blogdofarnesio.com.br\/2015\/09\/mercado-do-produtor-de-juazeiro-marca-prresenca-no-29o-congresso-anual-de-mercados-atacadistas-em-sp\/#article","isPartOf":{"@id":"https:\/\/blogdofarnesio.com.br\/2015\/09\/mercado-do-produtor-de-juazeiro-marca-prresenca-no-29o-congresso-anual-de-mercados-atacadistas-em-sp\/"},"author":{"name":"","@id":""},"headline":"MERCADO DO PRODUTOR DE JUAZEIRO MARCA PRRESEN\u00c7A NO 29\u00ba CONGRESSO ANUAL DE MERCADOS ATACADISTAS EM SP","datePublished":"2015-09-29T10:43:53+00:00","mainEntityOfPage":{"@id":"https:\/\/blogdofarnesio.com.br\/2015\/09\/mercado-do-produtor-de-juazeiro-marca-prresenca-no-29o-congresso-anual-de-mercados-atacadistas-em-sp\/"},"wordCount":490,"commentCount":0,"publisher":{"@id":"https:\/\/blogdofarnesio.com.br\/#organization"},"image":{"@id":"https:\/\/blogdofarnesio.com.br\/2015\/09\/mercado-do-produtor-de-juazeiro-marca-prresenca-no-29o-congresso-anual-de-mercados-atacadistas-em-sp\/#primaryimage"},"thumbnailUrl":"http:\/\/www.quersaberpolitica.com.br\/2016\/wp-content\/uploads\/2015\/09\/blogqsp-Cisley-Bandeira-participa-congresso-sp-300x225.jpg","articleSection":["Agricultura","Economia","Fruticultura"],"inLanguage":"pt-BR","potentialAction":[{"@type":"CommentAction","name":"Comment","target":["https:\/\/blogdofarnesio.com.br\/2015\/09\/mercado-do-produtor-de-juazeiro-marca-prresenca-no-29o-congresso-anual-de-mercados-atacadistas-em-sp\/#respond"]}]},{"@type":"WebPage","@id":"https:\/\/blogdofarnesio.com.br\/2015\/09\/mercado-do-produtor-de-juazeiro-marca-prresenca-no-29o-congresso-anual-de-mercados-atacadistas-em-sp\/","url":"https:\/\/blogdofarnesio.com.br\/2015\/09\/mercado-do-produtor-de-juazeiro-marca-prresenca-no-29o-congresso-anual-de-mercados-atacadistas-em-sp\/","name":"MERCADO DO PRODUTOR DE JUAZEIRO MARCA PRRESEN\u00c7A NO 29\u00ba CONGRESSO ANUAL DE MERCADOS ATACADISTAS EM SP - Blog do Farn\u00e9sio","isPartOf":{"@id":"https:\/\/blogdofarnesio.com.br\/#website"},"primaryImageOfPage":{"@id":"https:\/\/blogdofarnesio.com.br\/2015\/09\/mercado-do-produtor-de-juazeiro-marca-prresenca-no-29o-congresso-anual-de-mercados-atacadistas-em-sp\/#primaryimage"},"image":{"@id":"https:\/\/blogdofarnesio.com.br\/2015\/09\/mercado-do-produtor-de-juazeiro-marca-prresenca-no-29o-congresso-anual-de-mercados-atacadistas-em-sp\/#primaryimage"},"thumbnailUrl":"http:\/\/www.quersaberpolitica.com.br\/2016\/wp-content\/uploads\/2015\/09\/blogqsp-Cisley-Bandeira-participa-congresso-sp-300x225.jpg","datePublished":"2015-09-29T10:43:53+00:00","breadcrumb":{"@id":"https:\/\/blogdofarnesio.com.br\/2015\/09\/mercado-do-produtor-de-juazeiro-marca-prresenca-no-29o-congresso-anual-de-mercados-atacadistas-em-sp\/#breadcrumb"},"inLanguage":"pt-BR","potentialAction":[{"@type":"ReadAction","target":["https:\/\/blogdofarnesio.com.br\/2015\/09\/mercado-do-produtor-de-juazeiro-marca-prresenca-no-29o-congresso-anual-de-mercados-atacadistas-em-sp\/"]}]},{"@type":"ImageObject","inLanguage":"pt-BR","@id":"https:\/\/blogdofarnesio.com.br\/2015\/09\/mercado-do-produtor-de-juazeiro-marca-prresenca-no-29o-congresso-anual-de-mercados-atacadistas-em-sp\/#primaryimage","url":"http:\/\/www.quersaberpolitica.com.br\/2016\/wp-content\/uploads\/2015\/09\/blogqsp-Cisley-Bandeira-participa-congresso-sp-300x225.jpg","contentUrl":"http:\/\/www.quersaberpolitica.com.br\/2016\/wp-content\/uploads\/2015\/09\/blogqsp-Cisley-Bandeira-participa-congresso-sp-300x225.jpg"},{"@type":"BreadcrumbList","@id":"https:\/\/blogdofarnesio.com.br\/2015\/09\/mercado-do-produtor-de-juazeiro-marca-prresenca-no-29o-congresso-anual-de-mercados-atacadistas-em-sp\/#breadcrumb","itemListElement":[{"@type":"ListItem","position":1,"name":"In\u00edcio","item":"https:\/\/blogdofarnesio.com.br\/"},{"@type":"ListItem","position":2,"name":"MERCADO DO PRODUTOR DE JUAZEIRO MARCA PRRESEN\u00c7A NO 29\u00ba CONGRESSO ANUAL DE MERCADOS ATACADISTAS EM SP"}]},{"@type":"WebSite","@id":"https:\/\/blogdofarnesio.com.br\/#website","url":"https:\/\/blogdofarnesio.com.br\/","name":"Blog do Farn\u00e9sio","description":"Quer Saber Pol\u00edtica?","publisher":{"@id":"https:\/\/blogdofarnesio.com.br\/#organization"},"potentialAction":[{"@type":"SearchAction","target":{"@type":"EntryPoint","urlTemplate":"https:\/\/blogdofarnesio.com.br\/?s={search_term_string}"},"query-input":{"@type":"PropertyValueSpecification","valueRequired":true,"valueName":"search_term_string"}}],"inLanguage":"pt-BR"},{"@type":"Organization","@id":"https:\/\/blogdofarnesio.com.br\/#organization","name":"Blog do Farn\u00e9sio","url":"https:\/\/blogdofarnesio.com.br\/","logo":{"@type":"ImageObject","inLanguage":"pt-BR","@id":"https:\/\/blogdofarnesio.com.br\/#\/schema\/logo\/image\/","url":"https:\/\/blogdofarnesio.com.br\/wp-content\/uploads\/2026\/03\/cropped-logo_new-1.png","contentUrl":"https:\/\/blogdofarnesio.com.br\/wp-content\/uploads\/2026\/03\/cropped-logo_new-1.png","width":881,"height":685,"caption":"Blog do Farn\u00e9sio"},"image":{"@id":"https:\/\/blogdofarnesio.com.br\/#\/schema\/logo\/image\/"},"sameAs":["https:\/\/www.facebook.com\/BlogQuerSaberPolitica\/"]},{"@type":"Person","@id":"","url":"https:\/\/blogdofarnesio.com.br\/author\/"}]}},"_links":{"self":[{"href":"https:\/\/blogdofarnesio.com.br\/wp-json\/wp\/v2\/posts\/130610","targetHints":{"allow":["GET"]}}],"collection":[{"href":"https:\/\/blogdofarnesio.com.br\/wp-json\/wp\/v2\/posts"}],"about":[{"href":"https:\/\/blogdofarnesio.com.br\/wp-json\/wp\/v2\/types\/post"}],"author":[{"embeddable":true,"href":"https:\/\/blogdofarnesio.com.br\/wp-json\/wp\/v2\/users\/7"}],"replies":[{"embeddable":true,"href":"https:\/\/blogdofarnesio.com.br\/wp-json\/wp\/v2\/comments?post=130610"}],"version-history":[{"count":0,"href":"https:\/\/blogdofarnesio.com.br\/wp-json\/wp\/v2\/posts\/130610\/revisions"}],"wp:attachment":[{"href":"https:\/\/blogdofarnesio.com.br\/wp-json\/wp\/v2\/media?parent=130610"}],"wp:term":[{"taxonomy":"category","embeddable":true,"href":"https:\/\/blogdofarnesio.com.br\/wp-json\/wp\/v2\/categories?post=130610"},{"taxonomy":"post_tag","embeddable":true,"href":"https:\/\/blogdofarnesio.com.br\/wp-json\/wp\/v2\/tags?post=130610"}],"curies":[{"name":"wp","href":"https:\/\/api.w.org\/{rel}","templated":true}]}}