{"id":130604,"date":"2015-09-29T09:43:07","date_gmt":"2015-09-29T12:43:07","guid":{"rendered":"http:\/\/www.quersaberpolitica.com.br\/?p=130604"},"modified":"2015-09-28T19:24:11","modified_gmt":"2015-09-28T22:24:11","slug":"abertura-do-outubro-rosa-sera-marcada-por-carreata","status":"publish","type":"post","link":"https:\/\/blogdofarnesio.com.br\/?p=130604","title":{"rendered":"ABERTURA DO OUTUBRO ROSA SER\u00c1 MARCADA POR CARREATA"},"content":{"rendered":"<p style=\"text-align: justify\"><a href=\"http:\/\/www.quersaberpolitica.com.br\/2016\/wp-content\/uploads\/2013\/10\/blogqspoutubro-rosa.png\"><img loading=\"lazy\" decoding=\"async\" class=\" size-medium wp-image-60840 alignleft\" src=\"http:\/\/www.quersaberpolitica.com.br\/2016\/wp-content\/uploads\/2013\/10\/blogqspoutubro-rosa-300x176.png\" alt=\"blogqspoutubro-rosa\" width=\"300\" height=\"176\" srcset=\"https:\/\/blogdofarnesio.com.br\/wp-content\/uploads\/2013\/10\/blogqspoutubro-rosa-300x176.png 300w, https:\/\/blogdofarnesio.com.br\/wp-content\/uploads\/2013\/10\/blogqspoutubro-rosa-500x294.png 500w, https:\/\/blogdofarnesio.com.br\/wp-content\/uploads\/2013\/10\/blogqspoutubro-rosa.png 550w\" sizes=\"auto, (max-width: 300px) 100vw, 300px\" \/><\/a>Em Petrolina, a Campanha Outubro Rosa 2015 ser\u00e1 aberta oficialmente nesta quinta-feira (01), a partir das 17h, na unidade de Atendimento Multiprofissional Especializado \u2013 AME Sa\u00fade da Fam\u00edlia, do bairro Gercino Coelho.<\/p>\n<p style=\"text-align: justify\">O evento vai contar com apresenta\u00e7\u00e3o de Banda Marcial, show pirot\u00e9cnico e uma grande carreata rosa que percorrer\u00e1 as ruas da cidade.<\/p>\n<p style=\"text-align: justify\">A secret\u00e1ria Municipal de Sa\u00fade de Petrolina, Lucia Giesta, explicou que o objetivo da Campanha \u00e9 alertar as mulheres sobre a import\u00e2ncia da realiza\u00e7\u00e3o da mamografia para preven\u00e7\u00e3o do c\u00e2ncer de mama. \u201cA mamografia \u00e9 um exame important\u00edssimo que detecta qualquer altera\u00e7\u00e3o nas mamas, inclusive, o c\u00e2ncer.<\/p>\n<p style=\"text-align: justify\">Essa gest\u00e3o tem ampliado a oferta de mamografia para melhor atender nossas mulheres e, para garantir a preven\u00e7\u00e3o, \u00e9 preciso que elas n\u00e3o faltem as consultas.\u201d, alerta a secret\u00e1ria de Sa\u00fade Lucia Giesta.<\/p>\n<p style=\"text-align: justify\">Segundo a Sociedade Brasileira de Cancerologia, o c\u00e2ncer de mama \u00e9 a principal causa de mortes entre as mulheres, sendo o diagn\u00f3stico tardio um fator que reduz as chances de cura da doen\u00e7a. Atualmente, s\u00e3o marcadas 835 mamografias mensalmente, por\u00e9m entre os meses de janeiro e julho foi registrada evas\u00e3o de 35%.<\/p>\n<p style=\"text-align: justify\"><strong>Campanha<!--more--><\/strong><\/p>\n<p style=\"text-align: justify\">Durante todo o m\u00eas de\u00a0outubro\u00a0a Secretaria de Sa\u00fade de Petrolina, em parceira com outras Secretarias da gest\u00e3o Julio Lossio, desenvolver\u00e1 a\u00e7\u00f5es para preven\u00e7\u00e3o e diagn\u00f3stico precoce do c\u00e2ncer de mama. A programa\u00e7\u00e3o da Campanha conta com a realiza\u00e7\u00e3o de exames, atividades educativas e busca ativa.<\/p>\n<p style=\"text-align: justify\">\u201cEsse ano teremos algumas novidades como a Ronda\u00a0Rosa\u00a0com o Nasf nas reparti\u00e7\u00f5es p\u00fablicas, a busca ativa de mulheres em situa\u00e7\u00e3o de rua com o Consult\u00f3rio na Rua, Plant\u00e3o Di\u00e1rio na Secretaria de Sa\u00fade para agendamento de mamografia durante todo o m\u00eas, al\u00e9m dos mutir\u00f5es nas Unidades de Sa\u00fade\u201d, conta a presidente da Comiss\u00e3o Organizadora da Campanha, Gilma Soares.<\/p>\n<p>Eneida Trindade<\/p>\n","protected":false},"excerpt":{"rendered":"<p>Em Petrolina, a Campanha Outubro Rosa 2015 ser\u00e1 aberta oficialmente nesta quinta-feira (01), a partir das 17h, na unidade de Atendimento Multiprofissional Especializado \u2013 AME Sa\u00fade da Fam\u00edlia, do bairro Gercino Coelho. O evento vai contar com apresenta\u00e7\u00e3o de Banda Marcial, show pirot\u00e9cnico e uma grande carreata rosa que percorrer\u00e1 as ruas da cidade. A secret\u00e1ria Municipal de Sa\u00fade de Petrolina, Lucia Giesta, explicou que o objetivo da Campanha \u00e9 alertar as mulheres sobre a import\u00e2ncia da realiza\u00e7\u00e3o da mamografia para preven\u00e7\u00e3o do c\u00e2ncer de mama. \u201cA mamografia \u00e9 um exame important\u00edssimo que detecta qualquer altera\u00e7\u00e3o nas mamas, inclusive, o c\u00e2ncer. Essa gest\u00e3o tem ampliado a oferta de mamografia para melhor atender nossas mulheres e, para garantir a preven\u00e7\u00e3o, \u00e9&hellip; <\/p>\n","protected":false},"author":7,"featured_media":0,"comment_status":"open","ping_status":"open","sticky":false,"template":"","format":"standard","meta":{"_acf_changed":false,"footnotes":""},"categories":[4],"tags":[],"class_list":["post-130604","post","type-post","status-publish","format-standard","hentry","category-saude"],"acf":[],"yoast_head":"<!-- This site is optimized with the Yoast SEO plugin v27.4 - https:\/\/yoast.com\/product\/yoast-seo-wordpress\/ -->\n<title>ABERTURA DO OUTUBRO ROSA SER\u00c1 MARCADA POR CARREATA - Blog do Farn\u00e9sio<\/title>\n<meta name=\"robots\" content=\"index, follow, max-snippet:-1, max-image-preview:large, max-video-preview:-1\" \/>\n<link rel=\"canonical\" href=\"https:\/\/blogdofarnesio.com.br\/?p=130604\" \/>\n<meta property=\"og:locale\" content=\"pt_BR\" \/>\n<meta property=\"og:type\" content=\"article\" \/>\n<meta property=\"og:title\" content=\"ABERTURA DO OUTUBRO ROSA SER\u00c1 MARCADA POR CARREATA - Blog do Farn\u00e9sio\" \/>\n<meta property=\"og:description\" content=\"Em Petrolina, a Campanha Outubro Rosa 2015 ser\u00e1 aberta oficialmente nesta quinta-feira (01), a partir das 17h, na unidade de Atendimento Multiprofissional Especializado \u2013 AME Sa\u00fade da Fam\u00edlia, do bairro Gercino Coelho. O evento vai contar com apresenta\u00e7\u00e3o de Banda Marcial, show pirot\u00e9cnico e uma grande carreata rosa que percorrer\u00e1 as ruas da cidade. A secret\u00e1ria Municipal de Sa\u00fade de Petrolina, Lucia Giesta, explicou que o objetivo da Campanha \u00e9 alertar as mulheres sobre a import\u00e2ncia da realiza\u00e7\u00e3o da mamografia para preven\u00e7\u00e3o do c\u00e2ncer de mama. \u201cA mamografia \u00e9 um exame important\u00edssimo que detecta qualquer altera\u00e7\u00e3o nas mamas, inclusive, o c\u00e2ncer. Essa gest\u00e3o tem ampliado a oferta de mamografia para melhor atender nossas mulheres e, para garantir a preven\u00e7\u00e3o, \u00e9&hellip;\" \/>\n<meta property=\"og:url\" content=\"https:\/\/blogdofarnesio.com.br\/?p=130604\" \/>\n<meta property=\"og:site_name\" content=\"Blog do Farn\u00e9sio\" \/>\n<meta property=\"article:publisher\" content=\"https:\/\/www.facebook.com\/BlogQuerSaberPolitica\/\" \/>\n<meta property=\"article:published_time\" content=\"2015-09-29T12:43:07+00:00\" \/>\n<meta property=\"og:image\" content=\"http:\/\/www.quersaberpolitica.com.br\/2016\/wp-content\/uploads\/2013\/10\/blogqspoutubro-rosa-300x176.png\" \/>\n<meta name=\"twitter:card\" content=\"summary_large_image\" \/>\n<meta name=\"twitter:label1\" content=\"Escrito por\" \/>\n\t<meta name=\"twitter:data1\" content=\"\" \/>\n\t<meta name=\"twitter:label2\" content=\"Est. tempo de leitura\" \/>\n\t<meta name=\"twitter:data2\" content=\"2 minutos\" \/>\n<script type=\"application\/ld+json\" class=\"yoast-schema-graph\">{\"@context\":\"https:\\\/\\\/schema.org\",\"@graph\":[{\"@type\":\"Article\",\"@id\":\"https:\\\/\\\/blogdofarnesio.com.br\\\/?p=130604#article\",\"isPartOf\":{\"@id\":\"https:\\\/\\\/blogdofarnesio.com.br\\\/?p=130604\"},\"author\":{\"name\":\"\",\"@id\":\"\"},\"headline\":\"ABERTURA DO OUTUBRO ROSA SER\u00c1 MARCADA POR CARREATA\",\"datePublished\":\"2015-09-29T12:43:07+00:00\",\"mainEntityOfPage\":{\"@id\":\"https:\\\/\\\/blogdofarnesio.com.br\\\/?p=130604\"},\"wordCount\":340,\"commentCount\":0,\"publisher\":{\"@id\":\"https:\\\/\\\/blogdofarnesio.com.br\\\/#organization\"},\"image\":{\"@id\":\"https:\\\/\\\/blogdofarnesio.com.br\\\/?p=130604#primaryimage\"},\"thumbnailUrl\":\"http:\\\/\\\/www.quersaberpolitica.com.br\\\/2016\\\/wp-content\\\/uploads\\\/2013\\\/10\\\/blogqspoutubro-rosa-300x176.png\",\"articleSection\":[\"Sa\u00fade\"],\"inLanguage\":\"pt-BR\",\"potentialAction\":[{\"@type\":\"CommentAction\",\"name\":\"Comment\",\"target\":[\"https:\\\/\\\/blogdofarnesio.com.br\\\/?p=130604#respond\"]}]},{\"@type\":\"WebPage\",\"@id\":\"https:\\\/\\\/blogdofarnesio.com.br\\\/?p=130604\",\"url\":\"https:\\\/\\\/blogdofarnesio.com.br\\\/?p=130604\",\"name\":\"ABERTURA DO OUTUBRO ROSA SER\u00c1 MARCADA POR CARREATA - Blog do Farn\u00e9sio\",\"isPartOf\":{\"@id\":\"https:\\\/\\\/blogdofarnesio.com.br\\\/#website\"},\"primaryImageOfPage\":{\"@id\":\"https:\\\/\\\/blogdofarnesio.com.br\\\/?p=130604#primaryimage\"},\"image\":{\"@id\":\"https:\\\/\\\/blogdofarnesio.com.br\\\/?p=130604#primaryimage\"},\"thumbnailUrl\":\"http:\\\/\\\/www.quersaberpolitica.com.br\\\/2016\\\/wp-content\\\/uploads\\\/2013\\\/10\\\/blogqspoutubro-rosa-300x176.png\",\"datePublished\":\"2015-09-29T12:43:07+00:00\",\"breadcrumb\":{\"@id\":\"https:\\\/\\\/blogdofarnesio.com.br\\\/?p=130604#breadcrumb\"},\"inLanguage\":\"pt-BR\",\"potentialAction\":[{\"@type\":\"ReadAction\",\"target\":[\"https:\\\/\\\/blogdofarnesio.com.br\\\/?p=130604\"]}]},{\"@type\":\"ImageObject\",\"inLanguage\":\"pt-BR\",\"@id\":\"https:\\\/\\\/blogdofarnesio.com.br\\\/?p=130604#primaryimage\",\"url\":\"http:\\\/\\\/www.quersaberpolitica.com.br\\\/2016\\\/wp-content\\\/uploads\\\/2013\\\/10\\\/blogqspoutubro-rosa-300x176.png\",\"contentUrl\":\"http:\\\/\\\/www.quersaberpolitica.com.br\\\/2016\\\/wp-content\\\/uploads\\\/2013\\\/10\\\/blogqspoutubro-rosa-300x176.png\"},{\"@type\":\"BreadcrumbList\",\"@id\":\"https:\\\/\\\/blogdofarnesio.com.br\\\/?p=130604#breadcrumb\",\"itemListElement\":[{\"@type\":\"ListItem\",\"position\":1,\"name\":\"In\u00edcio\",\"item\":\"https:\\\/\\\/blogdofarnesio.com.br\\\/\"},{\"@type\":\"ListItem\",\"position\":2,\"name\":\"ABERTURA DO OUTUBRO ROSA SER\u00c1 MARCADA POR CARREATA\"}]},{\"@type\":\"WebSite\",\"@id\":\"https:\\\/\\\/blogdofarnesio.com.br\\\/#website\",\"url\":\"https:\\\/\\\/blogdofarnesio.com.br\\\/\",\"name\":\"Blog do Farn\u00e9sio\",\"description\":\"Quer Saber Pol\u00edtica?\",\"publisher\":{\"@id\":\"https:\\\/\\\/blogdofarnesio.com.br\\\/#organization\"},\"potentialAction\":[{\"@type\":\"SearchAction\",\"target\":{\"@type\":\"EntryPoint\",\"urlTemplate\":\"https:\\\/\\\/blogdofarnesio.com.br\\\/?s={search_term_string}\"},\"query-input\":{\"@type\":\"PropertyValueSpecification\",\"valueRequired\":true,\"valueName\":\"search_term_string\"}}],\"inLanguage\":\"pt-BR\"},{\"@type\":\"Organization\",\"@id\":\"https:\\\/\\\/blogdofarnesio.com.br\\\/#organization\",\"name\":\"Blog do Farn\u00e9sio\",\"url\":\"https:\\\/\\\/blogdofarnesio.com.br\\\/\",\"logo\":{\"@type\":\"ImageObject\",\"inLanguage\":\"pt-BR\",\"@id\":\"https:\\\/\\\/blogdofarnesio.com.br\\\/#\\\/schema\\\/logo\\\/image\\\/\",\"url\":\"https:\\\/\\\/blogdofarnesio.com.br\\\/wp-content\\\/uploads\\\/2026\\\/03\\\/cropped-logo_new-1.png\",\"contentUrl\":\"https:\\\/\\\/blogdofarnesio.com.br\\\/wp-content\\\/uploads\\\/2026\\\/03\\\/cropped-logo_new-1.png\",\"width\":881,\"height\":685,\"caption\":\"Blog do Farn\u00e9sio\"},\"image\":{\"@id\":\"https:\\\/\\\/blogdofarnesio.com.br\\\/#\\\/schema\\\/logo\\\/image\\\/\"},\"sameAs\":[\"https:\\\/\\\/www.facebook.com\\\/BlogQuerSaberPolitica\\\/\"]},{\"@type\":\"Person\",\"@id\":\"\",\"url\":\"https:\\\/\\\/blogdofarnesio.com.br\\\/?author=7\"}]}<\/script>\n<!-- \/ Yoast SEO plugin. -->","yoast_head_json":{"title":"ABERTURA DO OUTUBRO ROSA SER\u00c1 MARCADA POR CARREATA - Blog do Farn\u00e9sio","robots":{"index":"index","follow":"follow","max-snippet":"max-snippet:-1","max-image-preview":"max-image-preview:large","max-video-preview":"max-video-preview:-1"},"canonical":"https:\/\/blogdofarnesio.com.br\/?p=130604","og_locale":"pt_BR","og_type":"article","og_title":"ABERTURA DO OUTUBRO ROSA SER\u00c1 MARCADA POR CARREATA - Blog do Farn\u00e9sio","og_description":"Em Petrolina, a Campanha Outubro Rosa 2015 ser\u00e1 aberta oficialmente nesta quinta-feira (01), a partir das 17h, na unidade de Atendimento Multiprofissional Especializado \u2013 AME Sa\u00fade da Fam\u00edlia, do bairro Gercino Coelho. O evento vai contar com apresenta\u00e7\u00e3o de Banda Marcial, show pirot\u00e9cnico e uma grande carreata rosa que percorrer\u00e1 as ruas da cidade. A secret\u00e1ria Municipal de Sa\u00fade de Petrolina, Lucia Giesta, explicou que o objetivo da Campanha \u00e9 alertar as mulheres sobre a import\u00e2ncia da realiza\u00e7\u00e3o da mamografia para preven\u00e7\u00e3o do c\u00e2ncer de mama. \u201cA mamografia \u00e9 um exame important\u00edssimo que detecta qualquer altera\u00e7\u00e3o nas mamas, inclusive, o c\u00e2ncer. Essa gest\u00e3o tem ampliado a oferta de mamografia para melhor atender nossas mulheres e, para garantir a preven\u00e7\u00e3o, \u00e9&hellip;","og_url":"https:\/\/blogdofarnesio.com.br\/?p=130604","og_site_name":"Blog do Farn\u00e9sio","article_publisher":"https:\/\/www.facebook.com\/BlogQuerSaberPolitica\/","article_published_time":"2015-09-29T12:43:07+00:00","og_image":[{"url":"http:\/\/www.quersaberpolitica.com.br\/2016\/wp-content\/uploads\/2013\/10\/blogqspoutubro-rosa-300x176.png","type":"","width":"","height":""}],"twitter_card":"summary_large_image","twitter_misc":{"Escrito por":"","Est. tempo de leitura":"2 minutos"},"schema":{"@context":"https:\/\/schema.org","@graph":[{"@type":"Article","@id":"https:\/\/blogdofarnesio.com.br\/?p=130604#article","isPartOf":{"@id":"https:\/\/blogdofarnesio.com.br\/?p=130604"},"author":{"name":"","@id":""},"headline":"ABERTURA DO OUTUBRO ROSA SER\u00c1 MARCADA POR CARREATA","datePublished":"2015-09-29T12:43:07+00:00","mainEntityOfPage":{"@id":"https:\/\/blogdofarnesio.com.br\/?p=130604"},"wordCount":340,"commentCount":0,"publisher":{"@id":"https:\/\/blogdofarnesio.com.br\/#organization"},"image":{"@id":"https:\/\/blogdofarnesio.com.br\/?p=130604#primaryimage"},"thumbnailUrl":"http:\/\/www.quersaberpolitica.com.br\/2016\/wp-content\/uploads\/2013\/10\/blogqspoutubro-rosa-300x176.png","articleSection":["Sa\u00fade"],"inLanguage":"pt-BR","potentialAction":[{"@type":"CommentAction","name":"Comment","target":["https:\/\/blogdofarnesio.com.br\/?p=130604#respond"]}]},{"@type":"WebPage","@id":"https:\/\/blogdofarnesio.com.br\/?p=130604","url":"https:\/\/blogdofarnesio.com.br\/?p=130604","name":"ABERTURA DO OUTUBRO ROSA SER\u00c1 MARCADA POR CARREATA - Blog do Farn\u00e9sio","isPartOf":{"@id":"https:\/\/blogdofarnesio.com.br\/#website"},"primaryImageOfPage":{"@id":"https:\/\/blogdofarnesio.com.br\/?p=130604#primaryimage"},"image":{"@id":"https:\/\/blogdofarnesio.com.br\/?p=130604#primaryimage"},"thumbnailUrl":"http:\/\/www.quersaberpolitica.com.br\/2016\/wp-content\/uploads\/2013\/10\/blogqspoutubro-rosa-300x176.png","datePublished":"2015-09-29T12:43:07+00:00","breadcrumb":{"@id":"https:\/\/blogdofarnesio.com.br\/?p=130604#breadcrumb"},"inLanguage":"pt-BR","potentialAction":[{"@type":"ReadAction","target":["https:\/\/blogdofarnesio.com.br\/?p=130604"]}]},{"@type":"ImageObject","inLanguage":"pt-BR","@id":"https:\/\/blogdofarnesio.com.br\/?p=130604#primaryimage","url":"http:\/\/www.quersaberpolitica.com.br\/2016\/wp-content\/uploads\/2013\/10\/blogqspoutubro-rosa-300x176.png","contentUrl":"http:\/\/www.quersaberpolitica.com.br\/2016\/wp-content\/uploads\/2013\/10\/blogqspoutubro-rosa-300x176.png"},{"@type":"BreadcrumbList","@id":"https:\/\/blogdofarnesio.com.br\/?p=130604#breadcrumb","itemListElement":[{"@type":"ListItem","position":1,"name":"In\u00edcio","item":"https:\/\/blogdofarnesio.com.br\/"},{"@type":"ListItem","position":2,"name":"ABERTURA DO OUTUBRO ROSA SER\u00c1 MARCADA POR CARREATA"}]},{"@type":"WebSite","@id":"https:\/\/blogdofarnesio.com.br\/#website","url":"https:\/\/blogdofarnesio.com.br\/","name":"Blog do Farn\u00e9sio","description":"Quer Saber Pol\u00edtica?","publisher":{"@id":"https:\/\/blogdofarnesio.com.br\/#organization"},"potentialAction":[{"@type":"SearchAction","target":{"@type":"EntryPoint","urlTemplate":"https:\/\/blogdofarnesio.com.br\/?s={search_term_string}"},"query-input":{"@type":"PropertyValueSpecification","valueRequired":true,"valueName":"search_term_string"}}],"inLanguage":"pt-BR"},{"@type":"Organization","@id":"https:\/\/blogdofarnesio.com.br\/#organization","name":"Blog do Farn\u00e9sio","url":"https:\/\/blogdofarnesio.com.br\/","logo":{"@type":"ImageObject","inLanguage":"pt-BR","@id":"https:\/\/blogdofarnesio.com.br\/#\/schema\/logo\/image\/","url":"https:\/\/blogdofarnesio.com.br\/wp-content\/uploads\/2026\/03\/cropped-logo_new-1.png","contentUrl":"https:\/\/blogdofarnesio.com.br\/wp-content\/uploads\/2026\/03\/cropped-logo_new-1.png","width":881,"height":685,"caption":"Blog do Farn\u00e9sio"},"image":{"@id":"https:\/\/blogdofarnesio.com.br\/#\/schema\/logo\/image\/"},"sameAs":["https:\/\/www.facebook.com\/BlogQuerSaberPolitica\/"]},{"@type":"Person","@id":"","url":"https:\/\/blogdofarnesio.com.br\/?author=7"}]}},"_links":{"self":[{"href":"https:\/\/blogdofarnesio.com.br\/index.php?rest_route=\/wp\/v2\/posts\/130604","targetHints":{"allow":["GET"]}}],"collection":[{"href":"https:\/\/blogdofarnesio.com.br\/index.php?rest_route=\/wp\/v2\/posts"}],"about":[{"href":"https:\/\/blogdofarnesio.com.br\/index.php?rest_route=\/wp\/v2\/types\/post"}],"author":[{"embeddable":true,"href":"https:\/\/blogdofarnesio.com.br\/index.php?rest_route=\/wp\/v2\/users\/7"}],"replies":[{"embeddable":true,"href":"https:\/\/blogdofarnesio.com.br\/index.php?rest_route=%2Fwp%2Fv2%2Fcomments&post=130604"}],"version-history":[{"count":0,"href":"https:\/\/blogdofarnesio.com.br\/index.php?rest_route=\/wp\/v2\/posts\/130604\/revisions"}],"wp:attachment":[{"href":"https:\/\/blogdofarnesio.com.br\/index.php?rest_route=%2Fwp%2Fv2%2Fmedia&parent=130604"}],"wp:term":[{"taxonomy":"category","embeddable":true,"href":"https:\/\/blogdofarnesio.com.br\/index.php?rest_route=%2Fwp%2Fv2%2Fcategories&post=130604"},{"taxonomy":"post_tag","embeddable":true,"href":"https:\/\/blogdofarnesio.com.br\/index.php?rest_route=%2Fwp%2Fv2%2Ftags&post=130604"}],"curies":[{"name":"wp","href":"https:\/\/api.w.org\/{rel}","templated":true}]}}