{"id":130595,"date":"2015-09-29T09:21:29","date_gmt":"2015-09-29T12:21:29","guid":{"rendered":"http:\/\/www.quersaberpolitica.com.br\/?p=130595"},"modified":"2015-09-28T18:11:25","modified_gmt":"2015-09-28T21:11:25","slug":"alunos-da-rede-municipal-participarao-de-concurso-sobre-mobilidade-urbana","status":"publish","type":"post","link":"https:\/\/blogdofarnesio.com.br\/?p=130595","title":{"rendered":"ALUNOS DA REDE MUNICIPAL PARTICIPAR\u00c3O DE CONCURSO SOBRE MOBILIDADE URBANA"},"content":{"rendered":"<p style=\"text-align: justify\"><a href=\"http:\/\/www.quersaberpolitica.com.br\/2016\/wp-content\/uploads\/2015\/09\/blogqsp-estudante-petrolina-mobilidadeurbana.jpg\"><img loading=\"lazy\" decoding=\"async\" class=\" size-medium wp-image-130597 alignleft\" src=\"http:\/\/www.quersaberpolitica.com.br\/2016\/wp-content\/uploads\/2015\/09\/blogqsp-estudante-petrolina-mobilidadeurbana-300x272.jpg\" alt=\"blogqsp-estudante-petrolina-mobilidadeurbana\" width=\"300\" height=\"272\" srcset=\"https:\/\/blogdofarnesio.com.br\/wp-content\/uploads\/2015\/09\/blogqsp-estudante-petrolina-mobilidadeurbana-300x272.jpg 300w, https:\/\/blogdofarnesio.com.br\/wp-content\/uploads\/2015\/09\/blogqsp-estudante-petrolina-mobilidadeurbana-331x300.jpg 331w, https:\/\/blogdofarnesio.com.br\/wp-content\/uploads\/2015\/09\/blogqsp-estudante-petrolina-mobilidadeurbana.jpg 371w\" sizes=\"auto, (max-width: 300px) 100vw, 300px\" \/><\/a>Estudantes das escolas municipais de Petrolina ter\u00e3o a oportunidade de participar do desenvolvimento do Plano de Mobilidade Urbana da cidade.<\/p>\n<p style=\"text-align: justify\">O concurso de desenho, com tema \u2018Caminhos para a Escola\u2019, foi discutido pelo secret\u00e1rio de Educa\u00e7\u00e3o, Cel. Heitor Leite, e o presidente da Empresa Petrolinense de Tr\u00e2nsito e Transportes (EPTTC), Paulo Valgueiro.<\/p>\n<p style=\"text-align: justify\">A competi\u00e7\u00e3o ser\u00e1 dividida em tr\u00eas categorias, Educa\u00e7\u00e3o Infantil e Ensino Fundamental I e II.\u00a0 Os vencedores compor\u00e3o a capa do plano. A disputa come\u00e7a em outubro.<\/p>\n<p style=\"text-align: justify\">O edital da competi\u00e7\u00e3o sair\u00e1 na primeira semana do pr\u00f3ximo m\u00eas. Estavam na pauta dos dois gestores, o per\u00edodo de inscri\u00e7\u00e3o, os crit\u00e9rios e a aplica\u00e7\u00e3o do projeto. De acordo com Valgueiro, o concurso objetiva a participa\u00e7\u00e3o tamb\u00e9m dos estudantes na constru\u00e7\u00e3o do Plano de Mobilidade Urbana. \u201cQueremos ter a vis\u00e3o deles [alunos] sobre o tipo de caminho que desejam fazer para chegar \u00e0 escola\u201d, diz.<\/p>\n<p style=\"text-align: justify\">Segundo Leite, a intera\u00e7\u00e3o dos estudantes no desenvolvimento do PMU \u00e9 positiva, al\u00e9m de somar para a educa\u00e7\u00e3o. \u201cPara competir no concurso, o estudante refletir\u00e1 como pode contribuir para as mudan\u00e7as no tr\u00e2nsito de Petrolina e far\u00e1 sugest\u00f5es. \u00c9 uma das formas mais significativas de expressar sua cidadania\u201d, afirma.<\/p>\n<p><em>ASCOM\/ SEDUC<\/em><\/p>\n","protected":false},"excerpt":{"rendered":"<p>Estudantes das escolas municipais de Petrolina ter\u00e3o a oportunidade de participar do desenvolvimento do Plano de Mobilidade Urbana da cidade. O concurso de desenho, com tema \u2018Caminhos para a Escola\u2019, foi discutido pelo secret\u00e1rio de Educa\u00e7\u00e3o, Cel. Heitor Leite, e o presidente da Empresa Petrolinense de Tr\u00e2nsito e Transportes (EPTTC), Paulo Valgueiro. A competi\u00e7\u00e3o ser\u00e1 dividida em tr\u00eas categorias, Educa\u00e7\u00e3o Infantil e Ensino Fundamental I e II.\u00a0 Os vencedores compor\u00e3o a capa do plano. A disputa come\u00e7a em outubro. O edital da competi\u00e7\u00e3o sair\u00e1 na primeira semana do pr\u00f3ximo m\u00eas. Estavam na pauta dos dois gestores, o per\u00edodo de inscri\u00e7\u00e3o, os crit\u00e9rios e a aplica\u00e7\u00e3o do projeto. De acordo com Valgueiro, o concurso objetiva a participa\u00e7\u00e3o tamb\u00e9m dos estudantes na&hellip; <\/p>\n","protected":false},"author":7,"featured_media":0,"comment_status":"open","ping_status":"open","sticky":false,"template":"","format":"standard","meta":{"_acf_changed":false,"footnotes":""},"categories":[21],"tags":[],"class_list":["post-130595","post","type-post","status-publish","format-standard","hentry","category-transito"],"acf":[],"yoast_head":"<!-- This site is optimized with the Yoast SEO plugin v27.4 - https:\/\/yoast.com\/product\/yoast-seo-wordpress\/ -->\n<title>ALUNOS DA REDE MUNICIPAL PARTICIPAR\u00c3O DE CONCURSO SOBRE MOBILIDADE URBANA - Blog do Farn\u00e9sio<\/title>\n<meta name=\"robots\" content=\"index, follow, max-snippet:-1, max-image-preview:large, max-video-preview:-1\" \/>\n<link rel=\"canonical\" href=\"https:\/\/blogdofarnesio.com.br\/?p=130595\" \/>\n<meta property=\"og:locale\" content=\"pt_BR\" \/>\n<meta property=\"og:type\" content=\"article\" \/>\n<meta property=\"og:title\" content=\"ALUNOS DA REDE MUNICIPAL PARTICIPAR\u00c3O DE CONCURSO SOBRE MOBILIDADE URBANA - Blog do Farn\u00e9sio\" \/>\n<meta property=\"og:description\" content=\"Estudantes das escolas municipais de Petrolina ter\u00e3o a oportunidade de participar do desenvolvimento do Plano de Mobilidade Urbana da cidade. O concurso de desenho, com tema \u2018Caminhos para a Escola\u2019, foi discutido pelo secret\u00e1rio de Educa\u00e7\u00e3o, Cel. Heitor Leite, e o presidente da Empresa Petrolinense de Tr\u00e2nsito e Transportes (EPTTC), Paulo Valgueiro. A competi\u00e7\u00e3o ser\u00e1 dividida em tr\u00eas categorias, Educa\u00e7\u00e3o Infantil e Ensino Fundamental I e II.\u00a0 Os vencedores compor\u00e3o a capa do plano. A disputa come\u00e7a em outubro. O edital da competi\u00e7\u00e3o sair\u00e1 na primeira semana do pr\u00f3ximo m\u00eas. Estavam na pauta dos dois gestores, o per\u00edodo de inscri\u00e7\u00e3o, os crit\u00e9rios e a aplica\u00e7\u00e3o do projeto. De acordo com Valgueiro, o concurso objetiva a participa\u00e7\u00e3o tamb\u00e9m dos estudantes na&hellip;\" \/>\n<meta property=\"og:url\" content=\"https:\/\/blogdofarnesio.com.br\/?p=130595\" \/>\n<meta property=\"og:site_name\" content=\"Blog do Farn\u00e9sio\" \/>\n<meta property=\"article:publisher\" content=\"https:\/\/www.facebook.com\/BlogQuerSaberPolitica\/\" \/>\n<meta property=\"article:published_time\" content=\"2015-09-29T12:21:29+00:00\" \/>\n<meta property=\"og:image\" content=\"http:\/\/www.quersaberpolitica.com.br\/2016\/wp-content\/uploads\/2015\/09\/blogqsp-estudante-petrolina-mobilidadeurbana-300x272.jpg\" \/>\n<meta name=\"twitter:card\" content=\"summary_large_image\" \/>\n<meta name=\"twitter:label1\" content=\"Escrito por\" \/>\n\t<meta name=\"twitter:data1\" content=\"\" \/>\n\t<meta name=\"twitter:label2\" content=\"Est. tempo de leitura\" \/>\n\t<meta name=\"twitter:data2\" content=\"1 minuto\" \/>\n<script type=\"application\/ld+json\" class=\"yoast-schema-graph\">{\"@context\":\"https:\\\/\\\/schema.org\",\"@graph\":[{\"@type\":\"Article\",\"@id\":\"https:\\\/\\\/blogdofarnesio.com.br\\\/?p=130595#article\",\"isPartOf\":{\"@id\":\"https:\\\/\\\/blogdofarnesio.com.br\\\/?p=130595\"},\"author\":{\"name\":\"\",\"@id\":\"\"},\"headline\":\"ALUNOS DA REDE MUNICIPAL PARTICIPAR\u00c3O DE CONCURSO SOBRE MOBILIDADE URBANA\",\"datePublished\":\"2015-09-29T12:21:29+00:00\",\"mainEntityOfPage\":{\"@id\":\"https:\\\/\\\/blogdofarnesio.com.br\\\/?p=130595\"},\"wordCount\":230,\"commentCount\":0,\"publisher\":{\"@id\":\"https:\\\/\\\/blogdofarnesio.com.br\\\/#organization\"},\"image\":{\"@id\":\"https:\\\/\\\/blogdofarnesio.com.br\\\/?p=130595#primaryimage\"},\"thumbnailUrl\":\"http:\\\/\\\/www.quersaberpolitica.com.br\\\/2016\\\/wp-content\\\/uploads\\\/2015\\\/09\\\/blogqsp-estudante-petrolina-mobilidadeurbana-300x272.jpg\",\"articleSection\":[\"Tr\u00e2nsito\"],\"inLanguage\":\"pt-BR\",\"potentialAction\":[{\"@type\":\"CommentAction\",\"name\":\"Comment\",\"target\":[\"https:\\\/\\\/blogdofarnesio.com.br\\\/?p=130595#respond\"]}]},{\"@type\":\"WebPage\",\"@id\":\"https:\\\/\\\/blogdofarnesio.com.br\\\/?p=130595\",\"url\":\"https:\\\/\\\/blogdofarnesio.com.br\\\/?p=130595\",\"name\":\"ALUNOS DA REDE MUNICIPAL PARTICIPAR\u00c3O DE CONCURSO SOBRE MOBILIDADE URBANA - Blog do Farn\u00e9sio\",\"isPartOf\":{\"@id\":\"https:\\\/\\\/blogdofarnesio.com.br\\\/#website\"},\"primaryImageOfPage\":{\"@id\":\"https:\\\/\\\/blogdofarnesio.com.br\\\/?p=130595#primaryimage\"},\"image\":{\"@id\":\"https:\\\/\\\/blogdofarnesio.com.br\\\/?p=130595#primaryimage\"},\"thumbnailUrl\":\"http:\\\/\\\/www.quersaberpolitica.com.br\\\/2016\\\/wp-content\\\/uploads\\\/2015\\\/09\\\/blogqsp-estudante-petrolina-mobilidadeurbana-300x272.jpg\",\"datePublished\":\"2015-09-29T12:21:29+00:00\",\"breadcrumb\":{\"@id\":\"https:\\\/\\\/blogdofarnesio.com.br\\\/?p=130595#breadcrumb\"},\"inLanguage\":\"pt-BR\",\"potentialAction\":[{\"@type\":\"ReadAction\",\"target\":[\"https:\\\/\\\/blogdofarnesio.com.br\\\/?p=130595\"]}]},{\"@type\":\"ImageObject\",\"inLanguage\":\"pt-BR\",\"@id\":\"https:\\\/\\\/blogdofarnesio.com.br\\\/?p=130595#primaryimage\",\"url\":\"http:\\\/\\\/www.quersaberpolitica.com.br\\\/2016\\\/wp-content\\\/uploads\\\/2015\\\/09\\\/blogqsp-estudante-petrolina-mobilidadeurbana-300x272.jpg\",\"contentUrl\":\"http:\\\/\\\/www.quersaberpolitica.com.br\\\/2016\\\/wp-content\\\/uploads\\\/2015\\\/09\\\/blogqsp-estudante-petrolina-mobilidadeurbana-300x272.jpg\"},{\"@type\":\"BreadcrumbList\",\"@id\":\"https:\\\/\\\/blogdofarnesio.com.br\\\/?p=130595#breadcrumb\",\"itemListElement\":[{\"@type\":\"ListItem\",\"position\":1,\"name\":\"In\u00edcio\",\"item\":\"https:\\\/\\\/blogdofarnesio.com.br\\\/\"},{\"@type\":\"ListItem\",\"position\":2,\"name\":\"ALUNOS DA REDE MUNICIPAL PARTICIPAR\u00c3O DE CONCURSO SOBRE MOBILIDADE URBANA\"}]},{\"@type\":\"WebSite\",\"@id\":\"https:\\\/\\\/blogdofarnesio.com.br\\\/#website\",\"url\":\"https:\\\/\\\/blogdofarnesio.com.br\\\/\",\"name\":\"Blog do Farn\u00e9sio\",\"description\":\"Quer Saber Pol\u00edtica?\",\"publisher\":{\"@id\":\"https:\\\/\\\/blogdofarnesio.com.br\\\/#organization\"},\"potentialAction\":[{\"@type\":\"SearchAction\",\"target\":{\"@type\":\"EntryPoint\",\"urlTemplate\":\"https:\\\/\\\/blogdofarnesio.com.br\\\/?s={search_term_string}\"},\"query-input\":{\"@type\":\"PropertyValueSpecification\",\"valueRequired\":true,\"valueName\":\"search_term_string\"}}],\"inLanguage\":\"pt-BR\"},{\"@type\":\"Organization\",\"@id\":\"https:\\\/\\\/blogdofarnesio.com.br\\\/#organization\",\"name\":\"Blog do Farn\u00e9sio\",\"url\":\"https:\\\/\\\/blogdofarnesio.com.br\\\/\",\"logo\":{\"@type\":\"ImageObject\",\"inLanguage\":\"pt-BR\",\"@id\":\"https:\\\/\\\/blogdofarnesio.com.br\\\/#\\\/schema\\\/logo\\\/image\\\/\",\"url\":\"https:\\\/\\\/blogdofarnesio.com.br\\\/wp-content\\\/uploads\\\/2026\\\/03\\\/cropped-logo_new-1.png\",\"contentUrl\":\"https:\\\/\\\/blogdofarnesio.com.br\\\/wp-content\\\/uploads\\\/2026\\\/03\\\/cropped-logo_new-1.png\",\"width\":881,\"height\":685,\"caption\":\"Blog do Farn\u00e9sio\"},\"image\":{\"@id\":\"https:\\\/\\\/blogdofarnesio.com.br\\\/#\\\/schema\\\/logo\\\/image\\\/\"},\"sameAs\":[\"https:\\\/\\\/www.facebook.com\\\/BlogQuerSaberPolitica\\\/\"]},{\"@type\":\"Person\",\"@id\":\"\",\"url\":\"https:\\\/\\\/blogdofarnesio.com.br\\\/?author=7\"}]}<\/script>\n<!-- \/ Yoast SEO plugin. -->","yoast_head_json":{"title":"ALUNOS DA REDE MUNICIPAL PARTICIPAR\u00c3O DE CONCURSO SOBRE MOBILIDADE URBANA - Blog do Farn\u00e9sio","robots":{"index":"index","follow":"follow","max-snippet":"max-snippet:-1","max-image-preview":"max-image-preview:large","max-video-preview":"max-video-preview:-1"},"canonical":"https:\/\/blogdofarnesio.com.br\/?p=130595","og_locale":"pt_BR","og_type":"article","og_title":"ALUNOS DA REDE MUNICIPAL PARTICIPAR\u00c3O DE CONCURSO SOBRE MOBILIDADE URBANA - Blog do Farn\u00e9sio","og_description":"Estudantes das escolas municipais de Petrolina ter\u00e3o a oportunidade de participar do desenvolvimento do Plano de Mobilidade Urbana da cidade. O concurso de desenho, com tema \u2018Caminhos para a Escola\u2019, foi discutido pelo secret\u00e1rio de Educa\u00e7\u00e3o, Cel. Heitor Leite, e o presidente da Empresa Petrolinense de Tr\u00e2nsito e Transportes (EPTTC), Paulo Valgueiro. A competi\u00e7\u00e3o ser\u00e1 dividida em tr\u00eas categorias, Educa\u00e7\u00e3o Infantil e Ensino Fundamental I e II.\u00a0 Os vencedores compor\u00e3o a capa do plano. A disputa come\u00e7a em outubro. O edital da competi\u00e7\u00e3o sair\u00e1 na primeira semana do pr\u00f3ximo m\u00eas. Estavam na pauta dos dois gestores, o per\u00edodo de inscri\u00e7\u00e3o, os crit\u00e9rios e a aplica\u00e7\u00e3o do projeto. De acordo com Valgueiro, o concurso objetiva a participa\u00e7\u00e3o tamb\u00e9m dos estudantes na&hellip;","og_url":"https:\/\/blogdofarnesio.com.br\/?p=130595","og_site_name":"Blog do Farn\u00e9sio","article_publisher":"https:\/\/www.facebook.com\/BlogQuerSaberPolitica\/","article_published_time":"2015-09-29T12:21:29+00:00","og_image":[{"url":"http:\/\/www.quersaberpolitica.com.br\/2016\/wp-content\/uploads\/2015\/09\/blogqsp-estudante-petrolina-mobilidadeurbana-300x272.jpg","type":"","width":"","height":""}],"twitter_card":"summary_large_image","twitter_misc":{"Escrito por":"","Est. tempo de leitura":"1 minuto"},"schema":{"@context":"https:\/\/schema.org","@graph":[{"@type":"Article","@id":"https:\/\/blogdofarnesio.com.br\/?p=130595#article","isPartOf":{"@id":"https:\/\/blogdofarnesio.com.br\/?p=130595"},"author":{"name":"","@id":""},"headline":"ALUNOS DA REDE MUNICIPAL PARTICIPAR\u00c3O DE CONCURSO SOBRE MOBILIDADE URBANA","datePublished":"2015-09-29T12:21:29+00:00","mainEntityOfPage":{"@id":"https:\/\/blogdofarnesio.com.br\/?p=130595"},"wordCount":230,"commentCount":0,"publisher":{"@id":"https:\/\/blogdofarnesio.com.br\/#organization"},"image":{"@id":"https:\/\/blogdofarnesio.com.br\/?p=130595#primaryimage"},"thumbnailUrl":"http:\/\/www.quersaberpolitica.com.br\/2016\/wp-content\/uploads\/2015\/09\/blogqsp-estudante-petrolina-mobilidadeurbana-300x272.jpg","articleSection":["Tr\u00e2nsito"],"inLanguage":"pt-BR","potentialAction":[{"@type":"CommentAction","name":"Comment","target":["https:\/\/blogdofarnesio.com.br\/?p=130595#respond"]}]},{"@type":"WebPage","@id":"https:\/\/blogdofarnesio.com.br\/?p=130595","url":"https:\/\/blogdofarnesio.com.br\/?p=130595","name":"ALUNOS DA REDE MUNICIPAL PARTICIPAR\u00c3O DE CONCURSO SOBRE MOBILIDADE URBANA - Blog do Farn\u00e9sio","isPartOf":{"@id":"https:\/\/blogdofarnesio.com.br\/#website"},"primaryImageOfPage":{"@id":"https:\/\/blogdofarnesio.com.br\/?p=130595#primaryimage"},"image":{"@id":"https:\/\/blogdofarnesio.com.br\/?p=130595#primaryimage"},"thumbnailUrl":"http:\/\/www.quersaberpolitica.com.br\/2016\/wp-content\/uploads\/2015\/09\/blogqsp-estudante-petrolina-mobilidadeurbana-300x272.jpg","datePublished":"2015-09-29T12:21:29+00:00","breadcrumb":{"@id":"https:\/\/blogdofarnesio.com.br\/?p=130595#breadcrumb"},"inLanguage":"pt-BR","potentialAction":[{"@type":"ReadAction","target":["https:\/\/blogdofarnesio.com.br\/?p=130595"]}]},{"@type":"ImageObject","inLanguage":"pt-BR","@id":"https:\/\/blogdofarnesio.com.br\/?p=130595#primaryimage","url":"http:\/\/www.quersaberpolitica.com.br\/2016\/wp-content\/uploads\/2015\/09\/blogqsp-estudante-petrolina-mobilidadeurbana-300x272.jpg","contentUrl":"http:\/\/www.quersaberpolitica.com.br\/2016\/wp-content\/uploads\/2015\/09\/blogqsp-estudante-petrolina-mobilidadeurbana-300x272.jpg"},{"@type":"BreadcrumbList","@id":"https:\/\/blogdofarnesio.com.br\/?p=130595#breadcrumb","itemListElement":[{"@type":"ListItem","position":1,"name":"In\u00edcio","item":"https:\/\/blogdofarnesio.com.br\/"},{"@type":"ListItem","position":2,"name":"ALUNOS DA REDE MUNICIPAL PARTICIPAR\u00c3O DE CONCURSO SOBRE MOBILIDADE URBANA"}]},{"@type":"WebSite","@id":"https:\/\/blogdofarnesio.com.br\/#website","url":"https:\/\/blogdofarnesio.com.br\/","name":"Blog do Farn\u00e9sio","description":"Quer Saber Pol\u00edtica?","publisher":{"@id":"https:\/\/blogdofarnesio.com.br\/#organization"},"potentialAction":[{"@type":"SearchAction","target":{"@type":"EntryPoint","urlTemplate":"https:\/\/blogdofarnesio.com.br\/?s={search_term_string}"},"query-input":{"@type":"PropertyValueSpecification","valueRequired":true,"valueName":"search_term_string"}}],"inLanguage":"pt-BR"},{"@type":"Organization","@id":"https:\/\/blogdofarnesio.com.br\/#organization","name":"Blog do Farn\u00e9sio","url":"https:\/\/blogdofarnesio.com.br\/","logo":{"@type":"ImageObject","inLanguage":"pt-BR","@id":"https:\/\/blogdofarnesio.com.br\/#\/schema\/logo\/image\/","url":"https:\/\/blogdofarnesio.com.br\/wp-content\/uploads\/2026\/03\/cropped-logo_new-1.png","contentUrl":"https:\/\/blogdofarnesio.com.br\/wp-content\/uploads\/2026\/03\/cropped-logo_new-1.png","width":881,"height":685,"caption":"Blog do Farn\u00e9sio"},"image":{"@id":"https:\/\/blogdofarnesio.com.br\/#\/schema\/logo\/image\/"},"sameAs":["https:\/\/www.facebook.com\/BlogQuerSaberPolitica\/"]},{"@type":"Person","@id":"","url":"https:\/\/blogdofarnesio.com.br\/?author=7"}]}},"_links":{"self":[{"href":"https:\/\/blogdofarnesio.com.br\/index.php?rest_route=\/wp\/v2\/posts\/130595","targetHints":{"allow":["GET"]}}],"collection":[{"href":"https:\/\/blogdofarnesio.com.br\/index.php?rest_route=\/wp\/v2\/posts"}],"about":[{"href":"https:\/\/blogdofarnesio.com.br\/index.php?rest_route=\/wp\/v2\/types\/post"}],"author":[{"embeddable":true,"href":"https:\/\/blogdofarnesio.com.br\/index.php?rest_route=\/wp\/v2\/users\/7"}],"replies":[{"embeddable":true,"href":"https:\/\/blogdofarnesio.com.br\/index.php?rest_route=%2Fwp%2Fv2%2Fcomments&post=130595"}],"version-history":[{"count":0,"href":"https:\/\/blogdofarnesio.com.br\/index.php?rest_route=\/wp\/v2\/posts\/130595\/revisions"}],"wp:attachment":[{"href":"https:\/\/blogdofarnesio.com.br\/index.php?rest_route=%2Fwp%2Fv2%2Fmedia&parent=130595"}],"wp:term":[{"taxonomy":"category","embeddable":true,"href":"https:\/\/blogdofarnesio.com.br\/index.php?rest_route=%2Fwp%2Fv2%2Fcategories&post=130595"},{"taxonomy":"post_tag","embeddable":true,"href":"https:\/\/blogdofarnesio.com.br\/index.php?rest_route=%2Fwp%2Fv2%2Ftags&post=130595"}],"curies":[{"name":"wp","href":"https:\/\/api.w.org\/{rel}","templated":true}]}}