{"id":13046,"date":"2012-04-14T13:00:09","date_gmt":"2012-04-14T13:00:09","guid":{"rendered":"http:\/\/www.quersaberpolitica.com.br?p=13046"},"modified":"-0001-11-30T00:00:00","modified_gmt":"-0001-11-30T03:00:00","slug":"capacitacao-pratica-do-programa-segundo-tempo-e-realizada-com-sucesso","status":"publish","type":"post","link":"https:\/\/blogdofarnesio.com.br\/?p=13046","title":{"rendered":"Capacita\u00e7\u00e3o pr\u00e1tica do Programa Segundo Tempo \u00e9 realizada com sucesso"},"content":{"rendered":"<p><p style=\"text-align: justify;\"><span style=\"font-size: medium;\"><strong>Capacita&ccedil;&atilde;o pr&aacute;tica do Programa Segundo Tempo &eacute; realizada com sucesso<\/strong><\/span><\/p>\n<p style=\"text-align: justify;\"><span style=\"font-size: medium;\"><a rel=\"lightbox\" href=\"http:\/\/www.quersaberpolitica.com.br\/2016\/wp-content\/uploads\/2012\/12\/blogqspcapacitacaosegundotempo.jpg\"><img loading=\"lazy\" decoding=\"async\" style=\"float: left; margin-top: 5px; margin-bottom: 5px; margin-left: 10px; margin-right: 10px;\" src=\"http:\/\/www.quersaberpolitica.com.br\/2016\/wp-content\/uploads\/2012\/12\/blogqspcapacitacaosegundotempo.jpg\" alt=\"\" width=\"200\" height=\"132\" \/><\/a>&#8220;Aprender com a pr&aacute;tica&#8221;. Foi com essa proposta que aconteceu na noite desta quinta-feira (12), mais uma forma&ccedil;&atilde;o para 130 coordenadores e monitores do Programa Segundo Tempo de Juazeiro. A capacita&ccedil;&atilde;o, que aconteceu no Gin&aacute;sio de Esportes Alo&iacute;sio Viana, contou com a participa&ccedil;&atilde;o de tr&ecirc;s componentes da equipe de colaboradores do Minist&eacute;rio do Esporte na Bahia e o resultado foi considerado positivo pelos envolvidos.<\/span><\/p>\n<p style=\"text-align: justify;\"><span style=\"font-size: medium;\">De acordo com a coordenadora do PST no munic&iacute;pio, La&eacute;rcia Souza, o grande diferencial desta iniciativa realmente foi a quest&atilde;o metodol&oacute;gica. &#8220;Realizamos periodicamente forma&ccedil;&otilde;es continuadas, entretanto a maioria era feita de forma telepresencial. Agora com a pr&aacute;tica os profissionais envolvidos puderam trocar experi&ecirc;ncias e aprender novas formas de interven&ccedil;&atilde;o, que ser&atilde;o desenvolvidas com os alunos&#8221;, explicou.<\/span><\/p>\n<p style=\"text-align: justify;\"><span style=\"font-size: medium;\">A monitora Ana Carla Silva aprovou, &#8220;momentos como esse s&atilde;o importantes porque nos direcionam e orientam quanto a melhor forma de trabalhar. Hoje aprendemos novas atividades e sa&iacute;mos daqui mais focados. O leque de possibilidades foi aberto e entendemos que o monitor ou coordenador tem que ir al&eacute;m. No esporte, por exemplo, ficou bem claro que devemos apresentar outros materiais e modalidades para os alunos&#8221;.<\/span><\/p>\n<p style=\"text-align: justify;\"><span style=\"font-size: medium;\">As capacita&ccedil;&otilde;es s&atilde;o direcionadas de maneira a contemplar conte&uacute;dos importantes para o desenvolvimento integral dos alunos participantes do Segundo Tempo, respeitando as caracter&iacute;sticas de cada n&uacute;cleo. Al&eacute;m disso, possibilitam a amplia&ccedil;&atilde;o e qualifica&ccedil;&atilde;o das a&ccedil;&otilde;es a serem desenvolvidas. &#8220;Na verdade esse &eacute; um momento de motiva&ccedil;&atilde;o, troca e socializa&ccedil;&atilde;o de conhecimentos. Tivemos uma participa&ccedil;&atilde;o muito boa, pois cerca de 3 representantes de 40 n&uacute;cleos de Juazeiro estiveram presentes&#8221;, avaliou Regiane Duarte, que faz parte da equipe colaboradora.<\/span><\/p>\n<p style=\"text-align: justify;\"><span style=\"font-size: medium;\">De acordo com Regiane, a forma&ccedil;&atilde;o pr&aacute;tica atendeu a um pedido da coordena&ccedil;&atilde;o municipal. &#8220;A equipe colaboradora veio fazer uma visita de acompanhamento, que &eacute; realizada, em m&eacute;dia, duas vezes por ano. Recebemos a solicita&ccedil;&atilde;o e prontamente resolvemos acatar a id&eacute;ia, porque acreditamos na pr&aacute;tica como mecanismo eficaz de forma&ccedil;&atilde;o&#8221;, justificou.<\/span><\/p>\n<p style=\"text-align: justify;\"><span style=\"font-size: medium;\">Sobre a inspe&ccedil;&atilde;o, a representante do estado demonstrou satisfa&ccedil;&atilde;o, &#8220;na regi&atilde;o que visitei pude verificar que as atividades acontecem, que h&aacute; um n&uacute;mero crescente de crian&ccedil;as, que existe uma colabora&ccedil;&atilde;o dos envolvidos e que as diretrizes est&atilde;o sendo seguidas. O que esperamos &eacute; justamente isso, que o PST atenda de forma satisfat&oacute;ria a um maior n&uacute;mero de crian&ccedil;as, bairros e escolas poss&iacute;vel&#8221;.<\/span><\/p>\n<p style=\"text-align: justify;\"><span style=\"font-size: medium;\">PST em Juazeiro<\/span><\/p>\n<p style=\"text-align: justify;\"><span style=\"font-size: medium;\">O programa possui atualmente 41 n&uacute;cleos, distribu&iacute;dos entre sede e interior, e atende mais de 4 mil estudantes com idade entre 7 e 17 anos. Segundo a Ger&ecirc;ncia de Esportes ainda h&aacute; vagas. Os alunos matriculados na Rede Municipal de Ensino, cujo respons&aacute;vel receba o Bolsa Fam&iacute;lia, podem procurar a unidade mais pr&oacute;xima da sua resid&ecirc;ncia ou a pr&oacute;pria ger&ecirc;ncia (localizada no Gin&aacute;sio de Esportes Alo&iacute;sio Viana), para efetuar a inscri&ccedil;&atilde;o.<\/span><\/p>\n<p style=\"text-align: justify;\"><span style=\"font-size: medium;\">Mais de 150 profissionais s&atilde;o respons&aacute;veis pelas atividades extracurriculares que acontecem durante toda a semana no contra turno de aulas. Cada n&uacute;cleo oferece, no m&iacute;nimo, a cada turma, duas modalidades coletivas, uma individual e uma atividade complementar (arte, dan&ccedil;a, refor&ccedil;o escolar), tr&ecirc;s vezes por semana.<\/span><\/p>\n<p style=\"text-align: justify;\">&nbsp;<\/p>\n<p style=\"text-align: justify;\">Com informa&ccedil;&otilde;es da Secom\/PMJ<\/p><\/p>\n","protected":false},"excerpt":{"rendered":"<p>Capacita&ccedil;&atilde;o pr&aacute;tica do Programa Segundo Tempo &eacute; realizada com sucesso &#8220;Aprender com a pr&aacute;tica&#8221;. Foi com essa proposta que aconteceu na noite desta quinta-feira (12), mais uma forma&ccedil;&atilde;o para 130 coordenadores e monitores do Programa Segundo Tempo de Juazeiro. A capacita&ccedil;&atilde;o, que aconteceu no Gin&aacute;sio de Esportes Alo&iacute;sio Viana, contou com a participa&ccedil;&atilde;o de tr&ecirc;s componentes da equipe de colaboradores do Minist&eacute;rio do Esporte na Bahia e o resultado foi considerado positivo pelos envolvidos. De acordo com a coordenadora do PST no munic&iacute;pio, La&eacute;rcia Souza, o grande diferencial desta iniciativa realmente foi a quest&atilde;o metodol&oacute;gica. &#8220;Realizamos periodicamente forma&ccedil;&otilde;es continuadas, entretanto a maioria era feita de forma telepresencial. Agora com a pr&aacute;tica os profissionais envolvidos puderam trocar experi&ecirc;ncias e aprender novas&hellip; <\/p>\n","protected":false},"author":0,"featured_media":0,"comment_status":"open","ping_status":"open","sticky":false,"template":"","format":"standard","meta":{"_acf_changed":false,"footnotes":""},"categories":[5],"tags":[],"class_list":["post-13046","post","type-post","status-publish","format-standard","hentry","category-seguranca"],"acf":[],"yoast_head":"<!-- This site is optimized with the Yoast SEO plugin v27.4 - https:\/\/yoast.com\/product\/yoast-seo-wordpress\/ -->\n<title>Capacita\u00e7\u00e3o pr\u00e1tica do Programa Segundo Tempo \u00e9 realizada com sucesso  - Blog do Farn\u00e9sio<\/title>\n<meta name=\"robots\" content=\"index, follow, max-snippet:-1, max-image-preview:large, max-video-preview:-1\" \/>\n<link rel=\"canonical\" href=\"https:\/\/blogdofarnesio.com.br\/?p=13046\" \/>\n<meta property=\"og:locale\" content=\"pt_BR\" \/>\n<meta property=\"og:type\" content=\"article\" \/>\n<meta property=\"og:title\" content=\"Capacita\u00e7\u00e3o pr\u00e1tica do Programa Segundo Tempo \u00e9 realizada com sucesso  - Blog do Farn\u00e9sio\" \/>\n<meta property=\"og:description\" content=\"Capacita&ccedil;&atilde;o pr&aacute;tica do Programa Segundo Tempo &eacute; realizada com sucesso &#8220;Aprender com a pr&aacute;tica&#8221;. Foi com essa proposta que aconteceu na noite desta quinta-feira (12), mais uma forma&ccedil;&atilde;o para 130 coordenadores e monitores do Programa Segundo Tempo de Juazeiro. A capacita&ccedil;&atilde;o, que aconteceu no Gin&aacute;sio de Esportes Alo&iacute;sio Viana, contou com a participa&ccedil;&atilde;o de tr&ecirc;s componentes da equipe de colaboradores do Minist&eacute;rio do Esporte na Bahia e o resultado foi considerado positivo pelos envolvidos. De acordo com a coordenadora do PST no munic&iacute;pio, La&eacute;rcia Souza, o grande diferencial desta iniciativa realmente foi a quest&atilde;o metodol&oacute;gica. &#8220;Realizamos periodicamente forma&ccedil;&otilde;es continuadas, entretanto a maioria era feita de forma telepresencial. Agora com a pr&aacute;tica os profissionais envolvidos puderam trocar experi&ecirc;ncias e aprender novas&hellip;\" \/>\n<meta property=\"og:url\" content=\"https:\/\/blogdofarnesio.com.br\/?p=13046\" \/>\n<meta property=\"og:site_name\" content=\"Blog do Farn\u00e9sio\" \/>\n<meta property=\"article:publisher\" content=\"https:\/\/www.facebook.com\/BlogQuerSaberPolitica\/\" \/>\n<meta property=\"article:published_time\" content=\"2012-04-14T13:00:09+00:00\" \/>\n<meta property=\"og:image\" content=\"http:\/\/www.quersaberpolitica.com.br\/2016\/wp-content\/uploads\/2012\/12\/blogqspcapacitacaosegundotempo.jpg\" \/>\n<meta name=\"twitter:card\" content=\"summary_large_image\" \/>\n<meta name=\"twitter:label1\" content=\"Est. tempo de leitura\" \/>\n\t<meta name=\"twitter:data1\" content=\"3 minutos\" \/>\n<script type=\"application\/ld+json\" class=\"yoast-schema-graph\">{\"@context\":\"https:\\\/\\\/schema.org\",\"@graph\":[{\"@type\":\"Article\",\"@id\":\"https:\\\/\\\/blogdofarnesio.com.br\\\/?p=13046#article\",\"isPartOf\":{\"@id\":\"https:\\\/\\\/blogdofarnesio.com.br\\\/?p=13046\"},\"author\":{\"name\":\"\",\"@id\":\"\"},\"headline\":\"Capacita\u00e7\u00e3o pr\u00e1tica do Programa Segundo Tempo \u00e9 realizada com sucesso\",\"datePublished\":\"2012-04-14T13:00:09+00:00\",\"mainEntityOfPage\":{\"@id\":\"https:\\\/\\\/blogdofarnesio.com.br\\\/?p=13046\"},\"wordCount\":684,\"commentCount\":0,\"publisher\":{\"@id\":\"https:\\\/\\\/blogdofarnesio.com.br\\\/#organization\"},\"image\":{\"@id\":\"https:\\\/\\\/blogdofarnesio.com.br\\\/?p=13046#primaryimage\"},\"thumbnailUrl\":\"http:\\\/\\\/www.quersaberpolitica.com.br\\\/2016\\\/wp-content\\\/uploads\\\/2012\\\/12\\\/blogqspcapacitacaosegundotempo.jpg\",\"articleSection\":[\"Seguran\u00e7a\"],\"inLanguage\":\"pt-BR\",\"potentialAction\":[{\"@type\":\"CommentAction\",\"name\":\"Comment\",\"target\":[\"https:\\\/\\\/blogdofarnesio.com.br\\\/?p=13046#respond\"]}]},{\"@type\":\"WebPage\",\"@id\":\"https:\\\/\\\/blogdofarnesio.com.br\\\/?p=13046\",\"url\":\"https:\\\/\\\/blogdofarnesio.com.br\\\/?p=13046\",\"name\":\"Capacita\u00e7\u00e3o pr\u00e1tica do Programa Segundo Tempo \u00e9 realizada com sucesso - Blog do Farn\u00e9sio\",\"isPartOf\":{\"@id\":\"https:\\\/\\\/blogdofarnesio.com.br\\\/#website\"},\"primaryImageOfPage\":{\"@id\":\"https:\\\/\\\/blogdofarnesio.com.br\\\/?p=13046#primaryimage\"},\"image\":{\"@id\":\"https:\\\/\\\/blogdofarnesio.com.br\\\/?p=13046#primaryimage\"},\"thumbnailUrl\":\"http:\\\/\\\/www.quersaberpolitica.com.br\\\/2016\\\/wp-content\\\/uploads\\\/2012\\\/12\\\/blogqspcapacitacaosegundotempo.jpg\",\"datePublished\":\"2012-04-14T13:00:09+00:00\",\"breadcrumb\":{\"@id\":\"https:\\\/\\\/blogdofarnesio.com.br\\\/?p=13046#breadcrumb\"},\"inLanguage\":\"pt-BR\",\"potentialAction\":[{\"@type\":\"ReadAction\",\"target\":[\"https:\\\/\\\/blogdofarnesio.com.br\\\/?p=13046\"]}]},{\"@type\":\"ImageObject\",\"inLanguage\":\"pt-BR\",\"@id\":\"https:\\\/\\\/blogdofarnesio.com.br\\\/?p=13046#primaryimage\",\"url\":\"http:\\\/\\\/www.quersaberpolitica.com.br\\\/2016\\\/wp-content\\\/uploads\\\/2012\\\/12\\\/blogqspcapacitacaosegundotempo.jpg\",\"contentUrl\":\"http:\\\/\\\/www.quersaberpolitica.com.br\\\/2016\\\/wp-content\\\/uploads\\\/2012\\\/12\\\/blogqspcapacitacaosegundotempo.jpg\"},{\"@type\":\"BreadcrumbList\",\"@id\":\"https:\\\/\\\/blogdofarnesio.com.br\\\/?p=13046#breadcrumb\",\"itemListElement\":[{\"@type\":\"ListItem\",\"position\":1,\"name\":\"In\u00edcio\",\"item\":\"https:\\\/\\\/blogdofarnesio.com.br\\\/\"},{\"@type\":\"ListItem\",\"position\":2,\"name\":\"Capacita\u00e7\u00e3o pr\u00e1tica do Programa Segundo Tempo \u00e9 realizada com sucesso\"}]},{\"@type\":\"WebSite\",\"@id\":\"https:\\\/\\\/blogdofarnesio.com.br\\\/#website\",\"url\":\"https:\\\/\\\/blogdofarnesio.com.br\\\/\",\"name\":\"Blog do Farn\u00e9sio\",\"description\":\"Quer Saber Pol\u00edtica?\",\"publisher\":{\"@id\":\"https:\\\/\\\/blogdofarnesio.com.br\\\/#organization\"},\"potentialAction\":[{\"@type\":\"SearchAction\",\"target\":{\"@type\":\"EntryPoint\",\"urlTemplate\":\"https:\\\/\\\/blogdofarnesio.com.br\\\/?s={search_term_string}\"},\"query-input\":{\"@type\":\"PropertyValueSpecification\",\"valueRequired\":true,\"valueName\":\"search_term_string\"}}],\"inLanguage\":\"pt-BR\"},{\"@type\":\"Organization\",\"@id\":\"https:\\\/\\\/blogdofarnesio.com.br\\\/#organization\",\"name\":\"Blog do Farn\u00e9sio\",\"url\":\"https:\\\/\\\/blogdofarnesio.com.br\\\/\",\"logo\":{\"@type\":\"ImageObject\",\"inLanguage\":\"pt-BR\",\"@id\":\"https:\\\/\\\/blogdofarnesio.com.br\\\/#\\\/schema\\\/logo\\\/image\\\/\",\"url\":\"https:\\\/\\\/blogdofarnesio.com.br\\\/wp-content\\\/uploads\\\/2026\\\/03\\\/cropped-logo_new-1.png\",\"contentUrl\":\"https:\\\/\\\/blogdofarnesio.com.br\\\/wp-content\\\/uploads\\\/2026\\\/03\\\/cropped-logo_new-1.png\",\"width\":881,\"height\":685,\"caption\":\"Blog do Farn\u00e9sio\"},\"image\":{\"@id\":\"https:\\\/\\\/blogdofarnesio.com.br\\\/#\\\/schema\\\/logo\\\/image\\\/\"},\"sameAs\":[\"https:\\\/\\\/www.facebook.com\\\/BlogQuerSaberPolitica\\\/\"]}]}<\/script>\n<!-- \/ Yoast SEO plugin. -->","yoast_head_json":{"title":"Capacita\u00e7\u00e3o pr\u00e1tica do Programa Segundo Tempo \u00e9 realizada com sucesso  - Blog do Farn\u00e9sio","robots":{"index":"index","follow":"follow","max-snippet":"max-snippet:-1","max-image-preview":"max-image-preview:large","max-video-preview":"max-video-preview:-1"},"canonical":"https:\/\/blogdofarnesio.com.br\/?p=13046","og_locale":"pt_BR","og_type":"article","og_title":"Capacita\u00e7\u00e3o pr\u00e1tica do Programa Segundo Tempo \u00e9 realizada com sucesso  - Blog do Farn\u00e9sio","og_description":"Capacita&ccedil;&atilde;o pr&aacute;tica do Programa Segundo Tempo &eacute; realizada com sucesso &#8220;Aprender com a pr&aacute;tica&#8221;. Foi com essa proposta que aconteceu na noite desta quinta-feira (12), mais uma forma&ccedil;&atilde;o para 130 coordenadores e monitores do Programa Segundo Tempo de Juazeiro. A capacita&ccedil;&atilde;o, que aconteceu no Gin&aacute;sio de Esportes Alo&iacute;sio Viana, contou com a participa&ccedil;&atilde;o de tr&ecirc;s componentes da equipe de colaboradores do Minist&eacute;rio do Esporte na Bahia e o resultado foi considerado positivo pelos envolvidos. De acordo com a coordenadora do PST no munic&iacute;pio, La&eacute;rcia Souza, o grande diferencial desta iniciativa realmente foi a quest&atilde;o metodol&oacute;gica. &#8220;Realizamos periodicamente forma&ccedil;&otilde;es continuadas, entretanto a maioria era feita de forma telepresencial. Agora com a pr&aacute;tica os profissionais envolvidos puderam trocar experi&ecirc;ncias e aprender novas&hellip;","og_url":"https:\/\/blogdofarnesio.com.br\/?p=13046","og_site_name":"Blog do Farn\u00e9sio","article_publisher":"https:\/\/www.facebook.com\/BlogQuerSaberPolitica\/","article_published_time":"2012-04-14T13:00:09+00:00","og_image":[{"url":"http:\/\/www.quersaberpolitica.com.br\/2016\/wp-content\/uploads\/2012\/12\/blogqspcapacitacaosegundotempo.jpg","type":"","width":"","height":""}],"twitter_card":"summary_large_image","twitter_misc":{"Est. tempo de leitura":"3 minutos"},"schema":{"@context":"https:\/\/schema.org","@graph":[{"@type":"Article","@id":"https:\/\/blogdofarnesio.com.br\/?p=13046#article","isPartOf":{"@id":"https:\/\/blogdofarnesio.com.br\/?p=13046"},"author":{"name":"","@id":""},"headline":"Capacita\u00e7\u00e3o pr\u00e1tica do Programa Segundo Tempo \u00e9 realizada com sucesso","datePublished":"2012-04-14T13:00:09+00:00","mainEntityOfPage":{"@id":"https:\/\/blogdofarnesio.com.br\/?p=13046"},"wordCount":684,"commentCount":0,"publisher":{"@id":"https:\/\/blogdofarnesio.com.br\/#organization"},"image":{"@id":"https:\/\/blogdofarnesio.com.br\/?p=13046#primaryimage"},"thumbnailUrl":"http:\/\/www.quersaberpolitica.com.br\/2016\/wp-content\/uploads\/2012\/12\/blogqspcapacitacaosegundotempo.jpg","articleSection":["Seguran\u00e7a"],"inLanguage":"pt-BR","potentialAction":[{"@type":"CommentAction","name":"Comment","target":["https:\/\/blogdofarnesio.com.br\/?p=13046#respond"]}]},{"@type":"WebPage","@id":"https:\/\/blogdofarnesio.com.br\/?p=13046","url":"https:\/\/blogdofarnesio.com.br\/?p=13046","name":"Capacita\u00e7\u00e3o pr\u00e1tica do Programa Segundo Tempo \u00e9 realizada com sucesso - Blog do Farn\u00e9sio","isPartOf":{"@id":"https:\/\/blogdofarnesio.com.br\/#website"},"primaryImageOfPage":{"@id":"https:\/\/blogdofarnesio.com.br\/?p=13046#primaryimage"},"image":{"@id":"https:\/\/blogdofarnesio.com.br\/?p=13046#primaryimage"},"thumbnailUrl":"http:\/\/www.quersaberpolitica.com.br\/2016\/wp-content\/uploads\/2012\/12\/blogqspcapacitacaosegundotempo.jpg","datePublished":"2012-04-14T13:00:09+00:00","breadcrumb":{"@id":"https:\/\/blogdofarnesio.com.br\/?p=13046#breadcrumb"},"inLanguage":"pt-BR","potentialAction":[{"@type":"ReadAction","target":["https:\/\/blogdofarnesio.com.br\/?p=13046"]}]},{"@type":"ImageObject","inLanguage":"pt-BR","@id":"https:\/\/blogdofarnesio.com.br\/?p=13046#primaryimage","url":"http:\/\/www.quersaberpolitica.com.br\/2016\/wp-content\/uploads\/2012\/12\/blogqspcapacitacaosegundotempo.jpg","contentUrl":"http:\/\/www.quersaberpolitica.com.br\/2016\/wp-content\/uploads\/2012\/12\/blogqspcapacitacaosegundotempo.jpg"},{"@type":"BreadcrumbList","@id":"https:\/\/blogdofarnesio.com.br\/?p=13046#breadcrumb","itemListElement":[{"@type":"ListItem","position":1,"name":"In\u00edcio","item":"https:\/\/blogdofarnesio.com.br\/"},{"@type":"ListItem","position":2,"name":"Capacita\u00e7\u00e3o pr\u00e1tica do Programa Segundo Tempo \u00e9 realizada com sucesso"}]},{"@type":"WebSite","@id":"https:\/\/blogdofarnesio.com.br\/#website","url":"https:\/\/blogdofarnesio.com.br\/","name":"Blog do Farn\u00e9sio","description":"Quer Saber Pol\u00edtica?","publisher":{"@id":"https:\/\/blogdofarnesio.com.br\/#organization"},"potentialAction":[{"@type":"SearchAction","target":{"@type":"EntryPoint","urlTemplate":"https:\/\/blogdofarnesio.com.br\/?s={search_term_string}"},"query-input":{"@type":"PropertyValueSpecification","valueRequired":true,"valueName":"search_term_string"}}],"inLanguage":"pt-BR"},{"@type":"Organization","@id":"https:\/\/blogdofarnesio.com.br\/#organization","name":"Blog do Farn\u00e9sio","url":"https:\/\/blogdofarnesio.com.br\/","logo":{"@type":"ImageObject","inLanguage":"pt-BR","@id":"https:\/\/blogdofarnesio.com.br\/#\/schema\/logo\/image\/","url":"https:\/\/blogdofarnesio.com.br\/wp-content\/uploads\/2026\/03\/cropped-logo_new-1.png","contentUrl":"https:\/\/blogdofarnesio.com.br\/wp-content\/uploads\/2026\/03\/cropped-logo_new-1.png","width":881,"height":685,"caption":"Blog do Farn\u00e9sio"},"image":{"@id":"https:\/\/blogdofarnesio.com.br\/#\/schema\/logo\/image\/"},"sameAs":["https:\/\/www.facebook.com\/BlogQuerSaberPolitica\/"]}]}},"_links":{"self":[{"href":"https:\/\/blogdofarnesio.com.br\/index.php?rest_route=\/wp\/v2\/posts\/13046","targetHints":{"allow":["GET"]}}],"collection":[{"href":"https:\/\/blogdofarnesio.com.br\/index.php?rest_route=\/wp\/v2\/posts"}],"about":[{"href":"https:\/\/blogdofarnesio.com.br\/index.php?rest_route=\/wp\/v2\/types\/post"}],"replies":[{"embeddable":true,"href":"https:\/\/blogdofarnesio.com.br\/index.php?rest_route=%2Fwp%2Fv2%2Fcomments&post=13046"}],"version-history":[{"count":0,"href":"https:\/\/blogdofarnesio.com.br\/index.php?rest_route=\/wp\/v2\/posts\/13046\/revisions"}],"wp:attachment":[{"href":"https:\/\/blogdofarnesio.com.br\/index.php?rest_route=%2Fwp%2Fv2%2Fmedia&parent=13046"}],"wp:term":[{"taxonomy":"category","embeddable":true,"href":"https:\/\/blogdofarnesio.com.br\/index.php?rest_route=%2Fwp%2Fv2%2Fcategories&post=13046"},{"taxonomy":"post_tag","embeddable":true,"href":"https:\/\/blogdofarnesio.com.br\/index.php?rest_route=%2Fwp%2Fv2%2Ftags&post=13046"}],"curies":[{"name":"wp","href":"https:\/\/api.w.org\/{rel}","templated":true}]}}