{"id":130453,"date":"2015-09-25T15:40:58","date_gmt":"2015-09-25T18:40:58","guid":{"rendered":"http:\/\/www.quersaberpolitica.com.br\/?p=130453"},"modified":"2015-09-25T10:59:53","modified_gmt":"2015-09-25T13:59:53","slug":"jogos-escolares-2015-movimentam-sobradinho","status":"publish","type":"post","link":"https:\/\/blogdofarnesio.com.br\/?p=130453","title":{"rendered":"DIRETO DE SOBRADINHO"},"content":{"rendered":"<div>\n<div dir=\"ltr\" style=\"text-align: center\"><a href=\"http:\/\/www.quersaberpolitica.com.br\/2016\/wp-content\/uploads\/2015\/09\/blogqsp-jogosescolares-sobradinho1.jpg\">JOGOS ESCOLARES 2015 MOVIMENTAM SOBRADINHO<img loading=\"lazy\" decoding=\"async\" class=\" size-medium wp-image-130454 aligncenter\" src=\"http:\/\/www.quersaberpolitica.com.br\/2016\/wp-content\/uploads\/2015\/09\/blogqsp-jogosescolares-sobradinho1-300x230.jpg\" alt=\"blogqsp-jogosescolares-sobradinho\" width=\"300\" height=\"230\" srcset=\"https:\/\/blogdofarnesio.com.br\/wp-content\/uploads\/2015\/09\/blogqsp-jogosescolares-sobradinho1-300x230.jpg 300w, https:\/\/blogdofarnesio.com.br\/wp-content\/uploads\/2015\/09\/blogqsp-jogosescolares-sobradinho1-391x300.jpg 391w, https:\/\/blogdofarnesio.com.br\/wp-content\/uploads\/2015\/09\/blogqsp-jogosescolares-sobradinho1.jpg 438w\" sizes=\"auto, (max-width: 300px) 100vw, 300px\" \/><\/a><\/div>\n<div dir=\"ltr\" style=\"text-align: justify\"><\/div>\n<div dir=\"ltr\" style=\"text-align: justify\">Depois da abertura\u00a0dos Jogos Escolares 2015, que aconteceu no \u00faltimo s\u00e1bado, 19, em Sobradinho as escolas se movimentam para as competi\u00e7\u00f5es que acontecer\u00e3o no pr\u00f3ximo final de semana(s\u00e1bado e domingo) \u00a0nas quadras poliesportivas.<\/div>\n<div dir=\"ltr\" style=\"text-align: justify\">Este ano o evento esportivo est\u00e1 reunindo todas as escolas municipais, estaduais, particulares e algumas institui\u00e7\u00f5es sociais . Alunos de treze institui\u00e7\u00f5es de ensino participar\u00e3o de diversas modalidades esportivas que o evento proporciona, com o objetivo de incentivar a pr\u00e1tica de esportes e promover a intera\u00e7\u00e3o entre a comunidade estudantil.<\/div>\n<div dir=\"ltr\" style=\"text-align: justify\"><\/div>\n<div dir=\"ltr\" style=\"text-align: justify\">Os jogos acontecer\u00e3o at\u00e9 o m\u00eas de outubro, sempre aos finais de semana, uma a\u00e7\u00e3o conjunta das\u00a0Secretarias de Educa\u00e7\u00e3o e de Turismo, Esporte e Cultura da Prefeitura de Sobradinho.<\/div>\n<div dir=\"ltr\" style=\"text-align: justify\"><\/div>\n<div dir=\"ltr\" style=\"text-align: justify\">\n<div dir=\"ltr\">\n<div>Ser\u00e3o disputadas as \u00a0modalidades de atletismo,\u00a0Futsal,\u00a0\u00a0Handebol, Bale\u00f4, e Xadrez (masculino e feminino) , nas categorias pr\u00e9-mirim, mirim, infantil e juvenil. &#8220;Os nossos alunos est\u00e3o felizes com a realiza\u00e7\u00e3o dos jogos, que est\u00e3o sendo tamb\u00e9m um momento de confraterniza\u00e7\u00e3o. A participa\u00e7\u00e3o das escolas e institui\u00e7\u00f5es, esta sendo efetiva e engrandeceu o evento. Esporte \u00e9 vida, auto estima, \u00e9 esse sentimento tamb\u00e9m que queremos cultivar nos nossos jovens&#8221;, destacou de Secret\u00e1ria de Educa\u00e7\u00e3o, Dulcilene Kastering.<\/div>\n<\/div>\n<\/div>\n<div dir=\"ltr\" style=\"text-align: justify\"><\/div>\n<div dir=\"ltr\" style=\"text-align: justify\">\u00a0&#8220;A Prefeitura deu total apoio a realiza\u00e7\u00e3o da Copa, numa demonstra\u00e7\u00e3o de respeito ao esporte. Entendemos que o esporte coletivo forma cidad\u00e3os e cidad\u00e3s melhores. E, nossas a\u00e7\u00f5es s\u00e3o norteadas neste sentido: promover qualidade de vida a popula\u00e7\u00e3o&#8221;, declarou T\u00e9o Mossor\u00f3, Secret\u00e1rio de\u00a0Turismo, Esporte e Cultura.<\/div>\n<\/div>\n<div dir=\"ltr\" style=\"text-align: justify\"><\/div>\n<p style=\"text-align: justify\">\n","protected":false},"excerpt":{"rendered":"<p>JOGOS ESCOLARES 2015 MOVIMENTAM SOBRADINHO Depois da abertura\u00a0dos Jogos Escolares 2015, que aconteceu no \u00faltimo s\u00e1bado, 19, em Sobradinho as escolas se movimentam para as competi\u00e7\u00f5es que acontecer\u00e3o no pr\u00f3ximo final de semana(s\u00e1bado e domingo) \u00a0nas quadras poliesportivas. Este ano o evento esportivo est\u00e1 reunindo todas as escolas municipais, estaduais, particulares e algumas institui\u00e7\u00f5es sociais . Alunos de treze institui\u00e7\u00f5es de ensino participar\u00e3o de diversas modalidades esportivas que o evento proporciona, com o objetivo de incentivar a pr\u00e1tica de esportes e promover a intera\u00e7\u00e3o entre a comunidade estudantil. Os jogos acontecer\u00e3o at\u00e9 o m\u00eas de outubro, sempre aos finais de semana, uma a\u00e7\u00e3o conjunta das\u00a0Secretarias de Educa\u00e7\u00e3o e de Turismo, Esporte e Cultura da Prefeitura de Sobradinho. Ser\u00e3o disputadas as&hellip; <\/p>\n","protected":false},"author":7,"featured_media":0,"comment_status":"open","ping_status":"open","sticky":false,"template":"","format":"standard","meta":{"_acf_changed":false,"footnotes":""},"categories":[44,8],"tags":[],"class_list":["post-130453","post","type-post","status-publish","format-standard","hentry","category-administracao","category-esportes"],"acf":[],"yoast_head":"<!-- This site is optimized with the Yoast SEO plugin v27.4 - https:\/\/yoast.com\/product\/yoast-seo-wordpress\/ -->\n<title>DIRETO DE SOBRADINHO - Blog do Farn\u00e9sio<\/title>\n<meta name=\"robots\" content=\"index, follow, max-snippet:-1, max-image-preview:large, max-video-preview:-1\" \/>\n<link rel=\"canonical\" href=\"https:\/\/blogdofarnesio.com.br\/?p=130453\" \/>\n<meta property=\"og:locale\" content=\"pt_BR\" \/>\n<meta property=\"og:type\" content=\"article\" \/>\n<meta property=\"og:title\" content=\"DIRETO DE SOBRADINHO - Blog do Farn\u00e9sio\" \/>\n<meta property=\"og:description\" content=\"JOGOS ESCOLARES 2015 MOVIMENTAM SOBRADINHO Depois da abertura\u00a0dos Jogos Escolares 2015, que aconteceu no \u00faltimo s\u00e1bado, 19, em Sobradinho as escolas se movimentam para as competi\u00e7\u00f5es que acontecer\u00e3o no pr\u00f3ximo final de semana(s\u00e1bado e domingo) \u00a0nas quadras poliesportivas. Este ano o evento esportivo est\u00e1 reunindo todas as escolas municipais, estaduais, particulares e algumas institui\u00e7\u00f5es sociais . Alunos de treze institui\u00e7\u00f5es de ensino participar\u00e3o de diversas modalidades esportivas que o evento proporciona, com o objetivo de incentivar a pr\u00e1tica de esportes e promover a intera\u00e7\u00e3o entre a comunidade estudantil. Os jogos acontecer\u00e3o at\u00e9 o m\u00eas de outubro, sempre aos finais de semana, uma a\u00e7\u00e3o conjunta das\u00a0Secretarias de Educa\u00e7\u00e3o e de Turismo, Esporte e Cultura da Prefeitura de Sobradinho. Ser\u00e3o disputadas as&hellip;\" \/>\n<meta property=\"og:url\" content=\"https:\/\/blogdofarnesio.com.br\/?p=130453\" \/>\n<meta property=\"og:site_name\" content=\"Blog do Farn\u00e9sio\" \/>\n<meta property=\"article:publisher\" content=\"https:\/\/www.facebook.com\/BlogQuerSaberPolitica\/\" \/>\n<meta property=\"article:published_time\" content=\"2015-09-25T18:40:58+00:00\" \/>\n<meta property=\"og:image\" content=\"http:\/\/www.quersaberpolitica.com.br\/2016\/wp-content\/uploads\/2015\/09\/blogqsp-jogosescolares-sobradinho1-300x230.jpg\" \/>\n<meta name=\"twitter:card\" content=\"summary_large_image\" \/>\n<meta name=\"twitter:label1\" content=\"Escrito por\" \/>\n\t<meta name=\"twitter:data1\" content=\"\" \/>\n\t<meta name=\"twitter:label2\" content=\"Est. tempo de leitura\" \/>\n\t<meta name=\"twitter:data2\" content=\"1 minuto\" \/>\n<script type=\"application\/ld+json\" class=\"yoast-schema-graph\">{\"@context\":\"https:\\\/\\\/schema.org\",\"@graph\":[{\"@type\":\"Article\",\"@id\":\"https:\\\/\\\/blogdofarnesio.com.br\\\/?p=130453#article\",\"isPartOf\":{\"@id\":\"https:\\\/\\\/blogdofarnesio.com.br\\\/?p=130453\"},\"author\":{\"name\":\"\",\"@id\":\"\"},\"headline\":\"DIRETO DE SOBRADINHO\",\"datePublished\":\"2015-09-25T18:40:58+00:00\",\"mainEntityOfPage\":{\"@id\":\"https:\\\/\\\/blogdofarnesio.com.br\\\/?p=130453\"},\"wordCount\":273,\"commentCount\":0,\"publisher\":{\"@id\":\"https:\\\/\\\/blogdofarnesio.com.br\\\/#organization\"},\"image\":{\"@id\":\"https:\\\/\\\/blogdofarnesio.com.br\\\/?p=130453#primaryimage\"},\"thumbnailUrl\":\"http:\\\/\\\/www.quersaberpolitica.com.br\\\/2016\\\/wp-content\\\/uploads\\\/2015\\\/09\\\/blogqsp-jogosescolares-sobradinho1-300x230.jpg\",\"articleSection\":[\"Administra\u00e7\u00e3o\",\"Esportes\"],\"inLanguage\":\"pt-BR\",\"potentialAction\":[{\"@type\":\"CommentAction\",\"name\":\"Comment\",\"target\":[\"https:\\\/\\\/blogdofarnesio.com.br\\\/?p=130453#respond\"]}]},{\"@type\":\"WebPage\",\"@id\":\"https:\\\/\\\/blogdofarnesio.com.br\\\/?p=130453\",\"url\":\"https:\\\/\\\/blogdofarnesio.com.br\\\/?p=130453\",\"name\":\"DIRETO DE SOBRADINHO - Blog do Farn\u00e9sio\",\"isPartOf\":{\"@id\":\"https:\\\/\\\/blogdofarnesio.com.br\\\/#website\"},\"primaryImageOfPage\":{\"@id\":\"https:\\\/\\\/blogdofarnesio.com.br\\\/?p=130453#primaryimage\"},\"image\":{\"@id\":\"https:\\\/\\\/blogdofarnesio.com.br\\\/?p=130453#primaryimage\"},\"thumbnailUrl\":\"http:\\\/\\\/www.quersaberpolitica.com.br\\\/2016\\\/wp-content\\\/uploads\\\/2015\\\/09\\\/blogqsp-jogosescolares-sobradinho1-300x230.jpg\",\"datePublished\":\"2015-09-25T18:40:58+00:00\",\"breadcrumb\":{\"@id\":\"https:\\\/\\\/blogdofarnesio.com.br\\\/?p=130453#breadcrumb\"},\"inLanguage\":\"pt-BR\",\"potentialAction\":[{\"@type\":\"ReadAction\",\"target\":[\"https:\\\/\\\/blogdofarnesio.com.br\\\/?p=130453\"]}]},{\"@type\":\"ImageObject\",\"inLanguage\":\"pt-BR\",\"@id\":\"https:\\\/\\\/blogdofarnesio.com.br\\\/?p=130453#primaryimage\",\"url\":\"http:\\\/\\\/www.quersaberpolitica.com.br\\\/2016\\\/wp-content\\\/uploads\\\/2015\\\/09\\\/blogqsp-jogosescolares-sobradinho1-300x230.jpg\",\"contentUrl\":\"http:\\\/\\\/www.quersaberpolitica.com.br\\\/2016\\\/wp-content\\\/uploads\\\/2015\\\/09\\\/blogqsp-jogosescolares-sobradinho1-300x230.jpg\"},{\"@type\":\"BreadcrumbList\",\"@id\":\"https:\\\/\\\/blogdofarnesio.com.br\\\/?p=130453#breadcrumb\",\"itemListElement\":[{\"@type\":\"ListItem\",\"position\":1,\"name\":\"In\u00edcio\",\"item\":\"https:\\\/\\\/blogdofarnesio.com.br\\\/\"},{\"@type\":\"ListItem\",\"position\":2,\"name\":\"DIRETO DE SOBRADINHO\"}]},{\"@type\":\"WebSite\",\"@id\":\"https:\\\/\\\/blogdofarnesio.com.br\\\/#website\",\"url\":\"https:\\\/\\\/blogdofarnesio.com.br\\\/\",\"name\":\"Blog do Farn\u00e9sio\",\"description\":\"Quer Saber Pol\u00edtica?\",\"publisher\":{\"@id\":\"https:\\\/\\\/blogdofarnesio.com.br\\\/#organization\"},\"potentialAction\":[{\"@type\":\"SearchAction\",\"target\":{\"@type\":\"EntryPoint\",\"urlTemplate\":\"https:\\\/\\\/blogdofarnesio.com.br\\\/?s={search_term_string}\"},\"query-input\":{\"@type\":\"PropertyValueSpecification\",\"valueRequired\":true,\"valueName\":\"search_term_string\"}}],\"inLanguage\":\"pt-BR\"},{\"@type\":\"Organization\",\"@id\":\"https:\\\/\\\/blogdofarnesio.com.br\\\/#organization\",\"name\":\"Blog do Farn\u00e9sio\",\"url\":\"https:\\\/\\\/blogdofarnesio.com.br\\\/\",\"logo\":{\"@type\":\"ImageObject\",\"inLanguage\":\"pt-BR\",\"@id\":\"https:\\\/\\\/blogdofarnesio.com.br\\\/#\\\/schema\\\/logo\\\/image\\\/\",\"url\":\"https:\\\/\\\/blogdofarnesio.com.br\\\/wp-content\\\/uploads\\\/2026\\\/03\\\/cropped-logo_new-1.png\",\"contentUrl\":\"https:\\\/\\\/blogdofarnesio.com.br\\\/wp-content\\\/uploads\\\/2026\\\/03\\\/cropped-logo_new-1.png\",\"width\":881,\"height\":685,\"caption\":\"Blog do Farn\u00e9sio\"},\"image\":{\"@id\":\"https:\\\/\\\/blogdofarnesio.com.br\\\/#\\\/schema\\\/logo\\\/image\\\/\"},\"sameAs\":[\"https:\\\/\\\/www.facebook.com\\\/BlogQuerSaberPolitica\\\/\"]},{\"@type\":\"Person\",\"@id\":\"\",\"url\":\"https:\\\/\\\/blogdofarnesio.com.br\\\/?author=7\"}]}<\/script>\n<!-- \/ Yoast SEO plugin. -->","yoast_head_json":{"title":"DIRETO DE SOBRADINHO - Blog do Farn\u00e9sio","robots":{"index":"index","follow":"follow","max-snippet":"max-snippet:-1","max-image-preview":"max-image-preview:large","max-video-preview":"max-video-preview:-1"},"canonical":"https:\/\/blogdofarnesio.com.br\/?p=130453","og_locale":"pt_BR","og_type":"article","og_title":"DIRETO DE SOBRADINHO - Blog do Farn\u00e9sio","og_description":"JOGOS ESCOLARES 2015 MOVIMENTAM SOBRADINHO Depois da abertura\u00a0dos Jogos Escolares 2015, que aconteceu no \u00faltimo s\u00e1bado, 19, em Sobradinho as escolas se movimentam para as competi\u00e7\u00f5es que acontecer\u00e3o no pr\u00f3ximo final de semana(s\u00e1bado e domingo) \u00a0nas quadras poliesportivas. Este ano o evento esportivo est\u00e1 reunindo todas as escolas municipais, estaduais, particulares e algumas institui\u00e7\u00f5es sociais . Alunos de treze institui\u00e7\u00f5es de ensino participar\u00e3o de diversas modalidades esportivas que o evento proporciona, com o objetivo de incentivar a pr\u00e1tica de esportes e promover a intera\u00e7\u00e3o entre a comunidade estudantil. Os jogos acontecer\u00e3o at\u00e9 o m\u00eas de outubro, sempre aos finais de semana, uma a\u00e7\u00e3o conjunta das\u00a0Secretarias de Educa\u00e7\u00e3o e de Turismo, Esporte e Cultura da Prefeitura de Sobradinho. Ser\u00e3o disputadas as&hellip;","og_url":"https:\/\/blogdofarnesio.com.br\/?p=130453","og_site_name":"Blog do Farn\u00e9sio","article_publisher":"https:\/\/www.facebook.com\/BlogQuerSaberPolitica\/","article_published_time":"2015-09-25T18:40:58+00:00","og_image":[{"url":"http:\/\/www.quersaberpolitica.com.br\/2016\/wp-content\/uploads\/2015\/09\/blogqsp-jogosescolares-sobradinho1-300x230.jpg","type":"","width":"","height":""}],"twitter_card":"summary_large_image","twitter_misc":{"Escrito por":"","Est. tempo de leitura":"1 minuto"},"schema":{"@context":"https:\/\/schema.org","@graph":[{"@type":"Article","@id":"https:\/\/blogdofarnesio.com.br\/?p=130453#article","isPartOf":{"@id":"https:\/\/blogdofarnesio.com.br\/?p=130453"},"author":{"name":"","@id":""},"headline":"DIRETO DE SOBRADINHO","datePublished":"2015-09-25T18:40:58+00:00","mainEntityOfPage":{"@id":"https:\/\/blogdofarnesio.com.br\/?p=130453"},"wordCount":273,"commentCount":0,"publisher":{"@id":"https:\/\/blogdofarnesio.com.br\/#organization"},"image":{"@id":"https:\/\/blogdofarnesio.com.br\/?p=130453#primaryimage"},"thumbnailUrl":"http:\/\/www.quersaberpolitica.com.br\/2016\/wp-content\/uploads\/2015\/09\/blogqsp-jogosescolares-sobradinho1-300x230.jpg","articleSection":["Administra\u00e7\u00e3o","Esportes"],"inLanguage":"pt-BR","potentialAction":[{"@type":"CommentAction","name":"Comment","target":["https:\/\/blogdofarnesio.com.br\/?p=130453#respond"]}]},{"@type":"WebPage","@id":"https:\/\/blogdofarnesio.com.br\/?p=130453","url":"https:\/\/blogdofarnesio.com.br\/?p=130453","name":"DIRETO DE SOBRADINHO - Blog do Farn\u00e9sio","isPartOf":{"@id":"https:\/\/blogdofarnesio.com.br\/#website"},"primaryImageOfPage":{"@id":"https:\/\/blogdofarnesio.com.br\/?p=130453#primaryimage"},"image":{"@id":"https:\/\/blogdofarnesio.com.br\/?p=130453#primaryimage"},"thumbnailUrl":"http:\/\/www.quersaberpolitica.com.br\/2016\/wp-content\/uploads\/2015\/09\/blogqsp-jogosescolares-sobradinho1-300x230.jpg","datePublished":"2015-09-25T18:40:58+00:00","breadcrumb":{"@id":"https:\/\/blogdofarnesio.com.br\/?p=130453#breadcrumb"},"inLanguage":"pt-BR","potentialAction":[{"@type":"ReadAction","target":["https:\/\/blogdofarnesio.com.br\/?p=130453"]}]},{"@type":"ImageObject","inLanguage":"pt-BR","@id":"https:\/\/blogdofarnesio.com.br\/?p=130453#primaryimage","url":"http:\/\/www.quersaberpolitica.com.br\/2016\/wp-content\/uploads\/2015\/09\/blogqsp-jogosescolares-sobradinho1-300x230.jpg","contentUrl":"http:\/\/www.quersaberpolitica.com.br\/2016\/wp-content\/uploads\/2015\/09\/blogqsp-jogosescolares-sobradinho1-300x230.jpg"},{"@type":"BreadcrumbList","@id":"https:\/\/blogdofarnesio.com.br\/?p=130453#breadcrumb","itemListElement":[{"@type":"ListItem","position":1,"name":"In\u00edcio","item":"https:\/\/blogdofarnesio.com.br\/"},{"@type":"ListItem","position":2,"name":"DIRETO DE SOBRADINHO"}]},{"@type":"WebSite","@id":"https:\/\/blogdofarnesio.com.br\/#website","url":"https:\/\/blogdofarnesio.com.br\/","name":"Blog do Farn\u00e9sio","description":"Quer Saber Pol\u00edtica?","publisher":{"@id":"https:\/\/blogdofarnesio.com.br\/#organization"},"potentialAction":[{"@type":"SearchAction","target":{"@type":"EntryPoint","urlTemplate":"https:\/\/blogdofarnesio.com.br\/?s={search_term_string}"},"query-input":{"@type":"PropertyValueSpecification","valueRequired":true,"valueName":"search_term_string"}}],"inLanguage":"pt-BR"},{"@type":"Organization","@id":"https:\/\/blogdofarnesio.com.br\/#organization","name":"Blog do Farn\u00e9sio","url":"https:\/\/blogdofarnesio.com.br\/","logo":{"@type":"ImageObject","inLanguage":"pt-BR","@id":"https:\/\/blogdofarnesio.com.br\/#\/schema\/logo\/image\/","url":"https:\/\/blogdofarnesio.com.br\/wp-content\/uploads\/2026\/03\/cropped-logo_new-1.png","contentUrl":"https:\/\/blogdofarnesio.com.br\/wp-content\/uploads\/2026\/03\/cropped-logo_new-1.png","width":881,"height":685,"caption":"Blog do Farn\u00e9sio"},"image":{"@id":"https:\/\/blogdofarnesio.com.br\/#\/schema\/logo\/image\/"},"sameAs":["https:\/\/www.facebook.com\/BlogQuerSaberPolitica\/"]},{"@type":"Person","@id":"","url":"https:\/\/blogdofarnesio.com.br\/?author=7"}]}},"_links":{"self":[{"href":"https:\/\/blogdofarnesio.com.br\/index.php?rest_route=\/wp\/v2\/posts\/130453","targetHints":{"allow":["GET"]}}],"collection":[{"href":"https:\/\/blogdofarnesio.com.br\/index.php?rest_route=\/wp\/v2\/posts"}],"about":[{"href":"https:\/\/blogdofarnesio.com.br\/index.php?rest_route=\/wp\/v2\/types\/post"}],"author":[{"embeddable":true,"href":"https:\/\/blogdofarnesio.com.br\/index.php?rest_route=\/wp\/v2\/users\/7"}],"replies":[{"embeddable":true,"href":"https:\/\/blogdofarnesio.com.br\/index.php?rest_route=%2Fwp%2Fv2%2Fcomments&post=130453"}],"version-history":[{"count":0,"href":"https:\/\/blogdofarnesio.com.br\/index.php?rest_route=\/wp\/v2\/posts\/130453\/revisions"}],"wp:attachment":[{"href":"https:\/\/blogdofarnesio.com.br\/index.php?rest_route=%2Fwp%2Fv2%2Fmedia&parent=130453"}],"wp:term":[{"taxonomy":"category","embeddable":true,"href":"https:\/\/blogdofarnesio.com.br\/index.php?rest_route=%2Fwp%2Fv2%2Fcategories&post=130453"},{"taxonomy":"post_tag","embeddable":true,"href":"https:\/\/blogdofarnesio.com.br\/index.php?rest_route=%2Fwp%2Fv2%2Ftags&post=130453"}],"curies":[{"name":"wp","href":"https:\/\/api.w.org\/{rel}","templated":true}]}}