{"id":130441,"date":"2015-09-25T10:00:14","date_gmt":"2015-09-25T13:00:14","guid":{"rendered":"http:\/\/www.quersaberpolitica.com.br\/?p=130441"},"modified":"2015-09-25T07:39:09","modified_gmt":"2015-09-25T10:39:09","slug":"inscricoes-para-o-festival-edesio-santos-da-cancao-encerram-hoje-25","status":"publish","type":"post","link":"https:\/\/blogdofarnesio.com.br\/?p=130441","title":{"rendered":"INSCRI\u00c7\u00d5ES PARA O FESTIVAL ED\u00c9SIO SANTOS DA CAN\u00c7\u00c3O ENCERRAM HOJE (25)"},"content":{"rendered":"<p style=\"text-align: justify\"><a href=\"http:\/\/www.quersaberpolitica.com.br\/2016\/wp-content\/uploads\/2015\/09\/blogqspsamuel-Foto-Farn\u00e9sio-Silva2.jpg\"><img loading=\"lazy\" decoding=\"async\" class=\" size-medium wp-image-129987 aligncenter\" src=\"http:\/\/www.quersaberpolitica.com.br\/2016\/wp-content\/uploads\/2015\/09\/blogqspsamuel-Foto-Farn\u00e9sio-Silva2-300x200.jpg\" alt=\"blogqspsamuel   Foto Farn\u00e9sio Silva2\" width=\"300\" height=\"200\" srcset=\"https:\/\/blogdofarnesio.com.br\/wp-content\/uploads\/2015\/09\/blogqspsamuel-Foto-Farn\u00e9sio-Silva2-300x200.jpg 300w, https:\/\/blogdofarnesio.com.br\/wp-content\/uploads\/2015\/09\/blogqspsamuel-Foto-Farn\u00e9sio-Silva2-450x300.jpg 450w, https:\/\/blogdofarnesio.com.br\/wp-content\/uploads\/2015\/09\/blogqspsamuel-Foto-Farn\u00e9sio-Silva2.jpg 640w\" sizes=\"auto, (max-width: 300px) 100vw, 300px\" \/><\/a><\/p>\n<p style=\"text-align: justify\">Quem ainda n\u00e3o se inscreveu no Festival\u00a0Ed\u00e9sio\u00a0Santos\u00a0da Can\u00e7\u00e3o &#8211; FESC 2015 tem at\u00e9 hoje para efetuar a sua inscri\u00e7\u00e3o. As inscri\u00e7\u00f5es podem ser efetuadas at\u00e9 \u00e0s 18 horas. O coordenador de eventos da prefeitura de Juazeiro, Samuel Morais, informou que as inscri\u00e7\u00f5es s\u00e3o gratuitas e\u00a0os concorrentes que desejarem efetuar suas inscri\u00e7\u00f5es de maneira presencial podem se dirigir \u00e0 sede da secretaria de Cultura e Juventude de Juazeiro (SECJU) em hor\u00e1rio comercial com a ficha de inscri\u00e7\u00e3o preenchida, dispon\u00edvel no site da Prefeitura de Juazeiro\u00a0<a href=\"http:\/\/www.juazeiro.ba.gov.br\/\">www.juazeiro.ba.gov.br<\/a>\u00a0, assim como o regulamento.<\/p>\n<p style=\"text-align: justify\">O Festival Nacional\u00a0Ed\u00e9sio\u00a0Santos\u00a0da Can\u00e7\u00e3o vai premiar as melhores composi\u00e7\u00f5es com pr\u00eamios em dinheiro e trof\u00e9us. S\u00e3o 33 mil reais em pr\u00eamios divididos por categoria: primeiro, segundo, e terceiro lugares; melhor m\u00fasica local; melhor int\u00e9rprete, e pr\u00eamio j\u00fari popular.<\/p>\n<p style=\"text-align: justify\">O FESC ser\u00e1 realizado no per\u00edodo de\u00a022 a 24 de outubro, na Orla II da cidade, e contar\u00e1 como atra\u00e7\u00e3o principal a cantora Mi\u00facha, irm\u00e3 de Chico Buarque e parceira de Jo\u00e3o Gilberto na arte e na vida. A artista vir\u00e1 a Juazeiro inaugurar uma escultura em homenagem ao filho ilustre da cidade, que projetou o nome de sua terra natal mundialmente, atrav\u00e9s de seu estilo \u00fanico de tocar e cantar a bossa nova. Mi\u00facha far\u00e1 show de encerramento do Festival\u00a0Ed\u00e9sio\u00a0Santos\u00a0da Can\u00e7\u00e3o.<\/p>\n","protected":false},"excerpt":{"rendered":"<p>Quem ainda n\u00e3o se inscreveu no Festival\u00a0Ed\u00e9sio\u00a0Santos\u00a0da Can\u00e7\u00e3o &#8211; FESC 2015 tem at\u00e9 hoje para efetuar a sua inscri\u00e7\u00e3o. As inscri\u00e7\u00f5es podem ser efetuadas at\u00e9 \u00e0s 18 horas. O coordenador de eventos da prefeitura de Juazeiro, Samuel Morais, informou que as inscri\u00e7\u00f5es s\u00e3o gratuitas e\u00a0os concorrentes que desejarem efetuar suas inscri\u00e7\u00f5es de maneira presencial podem se dirigir \u00e0 sede da secretaria de Cultura e Juventude de Juazeiro (SECJU) em hor\u00e1rio comercial com a ficha de inscri\u00e7\u00e3o preenchida, dispon\u00edvel no site da Prefeitura de Juazeiro\u00a0www.juazeiro.ba.gov.br\u00a0, assim como o regulamento. O Festival Nacional\u00a0Ed\u00e9sio\u00a0Santos\u00a0da Can\u00e7\u00e3o vai premiar as melhores composi\u00e7\u00f5es com pr\u00eamios em dinheiro e trof\u00e9us. S\u00e3o 33 mil reais em pr\u00eamios divididos por categoria: primeiro, segundo, e terceiro lugares; melhor m\u00fasica local;&hellip; <\/p>\n","protected":false},"author":7,"featured_media":0,"comment_status":"open","ping_status":"open","sticky":false,"template":"","format":"standard","meta":{"_acf_changed":false,"footnotes":""},"categories":[44,10],"tags":[],"class_list":["post-130441","post","type-post","status-publish","format-standard","hentry","category-administracao","category-cultura"],"acf":[],"yoast_head":"<!-- This site is optimized with the Yoast SEO plugin v27.4 - https:\/\/yoast.com\/product\/yoast-seo-wordpress\/ -->\n<title>INSCRI\u00c7\u00d5ES PARA O FESTIVAL ED\u00c9SIO SANTOS DA CAN\u00c7\u00c3O ENCERRAM HOJE (25) - Blog do Farn\u00e9sio<\/title>\n<meta name=\"robots\" content=\"index, follow, max-snippet:-1, max-image-preview:large, max-video-preview:-1\" \/>\n<link rel=\"canonical\" href=\"https:\/\/blogdofarnesio.com.br\/?p=130441\" \/>\n<meta property=\"og:locale\" content=\"pt_BR\" \/>\n<meta property=\"og:type\" content=\"article\" \/>\n<meta property=\"og:title\" content=\"INSCRI\u00c7\u00d5ES PARA O FESTIVAL ED\u00c9SIO SANTOS DA CAN\u00c7\u00c3O ENCERRAM HOJE (25) - Blog do Farn\u00e9sio\" \/>\n<meta property=\"og:description\" content=\"Quem ainda n\u00e3o se inscreveu no Festival\u00a0Ed\u00e9sio\u00a0Santos\u00a0da Can\u00e7\u00e3o &#8211; FESC 2015 tem at\u00e9 hoje para efetuar a sua inscri\u00e7\u00e3o. As inscri\u00e7\u00f5es podem ser efetuadas at\u00e9 \u00e0s 18 horas. O coordenador de eventos da prefeitura de Juazeiro, Samuel Morais, informou que as inscri\u00e7\u00f5es s\u00e3o gratuitas e\u00a0os concorrentes que desejarem efetuar suas inscri\u00e7\u00f5es de maneira presencial podem se dirigir \u00e0 sede da secretaria de Cultura e Juventude de Juazeiro (SECJU) em hor\u00e1rio comercial com a ficha de inscri\u00e7\u00e3o preenchida, dispon\u00edvel no site da Prefeitura de Juazeiro\u00a0www.juazeiro.ba.gov.br\u00a0, assim como o regulamento. O Festival Nacional\u00a0Ed\u00e9sio\u00a0Santos\u00a0da Can\u00e7\u00e3o vai premiar as melhores composi\u00e7\u00f5es com pr\u00eamios em dinheiro e trof\u00e9us. S\u00e3o 33 mil reais em pr\u00eamios divididos por categoria: primeiro, segundo, e terceiro lugares; melhor m\u00fasica local;&hellip;\" \/>\n<meta property=\"og:url\" content=\"https:\/\/blogdofarnesio.com.br\/?p=130441\" \/>\n<meta property=\"og:site_name\" content=\"Blog do Farn\u00e9sio\" \/>\n<meta property=\"article:publisher\" content=\"https:\/\/www.facebook.com\/BlogQuerSaberPolitica\/\" \/>\n<meta property=\"article:published_time\" content=\"2015-09-25T13:00:14+00:00\" \/>\n<meta name=\"twitter:card\" content=\"summary_large_image\" \/>\n<meta name=\"twitter:label1\" content=\"Escrito por\" \/>\n\t<meta name=\"twitter:data1\" content=\"\" \/>\n\t<meta name=\"twitter:label2\" content=\"Est. tempo de leitura\" \/>\n\t<meta name=\"twitter:data2\" content=\"1 minuto\" \/>\n<script type=\"application\/ld+json\" class=\"yoast-schema-graph\">{\"@context\":\"https:\\\/\\\/schema.org\",\"@graph\":[{\"@type\":\"Article\",\"@id\":\"https:\\\/\\\/blogdofarnesio.com.br\\\/?p=130441#article\",\"isPartOf\":{\"@id\":\"https:\\\/\\\/blogdofarnesio.com.br\\\/?p=130441\"},\"author\":{\"name\":\"\",\"@id\":\"\"},\"headline\":\"INSCRI\u00c7\u00d5ES PARA O FESTIVAL ED\u00c9SIO SANTOS DA CAN\u00c7\u00c3O ENCERRAM HOJE (25)\",\"datePublished\":\"2015-09-25T13:00:14+00:00\",\"mainEntityOfPage\":{\"@id\":\"https:\\\/\\\/blogdofarnesio.com.br\\\/?p=130441\"},\"wordCount\":261,\"commentCount\":0,\"publisher\":{\"@id\":\"https:\\\/\\\/blogdofarnesio.com.br\\\/#organization\"},\"articleSection\":[\"Administra\u00e7\u00e3o\",\"Cultura\"],\"inLanguage\":\"pt-BR\",\"potentialAction\":[{\"@type\":\"CommentAction\",\"name\":\"Comment\",\"target\":[\"https:\\\/\\\/blogdofarnesio.com.br\\\/?p=130441#respond\"]}]},{\"@type\":\"WebPage\",\"@id\":\"https:\\\/\\\/blogdofarnesio.com.br\\\/?p=130441\",\"url\":\"https:\\\/\\\/blogdofarnesio.com.br\\\/?p=130441\",\"name\":\"INSCRI\u00c7\u00d5ES PARA O FESTIVAL ED\u00c9SIO SANTOS DA CAN\u00c7\u00c3O ENCERRAM HOJE (25) - Blog do Farn\u00e9sio\",\"isPartOf\":{\"@id\":\"https:\\\/\\\/blogdofarnesio.com.br\\\/#website\"},\"datePublished\":\"2015-09-25T13:00:14+00:00\",\"breadcrumb\":{\"@id\":\"https:\\\/\\\/blogdofarnesio.com.br\\\/?p=130441#breadcrumb\"},\"inLanguage\":\"pt-BR\",\"potentialAction\":[{\"@type\":\"ReadAction\",\"target\":[\"https:\\\/\\\/blogdofarnesio.com.br\\\/?p=130441\"]}]},{\"@type\":\"BreadcrumbList\",\"@id\":\"https:\\\/\\\/blogdofarnesio.com.br\\\/?p=130441#breadcrumb\",\"itemListElement\":[{\"@type\":\"ListItem\",\"position\":1,\"name\":\"In\u00edcio\",\"item\":\"https:\\\/\\\/blogdofarnesio.com.br\\\/\"},{\"@type\":\"ListItem\",\"position\":2,\"name\":\"INSCRI\u00c7\u00d5ES PARA O FESTIVAL ED\u00c9SIO SANTOS DA CAN\u00c7\u00c3O ENCERRAM HOJE (25)\"}]},{\"@type\":\"WebSite\",\"@id\":\"https:\\\/\\\/blogdofarnesio.com.br\\\/#website\",\"url\":\"https:\\\/\\\/blogdofarnesio.com.br\\\/\",\"name\":\"Blog do Farn\u00e9sio\",\"description\":\"Quer Saber Pol\u00edtica?\",\"publisher\":{\"@id\":\"https:\\\/\\\/blogdofarnesio.com.br\\\/#organization\"},\"potentialAction\":[{\"@type\":\"SearchAction\",\"target\":{\"@type\":\"EntryPoint\",\"urlTemplate\":\"https:\\\/\\\/blogdofarnesio.com.br\\\/?s={search_term_string}\"},\"query-input\":{\"@type\":\"PropertyValueSpecification\",\"valueRequired\":true,\"valueName\":\"search_term_string\"}}],\"inLanguage\":\"pt-BR\"},{\"@type\":\"Organization\",\"@id\":\"https:\\\/\\\/blogdofarnesio.com.br\\\/#organization\",\"name\":\"Blog do Farn\u00e9sio\",\"url\":\"https:\\\/\\\/blogdofarnesio.com.br\\\/\",\"logo\":{\"@type\":\"ImageObject\",\"inLanguage\":\"pt-BR\",\"@id\":\"https:\\\/\\\/blogdofarnesio.com.br\\\/#\\\/schema\\\/logo\\\/image\\\/\",\"url\":\"https:\\\/\\\/blogdofarnesio.com.br\\\/wp-content\\\/uploads\\\/2026\\\/03\\\/cropped-logo_new-1.png\",\"contentUrl\":\"https:\\\/\\\/blogdofarnesio.com.br\\\/wp-content\\\/uploads\\\/2026\\\/03\\\/cropped-logo_new-1.png\",\"width\":881,\"height\":685,\"caption\":\"Blog do Farn\u00e9sio\"},\"image\":{\"@id\":\"https:\\\/\\\/blogdofarnesio.com.br\\\/#\\\/schema\\\/logo\\\/image\\\/\"},\"sameAs\":[\"https:\\\/\\\/www.facebook.com\\\/BlogQuerSaberPolitica\\\/\"]},{\"@type\":\"Person\",\"@id\":\"\",\"url\":\"https:\\\/\\\/blogdofarnesio.com.br\\\/?author=7\"}]}<\/script>\n<!-- \/ Yoast SEO plugin. -->","yoast_head_json":{"title":"INSCRI\u00c7\u00d5ES PARA O FESTIVAL ED\u00c9SIO SANTOS DA CAN\u00c7\u00c3O ENCERRAM HOJE (25) - Blog do Farn\u00e9sio","robots":{"index":"index","follow":"follow","max-snippet":"max-snippet:-1","max-image-preview":"max-image-preview:large","max-video-preview":"max-video-preview:-1"},"canonical":"https:\/\/blogdofarnesio.com.br\/?p=130441","og_locale":"pt_BR","og_type":"article","og_title":"INSCRI\u00c7\u00d5ES PARA O FESTIVAL ED\u00c9SIO SANTOS DA CAN\u00c7\u00c3O ENCERRAM HOJE (25) - Blog do Farn\u00e9sio","og_description":"Quem ainda n\u00e3o se inscreveu no Festival\u00a0Ed\u00e9sio\u00a0Santos\u00a0da Can\u00e7\u00e3o &#8211; FESC 2015 tem at\u00e9 hoje para efetuar a sua inscri\u00e7\u00e3o. As inscri\u00e7\u00f5es podem ser efetuadas at\u00e9 \u00e0s 18 horas. O coordenador de eventos da prefeitura de Juazeiro, Samuel Morais, informou que as inscri\u00e7\u00f5es s\u00e3o gratuitas e\u00a0os concorrentes que desejarem efetuar suas inscri\u00e7\u00f5es de maneira presencial podem se dirigir \u00e0 sede da secretaria de Cultura e Juventude de Juazeiro (SECJU) em hor\u00e1rio comercial com a ficha de inscri\u00e7\u00e3o preenchida, dispon\u00edvel no site da Prefeitura de Juazeiro\u00a0www.juazeiro.ba.gov.br\u00a0, assim como o regulamento. O Festival Nacional\u00a0Ed\u00e9sio\u00a0Santos\u00a0da Can\u00e7\u00e3o vai premiar as melhores composi\u00e7\u00f5es com pr\u00eamios em dinheiro e trof\u00e9us. S\u00e3o 33 mil reais em pr\u00eamios divididos por categoria: primeiro, segundo, e terceiro lugares; melhor m\u00fasica local;&hellip;","og_url":"https:\/\/blogdofarnesio.com.br\/?p=130441","og_site_name":"Blog do Farn\u00e9sio","article_publisher":"https:\/\/www.facebook.com\/BlogQuerSaberPolitica\/","article_published_time":"2015-09-25T13:00:14+00:00","twitter_card":"summary_large_image","twitter_misc":{"Escrito por":"","Est. tempo de leitura":"1 minuto"},"schema":{"@context":"https:\/\/schema.org","@graph":[{"@type":"Article","@id":"https:\/\/blogdofarnesio.com.br\/?p=130441#article","isPartOf":{"@id":"https:\/\/blogdofarnesio.com.br\/?p=130441"},"author":{"name":"","@id":""},"headline":"INSCRI\u00c7\u00d5ES PARA O FESTIVAL ED\u00c9SIO SANTOS DA CAN\u00c7\u00c3O ENCERRAM HOJE (25)","datePublished":"2015-09-25T13:00:14+00:00","mainEntityOfPage":{"@id":"https:\/\/blogdofarnesio.com.br\/?p=130441"},"wordCount":261,"commentCount":0,"publisher":{"@id":"https:\/\/blogdofarnesio.com.br\/#organization"},"articleSection":["Administra\u00e7\u00e3o","Cultura"],"inLanguage":"pt-BR","potentialAction":[{"@type":"CommentAction","name":"Comment","target":["https:\/\/blogdofarnesio.com.br\/?p=130441#respond"]}]},{"@type":"WebPage","@id":"https:\/\/blogdofarnesio.com.br\/?p=130441","url":"https:\/\/blogdofarnesio.com.br\/?p=130441","name":"INSCRI\u00c7\u00d5ES PARA O FESTIVAL ED\u00c9SIO SANTOS DA CAN\u00c7\u00c3O ENCERRAM HOJE (25) - Blog do Farn\u00e9sio","isPartOf":{"@id":"https:\/\/blogdofarnesio.com.br\/#website"},"datePublished":"2015-09-25T13:00:14+00:00","breadcrumb":{"@id":"https:\/\/blogdofarnesio.com.br\/?p=130441#breadcrumb"},"inLanguage":"pt-BR","potentialAction":[{"@type":"ReadAction","target":["https:\/\/blogdofarnesio.com.br\/?p=130441"]}]},{"@type":"BreadcrumbList","@id":"https:\/\/blogdofarnesio.com.br\/?p=130441#breadcrumb","itemListElement":[{"@type":"ListItem","position":1,"name":"In\u00edcio","item":"https:\/\/blogdofarnesio.com.br\/"},{"@type":"ListItem","position":2,"name":"INSCRI\u00c7\u00d5ES PARA O FESTIVAL ED\u00c9SIO SANTOS DA CAN\u00c7\u00c3O ENCERRAM HOJE (25)"}]},{"@type":"WebSite","@id":"https:\/\/blogdofarnesio.com.br\/#website","url":"https:\/\/blogdofarnesio.com.br\/","name":"Blog do Farn\u00e9sio","description":"Quer Saber Pol\u00edtica?","publisher":{"@id":"https:\/\/blogdofarnesio.com.br\/#organization"},"potentialAction":[{"@type":"SearchAction","target":{"@type":"EntryPoint","urlTemplate":"https:\/\/blogdofarnesio.com.br\/?s={search_term_string}"},"query-input":{"@type":"PropertyValueSpecification","valueRequired":true,"valueName":"search_term_string"}}],"inLanguage":"pt-BR"},{"@type":"Organization","@id":"https:\/\/blogdofarnesio.com.br\/#organization","name":"Blog do Farn\u00e9sio","url":"https:\/\/blogdofarnesio.com.br\/","logo":{"@type":"ImageObject","inLanguage":"pt-BR","@id":"https:\/\/blogdofarnesio.com.br\/#\/schema\/logo\/image\/","url":"https:\/\/blogdofarnesio.com.br\/wp-content\/uploads\/2026\/03\/cropped-logo_new-1.png","contentUrl":"https:\/\/blogdofarnesio.com.br\/wp-content\/uploads\/2026\/03\/cropped-logo_new-1.png","width":881,"height":685,"caption":"Blog do Farn\u00e9sio"},"image":{"@id":"https:\/\/blogdofarnesio.com.br\/#\/schema\/logo\/image\/"},"sameAs":["https:\/\/www.facebook.com\/BlogQuerSaberPolitica\/"]},{"@type":"Person","@id":"","url":"https:\/\/blogdofarnesio.com.br\/?author=7"}]}},"_links":{"self":[{"href":"https:\/\/blogdofarnesio.com.br\/index.php?rest_route=\/wp\/v2\/posts\/130441","targetHints":{"allow":["GET"]}}],"collection":[{"href":"https:\/\/blogdofarnesio.com.br\/index.php?rest_route=\/wp\/v2\/posts"}],"about":[{"href":"https:\/\/blogdofarnesio.com.br\/index.php?rest_route=\/wp\/v2\/types\/post"}],"author":[{"embeddable":true,"href":"https:\/\/blogdofarnesio.com.br\/index.php?rest_route=\/wp\/v2\/users\/7"}],"replies":[{"embeddable":true,"href":"https:\/\/blogdofarnesio.com.br\/index.php?rest_route=%2Fwp%2Fv2%2Fcomments&post=130441"}],"version-history":[{"count":0,"href":"https:\/\/blogdofarnesio.com.br\/index.php?rest_route=\/wp\/v2\/posts\/130441\/revisions"}],"wp:attachment":[{"href":"https:\/\/blogdofarnesio.com.br\/index.php?rest_route=%2Fwp%2Fv2%2Fmedia&parent=130441"}],"wp:term":[{"taxonomy":"category","embeddable":true,"href":"https:\/\/blogdofarnesio.com.br\/index.php?rest_route=%2Fwp%2Fv2%2Fcategories&post=130441"},{"taxonomy":"post_tag","embeddable":true,"href":"https:\/\/blogdofarnesio.com.br\/index.php?rest_route=%2Fwp%2Fv2%2Ftags&post=130441"}],"curies":[{"name":"wp","href":"https:\/\/api.w.org\/{rel}","templated":true}]}}