{"id":130242,"date":"2015-09-22T11:30:36","date_gmt":"2015-09-22T14:30:36","guid":{"rendered":"http:\/\/www.quersaberpolitica.com.br\/?p=130242"},"modified":"2015-09-22T07:58:20","modified_gmt":"2015-09-22T10:58:20","slug":"dilma-mordeu-outra-isca","status":"publish","type":"post","link":"https:\/\/blogdofarnesio.com.br\/?p=130242","title":{"rendered":"DILMA MORDEU OUTRA ISCA"},"content":{"rendered":"<p style=\"text-align: justify\"><a href=\"http:\/\/www.quersaberpolitica.com.br\/2016\/wp-content\/uploads\/2015\/09\/blogqsp-charge-RicoDilma.png\"><img loading=\"lazy\" decoding=\"async\" class=\"  wp-image-130243 aligncenter\" src=\"http:\/\/www.quersaberpolitica.com.br\/2016\/wp-content\/uploads\/2015\/09\/blogqsp-charge-RicoDilma-300x149.png\" alt=\"blogqsp-charge-RicoDilma\" width=\"351\" height=\"181\" \/><\/a><\/p>\n<p style=\"text-align: justify\">O reencontro com Michel Temer, que voltou da longa turn\u00ea pelo leste europeu, n\u00e3o foi nada agrad\u00e1vel para Dilma Rousseff. Nesta segunda, o vice disse \u00e0 presidente que n\u00e3o far\u00e1 indica\u00e7\u00f5es para a reforma ministerial. Dilma ouviu o mesmo do deputado Eduardo Cunha e do senador Renan Calheiros.<\/p>\n<p style=\"text-align: justify\">O PMDB encostou a faca no pesco\u00e7o presidencial. Como o partido n\u00e3o costuma esnobar cargos e or\u00e7amentos, sobram duas alternativas poss\u00edveis. Na primeira, elevou as amea\u00e7as para arrancar mais do que foi oferecido at\u00e9 aqui. Na segunda, decidiu antecipar o desembarque do governo.<\/p>\n<p style=\"text-align: justify\">Os peemedebistas detestaram o primeiro rascunho da reforma. N\u00e3o conseguiram derrubar o petista Aloizio Marcadante e n\u00e3o garantiram seu sonho de consumo, mandar na Sa\u00fade ou na Educa\u00e7\u00e3o. Sem resposta positiva at\u00e9 aqui, restou a velha t\u00e1tica da amea\u00e7a para obter o que desejam.<\/p>\n<p style=\"text-align: justify\"><!--more--><\/p>\n<p style=\"text-align: justify\">A outra alternativa \u00e9 ainda pior para Dilma. Em vez de jogar mais duro para negociar, o PMDB teria decidido abandonar de vez o governo. Se isso acontecer, o principal benefici\u00e1rio ser\u00e1 o vice-presidente da Rep\u00fablica.<\/p>\n<p style=\"text-align: justify\">As recusas de Temer, Renan e Cunha agravaram o p\u00e2nico entre os petistas, que ainda n\u00e3o sabem qual das hip\u00f3teses ser\u00e1 confirmada.<\/p>\n<p style=\"text-align: justify\">A enrascada da reforma ministerial mostra que Dilma mordeu outra isca deixada pelo partido do vice. Em agosto, o PMDB defendeu que a presidente enviasse ao Congresso um Or\u00e7amento com previs\u00e3o de deficit. Ela seguiu o conselho com entusiasmo e foi punida com o rebaixamento do pa\u00eds por uma ag\u00eancia de risco.<\/p>\n<p style=\"text-align: justify\">Agora Dilma est\u00e1 em apuros por executar outro plano da cartilha peemedebista: o corte de minist\u00e9rios, a pretexto de enxugar a m\u00e1quina.<\/p>\n<p style=\"text-align: justify\">Desabafo de um ex-ministro de Lula desiludido com os erros t\u00e1ticos de Dilma: &#8220;Circular pelo Planalto entristece at\u00e9 o mais fiel aliado. Estamos vivendo uma crise para profissionais, e o governo \u00e9 gerido por amadores&#8221;.<\/p>\n<p><em>Blog do Magno<\/em><\/p>\n","protected":false},"excerpt":{"rendered":"<p>O reencontro com Michel Temer, que voltou da longa turn\u00ea pelo leste europeu, n\u00e3o foi nada agrad\u00e1vel para Dilma Rousseff. Nesta segunda, o vice disse \u00e0 presidente que n\u00e3o far\u00e1 indica\u00e7\u00f5es para a reforma ministerial. Dilma ouviu o mesmo do deputado Eduardo Cunha e do senador Renan Calheiros. O PMDB encostou a faca no pesco\u00e7o presidencial. Como o partido n\u00e3o costuma esnobar cargos e or\u00e7amentos, sobram duas alternativas poss\u00edveis. Na primeira, elevou as amea\u00e7as para arrancar mais do que foi oferecido at\u00e9 aqui. Na segunda, decidiu antecipar o desembarque do governo. Os peemedebistas detestaram o primeiro rascunho da reforma. N\u00e3o conseguiram derrubar o petista Aloizio Marcadante e n\u00e3o garantiram seu sonho de consumo, mandar na Sa\u00fade ou na Educa\u00e7\u00e3o. Sem&hellip; <\/p>\n","protected":false},"author":7,"featured_media":0,"comment_status":"open","ping_status":"open","sticky":false,"template":"","format":"standard","meta":{"_acf_changed":false,"footnotes":""},"categories":[1],"tags":[],"class_list":["post-130242","post","type-post","status-publish","format-standard","hentry","category-politica"],"acf":[],"yoast_head":"<!-- This site is optimized with the Yoast SEO plugin v27.4 - https:\/\/yoast.com\/product\/yoast-seo-wordpress\/ -->\n<title>DILMA MORDEU OUTRA ISCA - Blog do Farn\u00e9sio<\/title>\n<meta name=\"robots\" content=\"index, follow, max-snippet:-1, max-image-preview:large, max-video-preview:-1\" \/>\n<link rel=\"canonical\" href=\"https:\/\/blogdofarnesio.com.br\/?p=130242\" \/>\n<meta property=\"og:locale\" content=\"pt_BR\" \/>\n<meta property=\"og:type\" content=\"article\" \/>\n<meta property=\"og:title\" content=\"DILMA MORDEU OUTRA ISCA - Blog do Farn\u00e9sio\" \/>\n<meta property=\"og:description\" content=\"O reencontro com Michel Temer, que voltou da longa turn\u00ea pelo leste europeu, n\u00e3o foi nada agrad\u00e1vel para Dilma Rousseff. Nesta segunda, o vice disse \u00e0 presidente que n\u00e3o far\u00e1 indica\u00e7\u00f5es para a reforma ministerial. Dilma ouviu o mesmo do deputado Eduardo Cunha e do senador Renan Calheiros. O PMDB encostou a faca no pesco\u00e7o presidencial. Como o partido n\u00e3o costuma esnobar cargos e or\u00e7amentos, sobram duas alternativas poss\u00edveis. Na primeira, elevou as amea\u00e7as para arrancar mais do que foi oferecido at\u00e9 aqui. Na segunda, decidiu antecipar o desembarque do governo. Os peemedebistas detestaram o primeiro rascunho da reforma. N\u00e3o conseguiram derrubar o petista Aloizio Marcadante e n\u00e3o garantiram seu sonho de consumo, mandar na Sa\u00fade ou na Educa\u00e7\u00e3o. Sem&hellip;\" \/>\n<meta property=\"og:url\" content=\"https:\/\/blogdofarnesio.com.br\/?p=130242\" \/>\n<meta property=\"og:site_name\" content=\"Blog do Farn\u00e9sio\" \/>\n<meta property=\"article:publisher\" content=\"https:\/\/www.facebook.com\/BlogQuerSaberPolitica\/\" \/>\n<meta property=\"article:published_time\" content=\"2015-09-22T14:30:36+00:00\" \/>\n<meta property=\"og:image\" content=\"http:\/\/www.quersaberpolitica.com.br\/2016\/wp-content\/uploads\/2015\/09\/blogqsp-charge-RicoDilma-300x149.png\" \/>\n<meta name=\"twitter:card\" content=\"summary_large_image\" \/>\n<meta name=\"twitter:label1\" content=\"Escrito por\" \/>\n\t<meta name=\"twitter:data1\" content=\"\" \/>\n\t<meta name=\"twitter:label2\" content=\"Est. tempo de leitura\" \/>\n\t<meta name=\"twitter:data2\" content=\"2 minutos\" \/>\n<script type=\"application\/ld+json\" class=\"yoast-schema-graph\">{\"@context\":\"https:\\\/\\\/schema.org\",\"@graph\":[{\"@type\":\"Article\",\"@id\":\"https:\\\/\\\/blogdofarnesio.com.br\\\/?p=130242#article\",\"isPartOf\":{\"@id\":\"https:\\\/\\\/blogdofarnesio.com.br\\\/?p=130242\"},\"author\":{\"name\":\"\",\"@id\":\"\"},\"headline\":\"DILMA MORDEU OUTRA ISCA\",\"datePublished\":\"2015-09-22T14:30:36+00:00\",\"mainEntityOfPage\":{\"@id\":\"https:\\\/\\\/blogdofarnesio.com.br\\\/?p=130242\"},\"wordCount\":333,\"commentCount\":0,\"publisher\":{\"@id\":\"https:\\\/\\\/blogdofarnesio.com.br\\\/#organization\"},\"image\":{\"@id\":\"https:\\\/\\\/blogdofarnesio.com.br\\\/?p=130242#primaryimage\"},\"thumbnailUrl\":\"http:\\\/\\\/www.quersaberpolitica.com.br\\\/2016\\\/wp-content\\\/uploads\\\/2015\\\/09\\\/blogqsp-charge-RicoDilma-300x149.png\",\"articleSection\":[\"Pol\u00edtica\"],\"inLanguage\":\"pt-BR\",\"potentialAction\":[{\"@type\":\"CommentAction\",\"name\":\"Comment\",\"target\":[\"https:\\\/\\\/blogdofarnesio.com.br\\\/?p=130242#respond\"]}]},{\"@type\":\"WebPage\",\"@id\":\"https:\\\/\\\/blogdofarnesio.com.br\\\/?p=130242\",\"url\":\"https:\\\/\\\/blogdofarnesio.com.br\\\/?p=130242\",\"name\":\"DILMA MORDEU OUTRA ISCA - Blog do Farn\u00e9sio\",\"isPartOf\":{\"@id\":\"https:\\\/\\\/blogdofarnesio.com.br\\\/#website\"},\"primaryImageOfPage\":{\"@id\":\"https:\\\/\\\/blogdofarnesio.com.br\\\/?p=130242#primaryimage\"},\"image\":{\"@id\":\"https:\\\/\\\/blogdofarnesio.com.br\\\/?p=130242#primaryimage\"},\"thumbnailUrl\":\"http:\\\/\\\/www.quersaberpolitica.com.br\\\/2016\\\/wp-content\\\/uploads\\\/2015\\\/09\\\/blogqsp-charge-RicoDilma-300x149.png\",\"datePublished\":\"2015-09-22T14:30:36+00:00\",\"breadcrumb\":{\"@id\":\"https:\\\/\\\/blogdofarnesio.com.br\\\/?p=130242#breadcrumb\"},\"inLanguage\":\"pt-BR\",\"potentialAction\":[{\"@type\":\"ReadAction\",\"target\":[\"https:\\\/\\\/blogdofarnesio.com.br\\\/?p=130242\"]}]},{\"@type\":\"ImageObject\",\"inLanguage\":\"pt-BR\",\"@id\":\"https:\\\/\\\/blogdofarnesio.com.br\\\/?p=130242#primaryimage\",\"url\":\"http:\\\/\\\/www.quersaberpolitica.com.br\\\/2016\\\/wp-content\\\/uploads\\\/2015\\\/09\\\/blogqsp-charge-RicoDilma-300x149.png\",\"contentUrl\":\"http:\\\/\\\/www.quersaberpolitica.com.br\\\/2016\\\/wp-content\\\/uploads\\\/2015\\\/09\\\/blogqsp-charge-RicoDilma-300x149.png\"},{\"@type\":\"BreadcrumbList\",\"@id\":\"https:\\\/\\\/blogdofarnesio.com.br\\\/?p=130242#breadcrumb\",\"itemListElement\":[{\"@type\":\"ListItem\",\"position\":1,\"name\":\"In\u00edcio\",\"item\":\"https:\\\/\\\/blogdofarnesio.com.br\\\/\"},{\"@type\":\"ListItem\",\"position\":2,\"name\":\"DILMA MORDEU OUTRA ISCA\"}]},{\"@type\":\"WebSite\",\"@id\":\"https:\\\/\\\/blogdofarnesio.com.br\\\/#website\",\"url\":\"https:\\\/\\\/blogdofarnesio.com.br\\\/\",\"name\":\"Blog do Farn\u00e9sio\",\"description\":\"Quer Saber Pol\u00edtica?\",\"publisher\":{\"@id\":\"https:\\\/\\\/blogdofarnesio.com.br\\\/#organization\"},\"potentialAction\":[{\"@type\":\"SearchAction\",\"target\":{\"@type\":\"EntryPoint\",\"urlTemplate\":\"https:\\\/\\\/blogdofarnesio.com.br\\\/?s={search_term_string}\"},\"query-input\":{\"@type\":\"PropertyValueSpecification\",\"valueRequired\":true,\"valueName\":\"search_term_string\"}}],\"inLanguage\":\"pt-BR\"},{\"@type\":\"Organization\",\"@id\":\"https:\\\/\\\/blogdofarnesio.com.br\\\/#organization\",\"name\":\"Blog do Farn\u00e9sio\",\"url\":\"https:\\\/\\\/blogdofarnesio.com.br\\\/\",\"logo\":{\"@type\":\"ImageObject\",\"inLanguage\":\"pt-BR\",\"@id\":\"https:\\\/\\\/blogdofarnesio.com.br\\\/#\\\/schema\\\/logo\\\/image\\\/\",\"url\":\"https:\\\/\\\/blogdofarnesio.com.br\\\/wp-content\\\/uploads\\\/2026\\\/03\\\/cropped-logo_new-1.png\",\"contentUrl\":\"https:\\\/\\\/blogdofarnesio.com.br\\\/wp-content\\\/uploads\\\/2026\\\/03\\\/cropped-logo_new-1.png\",\"width\":881,\"height\":685,\"caption\":\"Blog do Farn\u00e9sio\"},\"image\":{\"@id\":\"https:\\\/\\\/blogdofarnesio.com.br\\\/#\\\/schema\\\/logo\\\/image\\\/\"},\"sameAs\":[\"https:\\\/\\\/www.facebook.com\\\/BlogQuerSaberPolitica\\\/\"]},{\"@type\":\"Person\",\"@id\":\"\",\"url\":\"https:\\\/\\\/blogdofarnesio.com.br\\\/?author=7\"}]}<\/script>\n<!-- \/ Yoast SEO plugin. -->","yoast_head_json":{"title":"DILMA MORDEU OUTRA ISCA - Blog do Farn\u00e9sio","robots":{"index":"index","follow":"follow","max-snippet":"max-snippet:-1","max-image-preview":"max-image-preview:large","max-video-preview":"max-video-preview:-1"},"canonical":"https:\/\/blogdofarnesio.com.br\/?p=130242","og_locale":"pt_BR","og_type":"article","og_title":"DILMA MORDEU OUTRA ISCA - Blog do Farn\u00e9sio","og_description":"O reencontro com Michel Temer, que voltou da longa turn\u00ea pelo leste europeu, n\u00e3o foi nada agrad\u00e1vel para Dilma Rousseff. Nesta segunda, o vice disse \u00e0 presidente que n\u00e3o far\u00e1 indica\u00e7\u00f5es para a reforma ministerial. Dilma ouviu o mesmo do deputado Eduardo Cunha e do senador Renan Calheiros. O PMDB encostou a faca no pesco\u00e7o presidencial. Como o partido n\u00e3o costuma esnobar cargos e or\u00e7amentos, sobram duas alternativas poss\u00edveis. Na primeira, elevou as amea\u00e7as para arrancar mais do que foi oferecido at\u00e9 aqui. Na segunda, decidiu antecipar o desembarque do governo. Os peemedebistas detestaram o primeiro rascunho da reforma. N\u00e3o conseguiram derrubar o petista Aloizio Marcadante e n\u00e3o garantiram seu sonho de consumo, mandar na Sa\u00fade ou na Educa\u00e7\u00e3o. Sem&hellip;","og_url":"https:\/\/blogdofarnesio.com.br\/?p=130242","og_site_name":"Blog do Farn\u00e9sio","article_publisher":"https:\/\/www.facebook.com\/BlogQuerSaberPolitica\/","article_published_time":"2015-09-22T14:30:36+00:00","og_image":[{"url":"http:\/\/www.quersaberpolitica.com.br\/2016\/wp-content\/uploads\/2015\/09\/blogqsp-charge-RicoDilma-300x149.png","type":"","width":"","height":""}],"twitter_card":"summary_large_image","twitter_misc":{"Escrito por":"","Est. tempo de leitura":"2 minutos"},"schema":{"@context":"https:\/\/schema.org","@graph":[{"@type":"Article","@id":"https:\/\/blogdofarnesio.com.br\/?p=130242#article","isPartOf":{"@id":"https:\/\/blogdofarnesio.com.br\/?p=130242"},"author":{"name":"","@id":""},"headline":"DILMA MORDEU OUTRA ISCA","datePublished":"2015-09-22T14:30:36+00:00","mainEntityOfPage":{"@id":"https:\/\/blogdofarnesio.com.br\/?p=130242"},"wordCount":333,"commentCount":0,"publisher":{"@id":"https:\/\/blogdofarnesio.com.br\/#organization"},"image":{"@id":"https:\/\/blogdofarnesio.com.br\/?p=130242#primaryimage"},"thumbnailUrl":"http:\/\/www.quersaberpolitica.com.br\/2016\/wp-content\/uploads\/2015\/09\/blogqsp-charge-RicoDilma-300x149.png","articleSection":["Pol\u00edtica"],"inLanguage":"pt-BR","potentialAction":[{"@type":"CommentAction","name":"Comment","target":["https:\/\/blogdofarnesio.com.br\/?p=130242#respond"]}]},{"@type":"WebPage","@id":"https:\/\/blogdofarnesio.com.br\/?p=130242","url":"https:\/\/blogdofarnesio.com.br\/?p=130242","name":"DILMA MORDEU OUTRA ISCA - Blog do Farn\u00e9sio","isPartOf":{"@id":"https:\/\/blogdofarnesio.com.br\/#website"},"primaryImageOfPage":{"@id":"https:\/\/blogdofarnesio.com.br\/?p=130242#primaryimage"},"image":{"@id":"https:\/\/blogdofarnesio.com.br\/?p=130242#primaryimage"},"thumbnailUrl":"http:\/\/www.quersaberpolitica.com.br\/2016\/wp-content\/uploads\/2015\/09\/blogqsp-charge-RicoDilma-300x149.png","datePublished":"2015-09-22T14:30:36+00:00","breadcrumb":{"@id":"https:\/\/blogdofarnesio.com.br\/?p=130242#breadcrumb"},"inLanguage":"pt-BR","potentialAction":[{"@type":"ReadAction","target":["https:\/\/blogdofarnesio.com.br\/?p=130242"]}]},{"@type":"ImageObject","inLanguage":"pt-BR","@id":"https:\/\/blogdofarnesio.com.br\/?p=130242#primaryimage","url":"http:\/\/www.quersaberpolitica.com.br\/2016\/wp-content\/uploads\/2015\/09\/blogqsp-charge-RicoDilma-300x149.png","contentUrl":"http:\/\/www.quersaberpolitica.com.br\/2016\/wp-content\/uploads\/2015\/09\/blogqsp-charge-RicoDilma-300x149.png"},{"@type":"BreadcrumbList","@id":"https:\/\/blogdofarnesio.com.br\/?p=130242#breadcrumb","itemListElement":[{"@type":"ListItem","position":1,"name":"In\u00edcio","item":"https:\/\/blogdofarnesio.com.br\/"},{"@type":"ListItem","position":2,"name":"DILMA MORDEU OUTRA ISCA"}]},{"@type":"WebSite","@id":"https:\/\/blogdofarnesio.com.br\/#website","url":"https:\/\/blogdofarnesio.com.br\/","name":"Blog do Farn\u00e9sio","description":"Quer Saber Pol\u00edtica?","publisher":{"@id":"https:\/\/blogdofarnesio.com.br\/#organization"},"potentialAction":[{"@type":"SearchAction","target":{"@type":"EntryPoint","urlTemplate":"https:\/\/blogdofarnesio.com.br\/?s={search_term_string}"},"query-input":{"@type":"PropertyValueSpecification","valueRequired":true,"valueName":"search_term_string"}}],"inLanguage":"pt-BR"},{"@type":"Organization","@id":"https:\/\/blogdofarnesio.com.br\/#organization","name":"Blog do Farn\u00e9sio","url":"https:\/\/blogdofarnesio.com.br\/","logo":{"@type":"ImageObject","inLanguage":"pt-BR","@id":"https:\/\/blogdofarnesio.com.br\/#\/schema\/logo\/image\/","url":"https:\/\/blogdofarnesio.com.br\/wp-content\/uploads\/2026\/03\/cropped-logo_new-1.png","contentUrl":"https:\/\/blogdofarnesio.com.br\/wp-content\/uploads\/2026\/03\/cropped-logo_new-1.png","width":881,"height":685,"caption":"Blog do Farn\u00e9sio"},"image":{"@id":"https:\/\/blogdofarnesio.com.br\/#\/schema\/logo\/image\/"},"sameAs":["https:\/\/www.facebook.com\/BlogQuerSaberPolitica\/"]},{"@type":"Person","@id":"","url":"https:\/\/blogdofarnesio.com.br\/?author=7"}]}},"_links":{"self":[{"href":"https:\/\/blogdofarnesio.com.br\/index.php?rest_route=\/wp\/v2\/posts\/130242","targetHints":{"allow":["GET"]}}],"collection":[{"href":"https:\/\/blogdofarnesio.com.br\/index.php?rest_route=\/wp\/v2\/posts"}],"about":[{"href":"https:\/\/blogdofarnesio.com.br\/index.php?rest_route=\/wp\/v2\/types\/post"}],"author":[{"embeddable":true,"href":"https:\/\/blogdofarnesio.com.br\/index.php?rest_route=\/wp\/v2\/users\/7"}],"replies":[{"embeddable":true,"href":"https:\/\/blogdofarnesio.com.br\/index.php?rest_route=%2Fwp%2Fv2%2Fcomments&post=130242"}],"version-history":[{"count":0,"href":"https:\/\/blogdofarnesio.com.br\/index.php?rest_route=\/wp\/v2\/posts\/130242\/revisions"}],"wp:attachment":[{"href":"https:\/\/blogdofarnesio.com.br\/index.php?rest_route=%2Fwp%2Fv2%2Fmedia&parent=130242"}],"wp:term":[{"taxonomy":"category","embeddable":true,"href":"https:\/\/blogdofarnesio.com.br\/index.php?rest_route=%2Fwp%2Fv2%2Fcategories&post=130242"},{"taxonomy":"post_tag","embeddable":true,"href":"https:\/\/blogdofarnesio.com.br\/index.php?rest_route=%2Fwp%2Fv2%2Ftags&post=130242"}],"curies":[{"name":"wp","href":"https:\/\/api.w.org\/{rel}","templated":true}]}}