{"id":130237,"date":"2015-09-22T10:20:59","date_gmt":"2015-09-22T13:20:59","guid":{"rendered":"http:\/\/www.quersaberpolitica.com.br\/?p=130237"},"modified":"2015-09-22T07:21:02","modified_gmt":"2015-09-22T10:21:02","slug":"irmao-francisco-oliveira-participa-de-audiencia-para-discutir-a-situacao-dos-atingidos-da-barragem-de-sobradinho","status":"publish","type":"post","link":"https:\/\/blogdofarnesio.com.br\/2015\/09\/irmao-francisco-oliveira-participa-de-audiencia-para-discutir-a-situacao-dos-atingidos-da-barragem-de-sobradinho\/","title":{"rendered":"IRM\u00c3O FRANCISCO OLIVEIRA PARTICIPA DE AUDI\u00caNCIA PARA DISCUTIR A SITUA\u00c7\u00c3O DOS ATINGIDOS DA BARRAGEM DE SOBRADINHO"},"content":{"rendered":"<p style=\"text-align: justify\"><a href=\"http:\/\/www.quersaberpolitica.com.br\/2016\/wp-content\/uploads\/2015\/09\/blogqsp-irm\u00e3ofrancisco-Senador-Pinheiro.jpg\"><img loading=\"lazy\" decoding=\"async\" class=\" size-medium wp-image-130238 aligncenter\" src=\"http:\/\/www.quersaberpolitica.com.br\/2016\/wp-content\/uploads\/2015\/09\/blogqsp-irm\u00e3ofrancisco-Senador-Pinheiro-300x201.jpg\" alt=\"blogqsp-irm\u00e3ofrancisco-Senador Pinheiro\" width=\"300\" height=\"201\" srcset=\"https:\/\/blogdofarnesio.com.br\/wp-content\/uploads\/2015\/09\/blogqsp-irm\u00e3ofrancisco-Senador-Pinheiro-300x201.jpg 300w, https:\/\/blogdofarnesio.com.br\/wp-content\/uploads\/2015\/09\/blogqsp-irm\u00e3ofrancisco-Senador-Pinheiro.jpg 448w\" sizes=\"auto, (max-width: 300px) 100vw, 300px\" \/><\/a><\/p>\n<p style=\"text-align: justify\">A convite da Comiss\u00e3o de Desenvolvimento Regional e Turismo do Senado Federal, o vice-prefeito, Francisco Oliveira, do PT de Juazeiro, esteve com a Associa\u00e7\u00e3o dos Moradores dos Povoados Atingidos Pela Barragem de Sobradinho discutindo a situa\u00e7\u00e3o de 230 fam\u00edlias atingidos pela Constru\u00e7\u00e3o da Hidrel\u00e9trica de Sobradinho em Audi\u00eancia P\u00fablica, solicitada pelos senadores Walter Pinheiro e L\u00eddice da Mata. Na oportunidade, Francisco mostrou a preocupa\u00e7\u00e3o da situa\u00e7\u00e3o das fam\u00edlias e a necessidade do Estado Brasileiro agilizar os processos que envolvem o pagamento das indeniza\u00e7\u00f5es devidas.<\/p>\n<p style=\"text-align: justify\">O Estado Brasileiro retirou estas fam\u00edlias de suas terras, silenciando suas hist\u00f3rias, suas culturas, sem darem a elas a op\u00e7\u00e3o de escolherem entre ficar ou sa\u00edrem de suas terras. Nenhuma recompensa apagar\u00e1 da mem\u00f3ria destas fam\u00edlias esta viola\u00e7\u00e3o feita em nome do progresso. Contudo, elas precisam receber do Estado Brasileiro o que lhe \u00e9 devido por terem perdido muitos bens materiais, al\u00e9m dos bens simb\u00f3licos. O Estado n\u00e3o pode ser t\u00e3o lento, que passado tantos anos, at\u00e9 hoje n\u00e3o indenizou as fam\u00edlias por suas perdas, concluiu Francisco durante a Audi\u00eancia P\u00fablica. Vamos permanecer na luta, afirmou o vice-prefeito.<strong>\u00a0<\/strong><\/p>\n<p style=\"text-align: justify\"><em><strong>Ascom Gabinete do Vice-prefeito irm\u00e3o Francisco Oliveira<\/strong><\/em><\/p>\n","protected":false},"excerpt":{"rendered":"<p>A convite da Comiss\u00e3o de Desenvolvimento Regional e Turismo do Senado Federal, o vice-prefeito, Francisco Oliveira, do PT de Juazeiro, esteve com a Associa\u00e7\u00e3o dos Moradores dos Povoados Atingidos Pela Barragem de Sobradinho discutindo a situa\u00e7\u00e3o de 230 fam\u00edlias atingidos pela Constru\u00e7\u00e3o da Hidrel\u00e9trica de Sobradinho em Audi\u00eancia P\u00fablica, solicitada pelos senadores Walter Pinheiro e L\u00eddice da Mata. Na oportunidade, Francisco mostrou a preocupa\u00e7\u00e3o da situa\u00e7\u00e3o das fam\u00edlias e a necessidade do Estado Brasileiro agilizar os processos que envolvem o pagamento das indeniza\u00e7\u00f5es devidas. O Estado Brasileiro retirou estas fam\u00edlias de suas terras, silenciando suas hist\u00f3rias, suas culturas, sem darem a elas a op\u00e7\u00e3o de escolherem entre ficar ou sa\u00edrem de suas terras. Nenhuma recompensa apagar\u00e1 da mem\u00f3ria destas fam\u00edlias&hellip; <\/p>\n","protected":false},"author":7,"featured_media":0,"comment_status":"open","ping_status":"open","sticky":false,"template":"","format":"standard","meta":{"_acf_changed":false,"footnotes":""},"categories":[44],"tags":[],"class_list":["post-130237","post","type-post","status-publish","format-standard","hentry","category-administracao"],"acf":[],"yoast_head":"<!-- This site is optimized with the Yoast SEO plugin v27.5 - https:\/\/yoast.com\/product\/yoast-seo-wordpress\/ -->\n<title>IRM\u00c3O FRANCISCO OLIVEIRA PARTICIPA DE AUDI\u00caNCIA PARA DISCUTIR A SITUA\u00c7\u00c3O DOS ATINGIDOS DA BARRAGEM DE SOBRADINHO - Blog do Farn\u00e9sio<\/title>\n<meta name=\"robots\" content=\"index, follow, max-snippet:-1, max-image-preview:large, max-video-preview:-1\" \/>\n<link rel=\"canonical\" href=\"https:\/\/blogdofarnesio.com.br\/2015\/09\/irmao-francisco-oliveira-participa-de-audiencia-para-discutir-a-situacao-dos-atingidos-da-barragem-de-sobradinho\/\" \/>\n<meta property=\"og:locale\" content=\"pt_BR\" \/>\n<meta property=\"og:type\" content=\"article\" \/>\n<meta property=\"og:title\" content=\"IRM\u00c3O FRANCISCO OLIVEIRA PARTICIPA DE AUDI\u00caNCIA PARA DISCUTIR A SITUA\u00c7\u00c3O DOS ATINGIDOS DA BARRAGEM DE SOBRADINHO - Blog do Farn\u00e9sio\" \/>\n<meta property=\"og:description\" content=\"A convite da Comiss\u00e3o de Desenvolvimento Regional e Turismo do Senado Federal, o vice-prefeito, Francisco Oliveira, do PT de Juazeiro, esteve com a Associa\u00e7\u00e3o dos Moradores dos Povoados Atingidos Pela Barragem de Sobradinho discutindo a situa\u00e7\u00e3o de 230 fam\u00edlias atingidos pela Constru\u00e7\u00e3o da Hidrel\u00e9trica de Sobradinho em Audi\u00eancia P\u00fablica, solicitada pelos senadores Walter Pinheiro e L\u00eddice da Mata. Na oportunidade, Francisco mostrou a preocupa\u00e7\u00e3o da situa\u00e7\u00e3o das fam\u00edlias e a necessidade do Estado Brasileiro agilizar os processos que envolvem o pagamento das indeniza\u00e7\u00f5es devidas. O Estado Brasileiro retirou estas fam\u00edlias de suas terras, silenciando suas hist\u00f3rias, suas culturas, sem darem a elas a op\u00e7\u00e3o de escolherem entre ficar ou sa\u00edrem de suas terras. Nenhuma recompensa apagar\u00e1 da mem\u00f3ria destas fam\u00edlias&hellip;\" \/>\n<meta property=\"og:url\" content=\"https:\/\/blogdofarnesio.com.br\/2015\/09\/irmao-francisco-oliveira-participa-de-audiencia-para-discutir-a-situacao-dos-atingidos-da-barragem-de-sobradinho\/\" \/>\n<meta property=\"og:site_name\" content=\"Blog do Farn\u00e9sio\" \/>\n<meta property=\"article:publisher\" content=\"https:\/\/www.facebook.com\/BlogQuerSaberPolitica\/\" \/>\n<meta property=\"article:published_time\" content=\"2015-09-22T13:20:59+00:00\" \/>\n<meta name=\"twitter:card\" content=\"summary_large_image\" \/>\n<meta name=\"twitter:label1\" content=\"Escrito por\" \/>\n\t<meta name=\"twitter:data1\" content=\"\" \/>\n\t<meta name=\"twitter:label2\" content=\"Est. tempo de leitura\" \/>\n\t<meta name=\"twitter:data2\" content=\"1 minuto\" \/>\n<script type=\"application\/ld+json\" class=\"yoast-schema-graph\">{\"@context\":\"https:\\\/\\\/schema.org\",\"@graph\":[{\"@type\":\"Article\",\"@id\":\"https:\\\/\\\/blogdofarnesio.com.br\\\/2015\\\/09\\\/irmao-francisco-oliveira-participa-de-audiencia-para-discutir-a-situacao-dos-atingidos-da-barragem-de-sobradinho\\\/#article\",\"isPartOf\":{\"@id\":\"https:\\\/\\\/blogdofarnesio.com.br\\\/2015\\\/09\\\/irmao-francisco-oliveira-participa-de-audiencia-para-discutir-a-situacao-dos-atingidos-da-barragem-de-sobradinho\\\/\"},\"author\":{\"name\":\"\",\"@id\":\"\"},\"headline\":\"IRM\u00c3O FRANCISCO OLIVEIRA PARTICIPA DE AUDI\u00caNCIA PARA DISCUTIR A SITUA\u00c7\u00c3O DOS ATINGIDOS DA BARRAGEM DE SOBRADINHO\",\"datePublished\":\"2015-09-22T13:20:59+00:00\",\"mainEntityOfPage\":{\"@id\":\"https:\\\/\\\/blogdofarnesio.com.br\\\/2015\\\/09\\\/irmao-francisco-oliveira-participa-de-audiencia-para-discutir-a-situacao-dos-atingidos-da-barragem-de-sobradinho\\\/\"},\"wordCount\":235,\"commentCount\":0,\"publisher\":{\"@id\":\"https:\\\/\\\/blogdofarnesio.com.br\\\/#organization\"},\"articleSection\":[\"Administra\u00e7\u00e3o\"],\"inLanguage\":\"pt-BR\",\"potentialAction\":[{\"@type\":\"CommentAction\",\"name\":\"Comment\",\"target\":[\"https:\\\/\\\/blogdofarnesio.com.br\\\/2015\\\/09\\\/irmao-francisco-oliveira-participa-de-audiencia-para-discutir-a-situacao-dos-atingidos-da-barragem-de-sobradinho\\\/#respond\"]}]},{\"@type\":\"WebPage\",\"@id\":\"https:\\\/\\\/blogdofarnesio.com.br\\\/2015\\\/09\\\/irmao-francisco-oliveira-participa-de-audiencia-para-discutir-a-situacao-dos-atingidos-da-barragem-de-sobradinho\\\/\",\"url\":\"https:\\\/\\\/blogdofarnesio.com.br\\\/2015\\\/09\\\/irmao-francisco-oliveira-participa-de-audiencia-para-discutir-a-situacao-dos-atingidos-da-barragem-de-sobradinho\\\/\",\"name\":\"IRM\u00c3O FRANCISCO OLIVEIRA PARTICIPA DE AUDI\u00caNCIA PARA DISCUTIR A SITUA\u00c7\u00c3O DOS ATINGIDOS DA BARRAGEM DE SOBRADINHO - Blog do Farn\u00e9sio\",\"isPartOf\":{\"@id\":\"https:\\\/\\\/blogdofarnesio.com.br\\\/#website\"},\"datePublished\":\"2015-09-22T13:20:59+00:00\",\"breadcrumb\":{\"@id\":\"https:\\\/\\\/blogdofarnesio.com.br\\\/2015\\\/09\\\/irmao-francisco-oliveira-participa-de-audiencia-para-discutir-a-situacao-dos-atingidos-da-barragem-de-sobradinho\\\/#breadcrumb\"},\"inLanguage\":\"pt-BR\",\"potentialAction\":[{\"@type\":\"ReadAction\",\"target\":[\"https:\\\/\\\/blogdofarnesio.com.br\\\/2015\\\/09\\\/irmao-francisco-oliveira-participa-de-audiencia-para-discutir-a-situacao-dos-atingidos-da-barragem-de-sobradinho\\\/\"]}]},{\"@type\":\"BreadcrumbList\",\"@id\":\"https:\\\/\\\/blogdofarnesio.com.br\\\/2015\\\/09\\\/irmao-francisco-oliveira-participa-de-audiencia-para-discutir-a-situacao-dos-atingidos-da-barragem-de-sobradinho\\\/#breadcrumb\",\"itemListElement\":[{\"@type\":\"ListItem\",\"position\":1,\"name\":\"In\u00edcio\",\"item\":\"https:\\\/\\\/blogdofarnesio.com.br\\\/\"},{\"@type\":\"ListItem\",\"position\":2,\"name\":\"IRM\u00c3O FRANCISCO OLIVEIRA PARTICIPA DE AUDI\u00caNCIA PARA DISCUTIR A SITUA\u00c7\u00c3O DOS ATINGIDOS DA BARRAGEM DE SOBRADINHO\"}]},{\"@type\":\"WebSite\",\"@id\":\"https:\\\/\\\/blogdofarnesio.com.br\\\/#website\",\"url\":\"https:\\\/\\\/blogdofarnesio.com.br\\\/\",\"name\":\"Blog do Farn\u00e9sio\",\"description\":\"Quer Saber Pol\u00edtica?\",\"publisher\":{\"@id\":\"https:\\\/\\\/blogdofarnesio.com.br\\\/#organization\"},\"potentialAction\":[{\"@type\":\"SearchAction\",\"target\":{\"@type\":\"EntryPoint\",\"urlTemplate\":\"https:\\\/\\\/blogdofarnesio.com.br\\\/?s={search_term_string}\"},\"query-input\":{\"@type\":\"PropertyValueSpecification\",\"valueRequired\":true,\"valueName\":\"search_term_string\"}}],\"inLanguage\":\"pt-BR\"},{\"@type\":\"Organization\",\"@id\":\"https:\\\/\\\/blogdofarnesio.com.br\\\/#organization\",\"name\":\"Blog do Farn\u00e9sio\",\"url\":\"https:\\\/\\\/blogdofarnesio.com.br\\\/\",\"logo\":{\"@type\":\"ImageObject\",\"inLanguage\":\"pt-BR\",\"@id\":\"https:\\\/\\\/blogdofarnesio.com.br\\\/#\\\/schema\\\/logo\\\/image\\\/\",\"url\":\"https:\\\/\\\/blogdofarnesio.com.br\\\/wp-content\\\/uploads\\\/2026\\\/03\\\/cropped-logo_new-1.png\",\"contentUrl\":\"https:\\\/\\\/blogdofarnesio.com.br\\\/wp-content\\\/uploads\\\/2026\\\/03\\\/cropped-logo_new-1.png\",\"width\":881,\"height\":685,\"caption\":\"Blog do Farn\u00e9sio\"},\"image\":{\"@id\":\"https:\\\/\\\/blogdofarnesio.com.br\\\/#\\\/schema\\\/logo\\\/image\\\/\"},\"sameAs\":[\"https:\\\/\\\/www.facebook.com\\\/BlogQuerSaberPolitica\\\/\"]},{\"@type\":\"Person\",\"@id\":\"\",\"url\":\"https:\\\/\\\/blogdofarnesio.com.br\\\/author\\\/\"}]}<\/script>\n<!-- \/ Yoast SEO plugin. -->","yoast_head_json":{"title":"IRM\u00c3O FRANCISCO OLIVEIRA PARTICIPA DE AUDI\u00caNCIA PARA DISCUTIR A SITUA\u00c7\u00c3O DOS ATINGIDOS DA BARRAGEM DE SOBRADINHO - Blog do Farn\u00e9sio","robots":{"index":"index","follow":"follow","max-snippet":"max-snippet:-1","max-image-preview":"max-image-preview:large","max-video-preview":"max-video-preview:-1"},"canonical":"https:\/\/blogdofarnesio.com.br\/2015\/09\/irmao-francisco-oliveira-participa-de-audiencia-para-discutir-a-situacao-dos-atingidos-da-barragem-de-sobradinho\/","og_locale":"pt_BR","og_type":"article","og_title":"IRM\u00c3O FRANCISCO OLIVEIRA PARTICIPA DE AUDI\u00caNCIA PARA DISCUTIR A SITUA\u00c7\u00c3O DOS ATINGIDOS DA BARRAGEM DE SOBRADINHO - Blog do Farn\u00e9sio","og_description":"A convite da Comiss\u00e3o de Desenvolvimento Regional e Turismo do Senado Federal, o vice-prefeito, Francisco Oliveira, do PT de Juazeiro, esteve com a Associa\u00e7\u00e3o dos Moradores dos Povoados Atingidos Pela Barragem de Sobradinho discutindo a situa\u00e7\u00e3o de 230 fam\u00edlias atingidos pela Constru\u00e7\u00e3o da Hidrel\u00e9trica de Sobradinho em Audi\u00eancia P\u00fablica, solicitada pelos senadores Walter Pinheiro e L\u00eddice da Mata. Na oportunidade, Francisco mostrou a preocupa\u00e7\u00e3o da situa\u00e7\u00e3o das fam\u00edlias e a necessidade do Estado Brasileiro agilizar os processos que envolvem o pagamento das indeniza\u00e7\u00f5es devidas. O Estado Brasileiro retirou estas fam\u00edlias de suas terras, silenciando suas hist\u00f3rias, suas culturas, sem darem a elas a op\u00e7\u00e3o de escolherem entre ficar ou sa\u00edrem de suas terras. Nenhuma recompensa apagar\u00e1 da mem\u00f3ria destas fam\u00edlias&hellip;","og_url":"https:\/\/blogdofarnesio.com.br\/2015\/09\/irmao-francisco-oliveira-participa-de-audiencia-para-discutir-a-situacao-dos-atingidos-da-barragem-de-sobradinho\/","og_site_name":"Blog do Farn\u00e9sio","article_publisher":"https:\/\/www.facebook.com\/BlogQuerSaberPolitica\/","article_published_time":"2015-09-22T13:20:59+00:00","twitter_card":"summary_large_image","twitter_misc":{"Escrito por":"","Est. tempo de leitura":"1 minuto"},"schema":{"@context":"https:\/\/schema.org","@graph":[{"@type":"Article","@id":"https:\/\/blogdofarnesio.com.br\/2015\/09\/irmao-francisco-oliveira-participa-de-audiencia-para-discutir-a-situacao-dos-atingidos-da-barragem-de-sobradinho\/#article","isPartOf":{"@id":"https:\/\/blogdofarnesio.com.br\/2015\/09\/irmao-francisco-oliveira-participa-de-audiencia-para-discutir-a-situacao-dos-atingidos-da-barragem-de-sobradinho\/"},"author":{"name":"","@id":""},"headline":"IRM\u00c3O FRANCISCO OLIVEIRA PARTICIPA DE AUDI\u00caNCIA PARA DISCUTIR A SITUA\u00c7\u00c3O DOS ATINGIDOS DA BARRAGEM DE SOBRADINHO","datePublished":"2015-09-22T13:20:59+00:00","mainEntityOfPage":{"@id":"https:\/\/blogdofarnesio.com.br\/2015\/09\/irmao-francisco-oliveira-participa-de-audiencia-para-discutir-a-situacao-dos-atingidos-da-barragem-de-sobradinho\/"},"wordCount":235,"commentCount":0,"publisher":{"@id":"https:\/\/blogdofarnesio.com.br\/#organization"},"articleSection":["Administra\u00e7\u00e3o"],"inLanguage":"pt-BR","potentialAction":[{"@type":"CommentAction","name":"Comment","target":["https:\/\/blogdofarnesio.com.br\/2015\/09\/irmao-francisco-oliveira-participa-de-audiencia-para-discutir-a-situacao-dos-atingidos-da-barragem-de-sobradinho\/#respond"]}]},{"@type":"WebPage","@id":"https:\/\/blogdofarnesio.com.br\/2015\/09\/irmao-francisco-oliveira-participa-de-audiencia-para-discutir-a-situacao-dos-atingidos-da-barragem-de-sobradinho\/","url":"https:\/\/blogdofarnesio.com.br\/2015\/09\/irmao-francisco-oliveira-participa-de-audiencia-para-discutir-a-situacao-dos-atingidos-da-barragem-de-sobradinho\/","name":"IRM\u00c3O FRANCISCO OLIVEIRA PARTICIPA DE AUDI\u00caNCIA PARA DISCUTIR A SITUA\u00c7\u00c3O DOS ATINGIDOS DA BARRAGEM DE SOBRADINHO - Blog do Farn\u00e9sio","isPartOf":{"@id":"https:\/\/blogdofarnesio.com.br\/#website"},"datePublished":"2015-09-22T13:20:59+00:00","breadcrumb":{"@id":"https:\/\/blogdofarnesio.com.br\/2015\/09\/irmao-francisco-oliveira-participa-de-audiencia-para-discutir-a-situacao-dos-atingidos-da-barragem-de-sobradinho\/#breadcrumb"},"inLanguage":"pt-BR","potentialAction":[{"@type":"ReadAction","target":["https:\/\/blogdofarnesio.com.br\/2015\/09\/irmao-francisco-oliveira-participa-de-audiencia-para-discutir-a-situacao-dos-atingidos-da-barragem-de-sobradinho\/"]}]},{"@type":"BreadcrumbList","@id":"https:\/\/blogdofarnesio.com.br\/2015\/09\/irmao-francisco-oliveira-participa-de-audiencia-para-discutir-a-situacao-dos-atingidos-da-barragem-de-sobradinho\/#breadcrumb","itemListElement":[{"@type":"ListItem","position":1,"name":"In\u00edcio","item":"https:\/\/blogdofarnesio.com.br\/"},{"@type":"ListItem","position":2,"name":"IRM\u00c3O FRANCISCO OLIVEIRA PARTICIPA DE AUDI\u00caNCIA PARA DISCUTIR A SITUA\u00c7\u00c3O DOS ATINGIDOS DA BARRAGEM DE SOBRADINHO"}]},{"@type":"WebSite","@id":"https:\/\/blogdofarnesio.com.br\/#website","url":"https:\/\/blogdofarnesio.com.br\/","name":"Blog do Farn\u00e9sio","description":"Quer Saber Pol\u00edtica?","publisher":{"@id":"https:\/\/blogdofarnesio.com.br\/#organization"},"potentialAction":[{"@type":"SearchAction","target":{"@type":"EntryPoint","urlTemplate":"https:\/\/blogdofarnesio.com.br\/?s={search_term_string}"},"query-input":{"@type":"PropertyValueSpecification","valueRequired":true,"valueName":"search_term_string"}}],"inLanguage":"pt-BR"},{"@type":"Organization","@id":"https:\/\/blogdofarnesio.com.br\/#organization","name":"Blog do Farn\u00e9sio","url":"https:\/\/blogdofarnesio.com.br\/","logo":{"@type":"ImageObject","inLanguage":"pt-BR","@id":"https:\/\/blogdofarnesio.com.br\/#\/schema\/logo\/image\/","url":"https:\/\/blogdofarnesio.com.br\/wp-content\/uploads\/2026\/03\/cropped-logo_new-1.png","contentUrl":"https:\/\/blogdofarnesio.com.br\/wp-content\/uploads\/2026\/03\/cropped-logo_new-1.png","width":881,"height":685,"caption":"Blog do Farn\u00e9sio"},"image":{"@id":"https:\/\/blogdofarnesio.com.br\/#\/schema\/logo\/image\/"},"sameAs":["https:\/\/www.facebook.com\/BlogQuerSaberPolitica\/"]},{"@type":"Person","@id":"","url":"https:\/\/blogdofarnesio.com.br\/author\/"}]}},"_links":{"self":[{"href":"https:\/\/blogdofarnesio.com.br\/wp-json\/wp\/v2\/posts\/130237","targetHints":{"allow":["GET"]}}],"collection":[{"href":"https:\/\/blogdofarnesio.com.br\/wp-json\/wp\/v2\/posts"}],"about":[{"href":"https:\/\/blogdofarnesio.com.br\/wp-json\/wp\/v2\/types\/post"}],"author":[{"embeddable":true,"href":"https:\/\/blogdofarnesio.com.br\/wp-json\/wp\/v2\/users\/7"}],"replies":[{"embeddable":true,"href":"https:\/\/blogdofarnesio.com.br\/wp-json\/wp\/v2\/comments?post=130237"}],"version-history":[{"count":0,"href":"https:\/\/blogdofarnesio.com.br\/wp-json\/wp\/v2\/posts\/130237\/revisions"}],"wp:attachment":[{"href":"https:\/\/blogdofarnesio.com.br\/wp-json\/wp\/v2\/media?parent=130237"}],"wp:term":[{"taxonomy":"category","embeddable":true,"href":"https:\/\/blogdofarnesio.com.br\/wp-json\/wp\/v2\/categories?post=130237"},{"taxonomy":"post_tag","embeddable":true,"href":"https:\/\/blogdofarnesio.com.br\/wp-json\/wp\/v2\/tags?post=130237"}],"curies":[{"name":"wp","href":"https:\/\/api.w.org\/{rel}","templated":true}]}}