{"id":130060,"date":"2015-09-18T11:30:33","date_gmt":"2015-09-18T14:30:33","guid":{"rendered":"http:\/\/www.quersaberpolitica.com.br\/?p=130060"},"modified":"2015-09-18T07:20:57","modified_gmt":"2015-09-18T10:20:57","slug":"direto-de-casa-nova-162","status":"publish","type":"post","link":"https:\/\/blogdofarnesio.com.br\/?p=130060","title":{"rendered":"DIRETO DE CASA NOVA"},"content":{"rendered":"<p style=\"text-align: center\"><strong>SAAE CASA NOVA PARTICIPA DE EVENTO EM ESCOLA SOBRE O USO RACIONAL DA \u00c1GUA<\/strong><\/p>\n<p style=\"text-align: center\"><a href=\"http:\/\/www.quersaberpolitica.com.br\/2016\/wp-content\/uploads\/2015\/09\/blogqsp-saae-casanova-palestras-escolas.jpg\"><img loading=\"lazy\" decoding=\"async\" class=\"alignnone size-medium wp-image-130061\" src=\"http:\/\/www.quersaberpolitica.com.br\/2016\/wp-content\/uploads\/2015\/09\/blogqsp-saae-casanova-palestras-escolas-300x169.jpg\" alt=\"blogqsp-saae-casanova-palestras-escolas\" width=\"300\" height=\"169\" srcset=\"https:\/\/blogdofarnesio.com.br\/wp-content\/uploads\/2015\/09\/blogqsp-saae-casanova-palestras-escolas-300x169.jpg 300w, https:\/\/blogdofarnesio.com.br\/wp-content\/uploads\/2015\/09\/blogqsp-saae-casanova-palestras-escolas.jpg 448w\" sizes=\"auto, (max-width: 300px) 100vw, 300px\" \/><\/a><\/p>\n<p style=\"text-align: justify\">O Servi\u00e7o Aut\u00f4nomo de \u00c1gua e Esgoto de Casa Nova (SAAE), \u00a0participou , nesta semana, das atividades da semana de conscientiza\u00e7\u00e3o do uso da \u00e1gua, organizada pela Escola Irene Santos Viana. O diretor da autarquia Fredson Costa, o popular Fred da Col\u00f4nia, ministrou, junto com a assessoria de comunica\u00e7\u00e3o da prefeitura, uma palestra sobre a escassez da \u00e1gua e situa\u00e7\u00e3o do abastecimento na cidade.<\/p>\n<p style=\"text-align: justify\">Fred da Col\u00f4nia apresentou a problem\u00e1tica de costumes relacionados ao uso irracional da \u00e1gua, prop\u00f4s h\u00e1bitos saud\u00e1veis para o consumo desse bem precioso, destacando que evitar o desperd\u00edcio leva a gastar menos, al\u00e9m de contribuir para o meio ambiente. \u201cO uso consciente da \u00e1gua \u00e9 fundamental para que todos tenham acesso a esse recurso. As crian\u00e7as precisam crescer tendo informa\u00e7\u00f5es e sendo incentivadas a cuidarem bem da nossa \u00e1gua elas \u00a0s\u00e3o agentes multiplicadores de informa\u00e7\u00e3o&#8221;, pontuou.<\/p>\n<p style=\"text-align: justify\">Os estudantes da escola desenvolveram um trabalho sobre uso racional da \u00e1gua em conjunto com as disciplinas estudadas desde o in\u00edcio do ano letivo. De acordo com Welington Junior, assessor de comunica\u00e7\u00e3o, a palestra levada pelo SAAE teve por finalidade de conscientizar sobre o tema, al\u00e9m da proposta de aproximar mais o \u00f3rg\u00e3o da comunidade. \u201cA institui\u00e7\u00e3o est\u00e1 colocando em pratica sua responsabilidade socioambiental. Depois da bem sucedida campanha de conscientiza\u00e7\u00e3o que fizemos por toda a cidade, agora o SAAE vai focar na parceria com a educa\u00e7\u00e3o. Os estudantes v\u00e3o ajudar a multiplicar a nossa mensagem de preserva\u00e7\u00e3o\u201d, comenta.<\/p>\n<p style=\"text-align: justify\"><!--more--><\/p>\n<p style=\"text-align: justify\">Ao final da palestra, Fred da Col\u00f4nia informou que o SAAE vai lan\u00e7ar, ainda este semestre, o concurso cultural \u201cVamos Economizar Nosso Tesouro\u201d \u2013 que vai premiar as melhores manifesta\u00e7\u00f5es art\u00edsticas sobre o tema do uso racional da \u00e1gua. \u201cO aluno, a escola, e toda sociedade ser\u00e3o os vencedores. Queremos incentivar a educa\u00e7\u00e3o e propagar nossa ideia\u201d, conclui.<\/p>\n<p style=\"text-align: justify\">A professora Maria Goreti ressaltou a import\u00e2ncia da participa\u00e7\u00e3o do SAAE na atividade da Escola. \u201cA palestra foi muito boa, inclusive para n\u00f3s professores. Ela foi esclarecedora\u201d.<\/p>\n<p style=\"text-align: justify\"><em>Ascom SAAE Casa Nova<\/em><\/p>\n","protected":false},"excerpt":{"rendered":"<p>SAAE CASA NOVA PARTICIPA DE EVENTO EM ESCOLA SOBRE O USO RACIONAL DA \u00c1GUA O Servi\u00e7o Aut\u00f4nomo de \u00c1gua e Esgoto de Casa Nova (SAAE), \u00a0participou , nesta semana, das atividades da semana de conscientiza\u00e7\u00e3o do uso da \u00e1gua, organizada pela Escola Irene Santos Viana. O diretor da autarquia Fredson Costa, o popular Fred da Col\u00f4nia, ministrou, junto com a assessoria de comunica\u00e7\u00e3o da prefeitura, uma palestra sobre a escassez da \u00e1gua e situa\u00e7\u00e3o do abastecimento na cidade. Fred da Col\u00f4nia apresentou a problem\u00e1tica de costumes relacionados ao uso irracional da \u00e1gua, prop\u00f4s h\u00e1bitos saud\u00e1veis para o consumo desse bem precioso, destacando que evitar o desperd\u00edcio leva a gastar menos, al\u00e9m de contribuir para o meio ambiente. \u201cO uso consciente&hellip; <\/p>\n","protected":false},"author":7,"featured_media":0,"comment_status":"open","ping_status":"open","sticky":false,"template":"","format":"standard","meta":{"_acf_changed":false,"footnotes":""},"categories":[44],"tags":[],"class_list":["post-130060","post","type-post","status-publish","format-standard","hentry","category-administracao"],"acf":[],"yoast_head":"<!-- This site is optimized with the Yoast SEO plugin v27.4 - https:\/\/yoast.com\/product\/yoast-seo-wordpress\/ -->\n<title>DIRETO DE CASA NOVA - Blog do Farn\u00e9sio<\/title>\n<meta name=\"robots\" content=\"index, follow, max-snippet:-1, max-image-preview:large, max-video-preview:-1\" \/>\n<link rel=\"canonical\" href=\"https:\/\/blogdofarnesio.com.br\/?p=130060\" \/>\n<meta property=\"og:locale\" content=\"pt_BR\" \/>\n<meta property=\"og:type\" content=\"article\" \/>\n<meta property=\"og:title\" content=\"DIRETO DE CASA NOVA - Blog do Farn\u00e9sio\" \/>\n<meta property=\"og:description\" content=\"SAAE CASA NOVA PARTICIPA DE EVENTO EM ESCOLA SOBRE O USO RACIONAL DA \u00c1GUA O Servi\u00e7o Aut\u00f4nomo de \u00c1gua e Esgoto de Casa Nova (SAAE), \u00a0participou , nesta semana, das atividades da semana de conscientiza\u00e7\u00e3o do uso da \u00e1gua, organizada pela Escola Irene Santos Viana. O diretor da autarquia Fredson Costa, o popular Fred da Col\u00f4nia, ministrou, junto com a assessoria de comunica\u00e7\u00e3o da prefeitura, uma palestra sobre a escassez da \u00e1gua e situa\u00e7\u00e3o do abastecimento na cidade. Fred da Col\u00f4nia apresentou a problem\u00e1tica de costumes relacionados ao uso irracional da \u00e1gua, prop\u00f4s h\u00e1bitos saud\u00e1veis para o consumo desse bem precioso, destacando que evitar o desperd\u00edcio leva a gastar menos, al\u00e9m de contribuir para o meio ambiente. \u201cO uso consciente&hellip;\" \/>\n<meta property=\"og:url\" content=\"https:\/\/blogdofarnesio.com.br\/?p=130060\" \/>\n<meta property=\"og:site_name\" content=\"Blog do Farn\u00e9sio\" \/>\n<meta property=\"article:publisher\" content=\"https:\/\/www.facebook.com\/BlogQuerSaberPolitica\/\" \/>\n<meta property=\"article:published_time\" content=\"2015-09-18T14:30:33+00:00\" \/>\n<meta property=\"og:image\" content=\"http:\/\/www.quersaberpolitica.com.br\/2016\/wp-content\/uploads\/2015\/09\/blogqsp-saae-casanova-palestras-escolas-300x169.jpg\" \/>\n<meta name=\"twitter:card\" content=\"summary_large_image\" \/>\n<meta name=\"twitter:label1\" content=\"Escrito por\" \/>\n\t<meta name=\"twitter:data1\" content=\"\" \/>\n\t<meta name=\"twitter:label2\" content=\"Est. tempo de leitura\" \/>\n\t<meta name=\"twitter:data2\" content=\"2 minutos\" \/>\n<script type=\"application\/ld+json\" class=\"yoast-schema-graph\">{\"@context\":\"https:\\\/\\\/schema.org\",\"@graph\":[{\"@type\":\"Article\",\"@id\":\"https:\\\/\\\/blogdofarnesio.com.br\\\/?p=130060#article\",\"isPartOf\":{\"@id\":\"https:\\\/\\\/blogdofarnesio.com.br\\\/?p=130060\"},\"author\":{\"name\":\"\",\"@id\":\"\"},\"headline\":\"DIRETO DE CASA NOVA\",\"datePublished\":\"2015-09-18T14:30:33+00:00\",\"mainEntityOfPage\":{\"@id\":\"https:\\\/\\\/blogdofarnesio.com.br\\\/?p=130060\"},\"wordCount\":378,\"commentCount\":0,\"publisher\":{\"@id\":\"https:\\\/\\\/blogdofarnesio.com.br\\\/#organization\"},\"image\":{\"@id\":\"https:\\\/\\\/blogdofarnesio.com.br\\\/?p=130060#primaryimage\"},\"thumbnailUrl\":\"http:\\\/\\\/www.quersaberpolitica.com.br\\\/2016\\\/wp-content\\\/uploads\\\/2015\\\/09\\\/blogqsp-saae-casanova-palestras-escolas-300x169.jpg\",\"articleSection\":[\"Administra\u00e7\u00e3o\"],\"inLanguage\":\"pt-BR\",\"potentialAction\":[{\"@type\":\"CommentAction\",\"name\":\"Comment\",\"target\":[\"https:\\\/\\\/blogdofarnesio.com.br\\\/?p=130060#respond\"]}]},{\"@type\":\"WebPage\",\"@id\":\"https:\\\/\\\/blogdofarnesio.com.br\\\/?p=130060\",\"url\":\"https:\\\/\\\/blogdofarnesio.com.br\\\/?p=130060\",\"name\":\"DIRETO DE CASA NOVA - Blog do Farn\u00e9sio\",\"isPartOf\":{\"@id\":\"https:\\\/\\\/blogdofarnesio.com.br\\\/#website\"},\"primaryImageOfPage\":{\"@id\":\"https:\\\/\\\/blogdofarnesio.com.br\\\/?p=130060#primaryimage\"},\"image\":{\"@id\":\"https:\\\/\\\/blogdofarnesio.com.br\\\/?p=130060#primaryimage\"},\"thumbnailUrl\":\"http:\\\/\\\/www.quersaberpolitica.com.br\\\/2016\\\/wp-content\\\/uploads\\\/2015\\\/09\\\/blogqsp-saae-casanova-palestras-escolas-300x169.jpg\",\"datePublished\":\"2015-09-18T14:30:33+00:00\",\"breadcrumb\":{\"@id\":\"https:\\\/\\\/blogdofarnesio.com.br\\\/?p=130060#breadcrumb\"},\"inLanguage\":\"pt-BR\",\"potentialAction\":[{\"@type\":\"ReadAction\",\"target\":[\"https:\\\/\\\/blogdofarnesio.com.br\\\/?p=130060\"]}]},{\"@type\":\"ImageObject\",\"inLanguage\":\"pt-BR\",\"@id\":\"https:\\\/\\\/blogdofarnesio.com.br\\\/?p=130060#primaryimage\",\"url\":\"http:\\\/\\\/www.quersaberpolitica.com.br\\\/2016\\\/wp-content\\\/uploads\\\/2015\\\/09\\\/blogqsp-saae-casanova-palestras-escolas-300x169.jpg\",\"contentUrl\":\"http:\\\/\\\/www.quersaberpolitica.com.br\\\/2016\\\/wp-content\\\/uploads\\\/2015\\\/09\\\/blogqsp-saae-casanova-palestras-escolas-300x169.jpg\"},{\"@type\":\"BreadcrumbList\",\"@id\":\"https:\\\/\\\/blogdofarnesio.com.br\\\/?p=130060#breadcrumb\",\"itemListElement\":[{\"@type\":\"ListItem\",\"position\":1,\"name\":\"In\u00edcio\",\"item\":\"https:\\\/\\\/blogdofarnesio.com.br\\\/\"},{\"@type\":\"ListItem\",\"position\":2,\"name\":\"DIRETO DE CASA NOVA\"}]},{\"@type\":\"WebSite\",\"@id\":\"https:\\\/\\\/blogdofarnesio.com.br\\\/#website\",\"url\":\"https:\\\/\\\/blogdofarnesio.com.br\\\/\",\"name\":\"Blog do Farn\u00e9sio\",\"description\":\"Quer Saber Pol\u00edtica?\",\"publisher\":{\"@id\":\"https:\\\/\\\/blogdofarnesio.com.br\\\/#organization\"},\"potentialAction\":[{\"@type\":\"SearchAction\",\"target\":{\"@type\":\"EntryPoint\",\"urlTemplate\":\"https:\\\/\\\/blogdofarnesio.com.br\\\/?s={search_term_string}\"},\"query-input\":{\"@type\":\"PropertyValueSpecification\",\"valueRequired\":true,\"valueName\":\"search_term_string\"}}],\"inLanguage\":\"pt-BR\"},{\"@type\":\"Organization\",\"@id\":\"https:\\\/\\\/blogdofarnesio.com.br\\\/#organization\",\"name\":\"Blog do Farn\u00e9sio\",\"url\":\"https:\\\/\\\/blogdofarnesio.com.br\\\/\",\"logo\":{\"@type\":\"ImageObject\",\"inLanguage\":\"pt-BR\",\"@id\":\"https:\\\/\\\/blogdofarnesio.com.br\\\/#\\\/schema\\\/logo\\\/image\\\/\",\"url\":\"https:\\\/\\\/blogdofarnesio.com.br\\\/wp-content\\\/uploads\\\/2026\\\/03\\\/cropped-logo_new-1.png\",\"contentUrl\":\"https:\\\/\\\/blogdofarnesio.com.br\\\/wp-content\\\/uploads\\\/2026\\\/03\\\/cropped-logo_new-1.png\",\"width\":881,\"height\":685,\"caption\":\"Blog do Farn\u00e9sio\"},\"image\":{\"@id\":\"https:\\\/\\\/blogdofarnesio.com.br\\\/#\\\/schema\\\/logo\\\/image\\\/\"},\"sameAs\":[\"https:\\\/\\\/www.facebook.com\\\/BlogQuerSaberPolitica\\\/\"]},{\"@type\":\"Person\",\"@id\":\"\",\"url\":\"https:\\\/\\\/blogdofarnesio.com.br\\\/?author=7\"}]}<\/script>\n<!-- \/ Yoast SEO plugin. -->","yoast_head_json":{"title":"DIRETO DE CASA NOVA - Blog do Farn\u00e9sio","robots":{"index":"index","follow":"follow","max-snippet":"max-snippet:-1","max-image-preview":"max-image-preview:large","max-video-preview":"max-video-preview:-1"},"canonical":"https:\/\/blogdofarnesio.com.br\/?p=130060","og_locale":"pt_BR","og_type":"article","og_title":"DIRETO DE CASA NOVA - Blog do Farn\u00e9sio","og_description":"SAAE CASA NOVA PARTICIPA DE EVENTO EM ESCOLA SOBRE O USO RACIONAL DA \u00c1GUA O Servi\u00e7o Aut\u00f4nomo de \u00c1gua e Esgoto de Casa Nova (SAAE), \u00a0participou , nesta semana, das atividades da semana de conscientiza\u00e7\u00e3o do uso da \u00e1gua, organizada pela Escola Irene Santos Viana. O diretor da autarquia Fredson Costa, o popular Fred da Col\u00f4nia, ministrou, junto com a assessoria de comunica\u00e7\u00e3o da prefeitura, uma palestra sobre a escassez da \u00e1gua e situa\u00e7\u00e3o do abastecimento na cidade. Fred da Col\u00f4nia apresentou a problem\u00e1tica de costumes relacionados ao uso irracional da \u00e1gua, prop\u00f4s h\u00e1bitos saud\u00e1veis para o consumo desse bem precioso, destacando que evitar o desperd\u00edcio leva a gastar menos, al\u00e9m de contribuir para o meio ambiente. \u201cO uso consciente&hellip;","og_url":"https:\/\/blogdofarnesio.com.br\/?p=130060","og_site_name":"Blog do Farn\u00e9sio","article_publisher":"https:\/\/www.facebook.com\/BlogQuerSaberPolitica\/","article_published_time":"2015-09-18T14:30:33+00:00","og_image":[{"url":"http:\/\/www.quersaberpolitica.com.br\/2016\/wp-content\/uploads\/2015\/09\/blogqsp-saae-casanova-palestras-escolas-300x169.jpg","type":"","width":"","height":""}],"twitter_card":"summary_large_image","twitter_misc":{"Escrito por":"","Est. tempo de leitura":"2 minutos"},"schema":{"@context":"https:\/\/schema.org","@graph":[{"@type":"Article","@id":"https:\/\/blogdofarnesio.com.br\/?p=130060#article","isPartOf":{"@id":"https:\/\/blogdofarnesio.com.br\/?p=130060"},"author":{"name":"","@id":""},"headline":"DIRETO DE CASA NOVA","datePublished":"2015-09-18T14:30:33+00:00","mainEntityOfPage":{"@id":"https:\/\/blogdofarnesio.com.br\/?p=130060"},"wordCount":378,"commentCount":0,"publisher":{"@id":"https:\/\/blogdofarnesio.com.br\/#organization"},"image":{"@id":"https:\/\/blogdofarnesio.com.br\/?p=130060#primaryimage"},"thumbnailUrl":"http:\/\/www.quersaberpolitica.com.br\/2016\/wp-content\/uploads\/2015\/09\/blogqsp-saae-casanova-palestras-escolas-300x169.jpg","articleSection":["Administra\u00e7\u00e3o"],"inLanguage":"pt-BR","potentialAction":[{"@type":"CommentAction","name":"Comment","target":["https:\/\/blogdofarnesio.com.br\/?p=130060#respond"]}]},{"@type":"WebPage","@id":"https:\/\/blogdofarnesio.com.br\/?p=130060","url":"https:\/\/blogdofarnesio.com.br\/?p=130060","name":"DIRETO DE CASA NOVA - Blog do Farn\u00e9sio","isPartOf":{"@id":"https:\/\/blogdofarnesio.com.br\/#website"},"primaryImageOfPage":{"@id":"https:\/\/blogdofarnesio.com.br\/?p=130060#primaryimage"},"image":{"@id":"https:\/\/blogdofarnesio.com.br\/?p=130060#primaryimage"},"thumbnailUrl":"http:\/\/www.quersaberpolitica.com.br\/2016\/wp-content\/uploads\/2015\/09\/blogqsp-saae-casanova-palestras-escolas-300x169.jpg","datePublished":"2015-09-18T14:30:33+00:00","breadcrumb":{"@id":"https:\/\/blogdofarnesio.com.br\/?p=130060#breadcrumb"},"inLanguage":"pt-BR","potentialAction":[{"@type":"ReadAction","target":["https:\/\/blogdofarnesio.com.br\/?p=130060"]}]},{"@type":"ImageObject","inLanguage":"pt-BR","@id":"https:\/\/blogdofarnesio.com.br\/?p=130060#primaryimage","url":"http:\/\/www.quersaberpolitica.com.br\/2016\/wp-content\/uploads\/2015\/09\/blogqsp-saae-casanova-palestras-escolas-300x169.jpg","contentUrl":"http:\/\/www.quersaberpolitica.com.br\/2016\/wp-content\/uploads\/2015\/09\/blogqsp-saae-casanova-palestras-escolas-300x169.jpg"},{"@type":"BreadcrumbList","@id":"https:\/\/blogdofarnesio.com.br\/?p=130060#breadcrumb","itemListElement":[{"@type":"ListItem","position":1,"name":"In\u00edcio","item":"https:\/\/blogdofarnesio.com.br\/"},{"@type":"ListItem","position":2,"name":"DIRETO DE CASA NOVA"}]},{"@type":"WebSite","@id":"https:\/\/blogdofarnesio.com.br\/#website","url":"https:\/\/blogdofarnesio.com.br\/","name":"Blog do Farn\u00e9sio","description":"Quer Saber Pol\u00edtica?","publisher":{"@id":"https:\/\/blogdofarnesio.com.br\/#organization"},"potentialAction":[{"@type":"SearchAction","target":{"@type":"EntryPoint","urlTemplate":"https:\/\/blogdofarnesio.com.br\/?s={search_term_string}"},"query-input":{"@type":"PropertyValueSpecification","valueRequired":true,"valueName":"search_term_string"}}],"inLanguage":"pt-BR"},{"@type":"Organization","@id":"https:\/\/blogdofarnesio.com.br\/#organization","name":"Blog do Farn\u00e9sio","url":"https:\/\/blogdofarnesio.com.br\/","logo":{"@type":"ImageObject","inLanguage":"pt-BR","@id":"https:\/\/blogdofarnesio.com.br\/#\/schema\/logo\/image\/","url":"https:\/\/blogdofarnesio.com.br\/wp-content\/uploads\/2026\/03\/cropped-logo_new-1.png","contentUrl":"https:\/\/blogdofarnesio.com.br\/wp-content\/uploads\/2026\/03\/cropped-logo_new-1.png","width":881,"height":685,"caption":"Blog do Farn\u00e9sio"},"image":{"@id":"https:\/\/blogdofarnesio.com.br\/#\/schema\/logo\/image\/"},"sameAs":["https:\/\/www.facebook.com\/BlogQuerSaberPolitica\/"]},{"@type":"Person","@id":"","url":"https:\/\/blogdofarnesio.com.br\/?author=7"}]}},"_links":{"self":[{"href":"https:\/\/blogdofarnesio.com.br\/index.php?rest_route=\/wp\/v2\/posts\/130060","targetHints":{"allow":["GET"]}}],"collection":[{"href":"https:\/\/blogdofarnesio.com.br\/index.php?rest_route=\/wp\/v2\/posts"}],"about":[{"href":"https:\/\/blogdofarnesio.com.br\/index.php?rest_route=\/wp\/v2\/types\/post"}],"author":[{"embeddable":true,"href":"https:\/\/blogdofarnesio.com.br\/index.php?rest_route=\/wp\/v2\/users\/7"}],"replies":[{"embeddable":true,"href":"https:\/\/blogdofarnesio.com.br\/index.php?rest_route=%2Fwp%2Fv2%2Fcomments&post=130060"}],"version-history":[{"count":0,"href":"https:\/\/blogdofarnesio.com.br\/index.php?rest_route=\/wp\/v2\/posts\/130060\/revisions"}],"wp:attachment":[{"href":"https:\/\/blogdofarnesio.com.br\/index.php?rest_route=%2Fwp%2Fv2%2Fmedia&parent=130060"}],"wp:term":[{"taxonomy":"category","embeddable":true,"href":"https:\/\/blogdofarnesio.com.br\/index.php?rest_route=%2Fwp%2Fv2%2Fcategories&post=130060"},{"taxonomy":"post_tag","embeddable":true,"href":"https:\/\/blogdofarnesio.com.br\/index.php?rest_route=%2Fwp%2Fv2%2Ftags&post=130060"}],"curies":[{"name":"wp","href":"https:\/\/api.w.org\/{rel}","templated":true}]}}