{"id":129908,"date":"2015-09-16T14:40:07","date_gmt":"2015-09-16T17:40:07","guid":{"rendered":"http:\/\/www.quersaberpolitica.com.br\/?p=129908"},"modified":"2015-09-16T11:07:05","modified_gmt":"2015-09-16T14:07:05","slug":"sessao-fotografica-celebra-a-primavera-na-livraria-sbs","status":"publish","type":"post","link":"https:\/\/blogdofarnesio.com.br\/?p=129908","title":{"rendered":"SESS\u00c3O FOTOGR\u00c1FICA CELEBRA A PRIMAVERA NA LIVRARIA SBS"},"content":{"rendered":"<p style=\"text-align: justify\"><a href=\"http:\/\/www.quersaberpolitica.com.br\/2016\/wp-content\/uploads\/2015\/09\/blogqsp-sess\u00e3oprimavera.jpg\"><img loading=\"lazy\" decoding=\"async\" class=\" size-medium wp-image-129909 aligncenter\" src=\"http:\/\/www.quersaberpolitica.com.br\/2016\/wp-content\/uploads\/2015\/09\/blogqsp-sess\u00e3oprimavera-300x200.jpg\" alt=\"blogqsp-sess\u00e3oprimavera\" width=\"300\" height=\"200\" srcset=\"https:\/\/blogdofarnesio.com.br\/wp-content\/uploads\/2015\/09\/blogqsp-sess\u00e3oprimavera-300x200.jpg 300w, https:\/\/blogdofarnesio.com.br\/wp-content\/uploads\/2015\/09\/blogqsp-sess\u00e3oprimavera.jpg 448w\" sizes=\"auto, (max-width: 300px) 100vw, 300px\" \/><\/a><\/p>\n<p style=\"text-align: justify\">Eu vejo flores em voc\u00ea: sauda\u00e7\u00e3o \u00e0 primavera. Este \u00e9 o tema da sess\u00e3o de retratos que ser\u00e1 realizada pela fot\u00f3grafa Silvia Nonata no pr\u00f3ximo s\u00e1bado (19), na Livraria SBS Petrolina.<\/p>\n<p style=\"text-align: justify\">O evento, que acontece das 17h \u00e0s 18h30, promete estimular a autoestima e despertar a beleza de cada um em meio a um cen\u00e1rio colorido, alegre e muito leve. Segundo a fot\u00f3grafa Silvia Nonata, a sess\u00e3o ser\u00e1 uma oportunidade de vivenciar a fotografia numas das suas formas mais atraentes: o retrato. \u201cSer retratado \u00e9 sempre uma experi\u00eancia envolvente, em que brincamos de ser quem quisermos&#8221;, completou a fot\u00f3grafa.<\/p>\n<p style=\"text-align: justify\">Realizado pelo Y\u00e1zigi Petrolina em parceria com a Livraria SBS, o projeto \u201cY\u00e1zigi Bookstore Day tem como objetivo principal desenvolver a forma\u00e7\u00e3o completa do cidad\u00e3o. \u201cO projeto tamb\u00e9m est\u00e1 antenado com a vida cultural. N\u00e3o se\u00a0 ensina um idioma, sem o\u00a0 aluno\u00a0 est\u00e1 inserido na arte, na\u00a0 cultura e com responsabilidade social&#8221;, detalhou a diretora do Y\u00e1zigi Cristina Barbosa.<\/p>\n<p style=\"text-align: justify\">Para participar da sess\u00e3o fotogr\u00e1fica, os interessados devem se inscrever atrav\u00e9s dos n\u00fameros: 3861-1032 (Y\u00e1zigi) ou 3035 2429 (Livraria SBS). O terceiro encontro ser\u00e1 no dia 26\/09. O tema \u00e9 Storytelling. Professores do Y\u00e1zigi contar\u00e3o hist\u00f3rias com muitas surpresas e games. O objetivo \u00e9 que as crian\u00e7as expandam seu vocabul\u00e1rio em ingl\u00eas.<\/p>\n<p><em>Clas Comunica\u00e7\u00e3o<\/em><\/p>\n","protected":false},"excerpt":{"rendered":"<p>Eu vejo flores em voc\u00ea: sauda\u00e7\u00e3o \u00e0 primavera. Este \u00e9 o tema da sess\u00e3o de retratos que ser\u00e1 realizada pela fot\u00f3grafa Silvia Nonata no pr\u00f3ximo s\u00e1bado (19), na Livraria SBS Petrolina. O evento, que acontece das 17h \u00e0s 18h30, promete estimular a autoestima e despertar a beleza de cada um em meio a um cen\u00e1rio colorido, alegre e muito leve. Segundo a fot\u00f3grafa Silvia Nonata, a sess\u00e3o ser\u00e1 uma oportunidade de vivenciar a fotografia numas das suas formas mais atraentes: o retrato. \u201cSer retratado \u00e9 sempre uma experi\u00eancia envolvente, em que brincamos de ser quem quisermos&#8221;, completou a fot\u00f3grafa. Realizado pelo Y\u00e1zigi Petrolina em parceria com a Livraria SBS, o projeto \u201cY\u00e1zigi Bookstore Day tem como objetivo principal desenvolver a&hellip; <\/p>\n","protected":false},"author":7,"featured_media":0,"comment_status":"open","ping_status":"open","sticky":false,"template":"","format":"standard","meta":{"_acf_changed":false,"footnotes":""},"categories":[10],"tags":[],"class_list":["post-129908","post","type-post","status-publish","format-standard","hentry","category-cultura"],"acf":[],"yoast_head":"<!-- This site is optimized with the Yoast SEO plugin v27.4 - https:\/\/yoast.com\/product\/yoast-seo-wordpress\/ -->\n<title>SESS\u00c3O FOTOGR\u00c1FICA CELEBRA A PRIMAVERA NA LIVRARIA SBS - Blog do Farn\u00e9sio<\/title>\n<meta name=\"robots\" content=\"index, follow, max-snippet:-1, max-image-preview:large, max-video-preview:-1\" \/>\n<link rel=\"canonical\" href=\"https:\/\/blogdofarnesio.com.br\/?p=129908\" \/>\n<meta property=\"og:locale\" content=\"pt_BR\" \/>\n<meta property=\"og:type\" content=\"article\" \/>\n<meta property=\"og:title\" content=\"SESS\u00c3O FOTOGR\u00c1FICA CELEBRA A PRIMAVERA NA LIVRARIA SBS - Blog do Farn\u00e9sio\" \/>\n<meta property=\"og:description\" content=\"Eu vejo flores em voc\u00ea: sauda\u00e7\u00e3o \u00e0 primavera. Este \u00e9 o tema da sess\u00e3o de retratos que ser\u00e1 realizada pela fot\u00f3grafa Silvia Nonata no pr\u00f3ximo s\u00e1bado (19), na Livraria SBS Petrolina. O evento, que acontece das 17h \u00e0s 18h30, promete estimular a autoestima e despertar a beleza de cada um em meio a um cen\u00e1rio colorido, alegre e muito leve. Segundo a fot\u00f3grafa Silvia Nonata, a sess\u00e3o ser\u00e1 uma oportunidade de vivenciar a fotografia numas das suas formas mais atraentes: o retrato. \u201cSer retratado \u00e9 sempre uma experi\u00eancia envolvente, em que brincamos de ser quem quisermos&#8221;, completou a fot\u00f3grafa. Realizado pelo Y\u00e1zigi Petrolina em parceria com a Livraria SBS, o projeto \u201cY\u00e1zigi Bookstore Day tem como objetivo principal desenvolver a&hellip;\" \/>\n<meta property=\"og:url\" content=\"https:\/\/blogdofarnesio.com.br\/?p=129908\" \/>\n<meta property=\"og:site_name\" content=\"Blog do Farn\u00e9sio\" \/>\n<meta property=\"article:publisher\" content=\"https:\/\/www.facebook.com\/BlogQuerSaberPolitica\/\" \/>\n<meta property=\"article:published_time\" content=\"2015-09-16T17:40:07+00:00\" \/>\n<meta name=\"twitter:card\" content=\"summary_large_image\" \/>\n<meta name=\"twitter:label1\" content=\"Escrito por\" \/>\n\t<meta name=\"twitter:data1\" content=\"\" \/>\n\t<meta name=\"twitter:label2\" content=\"Est. tempo de leitura\" \/>\n\t<meta name=\"twitter:data2\" content=\"1 minuto\" \/>\n<script type=\"application\/ld+json\" class=\"yoast-schema-graph\">{\"@context\":\"https:\\\/\\\/schema.org\",\"@graph\":[{\"@type\":\"Article\",\"@id\":\"https:\\\/\\\/blogdofarnesio.com.br\\\/?p=129908#article\",\"isPartOf\":{\"@id\":\"https:\\\/\\\/blogdofarnesio.com.br\\\/?p=129908\"},\"author\":{\"name\":\"\",\"@id\":\"\"},\"headline\":\"SESS\u00c3O FOTOGR\u00c1FICA CELEBRA A PRIMAVERA NA LIVRARIA SBS\",\"datePublished\":\"2015-09-16T17:40:07+00:00\",\"mainEntityOfPage\":{\"@id\":\"https:\\\/\\\/blogdofarnesio.com.br\\\/?p=129908\"},\"wordCount\":242,\"commentCount\":0,\"publisher\":{\"@id\":\"https:\\\/\\\/blogdofarnesio.com.br\\\/#organization\"},\"articleSection\":[\"Cultura\"],\"inLanguage\":\"pt-BR\",\"potentialAction\":[{\"@type\":\"CommentAction\",\"name\":\"Comment\",\"target\":[\"https:\\\/\\\/blogdofarnesio.com.br\\\/?p=129908#respond\"]}]},{\"@type\":\"WebPage\",\"@id\":\"https:\\\/\\\/blogdofarnesio.com.br\\\/?p=129908\",\"url\":\"https:\\\/\\\/blogdofarnesio.com.br\\\/?p=129908\",\"name\":\"SESS\u00c3O FOTOGR\u00c1FICA CELEBRA A PRIMAVERA NA LIVRARIA SBS - Blog do Farn\u00e9sio\",\"isPartOf\":{\"@id\":\"https:\\\/\\\/blogdofarnesio.com.br\\\/#website\"},\"datePublished\":\"2015-09-16T17:40:07+00:00\",\"breadcrumb\":{\"@id\":\"https:\\\/\\\/blogdofarnesio.com.br\\\/?p=129908#breadcrumb\"},\"inLanguage\":\"pt-BR\",\"potentialAction\":[{\"@type\":\"ReadAction\",\"target\":[\"https:\\\/\\\/blogdofarnesio.com.br\\\/?p=129908\"]}]},{\"@type\":\"BreadcrumbList\",\"@id\":\"https:\\\/\\\/blogdofarnesio.com.br\\\/?p=129908#breadcrumb\",\"itemListElement\":[{\"@type\":\"ListItem\",\"position\":1,\"name\":\"In\u00edcio\",\"item\":\"https:\\\/\\\/blogdofarnesio.com.br\\\/\"},{\"@type\":\"ListItem\",\"position\":2,\"name\":\"SESS\u00c3O FOTOGR\u00c1FICA CELEBRA A PRIMAVERA NA LIVRARIA SBS\"}]},{\"@type\":\"WebSite\",\"@id\":\"https:\\\/\\\/blogdofarnesio.com.br\\\/#website\",\"url\":\"https:\\\/\\\/blogdofarnesio.com.br\\\/\",\"name\":\"Blog do Farn\u00e9sio\",\"description\":\"Quer Saber Pol\u00edtica?\",\"publisher\":{\"@id\":\"https:\\\/\\\/blogdofarnesio.com.br\\\/#organization\"},\"potentialAction\":[{\"@type\":\"SearchAction\",\"target\":{\"@type\":\"EntryPoint\",\"urlTemplate\":\"https:\\\/\\\/blogdofarnesio.com.br\\\/?s={search_term_string}\"},\"query-input\":{\"@type\":\"PropertyValueSpecification\",\"valueRequired\":true,\"valueName\":\"search_term_string\"}}],\"inLanguage\":\"pt-BR\"},{\"@type\":\"Organization\",\"@id\":\"https:\\\/\\\/blogdofarnesio.com.br\\\/#organization\",\"name\":\"Blog do Farn\u00e9sio\",\"url\":\"https:\\\/\\\/blogdofarnesio.com.br\\\/\",\"logo\":{\"@type\":\"ImageObject\",\"inLanguage\":\"pt-BR\",\"@id\":\"https:\\\/\\\/blogdofarnesio.com.br\\\/#\\\/schema\\\/logo\\\/image\\\/\",\"url\":\"https:\\\/\\\/blogdofarnesio.com.br\\\/wp-content\\\/uploads\\\/2026\\\/03\\\/cropped-logo_new-1.png\",\"contentUrl\":\"https:\\\/\\\/blogdofarnesio.com.br\\\/wp-content\\\/uploads\\\/2026\\\/03\\\/cropped-logo_new-1.png\",\"width\":881,\"height\":685,\"caption\":\"Blog do Farn\u00e9sio\"},\"image\":{\"@id\":\"https:\\\/\\\/blogdofarnesio.com.br\\\/#\\\/schema\\\/logo\\\/image\\\/\"},\"sameAs\":[\"https:\\\/\\\/www.facebook.com\\\/BlogQuerSaberPolitica\\\/\"]},{\"@type\":\"Person\",\"@id\":\"\",\"url\":\"https:\\\/\\\/blogdofarnesio.com.br\\\/?author=7\"}]}<\/script>\n<!-- \/ Yoast SEO plugin. -->","yoast_head_json":{"title":"SESS\u00c3O FOTOGR\u00c1FICA CELEBRA A PRIMAVERA NA LIVRARIA SBS - Blog do Farn\u00e9sio","robots":{"index":"index","follow":"follow","max-snippet":"max-snippet:-1","max-image-preview":"max-image-preview:large","max-video-preview":"max-video-preview:-1"},"canonical":"https:\/\/blogdofarnesio.com.br\/?p=129908","og_locale":"pt_BR","og_type":"article","og_title":"SESS\u00c3O FOTOGR\u00c1FICA CELEBRA A PRIMAVERA NA LIVRARIA SBS - Blog do Farn\u00e9sio","og_description":"Eu vejo flores em voc\u00ea: sauda\u00e7\u00e3o \u00e0 primavera. Este \u00e9 o tema da sess\u00e3o de retratos que ser\u00e1 realizada pela fot\u00f3grafa Silvia Nonata no pr\u00f3ximo s\u00e1bado (19), na Livraria SBS Petrolina. O evento, que acontece das 17h \u00e0s 18h30, promete estimular a autoestima e despertar a beleza de cada um em meio a um cen\u00e1rio colorido, alegre e muito leve. Segundo a fot\u00f3grafa Silvia Nonata, a sess\u00e3o ser\u00e1 uma oportunidade de vivenciar a fotografia numas das suas formas mais atraentes: o retrato. \u201cSer retratado \u00e9 sempre uma experi\u00eancia envolvente, em que brincamos de ser quem quisermos&#8221;, completou a fot\u00f3grafa. Realizado pelo Y\u00e1zigi Petrolina em parceria com a Livraria SBS, o projeto \u201cY\u00e1zigi Bookstore Day tem como objetivo principal desenvolver a&hellip;","og_url":"https:\/\/blogdofarnesio.com.br\/?p=129908","og_site_name":"Blog do Farn\u00e9sio","article_publisher":"https:\/\/www.facebook.com\/BlogQuerSaberPolitica\/","article_published_time":"2015-09-16T17:40:07+00:00","twitter_card":"summary_large_image","twitter_misc":{"Escrito por":"","Est. tempo de leitura":"1 minuto"},"schema":{"@context":"https:\/\/schema.org","@graph":[{"@type":"Article","@id":"https:\/\/blogdofarnesio.com.br\/?p=129908#article","isPartOf":{"@id":"https:\/\/blogdofarnesio.com.br\/?p=129908"},"author":{"name":"","@id":""},"headline":"SESS\u00c3O FOTOGR\u00c1FICA CELEBRA A PRIMAVERA NA LIVRARIA SBS","datePublished":"2015-09-16T17:40:07+00:00","mainEntityOfPage":{"@id":"https:\/\/blogdofarnesio.com.br\/?p=129908"},"wordCount":242,"commentCount":0,"publisher":{"@id":"https:\/\/blogdofarnesio.com.br\/#organization"},"articleSection":["Cultura"],"inLanguage":"pt-BR","potentialAction":[{"@type":"CommentAction","name":"Comment","target":["https:\/\/blogdofarnesio.com.br\/?p=129908#respond"]}]},{"@type":"WebPage","@id":"https:\/\/blogdofarnesio.com.br\/?p=129908","url":"https:\/\/blogdofarnesio.com.br\/?p=129908","name":"SESS\u00c3O FOTOGR\u00c1FICA CELEBRA A PRIMAVERA NA LIVRARIA SBS - Blog do Farn\u00e9sio","isPartOf":{"@id":"https:\/\/blogdofarnesio.com.br\/#website"},"datePublished":"2015-09-16T17:40:07+00:00","breadcrumb":{"@id":"https:\/\/blogdofarnesio.com.br\/?p=129908#breadcrumb"},"inLanguage":"pt-BR","potentialAction":[{"@type":"ReadAction","target":["https:\/\/blogdofarnesio.com.br\/?p=129908"]}]},{"@type":"BreadcrumbList","@id":"https:\/\/blogdofarnesio.com.br\/?p=129908#breadcrumb","itemListElement":[{"@type":"ListItem","position":1,"name":"In\u00edcio","item":"https:\/\/blogdofarnesio.com.br\/"},{"@type":"ListItem","position":2,"name":"SESS\u00c3O FOTOGR\u00c1FICA CELEBRA A PRIMAVERA NA LIVRARIA SBS"}]},{"@type":"WebSite","@id":"https:\/\/blogdofarnesio.com.br\/#website","url":"https:\/\/blogdofarnesio.com.br\/","name":"Blog do Farn\u00e9sio","description":"Quer Saber Pol\u00edtica?","publisher":{"@id":"https:\/\/blogdofarnesio.com.br\/#organization"},"potentialAction":[{"@type":"SearchAction","target":{"@type":"EntryPoint","urlTemplate":"https:\/\/blogdofarnesio.com.br\/?s={search_term_string}"},"query-input":{"@type":"PropertyValueSpecification","valueRequired":true,"valueName":"search_term_string"}}],"inLanguage":"pt-BR"},{"@type":"Organization","@id":"https:\/\/blogdofarnesio.com.br\/#organization","name":"Blog do Farn\u00e9sio","url":"https:\/\/blogdofarnesio.com.br\/","logo":{"@type":"ImageObject","inLanguage":"pt-BR","@id":"https:\/\/blogdofarnesio.com.br\/#\/schema\/logo\/image\/","url":"https:\/\/blogdofarnesio.com.br\/wp-content\/uploads\/2026\/03\/cropped-logo_new-1.png","contentUrl":"https:\/\/blogdofarnesio.com.br\/wp-content\/uploads\/2026\/03\/cropped-logo_new-1.png","width":881,"height":685,"caption":"Blog do Farn\u00e9sio"},"image":{"@id":"https:\/\/blogdofarnesio.com.br\/#\/schema\/logo\/image\/"},"sameAs":["https:\/\/www.facebook.com\/BlogQuerSaberPolitica\/"]},{"@type":"Person","@id":"","url":"https:\/\/blogdofarnesio.com.br\/?author=7"}]}},"_links":{"self":[{"href":"https:\/\/blogdofarnesio.com.br\/index.php?rest_route=\/wp\/v2\/posts\/129908","targetHints":{"allow":["GET"]}}],"collection":[{"href":"https:\/\/blogdofarnesio.com.br\/index.php?rest_route=\/wp\/v2\/posts"}],"about":[{"href":"https:\/\/blogdofarnesio.com.br\/index.php?rest_route=\/wp\/v2\/types\/post"}],"author":[{"embeddable":true,"href":"https:\/\/blogdofarnesio.com.br\/index.php?rest_route=\/wp\/v2\/users\/7"}],"replies":[{"embeddable":true,"href":"https:\/\/blogdofarnesio.com.br\/index.php?rest_route=%2Fwp%2Fv2%2Fcomments&post=129908"}],"version-history":[{"count":0,"href":"https:\/\/blogdofarnesio.com.br\/index.php?rest_route=\/wp\/v2\/posts\/129908\/revisions"}],"wp:attachment":[{"href":"https:\/\/blogdofarnesio.com.br\/index.php?rest_route=%2Fwp%2Fv2%2Fmedia&parent=129908"}],"wp:term":[{"taxonomy":"category","embeddable":true,"href":"https:\/\/blogdofarnesio.com.br\/index.php?rest_route=%2Fwp%2Fv2%2Fcategories&post=129908"},{"taxonomy":"post_tag","embeddable":true,"href":"https:\/\/blogdofarnesio.com.br\/index.php?rest_route=%2Fwp%2Fv2%2Ftags&post=129908"}],"curies":[{"name":"wp","href":"https:\/\/api.w.org\/{rel}","templated":true}]}}