{"id":12954,"date":"2012-04-11T18:00:00","date_gmt":"2012-04-11T18:00:00","guid":{"rendered":"http:\/\/www.quersaberpolitica.com.br?p=12954"},"modified":"2012-04-11T14:33:59","modified_gmt":"2012-04-11T14:33:59","slug":"frente-parlamentar-de-comunicacao-de-pernambuco-realiza-audiencia-publica-em-petrolina","status":"publish","type":"post","link":"https:\/\/blogdofarnesio.com.br\/?p=12954","title":{"rendered":"Frente Parlamentar de Comunica\u00e7\u00e3o de Pernambuco realiza audi\u00eancia p\u00fablica em Petrolina"},"content":{"rendered":"<p style=\"text-align: justify;\"><strong><span style=\"font-size: medium;\"><span style=\"font-family: arial,helvetica,sans-serif;\">Frente Parlamentar de Comunica&ccedil;&atilde;o de Pernambuco realiza audi&ecirc;ncia p&uacute;blica em Petrolina<\/span><\/span><\/strong><\/p>\n<p><img loading=\"lazy\" decoding=\"async\" style=\"float: left; margin-top: 5px; margin-bottom: 5px; margin-left: 10px; margin-right: 10px;\" src=\"http:\/\/www.quersaberpolitica.com.br\/2016\/wp-content\/uploads\/2012\/12\/blogqspfrenteparlamentardecom.jpg\" alt=\"\" width=\"200\" height=\"93\" \/><\/p>\n<p style=\"text-align: justify;\"><span style=\"font-size: medium;\"><span style=\"font-family: arial,helvetica,sans-serif;\">No  pr&oacute;ximo dia 13 deste m&ecirc;s, a Frente Parlamentar de Comunica&ccedil;&atilde;o de  Pernambuco (FPComPE) que visa a defesa de propostas e a&ccedil;&otilde;es que  contribuam para estimular o  setor da comunica&ccedil;&atilde;o, estar&aacute; em Petrolina para uma audi&ecirc;ncia p&uacute;blica  sobre o tema. A Frente tem como Coordenador Geral o deputado estadual <strong>Ricardo Costa<\/strong>, e como membros, os tamb&eacute;m deputados, <strong>Alu&iacute;sio Lessa, &Acirc;ngelo Ferreira, Eriberto Medeiros, Everaldo Cabral <\/strong>e<strong> Tony Gel<\/strong>.  A FPComPE foi formada no dia 22 de fevereiro deste ano, atrav&eacute;s de  requerimento aprovado por unanimidade pela Assembleia Legislativa de  Pernambuco.<\/span><\/span><\/p>\n<p style=\"text-align: justify;\"><span style=\"font-size: medium;\"><span style=\"font-family: arial,helvetica,sans-serif;\">Um dos objetivos da FRENTE &eacute; o de ser porta voz das entidades, de seus  representantes e da popula&ccedil;&atilde;o, propondo mudan&ccedil;as no setor legislativo  concernentes &agrave; comunica&ccedil;&atilde;o, atrav&eacute;s de Projetos de Lei, Indica&ccedil;&otilde;es e  Requerimentos, al&eacute;m de mobilizar todo o setor para uma real  transforma&ccedil;&atilde;o no cen&aacute;rio atual da comunica&ccedil;&atilde;o em Pernambuco.<\/span><\/span><\/p>\n<p style=\"text-align: justify;\"><span style=\"font-size: medium;\"><span style=\"font-family: arial,helvetica,sans-serif;\">Agenda do Dia<\/span><\/span><\/p>\n<p style=\"text-align: justify;\"><span style=\"font-size: medium;\"><span style=\"font-family: arial,helvetica,sans-serif;\">08h &#8211; Credenciamento<\/span><\/span><\/p>\n<p style=\"text-align: justify;\"><span style=\"font-size: medium;\"><span style=\"font-family: arial,helvetica,sans-serif;\">09h &#8211; Composi&ccedil;&atilde;o da Mesa<\/span><\/span><\/p>\n<p style=\"text-align: justify;\"><span style=\"font-size: medium;\"><span style=\"font-family: arial,helvetica,sans-serif;\">09h15 &#8211; Pronunciamentos<\/span><\/span><\/p>\n<p style=\"text-align: justify;\"><span style=\"font-size: medium;\"><span style=\"font-family: arial,helvetica,sans-serif;\">09h45 &#8211; Palestra<\/span><\/span><\/p>\n<p style=\"text-align: justify;\"><span style=\"font-size: medium;\"><span style=\"font-family: arial,helvetica,sans-serif;\">10h35 &#8211; Debate<\/span><\/span><\/p>\n<p style=\"text-align: justify;\"><span style=\"font-size: medium;\"><span style=\"font-family: arial,helvetica,sans-serif;\">12h15 &#8211; Almo&ccedil;o<\/span><\/span><\/p>\n<p style=\"text-align: justify;\"><span style=\"font-size: medium;\"><span style=\"font-family: arial,helvetica,sans-serif;\">14h &#8211; Rein&iacute;cio dos Trabalhos<\/span><\/span><\/p>\n<p style=\"text-align: justify;\"><span style=\"font-size: medium;\"><span style=\"font-family: arial,helvetica,sans-serif;\">&#8211; Apresenta&ccedil;&atilde;o de Din&acirc;mica<\/span><\/span><\/p>\n<p style=\"text-align: justify;\"><span style=\"font-size: medium;\"><span style=\"font-family: arial,helvetica,sans-serif;\">&#8211; Montagem de grupos de Trabalho<\/span><\/span><\/p>\n<p style=\"text-align: justify;\"><span style=\"font-size: medium;\"><span style=\"font-family: arial,helvetica,sans-serif;\">&#8211; Discuss&atilde;o de Eixos e Temas<\/span><\/span><\/p>\n<p style=\"text-align: justify;\"><span style=\"font-size: medium;\"><span style=\"font-family: arial,helvetica,sans-serif;\">15h30 &#8211; Recolhimento de Propostas<\/span><\/span><\/p>\n<p style=\"text-align: justify;\"><span style=\"font-size: medium;\"><span style=\"font-family: arial,helvetica,sans-serif;\">16h &#8211; Apresenta&ccedil;&atilde;o e Delibera&ccedil;&atilde;o de Propostas<\/span><\/span><\/p>\n<p style=\"text-align: justify;\"><span style=\"font-size: medium;\"><span style=\"font-family: arial,helvetica,sans-serif;\">17h &#8211; Encerramento<\/span><\/span><\/p>\n<p style=\"text-align: justify;\"><span style=\"font-size: medium;\"><span style=\"font-family: arial,helvetica,sans-serif;\"><br \/> <\/span><\/span><\/p>\n<p style=\"text-align: justify;\"><span style=\"font-size: medium;\"><span style=\"font-family: arial,helvetica,sans-serif;\">Com informa&ccedil;&otilde;es da FPComPE (Frente Parlamentar de Comunica&ccedil;&atilde;o de Pernambuco)<br \/> <\/span><\/span><\/p>\n<p style=\"text-align: justify;\"><span style=\"font-size: medium;\"><span style=\"font-family: arial,helvetica,sans-serif;\"><br \/> <\/span><\/span><\/p>\n","protected":false},"excerpt":{"rendered":"<p>Frente Parlamentar de Comunica&ccedil;&atilde;o de Pernambuco realiza audi&ecirc;ncia p&uacute;blica em Petrolina No pr&oacute;ximo dia 13 deste m&ecirc;s, a Frente Parlamentar de Comunica&ccedil;&atilde;o de Pernambuco (FPComPE) que visa a defesa de propostas e a&ccedil;&otilde;es que contribuam para estimular o setor da comunica&ccedil;&atilde;o, estar&aacute; em Petrolina para uma audi&ecirc;ncia p&uacute;blica sobre o tema. A Frente tem como Coordenador Geral o deputado estadual Ricardo Costa, e como membros, os tamb&eacute;m deputados, Alu&iacute;sio Lessa, &Acirc;ngelo Ferreira, Eriberto Medeiros, Everaldo Cabral e Tony Gel. A FPComPE foi formada no dia 22 de fevereiro deste ano, atrav&eacute;s de requerimento aprovado por unanimidade pela Assembleia Legislativa de Pernambuco. Um dos objetivos da FRENTE &eacute; o de ser porta voz das entidades, de seus representantes e da popula&ccedil;&atilde;o,&hellip; <\/p>\n","protected":false},"author":0,"featured_media":0,"comment_status":"open","ping_status":"open","sticky":false,"template":"","format":"standard","meta":{"_acf_changed":false,"footnotes":""},"categories":[43],"tags":[],"class_list":["post-12954","post","type-post","status-publish","format-standard","hentry","category-sem-categoria"],"acf":[],"yoast_head":"<!-- This site is optimized with the Yoast SEO plugin v27.4 - https:\/\/yoast.com\/product\/yoast-seo-wordpress\/ -->\n<title>Frente Parlamentar de Comunica\u00e7\u00e3o de Pernambuco realiza audi\u00eancia p\u00fablica em Petrolina - Blog do Farn\u00e9sio<\/title>\n<meta name=\"robots\" content=\"index, follow, max-snippet:-1, max-image-preview:large, max-video-preview:-1\" \/>\n<link rel=\"canonical\" href=\"https:\/\/blogdofarnesio.com.br\/?p=12954\" \/>\n<meta property=\"og:locale\" content=\"pt_BR\" \/>\n<meta property=\"og:type\" content=\"article\" \/>\n<meta property=\"og:title\" content=\"Frente Parlamentar de Comunica\u00e7\u00e3o de Pernambuco realiza audi\u00eancia p\u00fablica em Petrolina - Blog do Farn\u00e9sio\" \/>\n<meta property=\"og:description\" content=\"Frente Parlamentar de Comunica&ccedil;&atilde;o de Pernambuco realiza audi&ecirc;ncia p&uacute;blica em Petrolina No pr&oacute;ximo dia 13 deste m&ecirc;s, a Frente Parlamentar de Comunica&ccedil;&atilde;o de Pernambuco (FPComPE) que visa a defesa de propostas e a&ccedil;&otilde;es que contribuam para estimular o setor da comunica&ccedil;&atilde;o, estar&aacute; em Petrolina para uma audi&ecirc;ncia p&uacute;blica sobre o tema. A Frente tem como Coordenador Geral o deputado estadual Ricardo Costa, e como membros, os tamb&eacute;m deputados, Alu&iacute;sio Lessa, &Acirc;ngelo Ferreira, Eriberto Medeiros, Everaldo Cabral e Tony Gel. A FPComPE foi formada no dia 22 de fevereiro deste ano, atrav&eacute;s de requerimento aprovado por unanimidade pela Assembleia Legislativa de Pernambuco. Um dos objetivos da FRENTE &eacute; o de ser porta voz das entidades, de seus representantes e da popula&ccedil;&atilde;o,&hellip;\" \/>\n<meta property=\"og:url\" content=\"https:\/\/blogdofarnesio.com.br\/?p=12954\" \/>\n<meta property=\"og:site_name\" content=\"Blog do Farn\u00e9sio\" \/>\n<meta property=\"article:publisher\" content=\"https:\/\/www.facebook.com\/BlogQuerSaberPolitica\/\" \/>\n<meta property=\"article:published_time\" content=\"2012-04-11T18:00:00+00:00\" \/>\n<meta property=\"og:image\" content=\"http:\/\/www.quersaberpolitica.com.br\/2016\/wp-content\/uploads\/2012\/12\/blogqspfrenteparlamentardecom.jpg\" \/>\n<meta name=\"twitter:card\" content=\"summary_large_image\" \/>\n<meta name=\"twitter:label1\" content=\"Est. tempo de leitura\" \/>\n\t<meta name=\"twitter:data1\" content=\"2 minutos\" \/>\n<script type=\"application\/ld+json\" class=\"yoast-schema-graph\">{\"@context\":\"https:\\\/\\\/schema.org\",\"@graph\":[{\"@type\":\"Article\",\"@id\":\"https:\\\/\\\/blogdofarnesio.com.br\\\/?p=12954#article\",\"isPartOf\":{\"@id\":\"https:\\\/\\\/blogdofarnesio.com.br\\\/?p=12954\"},\"author\":{\"name\":\"\",\"@id\":\"\"},\"headline\":\"Frente Parlamentar de Comunica\u00e7\u00e3o de Pernambuco realiza audi\u00eancia p\u00fablica em Petrolina\",\"datePublished\":\"2012-04-11T18:00:00+00:00\",\"mainEntityOfPage\":{\"@id\":\"https:\\\/\\\/blogdofarnesio.com.br\\\/?p=12954\"},\"wordCount\":315,\"commentCount\":0,\"publisher\":{\"@id\":\"https:\\\/\\\/blogdofarnesio.com.br\\\/#organization\"},\"image\":{\"@id\":\"https:\\\/\\\/blogdofarnesio.com.br\\\/?p=12954#primaryimage\"},\"thumbnailUrl\":\"http:\\\/\\\/www.quersaberpolitica.com.br\\\/2016\\\/wp-content\\\/uploads\\\/2012\\\/12\\\/blogqspfrenteparlamentardecom.jpg\",\"inLanguage\":\"pt-BR\",\"potentialAction\":[{\"@type\":\"CommentAction\",\"name\":\"Comment\",\"target\":[\"https:\\\/\\\/blogdofarnesio.com.br\\\/?p=12954#respond\"]}]},{\"@type\":\"WebPage\",\"@id\":\"https:\\\/\\\/blogdofarnesio.com.br\\\/?p=12954\",\"url\":\"https:\\\/\\\/blogdofarnesio.com.br\\\/?p=12954\",\"name\":\"Frente Parlamentar de Comunica\u00e7\u00e3o de Pernambuco realiza audi\u00eancia p\u00fablica em Petrolina - Blog do Farn\u00e9sio\",\"isPartOf\":{\"@id\":\"https:\\\/\\\/blogdofarnesio.com.br\\\/#website\"},\"primaryImageOfPage\":{\"@id\":\"https:\\\/\\\/blogdofarnesio.com.br\\\/?p=12954#primaryimage\"},\"image\":{\"@id\":\"https:\\\/\\\/blogdofarnesio.com.br\\\/?p=12954#primaryimage\"},\"thumbnailUrl\":\"http:\\\/\\\/www.quersaberpolitica.com.br\\\/2016\\\/wp-content\\\/uploads\\\/2012\\\/12\\\/blogqspfrenteparlamentardecom.jpg\",\"datePublished\":\"2012-04-11T18:00:00+00:00\",\"breadcrumb\":{\"@id\":\"https:\\\/\\\/blogdofarnesio.com.br\\\/?p=12954#breadcrumb\"},\"inLanguage\":\"pt-BR\",\"potentialAction\":[{\"@type\":\"ReadAction\",\"target\":[\"https:\\\/\\\/blogdofarnesio.com.br\\\/?p=12954\"]}]},{\"@type\":\"ImageObject\",\"inLanguage\":\"pt-BR\",\"@id\":\"https:\\\/\\\/blogdofarnesio.com.br\\\/?p=12954#primaryimage\",\"url\":\"http:\\\/\\\/www.quersaberpolitica.com.br\\\/2016\\\/wp-content\\\/uploads\\\/2012\\\/12\\\/blogqspfrenteparlamentardecom.jpg\",\"contentUrl\":\"http:\\\/\\\/www.quersaberpolitica.com.br\\\/2016\\\/wp-content\\\/uploads\\\/2012\\\/12\\\/blogqspfrenteparlamentardecom.jpg\"},{\"@type\":\"BreadcrumbList\",\"@id\":\"https:\\\/\\\/blogdofarnesio.com.br\\\/?p=12954#breadcrumb\",\"itemListElement\":[{\"@type\":\"ListItem\",\"position\":1,\"name\":\"In\u00edcio\",\"item\":\"https:\\\/\\\/blogdofarnesio.com.br\\\/\"},{\"@type\":\"ListItem\",\"position\":2,\"name\":\"Frente Parlamentar de Comunica\u00e7\u00e3o de Pernambuco realiza audi\u00eancia p\u00fablica em Petrolina\"}]},{\"@type\":\"WebSite\",\"@id\":\"https:\\\/\\\/blogdofarnesio.com.br\\\/#website\",\"url\":\"https:\\\/\\\/blogdofarnesio.com.br\\\/\",\"name\":\"Blog do Farn\u00e9sio\",\"description\":\"Quer Saber Pol\u00edtica?\",\"publisher\":{\"@id\":\"https:\\\/\\\/blogdofarnesio.com.br\\\/#organization\"},\"potentialAction\":[{\"@type\":\"SearchAction\",\"target\":{\"@type\":\"EntryPoint\",\"urlTemplate\":\"https:\\\/\\\/blogdofarnesio.com.br\\\/?s={search_term_string}\"},\"query-input\":{\"@type\":\"PropertyValueSpecification\",\"valueRequired\":true,\"valueName\":\"search_term_string\"}}],\"inLanguage\":\"pt-BR\"},{\"@type\":\"Organization\",\"@id\":\"https:\\\/\\\/blogdofarnesio.com.br\\\/#organization\",\"name\":\"Blog do Farn\u00e9sio\",\"url\":\"https:\\\/\\\/blogdofarnesio.com.br\\\/\",\"logo\":{\"@type\":\"ImageObject\",\"inLanguage\":\"pt-BR\",\"@id\":\"https:\\\/\\\/blogdofarnesio.com.br\\\/#\\\/schema\\\/logo\\\/image\\\/\",\"url\":\"https:\\\/\\\/blogdofarnesio.com.br\\\/wp-content\\\/uploads\\\/2026\\\/03\\\/cropped-logo_new-1.png\",\"contentUrl\":\"https:\\\/\\\/blogdofarnesio.com.br\\\/wp-content\\\/uploads\\\/2026\\\/03\\\/cropped-logo_new-1.png\",\"width\":881,\"height\":685,\"caption\":\"Blog do Farn\u00e9sio\"},\"image\":{\"@id\":\"https:\\\/\\\/blogdofarnesio.com.br\\\/#\\\/schema\\\/logo\\\/image\\\/\"},\"sameAs\":[\"https:\\\/\\\/www.facebook.com\\\/BlogQuerSaberPolitica\\\/\"]}]}<\/script>\n<!-- \/ Yoast SEO plugin. -->","yoast_head_json":{"title":"Frente Parlamentar de Comunica\u00e7\u00e3o de Pernambuco realiza audi\u00eancia p\u00fablica em Petrolina - Blog do Farn\u00e9sio","robots":{"index":"index","follow":"follow","max-snippet":"max-snippet:-1","max-image-preview":"max-image-preview:large","max-video-preview":"max-video-preview:-1"},"canonical":"https:\/\/blogdofarnesio.com.br\/?p=12954","og_locale":"pt_BR","og_type":"article","og_title":"Frente Parlamentar de Comunica\u00e7\u00e3o de Pernambuco realiza audi\u00eancia p\u00fablica em Petrolina - Blog do Farn\u00e9sio","og_description":"Frente Parlamentar de Comunica&ccedil;&atilde;o de Pernambuco realiza audi&ecirc;ncia p&uacute;blica em Petrolina No pr&oacute;ximo dia 13 deste m&ecirc;s, a Frente Parlamentar de Comunica&ccedil;&atilde;o de Pernambuco (FPComPE) que visa a defesa de propostas e a&ccedil;&otilde;es que contribuam para estimular o setor da comunica&ccedil;&atilde;o, estar&aacute; em Petrolina para uma audi&ecirc;ncia p&uacute;blica sobre o tema. A Frente tem como Coordenador Geral o deputado estadual Ricardo Costa, e como membros, os tamb&eacute;m deputados, Alu&iacute;sio Lessa, &Acirc;ngelo Ferreira, Eriberto Medeiros, Everaldo Cabral e Tony Gel. A FPComPE foi formada no dia 22 de fevereiro deste ano, atrav&eacute;s de requerimento aprovado por unanimidade pela Assembleia Legislativa de Pernambuco. Um dos objetivos da FRENTE &eacute; o de ser porta voz das entidades, de seus representantes e da popula&ccedil;&atilde;o,&hellip;","og_url":"https:\/\/blogdofarnesio.com.br\/?p=12954","og_site_name":"Blog do Farn\u00e9sio","article_publisher":"https:\/\/www.facebook.com\/BlogQuerSaberPolitica\/","article_published_time":"2012-04-11T18:00:00+00:00","og_image":[{"url":"http:\/\/www.quersaberpolitica.com.br\/2016\/wp-content\/uploads\/2012\/12\/blogqspfrenteparlamentardecom.jpg","type":"","width":"","height":""}],"twitter_card":"summary_large_image","twitter_misc":{"Est. tempo de leitura":"2 minutos"},"schema":{"@context":"https:\/\/schema.org","@graph":[{"@type":"Article","@id":"https:\/\/blogdofarnesio.com.br\/?p=12954#article","isPartOf":{"@id":"https:\/\/blogdofarnesio.com.br\/?p=12954"},"author":{"name":"","@id":""},"headline":"Frente Parlamentar de Comunica\u00e7\u00e3o de Pernambuco realiza audi\u00eancia p\u00fablica em Petrolina","datePublished":"2012-04-11T18:00:00+00:00","mainEntityOfPage":{"@id":"https:\/\/blogdofarnesio.com.br\/?p=12954"},"wordCount":315,"commentCount":0,"publisher":{"@id":"https:\/\/blogdofarnesio.com.br\/#organization"},"image":{"@id":"https:\/\/blogdofarnesio.com.br\/?p=12954#primaryimage"},"thumbnailUrl":"http:\/\/www.quersaberpolitica.com.br\/2016\/wp-content\/uploads\/2012\/12\/blogqspfrenteparlamentardecom.jpg","inLanguage":"pt-BR","potentialAction":[{"@type":"CommentAction","name":"Comment","target":["https:\/\/blogdofarnesio.com.br\/?p=12954#respond"]}]},{"@type":"WebPage","@id":"https:\/\/blogdofarnesio.com.br\/?p=12954","url":"https:\/\/blogdofarnesio.com.br\/?p=12954","name":"Frente Parlamentar de Comunica\u00e7\u00e3o de Pernambuco realiza audi\u00eancia p\u00fablica em Petrolina - Blog do Farn\u00e9sio","isPartOf":{"@id":"https:\/\/blogdofarnesio.com.br\/#website"},"primaryImageOfPage":{"@id":"https:\/\/blogdofarnesio.com.br\/?p=12954#primaryimage"},"image":{"@id":"https:\/\/blogdofarnesio.com.br\/?p=12954#primaryimage"},"thumbnailUrl":"http:\/\/www.quersaberpolitica.com.br\/2016\/wp-content\/uploads\/2012\/12\/blogqspfrenteparlamentardecom.jpg","datePublished":"2012-04-11T18:00:00+00:00","breadcrumb":{"@id":"https:\/\/blogdofarnesio.com.br\/?p=12954#breadcrumb"},"inLanguage":"pt-BR","potentialAction":[{"@type":"ReadAction","target":["https:\/\/blogdofarnesio.com.br\/?p=12954"]}]},{"@type":"ImageObject","inLanguage":"pt-BR","@id":"https:\/\/blogdofarnesio.com.br\/?p=12954#primaryimage","url":"http:\/\/www.quersaberpolitica.com.br\/2016\/wp-content\/uploads\/2012\/12\/blogqspfrenteparlamentardecom.jpg","contentUrl":"http:\/\/www.quersaberpolitica.com.br\/2016\/wp-content\/uploads\/2012\/12\/blogqspfrenteparlamentardecom.jpg"},{"@type":"BreadcrumbList","@id":"https:\/\/blogdofarnesio.com.br\/?p=12954#breadcrumb","itemListElement":[{"@type":"ListItem","position":1,"name":"In\u00edcio","item":"https:\/\/blogdofarnesio.com.br\/"},{"@type":"ListItem","position":2,"name":"Frente Parlamentar de Comunica\u00e7\u00e3o de Pernambuco realiza audi\u00eancia p\u00fablica em Petrolina"}]},{"@type":"WebSite","@id":"https:\/\/blogdofarnesio.com.br\/#website","url":"https:\/\/blogdofarnesio.com.br\/","name":"Blog do Farn\u00e9sio","description":"Quer Saber Pol\u00edtica?","publisher":{"@id":"https:\/\/blogdofarnesio.com.br\/#organization"},"potentialAction":[{"@type":"SearchAction","target":{"@type":"EntryPoint","urlTemplate":"https:\/\/blogdofarnesio.com.br\/?s={search_term_string}"},"query-input":{"@type":"PropertyValueSpecification","valueRequired":true,"valueName":"search_term_string"}}],"inLanguage":"pt-BR"},{"@type":"Organization","@id":"https:\/\/blogdofarnesio.com.br\/#organization","name":"Blog do Farn\u00e9sio","url":"https:\/\/blogdofarnesio.com.br\/","logo":{"@type":"ImageObject","inLanguage":"pt-BR","@id":"https:\/\/blogdofarnesio.com.br\/#\/schema\/logo\/image\/","url":"https:\/\/blogdofarnesio.com.br\/wp-content\/uploads\/2026\/03\/cropped-logo_new-1.png","contentUrl":"https:\/\/blogdofarnesio.com.br\/wp-content\/uploads\/2026\/03\/cropped-logo_new-1.png","width":881,"height":685,"caption":"Blog do Farn\u00e9sio"},"image":{"@id":"https:\/\/blogdofarnesio.com.br\/#\/schema\/logo\/image\/"},"sameAs":["https:\/\/www.facebook.com\/BlogQuerSaberPolitica\/"]}]}},"_links":{"self":[{"href":"https:\/\/blogdofarnesio.com.br\/index.php?rest_route=\/wp\/v2\/posts\/12954","targetHints":{"allow":["GET"]}}],"collection":[{"href":"https:\/\/blogdofarnesio.com.br\/index.php?rest_route=\/wp\/v2\/posts"}],"about":[{"href":"https:\/\/blogdofarnesio.com.br\/index.php?rest_route=\/wp\/v2\/types\/post"}],"replies":[{"embeddable":true,"href":"https:\/\/blogdofarnesio.com.br\/index.php?rest_route=%2Fwp%2Fv2%2Fcomments&post=12954"}],"version-history":[{"count":0,"href":"https:\/\/blogdofarnesio.com.br\/index.php?rest_route=\/wp\/v2\/posts\/12954\/revisions"}],"wp:attachment":[{"href":"https:\/\/blogdofarnesio.com.br\/index.php?rest_route=%2Fwp%2Fv2%2Fmedia&parent=12954"}],"wp:term":[{"taxonomy":"category","embeddable":true,"href":"https:\/\/blogdofarnesio.com.br\/index.php?rest_route=%2Fwp%2Fv2%2Fcategories&post=12954"},{"taxonomy":"post_tag","embeddable":true,"href":"https:\/\/blogdofarnesio.com.br\/index.php?rest_route=%2Fwp%2Fv2%2Ftags&post=12954"}],"curies":[{"name":"wp","href":"https:\/\/api.w.org\/{rel}","templated":true}]}}