{"id":129433,"date":"2015-09-05T12:00:18","date_gmt":"2015-09-05T15:00:18","guid":{"rendered":"http:\/\/www.quersaberpolitica.com.br\/?p=129433"},"modified":"2015-09-05T10:15:28","modified_gmt":"2015-09-05T13:15:28","slug":"mensalao-e-petrolao-sao-um-so-diz-procuradoria","status":"publish","type":"post","link":"https:\/\/blogdofarnesio.com.br\/?p=129433","title":{"rendered":"&#8216;MENSAL\u00c3O E PETROL\u00c3O S\u00c3O UM S\u00d3&#8217;, DIZ PROCURADORIA"},"content":{"rendered":"<p style=\"text-align: justify\"><a href=\"http:\/\/www.quersaberpolitica.com.br\/2016\/wp-content\/uploads\/2015\/09\/blogqsp-Deltan-Dallagnol.jpg\"><img loading=\"lazy\" decoding=\"async\" class=\" size-medium wp-image-129434 aligncenter\" src=\"http:\/\/www.quersaberpolitica.com.br\/2016\/wp-content\/uploads\/2015\/09\/blogqsp-Deltan-Dallagnol-300x180.jpg\" alt=\"blogqsp-Deltan Dallagnol,\" width=\"300\" height=\"180\" srcset=\"https:\/\/blogdofarnesio.com.br\/wp-content\/uploads\/2015\/09\/blogqsp-Deltan-Dallagnol-300x180.jpg 300w, https:\/\/blogdofarnesio.com.br\/wp-content\/uploads\/2015\/09\/blogqsp-Deltan-Dallagnol.jpg 448w\" sizes=\"auto, (max-width: 300px) 100vw, 300px\" \/><\/a><\/p>\n<p style=\"text-align: justify\">O procurador da Rep\u00fablica Deltan Dallagnol, que coordena a for\u00e7a-tarefa da Opera\u00e7\u00e3o Lava Jato, disse nesta sexta-feira, 4, que o esquema de corrup\u00e7\u00e3o na Petrobr\u00e1s envolvendo o ex-ministro Jos\u00e9 Dirceu (Casa Civil\/Governo Lula) se refere a contratos espec\u00edficos na estatal. Para o procurador, o caso evidencia &#8220;um esquema partid\u00e1rio de corrup\u00e7\u00e3o&#8221;.<\/p>\n<p style=\"text-align: justify\">&#8220;Mensal\u00e3o e petrol\u00e3o s\u00e3o um s\u00f3&#8221;, decretou Deltan Dallagnol, ao divulgar den\u00fancia contra Dirceu e mais 16 investigados por corrup\u00e7\u00e3o, lavagem de dinheiro e organiza\u00e7\u00e3o criminosa.<\/p>\n<p style=\"text-align: justify\"><em>MSN<\/em><\/p>\n","protected":false},"excerpt":{"rendered":"<p>O procurador da Rep\u00fablica Deltan Dallagnol, que coordena a for\u00e7a-tarefa da Opera\u00e7\u00e3o Lava Jato, disse nesta sexta-feira, 4, que o esquema de corrup\u00e7\u00e3o na Petrobr\u00e1s envolvendo o ex-ministro Jos\u00e9 Dirceu (Casa Civil\/Governo Lula) se refere a contratos espec\u00edficos na estatal. Para o procurador, o caso evidencia &#8220;um esquema partid\u00e1rio de corrup\u00e7\u00e3o&#8221;. &#8220;Mensal\u00e3o e petrol\u00e3o s\u00e3o um s\u00f3&#8221;, decretou Deltan Dallagnol, ao divulgar den\u00fancia contra Dirceu e mais 16 investigados por corrup\u00e7\u00e3o, lavagem de dinheiro e organiza\u00e7\u00e3o criminosa. MSN<\/p>\n","protected":false},"author":7,"featured_media":0,"comment_status":"open","ping_status":"open","sticky":false,"template":"","format":"standard","meta":{"_acf_changed":false,"footnotes":""},"categories":[1],"tags":[],"class_list":["post-129433","post","type-post","status-publish","format-standard","hentry","category-politica"],"acf":[],"yoast_head":"<!-- This site is optimized with the Yoast SEO plugin v27.4 - https:\/\/yoast.com\/product\/yoast-seo-wordpress\/ -->\n<title>&#039;MENSAL\u00c3O E PETROL\u00c3O S\u00c3O UM S\u00d3&#039;, DIZ PROCURADORIA - Blog do Farn\u00e9sio<\/title>\n<meta name=\"robots\" content=\"index, follow, max-snippet:-1, max-image-preview:large, max-video-preview:-1\" \/>\n<link rel=\"canonical\" href=\"https:\/\/blogdofarnesio.com.br\/?p=129433\" \/>\n<meta property=\"og:locale\" content=\"pt_BR\" \/>\n<meta property=\"og:type\" content=\"article\" \/>\n<meta property=\"og:title\" content=\"&#039;MENSAL\u00c3O E PETROL\u00c3O S\u00c3O UM S\u00d3&#039;, DIZ PROCURADORIA - Blog do Farn\u00e9sio\" \/>\n<meta property=\"og:description\" content=\"O procurador da Rep\u00fablica Deltan Dallagnol, que coordena a for\u00e7a-tarefa da Opera\u00e7\u00e3o Lava Jato, disse nesta sexta-feira, 4, que o esquema de corrup\u00e7\u00e3o na Petrobr\u00e1s envolvendo o ex-ministro Jos\u00e9 Dirceu (Casa Civil\/Governo Lula) se refere a contratos espec\u00edficos na estatal. Para o procurador, o caso evidencia &#8220;um esquema partid\u00e1rio de corrup\u00e7\u00e3o&#8221;. &#8220;Mensal\u00e3o e petrol\u00e3o s\u00e3o um s\u00f3&#8221;, decretou Deltan Dallagnol, ao divulgar den\u00fancia contra Dirceu e mais 16 investigados por corrup\u00e7\u00e3o, lavagem de dinheiro e organiza\u00e7\u00e3o criminosa. MSN\" \/>\n<meta property=\"og:url\" content=\"https:\/\/blogdofarnesio.com.br\/?p=129433\" \/>\n<meta property=\"og:site_name\" content=\"Blog do Farn\u00e9sio\" \/>\n<meta property=\"article:publisher\" content=\"https:\/\/www.facebook.com\/BlogQuerSaberPolitica\/\" \/>\n<meta property=\"article:published_time\" content=\"2015-09-05T15:00:18+00:00\" \/>\n<meta property=\"og:image\" content=\"http:\/\/www.quersaberpolitica.com.br\/2016\/wp-content\/uploads\/2015\/09\/blogqsp-Deltan-Dallagnol-300x180.jpg\" \/>\n<meta name=\"twitter:card\" content=\"summary_large_image\" \/>\n<meta name=\"twitter:label1\" content=\"Escrito por\" \/>\n\t<meta name=\"twitter:data1\" content=\"\" \/>\n<script type=\"application\/ld+json\" class=\"yoast-schema-graph\">{\"@context\":\"https:\\\/\\\/schema.org\",\"@graph\":[{\"@type\":\"Article\",\"@id\":\"https:\\\/\\\/blogdofarnesio.com.br\\\/?p=129433#article\",\"isPartOf\":{\"@id\":\"https:\\\/\\\/blogdofarnesio.com.br\\\/?p=129433\"},\"author\":{\"name\":\"\",\"@id\":\"\"},\"headline\":\"&#8216;MENSAL\u00c3O E PETROL\u00c3O S\u00c3O UM S\u00d3&#8217;, DIZ PROCURADORIA\",\"datePublished\":\"2015-09-05T15:00:18+00:00\",\"mainEntityOfPage\":{\"@id\":\"https:\\\/\\\/blogdofarnesio.com.br\\\/?p=129433\"},\"wordCount\":102,\"commentCount\":0,\"publisher\":{\"@id\":\"https:\\\/\\\/blogdofarnesio.com.br\\\/#organization\"},\"image\":{\"@id\":\"https:\\\/\\\/blogdofarnesio.com.br\\\/?p=129433#primaryimage\"},\"thumbnailUrl\":\"http:\\\/\\\/www.quersaberpolitica.com.br\\\/2016\\\/wp-content\\\/uploads\\\/2015\\\/09\\\/blogqsp-Deltan-Dallagnol-300x180.jpg\",\"articleSection\":[\"Pol\u00edtica\"],\"inLanguage\":\"pt-BR\",\"potentialAction\":[{\"@type\":\"CommentAction\",\"name\":\"Comment\",\"target\":[\"https:\\\/\\\/blogdofarnesio.com.br\\\/?p=129433#respond\"]}]},{\"@type\":\"WebPage\",\"@id\":\"https:\\\/\\\/blogdofarnesio.com.br\\\/?p=129433\",\"url\":\"https:\\\/\\\/blogdofarnesio.com.br\\\/?p=129433\",\"name\":\"'MENSAL\u00c3O E PETROL\u00c3O S\u00c3O UM S\u00d3', DIZ PROCURADORIA - Blog do Farn\u00e9sio\",\"isPartOf\":{\"@id\":\"https:\\\/\\\/blogdofarnesio.com.br\\\/#website\"},\"primaryImageOfPage\":{\"@id\":\"https:\\\/\\\/blogdofarnesio.com.br\\\/?p=129433#primaryimage\"},\"image\":{\"@id\":\"https:\\\/\\\/blogdofarnesio.com.br\\\/?p=129433#primaryimage\"},\"thumbnailUrl\":\"http:\\\/\\\/www.quersaberpolitica.com.br\\\/2016\\\/wp-content\\\/uploads\\\/2015\\\/09\\\/blogqsp-Deltan-Dallagnol-300x180.jpg\",\"datePublished\":\"2015-09-05T15:00:18+00:00\",\"breadcrumb\":{\"@id\":\"https:\\\/\\\/blogdofarnesio.com.br\\\/?p=129433#breadcrumb\"},\"inLanguage\":\"pt-BR\",\"potentialAction\":[{\"@type\":\"ReadAction\",\"target\":[\"https:\\\/\\\/blogdofarnesio.com.br\\\/?p=129433\"]}]},{\"@type\":\"ImageObject\",\"inLanguage\":\"pt-BR\",\"@id\":\"https:\\\/\\\/blogdofarnesio.com.br\\\/?p=129433#primaryimage\",\"url\":\"http:\\\/\\\/www.quersaberpolitica.com.br\\\/2016\\\/wp-content\\\/uploads\\\/2015\\\/09\\\/blogqsp-Deltan-Dallagnol-300x180.jpg\",\"contentUrl\":\"http:\\\/\\\/www.quersaberpolitica.com.br\\\/2016\\\/wp-content\\\/uploads\\\/2015\\\/09\\\/blogqsp-Deltan-Dallagnol-300x180.jpg\"},{\"@type\":\"BreadcrumbList\",\"@id\":\"https:\\\/\\\/blogdofarnesio.com.br\\\/?p=129433#breadcrumb\",\"itemListElement\":[{\"@type\":\"ListItem\",\"position\":1,\"name\":\"In\u00edcio\",\"item\":\"https:\\\/\\\/blogdofarnesio.com.br\\\/\"},{\"@type\":\"ListItem\",\"position\":2,\"name\":\"&#8216;MENSAL\u00c3O E PETROL\u00c3O S\u00c3O UM S\u00d3&#8217;, DIZ PROCURADORIA\"}]},{\"@type\":\"WebSite\",\"@id\":\"https:\\\/\\\/blogdofarnesio.com.br\\\/#website\",\"url\":\"https:\\\/\\\/blogdofarnesio.com.br\\\/\",\"name\":\"Blog do Farn\u00e9sio\",\"description\":\"Quer Saber Pol\u00edtica?\",\"publisher\":{\"@id\":\"https:\\\/\\\/blogdofarnesio.com.br\\\/#organization\"},\"potentialAction\":[{\"@type\":\"SearchAction\",\"target\":{\"@type\":\"EntryPoint\",\"urlTemplate\":\"https:\\\/\\\/blogdofarnesio.com.br\\\/?s={search_term_string}\"},\"query-input\":{\"@type\":\"PropertyValueSpecification\",\"valueRequired\":true,\"valueName\":\"search_term_string\"}}],\"inLanguage\":\"pt-BR\"},{\"@type\":\"Organization\",\"@id\":\"https:\\\/\\\/blogdofarnesio.com.br\\\/#organization\",\"name\":\"Blog do Farn\u00e9sio\",\"url\":\"https:\\\/\\\/blogdofarnesio.com.br\\\/\",\"logo\":{\"@type\":\"ImageObject\",\"inLanguage\":\"pt-BR\",\"@id\":\"https:\\\/\\\/blogdofarnesio.com.br\\\/#\\\/schema\\\/logo\\\/image\\\/\",\"url\":\"https:\\\/\\\/blogdofarnesio.com.br\\\/wp-content\\\/uploads\\\/2026\\\/03\\\/cropped-logo_new-1.png\",\"contentUrl\":\"https:\\\/\\\/blogdofarnesio.com.br\\\/wp-content\\\/uploads\\\/2026\\\/03\\\/cropped-logo_new-1.png\",\"width\":881,\"height\":685,\"caption\":\"Blog do Farn\u00e9sio\"},\"image\":{\"@id\":\"https:\\\/\\\/blogdofarnesio.com.br\\\/#\\\/schema\\\/logo\\\/image\\\/\"},\"sameAs\":[\"https:\\\/\\\/www.facebook.com\\\/BlogQuerSaberPolitica\\\/\"]},{\"@type\":\"Person\",\"@id\":\"\",\"url\":\"https:\\\/\\\/blogdofarnesio.com.br\\\/?author=7\"}]}<\/script>\n<!-- \/ Yoast SEO plugin. -->","yoast_head_json":{"title":"'MENSAL\u00c3O E PETROL\u00c3O S\u00c3O UM S\u00d3', DIZ PROCURADORIA - Blog do Farn\u00e9sio","robots":{"index":"index","follow":"follow","max-snippet":"max-snippet:-1","max-image-preview":"max-image-preview:large","max-video-preview":"max-video-preview:-1"},"canonical":"https:\/\/blogdofarnesio.com.br\/?p=129433","og_locale":"pt_BR","og_type":"article","og_title":"'MENSAL\u00c3O E PETROL\u00c3O S\u00c3O UM S\u00d3', DIZ PROCURADORIA - Blog do Farn\u00e9sio","og_description":"O procurador da Rep\u00fablica Deltan Dallagnol, que coordena a for\u00e7a-tarefa da Opera\u00e7\u00e3o Lava Jato, disse nesta sexta-feira, 4, que o esquema de corrup\u00e7\u00e3o na Petrobr\u00e1s envolvendo o ex-ministro Jos\u00e9 Dirceu (Casa Civil\/Governo Lula) se refere a contratos espec\u00edficos na estatal. Para o procurador, o caso evidencia &#8220;um esquema partid\u00e1rio de corrup\u00e7\u00e3o&#8221;. &#8220;Mensal\u00e3o e petrol\u00e3o s\u00e3o um s\u00f3&#8221;, decretou Deltan Dallagnol, ao divulgar den\u00fancia contra Dirceu e mais 16 investigados por corrup\u00e7\u00e3o, lavagem de dinheiro e organiza\u00e7\u00e3o criminosa. MSN","og_url":"https:\/\/blogdofarnesio.com.br\/?p=129433","og_site_name":"Blog do Farn\u00e9sio","article_publisher":"https:\/\/www.facebook.com\/BlogQuerSaberPolitica\/","article_published_time":"2015-09-05T15:00:18+00:00","og_image":[{"url":"http:\/\/www.quersaberpolitica.com.br\/2016\/wp-content\/uploads\/2015\/09\/blogqsp-Deltan-Dallagnol-300x180.jpg","type":"","width":"","height":""}],"twitter_card":"summary_large_image","twitter_misc":{"Escrito por":""},"schema":{"@context":"https:\/\/schema.org","@graph":[{"@type":"Article","@id":"https:\/\/blogdofarnesio.com.br\/?p=129433#article","isPartOf":{"@id":"https:\/\/blogdofarnesio.com.br\/?p=129433"},"author":{"name":"","@id":""},"headline":"&#8216;MENSAL\u00c3O E PETROL\u00c3O S\u00c3O UM S\u00d3&#8217;, DIZ PROCURADORIA","datePublished":"2015-09-05T15:00:18+00:00","mainEntityOfPage":{"@id":"https:\/\/blogdofarnesio.com.br\/?p=129433"},"wordCount":102,"commentCount":0,"publisher":{"@id":"https:\/\/blogdofarnesio.com.br\/#organization"},"image":{"@id":"https:\/\/blogdofarnesio.com.br\/?p=129433#primaryimage"},"thumbnailUrl":"http:\/\/www.quersaberpolitica.com.br\/2016\/wp-content\/uploads\/2015\/09\/blogqsp-Deltan-Dallagnol-300x180.jpg","articleSection":["Pol\u00edtica"],"inLanguage":"pt-BR","potentialAction":[{"@type":"CommentAction","name":"Comment","target":["https:\/\/blogdofarnesio.com.br\/?p=129433#respond"]}]},{"@type":"WebPage","@id":"https:\/\/blogdofarnesio.com.br\/?p=129433","url":"https:\/\/blogdofarnesio.com.br\/?p=129433","name":"'MENSAL\u00c3O E PETROL\u00c3O S\u00c3O UM S\u00d3', DIZ PROCURADORIA - Blog do Farn\u00e9sio","isPartOf":{"@id":"https:\/\/blogdofarnesio.com.br\/#website"},"primaryImageOfPage":{"@id":"https:\/\/blogdofarnesio.com.br\/?p=129433#primaryimage"},"image":{"@id":"https:\/\/blogdofarnesio.com.br\/?p=129433#primaryimage"},"thumbnailUrl":"http:\/\/www.quersaberpolitica.com.br\/2016\/wp-content\/uploads\/2015\/09\/blogqsp-Deltan-Dallagnol-300x180.jpg","datePublished":"2015-09-05T15:00:18+00:00","breadcrumb":{"@id":"https:\/\/blogdofarnesio.com.br\/?p=129433#breadcrumb"},"inLanguage":"pt-BR","potentialAction":[{"@type":"ReadAction","target":["https:\/\/blogdofarnesio.com.br\/?p=129433"]}]},{"@type":"ImageObject","inLanguage":"pt-BR","@id":"https:\/\/blogdofarnesio.com.br\/?p=129433#primaryimage","url":"http:\/\/www.quersaberpolitica.com.br\/2016\/wp-content\/uploads\/2015\/09\/blogqsp-Deltan-Dallagnol-300x180.jpg","contentUrl":"http:\/\/www.quersaberpolitica.com.br\/2016\/wp-content\/uploads\/2015\/09\/blogqsp-Deltan-Dallagnol-300x180.jpg"},{"@type":"BreadcrumbList","@id":"https:\/\/blogdofarnesio.com.br\/?p=129433#breadcrumb","itemListElement":[{"@type":"ListItem","position":1,"name":"In\u00edcio","item":"https:\/\/blogdofarnesio.com.br\/"},{"@type":"ListItem","position":2,"name":"&#8216;MENSAL\u00c3O E PETROL\u00c3O S\u00c3O UM S\u00d3&#8217;, DIZ PROCURADORIA"}]},{"@type":"WebSite","@id":"https:\/\/blogdofarnesio.com.br\/#website","url":"https:\/\/blogdofarnesio.com.br\/","name":"Blog do Farn\u00e9sio","description":"Quer Saber Pol\u00edtica?","publisher":{"@id":"https:\/\/blogdofarnesio.com.br\/#organization"},"potentialAction":[{"@type":"SearchAction","target":{"@type":"EntryPoint","urlTemplate":"https:\/\/blogdofarnesio.com.br\/?s={search_term_string}"},"query-input":{"@type":"PropertyValueSpecification","valueRequired":true,"valueName":"search_term_string"}}],"inLanguage":"pt-BR"},{"@type":"Organization","@id":"https:\/\/blogdofarnesio.com.br\/#organization","name":"Blog do Farn\u00e9sio","url":"https:\/\/blogdofarnesio.com.br\/","logo":{"@type":"ImageObject","inLanguage":"pt-BR","@id":"https:\/\/blogdofarnesio.com.br\/#\/schema\/logo\/image\/","url":"https:\/\/blogdofarnesio.com.br\/wp-content\/uploads\/2026\/03\/cropped-logo_new-1.png","contentUrl":"https:\/\/blogdofarnesio.com.br\/wp-content\/uploads\/2026\/03\/cropped-logo_new-1.png","width":881,"height":685,"caption":"Blog do Farn\u00e9sio"},"image":{"@id":"https:\/\/blogdofarnesio.com.br\/#\/schema\/logo\/image\/"},"sameAs":["https:\/\/www.facebook.com\/BlogQuerSaberPolitica\/"]},{"@type":"Person","@id":"","url":"https:\/\/blogdofarnesio.com.br\/?author=7"}]}},"_links":{"self":[{"href":"https:\/\/blogdofarnesio.com.br\/index.php?rest_route=\/wp\/v2\/posts\/129433","targetHints":{"allow":["GET"]}}],"collection":[{"href":"https:\/\/blogdofarnesio.com.br\/index.php?rest_route=\/wp\/v2\/posts"}],"about":[{"href":"https:\/\/blogdofarnesio.com.br\/index.php?rest_route=\/wp\/v2\/types\/post"}],"author":[{"embeddable":true,"href":"https:\/\/blogdofarnesio.com.br\/index.php?rest_route=\/wp\/v2\/users\/7"}],"replies":[{"embeddable":true,"href":"https:\/\/blogdofarnesio.com.br\/index.php?rest_route=%2Fwp%2Fv2%2Fcomments&post=129433"}],"version-history":[{"count":0,"href":"https:\/\/blogdofarnesio.com.br\/index.php?rest_route=\/wp\/v2\/posts\/129433\/revisions"}],"wp:attachment":[{"href":"https:\/\/blogdofarnesio.com.br\/index.php?rest_route=%2Fwp%2Fv2%2Fmedia&parent=129433"}],"wp:term":[{"taxonomy":"category","embeddable":true,"href":"https:\/\/blogdofarnesio.com.br\/index.php?rest_route=%2Fwp%2Fv2%2Fcategories&post=129433"},{"taxonomy":"post_tag","embeddable":true,"href":"https:\/\/blogdofarnesio.com.br\/index.php?rest_route=%2Fwp%2Fv2%2Ftags&post=129433"}],"curies":[{"name":"wp","href":"https:\/\/api.w.org\/{rel}","templated":true}]}}