{"id":12941,"date":"2012-04-11T15:00:11","date_gmt":"2012-04-11T15:00:11","guid":{"rendered":"http:\/\/www.quersaberpolitica.com.br?p=12941"},"modified":"-0001-11-30T00:00:00","modified_gmt":"-0001-11-30T03:00:00","slug":"bem-avaliado-time-do-petrolina-disputara-serie-d-do-brasileirao","status":"publish","type":"post","link":"https:\/\/blogdofarnesio.com.br\/?p=12941","title":{"rendered":"Bem avaliado, time do Petrolina disputar\u00e1 s\u00e9rie D do Brasileir\u00e3o"},"content":{"rendered":"<p><p style=\"text-align: justify; \"><span style=\"font-size: medium;\"><strong>Bem avaliado, time do Petrolina disputar&aacute; s&eacute;rie D do Brasileir&atilde;o<\/strong><\/span><\/p>\n<p style=\"text-align: justify; \"><span style=\"font-size: medium;\"><br \/><a rel=\"lightbox\" href=\"http:\/\/www.quersaberpolitica.com.br\/2016\/wp-content\/uploads\/2012\/12\/blogqsppetrolinaclube.jpg\"><img loading=\"lazy\" decoding=\"async\" style=\"float: right; margin-top: 5px; margin-bottom: 5px; margin-left: 10px; margin-right: 10px;\" src=\"http:\/\/www.quersaberpolitica.com.br\/2016\/wp-content\/uploads\/2012\/12\/blogqsppetrolinaclube.jpg\" alt=\"\" width=\"200\" height=\"143\" \/><\/a>Bem colocado, o Petrolina Social Futebol Clube comemora a boa temporada realizada no Campeonato Pernambucano de Futebol &#8211; S&eacute;rie A 2012. Ap&oacute;s vencer a 21&ordf; rodada contra o time da Sociedade Esportiva Ypiranga Futebol Clube, a Fera Sertaneja ocupa a quinta coloca&ccedil;&atilde;o no ranking geral, estando entre os melhores classificados.<\/span><\/p>\n<p style=\"text-align: justify; \"><span style=\"font-size: medium;\">A &uacute;ltima rodada do Campeonato Pernambucano ser&aacute; realizada no pr&oacute;ximo domingo (15). Pela primeira vez, o Petrolina se classifica para a s&eacute;rie D, disputando o Campeonato Brasileiro que ocorrer&aacute; a partir do dia 27 de maio. A Fera Sertaneja, ainda com chances de encerrar o campeonato na quarta coloca&ccedil;&atilde;o geral da tabela, jogar&aacute; com o Am&eacute;rica Futebol Clube, &agrave;s 16h, na cidade de Paulista no Est&aacute;dio Ademir Cunha.<\/span><\/p>\n<p style=\"text-align: justify; \"><span style=\"font-size: medium;\">Para o vice-presidente do Petrolina, Ronaldo Silva, o time que j&aacute; esteve na s&eacute;rie C no Brasileir&atilde;o em 2007 como convidado, agora entra por m&eacute;ritos, atrav&eacute;s do empenho e trabalho realizado em 2012. &#8220;Hoje, o Campeonato Brasileiro est&aacute; ainda mais organizado. A diferen&ccedil;a desta vez &eacute; que o Clube do Petrolina termina o estadual na primeira divis&atilde;o e assume a s&eacute;rie por m&eacute;ritos e esfor&ccedil;o de toda a equipe que trabalhou para esse resultado. A equipe est&aacute; mais estimulada e estamos confiantes&#8221;, afirmou Ronaldo Silva.<\/span><\/p>\n<p style=\"text-align: justify; \"><span style=\"font-size: medium;\">&#8220;Estamos muito entusiasmados com o bom resultado que o Petrolina conquistou neste ano. Assim como eu, a torcida est&aacute; vibrando, foi a maior alegria que o time deu para n&oacute;s torcedores nos &uacute;ltimos tempos. Particularmente, estou feliz demais com esse resultado&#8221;, afirmou o torcedor Edmilson de Souza.<\/span><\/p>\n<p style=\"text-align: justify; \"><span style=\"font-size: medium;\"><br \/>Confiantes com o bom desempenho, o Petrolina abrir&aacute; o Brasileir&atilde;o disputando a primeira rodada com o time do Campinense na cidade de Campina Grande &#8211; PB. J&aacute; o Campeonato Pernambucano que ser&aacute; encerrado no dia 13 de maio, tem classificado os times das Semifinais realizadas nos dias 22 e 29 de abril. Os jogos de ida acontecer&atilde;o entre o Na&uacute;tico e Sport, em Recife, no Est&aacute;dio dos Aflitos e Salgueiro e Santa Cruz, no Corn&eacute;lio de Barros, na cidade de Salgueiro, &agrave;s 16h. Os jogos de volta ser&atilde;o entre as mesmas equipes em Recife, &agrave;s 16h, na Ilha do Retiro e no Arruda, respectivamente.<\/span><\/p>\n<p style=\"text-align: justify; \">&nbsp;<\/p>\n<p style=\"text-align: justify; \">Com informa&ccedil;&otilde;es da Ascom\/PMP<\/p><\/p>\n","protected":false},"excerpt":{"rendered":"<p>Bem avaliado, time do Petrolina disputar&aacute; s&eacute;rie D do Brasileir&atilde;o Bem colocado, o Petrolina Social Futebol Clube comemora a boa temporada realizada no Campeonato Pernambucano de Futebol &#8211; S&eacute;rie A 2012. Ap&oacute;s vencer a 21&ordf; rodada contra o time da Sociedade Esportiva Ypiranga Futebol Clube, a Fera Sertaneja ocupa a quinta coloca&ccedil;&atilde;o no ranking geral, estando entre os melhores classificados. A &uacute;ltima rodada do Campeonato Pernambucano ser&aacute; realizada no pr&oacute;ximo domingo (15). Pela primeira vez, o Petrolina se classifica para a s&eacute;rie D, disputando o Campeonato Brasileiro que ocorrer&aacute; a partir do dia 27 de maio. A Fera Sertaneja, ainda com chances de encerrar o campeonato na quarta coloca&ccedil;&atilde;o geral da tabela, jogar&aacute; com o Am&eacute;rica Futebol Clube, &agrave;s 16h,&hellip; <\/p>\n","protected":false},"author":0,"featured_media":0,"comment_status":"open","ping_status":"open","sticky":false,"template":"","format":"standard","meta":{"_acf_changed":false,"footnotes":""},"categories":[7],"tags":[],"class_list":["post-12941","post","type-post","status-publish","format-standard","hentry","category-religiao"],"acf":[],"yoast_head":"<!-- This site is optimized with the Yoast SEO plugin v27.4 - https:\/\/yoast.com\/product\/yoast-seo-wordpress\/ -->\n<title>Bem avaliado, time do Petrolina disputar\u00e1 s\u00e9rie D do Brasileir\u00e3o  - Blog do Farn\u00e9sio<\/title>\n<meta name=\"robots\" content=\"index, follow, max-snippet:-1, max-image-preview:large, max-video-preview:-1\" \/>\n<link rel=\"canonical\" href=\"https:\/\/blogdofarnesio.com.br\/?p=12941\" \/>\n<meta property=\"og:locale\" content=\"pt_BR\" \/>\n<meta property=\"og:type\" content=\"article\" \/>\n<meta property=\"og:title\" content=\"Bem avaliado, time do Petrolina disputar\u00e1 s\u00e9rie D do Brasileir\u00e3o  - Blog do Farn\u00e9sio\" \/>\n<meta property=\"og:description\" content=\"Bem avaliado, time do Petrolina disputar&aacute; s&eacute;rie D do Brasileir&atilde;o Bem colocado, o Petrolina Social Futebol Clube comemora a boa temporada realizada no Campeonato Pernambucano de Futebol &#8211; S&eacute;rie A 2012. Ap&oacute;s vencer a 21&ordf; rodada contra o time da Sociedade Esportiva Ypiranga Futebol Clube, a Fera Sertaneja ocupa a quinta coloca&ccedil;&atilde;o no ranking geral, estando entre os melhores classificados. A &uacute;ltima rodada do Campeonato Pernambucano ser&aacute; realizada no pr&oacute;ximo domingo (15). Pela primeira vez, o Petrolina se classifica para a s&eacute;rie D, disputando o Campeonato Brasileiro que ocorrer&aacute; a partir do dia 27 de maio. A Fera Sertaneja, ainda com chances de encerrar o campeonato na quarta coloca&ccedil;&atilde;o geral da tabela, jogar&aacute; com o Am&eacute;rica Futebol Clube, &agrave;s 16h,&hellip;\" \/>\n<meta property=\"og:url\" content=\"https:\/\/blogdofarnesio.com.br\/?p=12941\" \/>\n<meta property=\"og:site_name\" content=\"Blog do Farn\u00e9sio\" \/>\n<meta property=\"article:publisher\" content=\"https:\/\/www.facebook.com\/BlogQuerSaberPolitica\/\" \/>\n<meta property=\"article:published_time\" content=\"2012-04-11T15:00:11+00:00\" \/>\n<meta property=\"og:image\" content=\"http:\/\/www.quersaberpolitica.com.br\/2016\/wp-content\/uploads\/2012\/12\/blogqsppetrolinaclube.jpg\" \/>\n<meta name=\"twitter:card\" content=\"summary_large_image\" \/>\n<meta name=\"twitter:label1\" content=\"Est. tempo de leitura\" \/>\n\t<meta name=\"twitter:data1\" content=\"2 minutos\" \/>\n<script type=\"application\/ld+json\" class=\"yoast-schema-graph\">{\"@context\":\"https:\\\/\\\/schema.org\",\"@graph\":[{\"@type\":\"Article\",\"@id\":\"https:\\\/\\\/blogdofarnesio.com.br\\\/?p=12941#article\",\"isPartOf\":{\"@id\":\"https:\\\/\\\/blogdofarnesio.com.br\\\/?p=12941\"},\"author\":{\"name\":\"\",\"@id\":\"\"},\"headline\":\"Bem avaliado, time do Petrolina disputar\u00e1 s\u00e9rie D do Brasileir\u00e3o\",\"datePublished\":\"2012-04-11T15:00:11+00:00\",\"mainEntityOfPage\":{\"@id\":\"https:\\\/\\\/blogdofarnesio.com.br\\\/?p=12941\"},\"wordCount\":447,\"commentCount\":0,\"publisher\":{\"@id\":\"https:\\\/\\\/blogdofarnesio.com.br\\\/#organization\"},\"image\":{\"@id\":\"https:\\\/\\\/blogdofarnesio.com.br\\\/?p=12941#primaryimage\"},\"thumbnailUrl\":\"http:\\\/\\\/www.quersaberpolitica.com.br\\\/2016\\\/wp-content\\\/uploads\\\/2012\\\/12\\\/blogqsppetrolinaclube.jpg\",\"articleSection\":[\"Religi\u00e3o\"],\"inLanguage\":\"pt-BR\",\"potentialAction\":[{\"@type\":\"CommentAction\",\"name\":\"Comment\",\"target\":[\"https:\\\/\\\/blogdofarnesio.com.br\\\/?p=12941#respond\"]}]},{\"@type\":\"WebPage\",\"@id\":\"https:\\\/\\\/blogdofarnesio.com.br\\\/?p=12941\",\"url\":\"https:\\\/\\\/blogdofarnesio.com.br\\\/?p=12941\",\"name\":\"Bem avaliado, time do Petrolina disputar\u00e1 s\u00e9rie D do Brasileir\u00e3o - Blog do Farn\u00e9sio\",\"isPartOf\":{\"@id\":\"https:\\\/\\\/blogdofarnesio.com.br\\\/#website\"},\"primaryImageOfPage\":{\"@id\":\"https:\\\/\\\/blogdofarnesio.com.br\\\/?p=12941#primaryimage\"},\"image\":{\"@id\":\"https:\\\/\\\/blogdofarnesio.com.br\\\/?p=12941#primaryimage\"},\"thumbnailUrl\":\"http:\\\/\\\/www.quersaberpolitica.com.br\\\/2016\\\/wp-content\\\/uploads\\\/2012\\\/12\\\/blogqsppetrolinaclube.jpg\",\"datePublished\":\"2012-04-11T15:00:11+00:00\",\"breadcrumb\":{\"@id\":\"https:\\\/\\\/blogdofarnesio.com.br\\\/?p=12941#breadcrumb\"},\"inLanguage\":\"pt-BR\",\"potentialAction\":[{\"@type\":\"ReadAction\",\"target\":[\"https:\\\/\\\/blogdofarnesio.com.br\\\/?p=12941\"]}]},{\"@type\":\"ImageObject\",\"inLanguage\":\"pt-BR\",\"@id\":\"https:\\\/\\\/blogdofarnesio.com.br\\\/?p=12941#primaryimage\",\"url\":\"http:\\\/\\\/www.quersaberpolitica.com.br\\\/2016\\\/wp-content\\\/uploads\\\/2012\\\/12\\\/blogqsppetrolinaclube.jpg\",\"contentUrl\":\"http:\\\/\\\/www.quersaberpolitica.com.br\\\/2016\\\/wp-content\\\/uploads\\\/2012\\\/12\\\/blogqsppetrolinaclube.jpg\"},{\"@type\":\"BreadcrumbList\",\"@id\":\"https:\\\/\\\/blogdofarnesio.com.br\\\/?p=12941#breadcrumb\",\"itemListElement\":[{\"@type\":\"ListItem\",\"position\":1,\"name\":\"In\u00edcio\",\"item\":\"https:\\\/\\\/blogdofarnesio.com.br\\\/\"},{\"@type\":\"ListItem\",\"position\":2,\"name\":\"Bem avaliado, time do Petrolina disputar\u00e1 s\u00e9rie D do Brasileir\u00e3o\"}]},{\"@type\":\"WebSite\",\"@id\":\"https:\\\/\\\/blogdofarnesio.com.br\\\/#website\",\"url\":\"https:\\\/\\\/blogdofarnesio.com.br\\\/\",\"name\":\"Blog do Farn\u00e9sio\",\"description\":\"Quer Saber Pol\u00edtica?\",\"publisher\":{\"@id\":\"https:\\\/\\\/blogdofarnesio.com.br\\\/#organization\"},\"potentialAction\":[{\"@type\":\"SearchAction\",\"target\":{\"@type\":\"EntryPoint\",\"urlTemplate\":\"https:\\\/\\\/blogdofarnesio.com.br\\\/?s={search_term_string}\"},\"query-input\":{\"@type\":\"PropertyValueSpecification\",\"valueRequired\":true,\"valueName\":\"search_term_string\"}}],\"inLanguage\":\"pt-BR\"},{\"@type\":\"Organization\",\"@id\":\"https:\\\/\\\/blogdofarnesio.com.br\\\/#organization\",\"name\":\"Blog do Farn\u00e9sio\",\"url\":\"https:\\\/\\\/blogdofarnesio.com.br\\\/\",\"logo\":{\"@type\":\"ImageObject\",\"inLanguage\":\"pt-BR\",\"@id\":\"https:\\\/\\\/blogdofarnesio.com.br\\\/#\\\/schema\\\/logo\\\/image\\\/\",\"url\":\"https:\\\/\\\/blogdofarnesio.com.br\\\/wp-content\\\/uploads\\\/2026\\\/03\\\/cropped-logo_new-1.png\",\"contentUrl\":\"https:\\\/\\\/blogdofarnesio.com.br\\\/wp-content\\\/uploads\\\/2026\\\/03\\\/cropped-logo_new-1.png\",\"width\":881,\"height\":685,\"caption\":\"Blog do Farn\u00e9sio\"},\"image\":{\"@id\":\"https:\\\/\\\/blogdofarnesio.com.br\\\/#\\\/schema\\\/logo\\\/image\\\/\"},\"sameAs\":[\"https:\\\/\\\/www.facebook.com\\\/BlogQuerSaberPolitica\\\/\"]}]}<\/script>\n<!-- \/ Yoast SEO plugin. -->","yoast_head_json":{"title":"Bem avaliado, time do Petrolina disputar\u00e1 s\u00e9rie D do Brasileir\u00e3o  - Blog do Farn\u00e9sio","robots":{"index":"index","follow":"follow","max-snippet":"max-snippet:-1","max-image-preview":"max-image-preview:large","max-video-preview":"max-video-preview:-1"},"canonical":"https:\/\/blogdofarnesio.com.br\/?p=12941","og_locale":"pt_BR","og_type":"article","og_title":"Bem avaliado, time do Petrolina disputar\u00e1 s\u00e9rie D do Brasileir\u00e3o  - Blog do Farn\u00e9sio","og_description":"Bem avaliado, time do Petrolina disputar&aacute; s&eacute;rie D do Brasileir&atilde;o Bem colocado, o Petrolina Social Futebol Clube comemora a boa temporada realizada no Campeonato Pernambucano de Futebol &#8211; S&eacute;rie A 2012. Ap&oacute;s vencer a 21&ordf; rodada contra o time da Sociedade Esportiva Ypiranga Futebol Clube, a Fera Sertaneja ocupa a quinta coloca&ccedil;&atilde;o no ranking geral, estando entre os melhores classificados. A &uacute;ltima rodada do Campeonato Pernambucano ser&aacute; realizada no pr&oacute;ximo domingo (15). Pela primeira vez, o Petrolina se classifica para a s&eacute;rie D, disputando o Campeonato Brasileiro que ocorrer&aacute; a partir do dia 27 de maio. A Fera Sertaneja, ainda com chances de encerrar o campeonato na quarta coloca&ccedil;&atilde;o geral da tabela, jogar&aacute; com o Am&eacute;rica Futebol Clube, &agrave;s 16h,&hellip;","og_url":"https:\/\/blogdofarnesio.com.br\/?p=12941","og_site_name":"Blog do Farn\u00e9sio","article_publisher":"https:\/\/www.facebook.com\/BlogQuerSaberPolitica\/","article_published_time":"2012-04-11T15:00:11+00:00","og_image":[{"url":"http:\/\/www.quersaberpolitica.com.br\/2016\/wp-content\/uploads\/2012\/12\/blogqsppetrolinaclube.jpg","type":"","width":"","height":""}],"twitter_card":"summary_large_image","twitter_misc":{"Est. tempo de leitura":"2 minutos"},"schema":{"@context":"https:\/\/schema.org","@graph":[{"@type":"Article","@id":"https:\/\/blogdofarnesio.com.br\/?p=12941#article","isPartOf":{"@id":"https:\/\/blogdofarnesio.com.br\/?p=12941"},"author":{"name":"","@id":""},"headline":"Bem avaliado, time do Petrolina disputar\u00e1 s\u00e9rie D do Brasileir\u00e3o","datePublished":"2012-04-11T15:00:11+00:00","mainEntityOfPage":{"@id":"https:\/\/blogdofarnesio.com.br\/?p=12941"},"wordCount":447,"commentCount":0,"publisher":{"@id":"https:\/\/blogdofarnesio.com.br\/#organization"},"image":{"@id":"https:\/\/blogdofarnesio.com.br\/?p=12941#primaryimage"},"thumbnailUrl":"http:\/\/www.quersaberpolitica.com.br\/2016\/wp-content\/uploads\/2012\/12\/blogqsppetrolinaclube.jpg","articleSection":["Religi\u00e3o"],"inLanguage":"pt-BR","potentialAction":[{"@type":"CommentAction","name":"Comment","target":["https:\/\/blogdofarnesio.com.br\/?p=12941#respond"]}]},{"@type":"WebPage","@id":"https:\/\/blogdofarnesio.com.br\/?p=12941","url":"https:\/\/blogdofarnesio.com.br\/?p=12941","name":"Bem avaliado, time do Petrolina disputar\u00e1 s\u00e9rie D do Brasileir\u00e3o - Blog do Farn\u00e9sio","isPartOf":{"@id":"https:\/\/blogdofarnesio.com.br\/#website"},"primaryImageOfPage":{"@id":"https:\/\/blogdofarnesio.com.br\/?p=12941#primaryimage"},"image":{"@id":"https:\/\/blogdofarnesio.com.br\/?p=12941#primaryimage"},"thumbnailUrl":"http:\/\/www.quersaberpolitica.com.br\/2016\/wp-content\/uploads\/2012\/12\/blogqsppetrolinaclube.jpg","datePublished":"2012-04-11T15:00:11+00:00","breadcrumb":{"@id":"https:\/\/blogdofarnesio.com.br\/?p=12941#breadcrumb"},"inLanguage":"pt-BR","potentialAction":[{"@type":"ReadAction","target":["https:\/\/blogdofarnesio.com.br\/?p=12941"]}]},{"@type":"ImageObject","inLanguage":"pt-BR","@id":"https:\/\/blogdofarnesio.com.br\/?p=12941#primaryimage","url":"http:\/\/www.quersaberpolitica.com.br\/2016\/wp-content\/uploads\/2012\/12\/blogqsppetrolinaclube.jpg","contentUrl":"http:\/\/www.quersaberpolitica.com.br\/2016\/wp-content\/uploads\/2012\/12\/blogqsppetrolinaclube.jpg"},{"@type":"BreadcrumbList","@id":"https:\/\/blogdofarnesio.com.br\/?p=12941#breadcrumb","itemListElement":[{"@type":"ListItem","position":1,"name":"In\u00edcio","item":"https:\/\/blogdofarnesio.com.br\/"},{"@type":"ListItem","position":2,"name":"Bem avaliado, time do Petrolina disputar\u00e1 s\u00e9rie D do Brasileir\u00e3o"}]},{"@type":"WebSite","@id":"https:\/\/blogdofarnesio.com.br\/#website","url":"https:\/\/blogdofarnesio.com.br\/","name":"Blog do Farn\u00e9sio","description":"Quer Saber Pol\u00edtica?","publisher":{"@id":"https:\/\/blogdofarnesio.com.br\/#organization"},"potentialAction":[{"@type":"SearchAction","target":{"@type":"EntryPoint","urlTemplate":"https:\/\/blogdofarnesio.com.br\/?s={search_term_string}"},"query-input":{"@type":"PropertyValueSpecification","valueRequired":true,"valueName":"search_term_string"}}],"inLanguage":"pt-BR"},{"@type":"Organization","@id":"https:\/\/blogdofarnesio.com.br\/#organization","name":"Blog do Farn\u00e9sio","url":"https:\/\/blogdofarnesio.com.br\/","logo":{"@type":"ImageObject","inLanguage":"pt-BR","@id":"https:\/\/blogdofarnesio.com.br\/#\/schema\/logo\/image\/","url":"https:\/\/blogdofarnesio.com.br\/wp-content\/uploads\/2026\/03\/cropped-logo_new-1.png","contentUrl":"https:\/\/blogdofarnesio.com.br\/wp-content\/uploads\/2026\/03\/cropped-logo_new-1.png","width":881,"height":685,"caption":"Blog do Farn\u00e9sio"},"image":{"@id":"https:\/\/blogdofarnesio.com.br\/#\/schema\/logo\/image\/"},"sameAs":["https:\/\/www.facebook.com\/BlogQuerSaberPolitica\/"]}]}},"_links":{"self":[{"href":"https:\/\/blogdofarnesio.com.br\/index.php?rest_route=\/wp\/v2\/posts\/12941","targetHints":{"allow":["GET"]}}],"collection":[{"href":"https:\/\/blogdofarnesio.com.br\/index.php?rest_route=\/wp\/v2\/posts"}],"about":[{"href":"https:\/\/blogdofarnesio.com.br\/index.php?rest_route=\/wp\/v2\/types\/post"}],"replies":[{"embeddable":true,"href":"https:\/\/blogdofarnesio.com.br\/index.php?rest_route=%2Fwp%2Fv2%2Fcomments&post=12941"}],"version-history":[{"count":0,"href":"https:\/\/blogdofarnesio.com.br\/index.php?rest_route=\/wp\/v2\/posts\/12941\/revisions"}],"wp:attachment":[{"href":"https:\/\/blogdofarnesio.com.br\/index.php?rest_route=%2Fwp%2Fv2%2Fmedia&parent=12941"}],"wp:term":[{"taxonomy":"category","embeddable":true,"href":"https:\/\/blogdofarnesio.com.br\/index.php?rest_route=%2Fwp%2Fv2%2Fcategories&post=12941"},{"taxonomy":"post_tag","embeddable":true,"href":"https:\/\/blogdofarnesio.com.br\/index.php?rest_route=%2Fwp%2Fv2%2Ftags&post=12941"}],"curies":[{"name":"wp","href":"https:\/\/api.w.org\/{rel}","templated":true}]}}