{"id":129163,"date":"2015-08-31T20:04:21","date_gmt":"2015-08-31T23:04:21","guid":{"rendered":"http:\/\/www.quersaberpolitica.com.br\/?p=129163"},"modified":"2015-08-31T20:04:06","modified_gmt":"2015-08-31T23:04:06","slug":"tse-vai-continuar-julgamento-de-acao-contra-a-campanha-de-dilma","status":"publish","type":"post","link":"https:\/\/blogdofarnesio.com.br\/?p=129163","title":{"rendered":"TSE VAI CONTINUAR JULGAMENTO DE A\u00c7\u00c3O CONTRA A CAMPANHA DE DILMA"},"content":{"rendered":"<div class=\"post-content\">\n<p><a href=\"http:\/\/www.folhape.com.br\/blogdafolha\/wp-content\/uploads\/2014\/08\/janot.jpg\"><img loading=\"lazy\" decoding=\"async\" class=\" wp-image-179434 aligncenter\" title=\"janot\" src=\"http:\/\/www.folhape.com.br\/blogdafolha\/wp-content\/uploads\/2014\/08\/janot.jpg\" alt=\"\" width=\"423\" height=\"281\" \/><\/a><\/p>\n<p style=\"text-align: justify\">O Tribunal Superior Eleitoral (TSE) informou nesta segunda-feira (31) que vai dar continuidade \u00e0 apura\u00e7\u00e3o e julgamento de processo sobre campanha da presidenta Dilma Rousseff, mesmo ap\u00f3s o procurador-geral da Rep\u00fablica, Rodrigo Janot, ter se manifestado pelo arquivamento de parte da a\u00e7\u00e3o que contesta contrata\u00e7\u00e3o de uma gr\u00e1fica. O tribunal n\u00e3o tem prazo para concluir o julgamento.<\/p>\n<p style=\"text-align: justify\">Janot argumentou que as contas de campanha de Dilma foram aprovadas pelos ministros do TSE, com ressalva, em dezembro passado e o prazo para recursos terminou. O procurador disse ainda que n\u00e3o h\u00e1 ind\u00edcios de irregularidade na contrata\u00e7\u00e3o da gr\u00e1fica VTPB Servi\u00e7os Gr\u00e1ficos e M\u00eddia Exterior Ltda pela campanha de Dilma. A manifesta\u00e7\u00e3o de Janot foi em resposta a um pedido do vice-presidente do TSE, Gilmar Mendes, relator da presta\u00e7\u00e3o de contas da campanha eleitoral, para investiga\u00e7\u00e3o da gr\u00e1fica.<\/p>\n<p style=\"text-align: justify\">No despacho, datado de 13 de agosto, Janot disse que \u201coutro fundamento para o arquivamento ora promovido: a inconveni\u00eancia de serem, Justi\u00e7a Eleitoral e Minist\u00e9rio P\u00fablico Eleitoral, protagonista \u2013 exagerados \u2013 do espet\u00e1culo da democracia, para os quais a Constitui\u00e7\u00e3o trouxe, como atores principais, os candidatos e os eleitores\u201d.<\/p>\n<p style=\"text-align: justify\">Segundo o texto, os fatos apontados pelo vice-presidente do TSE n\u00e3o apresentam \u201cconsist\u00eancia suficiente para autorizar, com justa causa, a ado\u00e7\u00e3o das sempre gravosas provid\u00eancias investigativas criminais\u201d.<\/p>\n<\/div>\n<p><!--more--><\/p>\n<p style=\"text-align: justify\">O processo teve in\u00edcio ap\u00f3s den\u00fancia apresentada pela Coliga\u00e7\u00e3o Muda Brasil, do ent\u00e3o candidato A\u00e9cio Neves (PSDB). Na den\u00fancia, a coliga\u00e7\u00e3o questiona v\u00e1rias pontos da campanha de Dilma, entre eles o pagamento de R$ 16 milh\u00f5es \u00e0 gr\u00e1fica citada para impress\u00e3o de material de campanha. Segundo a a\u00e7\u00e3o, a gr\u00e1fica n\u00e3o funciona no endere\u00e7o informado e n\u00e3o teria estrutura para concluir o servi\u00e7o. A coliga\u00e7\u00e3o tamb\u00e9m questiona o motivo de todo o material, que seria distribu\u00eddo em v\u00e1rias cidades do pa\u00eds,ter sido entregue em um \u00fanico endere\u00e7o de Porto Alegre.<\/p>\n<p style=\"text-align: justify\">O TSE informou que, al\u00e9m do Minist\u00e9rio P\u00fablico, foram encaminhados pedidos de apura\u00e7\u00e3o a outros \u00f3rg\u00e3os, como a Receita Federal e o Conselho de Controle de Atividade Financeira (Coaf), para se manifestarem e investigarem a origem da empresa.<\/p>\n<p style=\"text-align: justify\"><strong>Oposi\u00e7\u00e3o<\/strong><br \/>\nPartidos de oposi\u00e7\u00e3o na C\u00e2mara criticaram a decis\u00e3o de Janot. Em nota, divulgada neste domingo (30), os l\u00edderes Rubens Bueno (PPS), Carlos Sampaio (PSDB), Arthur Maia (SD) e Mendon\u00e7a Filho (DEM) destacaram que o despacho do procurador-geral \u201ccausou estranheza\u201d \u00e0s legendas.<\/p>\n<p style=\"text-align: justify\">\u201cNo processo eleitoral, eleitores, partidos, Justi\u00e7a Eleitoral e Procuradoria t\u00eam pap\u00e9is distintos e complementares e \u00e9 fundamental que todos cumpram o que lhes cabe, com equil\u00edbrio e isen\u00e7\u00e3o\u201d, afirmaram.<\/p>\n<p style=\"text-align: justify\">Os deputados destacaram que maioria dos ministros do TSE votou a favor do prosseguimento da a\u00e7\u00e3o \u201cpara investigar as graves den\u00fancias de il\u00edcitos, alguns deles apontados n\u00e3o pelas oposi\u00e7\u00f5es, mas por colaboradores no bojo da Opera\u00e7\u00e3o Lava Jato, que vem tendo como justo \u2018protagonista\u2019 exatamente o Minist\u00e9rio P\u00fablico Federal, o que justificaria ainda mais o avan\u00e7o das investiga\u00e7\u00f5es\u201d.<\/p>\n","protected":false},"excerpt":{"rendered":"<p>O Tribunal Superior Eleitoral (TSE) informou nesta segunda-feira (31) que vai dar continuidade \u00e0 apura\u00e7\u00e3o e julgamento de processo sobre campanha da presidenta Dilma Rousseff, mesmo ap\u00f3s o procurador-geral da Rep\u00fablica, Rodrigo Janot, ter se manifestado pelo arquivamento de parte da a\u00e7\u00e3o que contesta contrata\u00e7\u00e3o de uma gr\u00e1fica. O tribunal n\u00e3o tem prazo para concluir o julgamento. Janot argumentou que as contas de campanha de Dilma foram aprovadas pelos ministros do TSE, com ressalva, em dezembro passado e o prazo para recursos terminou. O procurador disse ainda que n\u00e3o h\u00e1 ind\u00edcios de irregularidade na contrata\u00e7\u00e3o da gr\u00e1fica VTPB Servi\u00e7os Gr\u00e1ficos e M\u00eddia Exterior Ltda pela campanha de Dilma. A manifesta\u00e7\u00e3o de Janot foi em resposta a um pedido do vice-presidente&hellip; <\/p>\n","protected":false},"author":3,"featured_media":0,"comment_status":"open","ping_status":"open","sticky":false,"template":"","format":"standard","meta":{"_acf_changed":false,"footnotes":""},"categories":[1],"tags":[],"class_list":["post-129163","post","type-post","status-publish","format-standard","hentry","category-politica"],"acf":[],"yoast_head":"<!-- This site is optimized with the Yoast SEO plugin v27.4 - https:\/\/yoast.com\/product\/yoast-seo-wordpress\/ -->\n<title>TSE VAI CONTINUAR JULGAMENTO DE A\u00c7\u00c3O CONTRA A CAMPANHA DE DILMA - Blog do Farn\u00e9sio<\/title>\n<meta name=\"robots\" content=\"index, follow, max-snippet:-1, max-image-preview:large, max-video-preview:-1\" \/>\n<link rel=\"canonical\" href=\"https:\/\/blogdofarnesio.com.br\/?p=129163\" \/>\n<meta property=\"og:locale\" content=\"pt_BR\" \/>\n<meta property=\"og:type\" content=\"article\" \/>\n<meta property=\"og:title\" content=\"TSE VAI CONTINUAR JULGAMENTO DE A\u00c7\u00c3O CONTRA A CAMPANHA DE DILMA - Blog do Farn\u00e9sio\" \/>\n<meta property=\"og:description\" content=\"O Tribunal Superior Eleitoral (TSE) informou nesta segunda-feira (31) que vai dar continuidade \u00e0 apura\u00e7\u00e3o e julgamento de processo sobre campanha da presidenta Dilma Rousseff, mesmo ap\u00f3s o procurador-geral da Rep\u00fablica, Rodrigo Janot, ter se manifestado pelo arquivamento de parte da a\u00e7\u00e3o que contesta contrata\u00e7\u00e3o de uma gr\u00e1fica. O tribunal n\u00e3o tem prazo para concluir o julgamento. Janot argumentou que as contas de campanha de Dilma foram aprovadas pelos ministros do TSE, com ressalva, em dezembro passado e o prazo para recursos terminou. O procurador disse ainda que n\u00e3o h\u00e1 ind\u00edcios de irregularidade na contrata\u00e7\u00e3o da gr\u00e1fica VTPB Servi\u00e7os Gr\u00e1ficos e M\u00eddia Exterior Ltda pela campanha de Dilma. A manifesta\u00e7\u00e3o de Janot foi em resposta a um pedido do vice-presidente&hellip;\" \/>\n<meta property=\"og:url\" content=\"https:\/\/blogdofarnesio.com.br\/?p=129163\" \/>\n<meta property=\"og:site_name\" content=\"Blog do Farn\u00e9sio\" \/>\n<meta property=\"article:publisher\" content=\"https:\/\/www.facebook.com\/BlogQuerSaberPolitica\/\" \/>\n<meta property=\"article:published_time\" content=\"2015-08-31T23:04:21+00:00\" \/>\n<meta property=\"og:image\" content=\"http:\/\/www.folhape.com.br\/blogdafolha\/wp-content\/uploads\/2014\/08\/janot.jpg\" \/>\n<meta name=\"author\" content=\"teste\" \/>\n<meta name=\"twitter:card\" content=\"summary_large_image\" \/>\n<meta name=\"twitter:label1\" content=\"Escrito por\" \/>\n\t<meta name=\"twitter:data1\" content=\"teste\" \/>\n\t<meta name=\"twitter:label2\" content=\"Est. tempo de leitura\" \/>\n\t<meta name=\"twitter:data2\" content=\"3 minutos\" \/>\n<script type=\"application\/ld+json\" class=\"yoast-schema-graph\">{\"@context\":\"https:\\\/\\\/schema.org\",\"@graph\":[{\"@type\":\"Article\",\"@id\":\"https:\\\/\\\/blogdofarnesio.com.br\\\/?p=129163#article\",\"isPartOf\":{\"@id\":\"https:\\\/\\\/blogdofarnesio.com.br\\\/?p=129163\"},\"author\":{\"name\":\"teste\",\"@id\":\"https:\\\/\\\/blogdofarnesio.com.br\\\/#\\\/schema\\\/person\\\/dd1bf5eba40b687199ba45ca6b97dff9\"},\"headline\":\"TSE VAI CONTINUAR JULGAMENTO DE A\u00c7\u00c3O CONTRA A CAMPANHA DE DILMA\",\"datePublished\":\"2015-08-31T23:04:21+00:00\",\"mainEntityOfPage\":{\"@id\":\"https:\\\/\\\/blogdofarnesio.com.br\\\/?p=129163\"},\"wordCount\":551,\"commentCount\":0,\"publisher\":{\"@id\":\"https:\\\/\\\/blogdofarnesio.com.br\\\/#organization\"},\"image\":{\"@id\":\"https:\\\/\\\/blogdofarnesio.com.br\\\/?p=129163#primaryimage\"},\"thumbnailUrl\":\"http:\\\/\\\/www.folhape.com.br\\\/blogdafolha\\\/wp-content\\\/uploads\\\/2014\\\/08\\\/janot.jpg\",\"articleSection\":[\"Pol\u00edtica\"],\"inLanguage\":\"pt-BR\",\"potentialAction\":[{\"@type\":\"CommentAction\",\"name\":\"Comment\",\"target\":[\"https:\\\/\\\/blogdofarnesio.com.br\\\/?p=129163#respond\"]}]},{\"@type\":\"WebPage\",\"@id\":\"https:\\\/\\\/blogdofarnesio.com.br\\\/?p=129163\",\"url\":\"https:\\\/\\\/blogdofarnesio.com.br\\\/?p=129163\",\"name\":\"TSE VAI CONTINUAR JULGAMENTO DE A\u00c7\u00c3O CONTRA A CAMPANHA DE DILMA - Blog do Farn\u00e9sio\",\"isPartOf\":{\"@id\":\"https:\\\/\\\/blogdofarnesio.com.br\\\/#website\"},\"primaryImageOfPage\":{\"@id\":\"https:\\\/\\\/blogdofarnesio.com.br\\\/?p=129163#primaryimage\"},\"image\":{\"@id\":\"https:\\\/\\\/blogdofarnesio.com.br\\\/?p=129163#primaryimage\"},\"thumbnailUrl\":\"http:\\\/\\\/www.folhape.com.br\\\/blogdafolha\\\/wp-content\\\/uploads\\\/2014\\\/08\\\/janot.jpg\",\"datePublished\":\"2015-08-31T23:04:21+00:00\",\"breadcrumb\":{\"@id\":\"https:\\\/\\\/blogdofarnesio.com.br\\\/?p=129163#breadcrumb\"},\"inLanguage\":\"pt-BR\",\"potentialAction\":[{\"@type\":\"ReadAction\",\"target\":[\"https:\\\/\\\/blogdofarnesio.com.br\\\/?p=129163\"]}]},{\"@type\":\"ImageObject\",\"inLanguage\":\"pt-BR\",\"@id\":\"https:\\\/\\\/blogdofarnesio.com.br\\\/?p=129163#primaryimage\",\"url\":\"http:\\\/\\\/www.folhape.com.br\\\/blogdafolha\\\/wp-content\\\/uploads\\\/2014\\\/08\\\/janot.jpg\",\"contentUrl\":\"http:\\\/\\\/www.folhape.com.br\\\/blogdafolha\\\/wp-content\\\/uploads\\\/2014\\\/08\\\/janot.jpg\"},{\"@type\":\"BreadcrumbList\",\"@id\":\"https:\\\/\\\/blogdofarnesio.com.br\\\/?p=129163#breadcrumb\",\"itemListElement\":[{\"@type\":\"ListItem\",\"position\":1,\"name\":\"In\u00edcio\",\"item\":\"https:\\\/\\\/blogdofarnesio.com.br\\\/\"},{\"@type\":\"ListItem\",\"position\":2,\"name\":\"TSE VAI CONTINUAR JULGAMENTO DE A\u00c7\u00c3O CONTRA A CAMPANHA DE DILMA\"}]},{\"@type\":\"WebSite\",\"@id\":\"https:\\\/\\\/blogdofarnesio.com.br\\\/#website\",\"url\":\"https:\\\/\\\/blogdofarnesio.com.br\\\/\",\"name\":\"Blog do Farn\u00e9sio\",\"description\":\"Quer Saber Pol\u00edtica?\",\"publisher\":{\"@id\":\"https:\\\/\\\/blogdofarnesio.com.br\\\/#organization\"},\"potentialAction\":[{\"@type\":\"SearchAction\",\"target\":{\"@type\":\"EntryPoint\",\"urlTemplate\":\"https:\\\/\\\/blogdofarnesio.com.br\\\/?s={search_term_string}\"},\"query-input\":{\"@type\":\"PropertyValueSpecification\",\"valueRequired\":true,\"valueName\":\"search_term_string\"}}],\"inLanguage\":\"pt-BR\"},{\"@type\":\"Organization\",\"@id\":\"https:\\\/\\\/blogdofarnesio.com.br\\\/#organization\",\"name\":\"Blog do Farn\u00e9sio\",\"url\":\"https:\\\/\\\/blogdofarnesio.com.br\\\/\",\"logo\":{\"@type\":\"ImageObject\",\"inLanguage\":\"pt-BR\",\"@id\":\"https:\\\/\\\/blogdofarnesio.com.br\\\/#\\\/schema\\\/logo\\\/image\\\/\",\"url\":\"https:\\\/\\\/blogdofarnesio.com.br\\\/wp-content\\\/uploads\\\/2026\\\/03\\\/cropped-logo_new-1.png\",\"contentUrl\":\"https:\\\/\\\/blogdofarnesio.com.br\\\/wp-content\\\/uploads\\\/2026\\\/03\\\/cropped-logo_new-1.png\",\"width\":881,\"height\":685,\"caption\":\"Blog do Farn\u00e9sio\"},\"image\":{\"@id\":\"https:\\\/\\\/blogdofarnesio.com.br\\\/#\\\/schema\\\/logo\\\/image\\\/\"},\"sameAs\":[\"https:\\\/\\\/www.facebook.com\\\/BlogQuerSaberPolitica\\\/\"]},{\"@type\":\"Person\",\"@id\":\"https:\\\/\\\/blogdofarnesio.com.br\\\/#\\\/schema\\\/person\\\/dd1bf5eba40b687199ba45ca6b97dff9\",\"name\":\"teste\",\"image\":{\"@type\":\"ImageObject\",\"inLanguage\":\"pt-BR\",\"@id\":\"https:\\\/\\\/secure.gravatar.com\\\/avatar\\\/2172498d4914b51e1d89a0f97957b035ac4938723a5cac208135d389b6972a6d?s=96&d=mm&r=g\",\"url\":\"https:\\\/\\\/secure.gravatar.com\\\/avatar\\\/2172498d4914b51e1d89a0f97957b035ac4938723a5cac208135d389b6972a6d?s=96&d=mm&r=g\",\"contentUrl\":\"https:\\\/\\\/secure.gravatar.com\\\/avatar\\\/2172498d4914b51e1d89a0f97957b035ac4938723a5cac208135d389b6972a6d?s=96&d=mm&r=g\",\"caption\":\"teste\"},\"url\":\"https:\\\/\\\/blogdofarnesio.com.br\\\/?author=3\"}]}<\/script>\n<!-- \/ Yoast SEO plugin. -->","yoast_head_json":{"title":"TSE VAI CONTINUAR JULGAMENTO DE A\u00c7\u00c3O CONTRA A CAMPANHA DE DILMA - Blog do Farn\u00e9sio","robots":{"index":"index","follow":"follow","max-snippet":"max-snippet:-1","max-image-preview":"max-image-preview:large","max-video-preview":"max-video-preview:-1"},"canonical":"https:\/\/blogdofarnesio.com.br\/?p=129163","og_locale":"pt_BR","og_type":"article","og_title":"TSE VAI CONTINUAR JULGAMENTO DE A\u00c7\u00c3O CONTRA A CAMPANHA DE DILMA - Blog do Farn\u00e9sio","og_description":"O Tribunal Superior Eleitoral (TSE) informou nesta segunda-feira (31) que vai dar continuidade \u00e0 apura\u00e7\u00e3o e julgamento de processo sobre campanha da presidenta Dilma Rousseff, mesmo ap\u00f3s o procurador-geral da Rep\u00fablica, Rodrigo Janot, ter se manifestado pelo arquivamento de parte da a\u00e7\u00e3o que contesta contrata\u00e7\u00e3o de uma gr\u00e1fica. O tribunal n\u00e3o tem prazo para concluir o julgamento. Janot argumentou que as contas de campanha de Dilma foram aprovadas pelos ministros do TSE, com ressalva, em dezembro passado e o prazo para recursos terminou. O procurador disse ainda que n\u00e3o h\u00e1 ind\u00edcios de irregularidade na contrata\u00e7\u00e3o da gr\u00e1fica VTPB Servi\u00e7os Gr\u00e1ficos e M\u00eddia Exterior Ltda pela campanha de Dilma. A manifesta\u00e7\u00e3o de Janot foi em resposta a um pedido do vice-presidente&hellip;","og_url":"https:\/\/blogdofarnesio.com.br\/?p=129163","og_site_name":"Blog do Farn\u00e9sio","article_publisher":"https:\/\/www.facebook.com\/BlogQuerSaberPolitica\/","article_published_time":"2015-08-31T23:04:21+00:00","og_image":[{"url":"http:\/\/www.folhape.com.br\/blogdafolha\/wp-content\/uploads\/2014\/08\/janot.jpg","type":"","width":"","height":""}],"author":"teste","twitter_card":"summary_large_image","twitter_misc":{"Escrito por":"teste","Est. tempo de leitura":"3 minutos"},"schema":{"@context":"https:\/\/schema.org","@graph":[{"@type":"Article","@id":"https:\/\/blogdofarnesio.com.br\/?p=129163#article","isPartOf":{"@id":"https:\/\/blogdofarnesio.com.br\/?p=129163"},"author":{"name":"teste","@id":"https:\/\/blogdofarnesio.com.br\/#\/schema\/person\/dd1bf5eba40b687199ba45ca6b97dff9"},"headline":"TSE VAI CONTINUAR JULGAMENTO DE A\u00c7\u00c3O CONTRA A CAMPANHA DE DILMA","datePublished":"2015-08-31T23:04:21+00:00","mainEntityOfPage":{"@id":"https:\/\/blogdofarnesio.com.br\/?p=129163"},"wordCount":551,"commentCount":0,"publisher":{"@id":"https:\/\/blogdofarnesio.com.br\/#organization"},"image":{"@id":"https:\/\/blogdofarnesio.com.br\/?p=129163#primaryimage"},"thumbnailUrl":"http:\/\/www.folhape.com.br\/blogdafolha\/wp-content\/uploads\/2014\/08\/janot.jpg","articleSection":["Pol\u00edtica"],"inLanguage":"pt-BR","potentialAction":[{"@type":"CommentAction","name":"Comment","target":["https:\/\/blogdofarnesio.com.br\/?p=129163#respond"]}]},{"@type":"WebPage","@id":"https:\/\/blogdofarnesio.com.br\/?p=129163","url":"https:\/\/blogdofarnesio.com.br\/?p=129163","name":"TSE VAI CONTINUAR JULGAMENTO DE A\u00c7\u00c3O CONTRA A CAMPANHA DE DILMA - Blog do Farn\u00e9sio","isPartOf":{"@id":"https:\/\/blogdofarnesio.com.br\/#website"},"primaryImageOfPage":{"@id":"https:\/\/blogdofarnesio.com.br\/?p=129163#primaryimage"},"image":{"@id":"https:\/\/blogdofarnesio.com.br\/?p=129163#primaryimage"},"thumbnailUrl":"http:\/\/www.folhape.com.br\/blogdafolha\/wp-content\/uploads\/2014\/08\/janot.jpg","datePublished":"2015-08-31T23:04:21+00:00","breadcrumb":{"@id":"https:\/\/blogdofarnesio.com.br\/?p=129163#breadcrumb"},"inLanguage":"pt-BR","potentialAction":[{"@type":"ReadAction","target":["https:\/\/blogdofarnesio.com.br\/?p=129163"]}]},{"@type":"ImageObject","inLanguage":"pt-BR","@id":"https:\/\/blogdofarnesio.com.br\/?p=129163#primaryimage","url":"http:\/\/www.folhape.com.br\/blogdafolha\/wp-content\/uploads\/2014\/08\/janot.jpg","contentUrl":"http:\/\/www.folhape.com.br\/blogdafolha\/wp-content\/uploads\/2014\/08\/janot.jpg"},{"@type":"BreadcrumbList","@id":"https:\/\/blogdofarnesio.com.br\/?p=129163#breadcrumb","itemListElement":[{"@type":"ListItem","position":1,"name":"In\u00edcio","item":"https:\/\/blogdofarnesio.com.br\/"},{"@type":"ListItem","position":2,"name":"TSE VAI CONTINUAR JULGAMENTO DE A\u00c7\u00c3O CONTRA A CAMPANHA DE DILMA"}]},{"@type":"WebSite","@id":"https:\/\/blogdofarnesio.com.br\/#website","url":"https:\/\/blogdofarnesio.com.br\/","name":"Blog do Farn\u00e9sio","description":"Quer Saber Pol\u00edtica?","publisher":{"@id":"https:\/\/blogdofarnesio.com.br\/#organization"},"potentialAction":[{"@type":"SearchAction","target":{"@type":"EntryPoint","urlTemplate":"https:\/\/blogdofarnesio.com.br\/?s={search_term_string}"},"query-input":{"@type":"PropertyValueSpecification","valueRequired":true,"valueName":"search_term_string"}}],"inLanguage":"pt-BR"},{"@type":"Organization","@id":"https:\/\/blogdofarnesio.com.br\/#organization","name":"Blog do Farn\u00e9sio","url":"https:\/\/blogdofarnesio.com.br\/","logo":{"@type":"ImageObject","inLanguage":"pt-BR","@id":"https:\/\/blogdofarnesio.com.br\/#\/schema\/logo\/image\/","url":"https:\/\/blogdofarnesio.com.br\/wp-content\/uploads\/2026\/03\/cropped-logo_new-1.png","contentUrl":"https:\/\/blogdofarnesio.com.br\/wp-content\/uploads\/2026\/03\/cropped-logo_new-1.png","width":881,"height":685,"caption":"Blog do Farn\u00e9sio"},"image":{"@id":"https:\/\/blogdofarnesio.com.br\/#\/schema\/logo\/image\/"},"sameAs":["https:\/\/www.facebook.com\/BlogQuerSaberPolitica\/"]},{"@type":"Person","@id":"https:\/\/blogdofarnesio.com.br\/#\/schema\/person\/dd1bf5eba40b687199ba45ca6b97dff9","name":"teste","image":{"@type":"ImageObject","inLanguage":"pt-BR","@id":"https:\/\/secure.gravatar.com\/avatar\/2172498d4914b51e1d89a0f97957b035ac4938723a5cac208135d389b6972a6d?s=96&d=mm&r=g","url":"https:\/\/secure.gravatar.com\/avatar\/2172498d4914b51e1d89a0f97957b035ac4938723a5cac208135d389b6972a6d?s=96&d=mm&r=g","contentUrl":"https:\/\/secure.gravatar.com\/avatar\/2172498d4914b51e1d89a0f97957b035ac4938723a5cac208135d389b6972a6d?s=96&d=mm&r=g","caption":"teste"},"url":"https:\/\/blogdofarnesio.com.br\/?author=3"}]}},"_links":{"self":[{"href":"https:\/\/blogdofarnesio.com.br\/index.php?rest_route=\/wp\/v2\/posts\/129163","targetHints":{"allow":["GET"]}}],"collection":[{"href":"https:\/\/blogdofarnesio.com.br\/index.php?rest_route=\/wp\/v2\/posts"}],"about":[{"href":"https:\/\/blogdofarnesio.com.br\/index.php?rest_route=\/wp\/v2\/types\/post"}],"author":[{"embeddable":true,"href":"https:\/\/blogdofarnesio.com.br\/index.php?rest_route=\/wp\/v2\/users\/3"}],"replies":[{"embeddable":true,"href":"https:\/\/blogdofarnesio.com.br\/index.php?rest_route=%2Fwp%2Fv2%2Fcomments&post=129163"}],"version-history":[{"count":0,"href":"https:\/\/blogdofarnesio.com.br\/index.php?rest_route=\/wp\/v2\/posts\/129163\/revisions"}],"wp:attachment":[{"href":"https:\/\/blogdofarnesio.com.br\/index.php?rest_route=%2Fwp%2Fv2%2Fmedia&parent=129163"}],"wp:term":[{"taxonomy":"category","embeddable":true,"href":"https:\/\/blogdofarnesio.com.br\/index.php?rest_route=%2Fwp%2Fv2%2Fcategories&post=129163"},{"taxonomy":"post_tag","embeddable":true,"href":"https:\/\/blogdofarnesio.com.br\/index.php?rest_route=%2Fwp%2Fv2%2Ftags&post=129163"}],"curies":[{"name":"wp","href":"https:\/\/api.w.org\/{rel}","templated":true}]}}