{"id":129148,"date":"2015-08-31T17:33:35","date_gmt":"2015-08-31T20:33:35","guid":{"rendered":"http:\/\/www.quersaberpolitica.com.br\/?p=129148"},"modified":"2015-08-31T15:16:41","modified_gmt":"2015-08-31T18:16:41","slug":"em-entrevista-daniel-almeida-ratifica-que-pcdob-tera-candidatura-propria-a-sucessao-de-isaac","status":"publish","type":"post","link":"https:\/\/blogdofarnesio.com.br\/?p=129148","title":{"rendered":"EM ENTREVISTA DANIEL ALMEIDA RATIFICA QUE PCdoB TER\u00c1 CANDIDATURA PR\u00d3PRIA \u00c0 SUCESS\u00c3O DE ISAAC"},"content":{"rendered":"<div class=\"box-title\">\n<p style=\"text-align: justify\">por Fernando Duarte \/ Luiz Fernando Teixeira &#8211; <strong>BN<\/strong><\/p>\n<\/div>\n<div class=\"box-body\">\n<div class=\"text-center\" style=\"text-align: justify\">\n<div class=\"box-img\"><img decoding=\"async\" class=\"img-center img-responsive aligncenter\" src=\"http:\/\/www.bahianoticias.com.br\/fotos\/principal_entrevistas\/427\/xIMAGEM_ENTREVISTA_5.jpg.pagespeed.ic.vZfZBnryWK.jpg\" alt=\"Daniel Almeida\" \/><\/p>\n<div class=\"img-legenda\">Fotos: Virg\u00ednia Andrade \/ Bahia Not\u00edcias<\/div>\n<\/div>\n<\/div>\n<div class=\"text-descricao\" style=\"text-align: justify\">O presidente estadual do PCdoB, o deputado federal Daniel Almeida afirmou que a sigla pretende lan\u00e7ar candidaturas \u00e0 prefeitura em pelo menos 100 munic\u00edpios da Bahia no processo eleitoral de 2016. \u201cEntre esses munic\u00edpios, n\u00f3s temos a possibilidade de lan\u00e7ar candidatos em seis ou sete maiores entre os 16 que tem mais de 100 mil habitantes na Bahia, entre eles Salvador, Vit\u00f3ria da Conquista, Itabuna, e Barreiras,<strong> al\u00e9m de Juazeiro, obviamente, que n\u00f3s estamos j\u00e1 dirigindo\u201d<\/strong>, afirmou em entrevista ao Bahia Not\u00edcias.<\/div>\n<div class=\"text-descricao\" style=\"text-align: justify\"><\/div>\n<div class=\"text-descricao\" style=\"text-align: justify\">O presidente esclareceu que a sa\u00edda do partido da base em Vit\u00f3ria da Conquista, ap\u00f3s uma alian\u00e7a de 20 anos, n\u00e3o foi traum\u00e1tica, por ser uma evolu\u00e7\u00e3o do projeto em vigor. Almeida fala ainda sobre a rela\u00e7\u00e3o com Rui Costa (PT) \u2013 com uma leve cr\u00edtica \u00e0 articula\u00e7\u00e3o estadual -, da atual crise pol\u00edtica e econ\u00f4mica no pa\u00eds, al\u00e9m do momento de protagonismo do presidente da C\u00e2mara, Eduardo Cunha (PMDB-RJ). O deputado ainda criticou a reforma pol\u00edtica que foi aprovada: \u201cP\u00edfia\u201d. Confira aqui a entrevista completa!<\/div>\n<\/div>\n<p><!--more--><\/p>\n<p><strong>O PCdoB j\u00e1 colocou pr\u00e9-candidaturas no estado em Salvador e Vit\u00f3ria da Conquista, duas das tr\u00eas maiores cidades do estado, e em que o PT tamb\u00e9m quer lan\u00e7ar candidatura, com os dois partidos sendo aliados. Como harmonizar os interesses das duas siglas em 2016?<\/strong><br \/>\nOlha, n\u00f3s temos, como todos os demais partidos, um momento de defini\u00e7\u00e3o da pr\u00e1tica eleitoral em 2016. O primeiro debate se d\u00e1, para a elabora\u00e7\u00e3o do cen\u00e1rio, at\u00e9 o dia 5 de outubro, que \u00e9 um ano antes da elei\u00e7\u00e3o. O PCdoB deseja naturalmente isso. Deseja lan\u00e7ar candidato no maior n\u00famero poss\u00edvel de munic\u00edpios na Bahia e compondo com a frente pol\u00edtica, o campo pol\u00edtico que d\u00e1 sustenta\u00e7\u00e3o ao governador Rui Costa, esse \u00e9 o nosso objetivo. Dentro desse campo pol\u00edtico, vamos colocar nomes para receber apoio e apoiar. N\u00f3s temos a inten\u00e7\u00e3o de lan\u00e7ar candidaturas em torno de 100 munic\u00edpios, portanto vamos apoiar outros nomes em mais uns 300, j\u00e1 que estamos organizados em cerca de 400 munic\u00edpios na Bahia. Entre esses munic\u00edpios n\u00f3s temos a possibilidade de lan\u00e7ar candidatos em seis ou sete munic\u00edpios maiores entre os 16 que tem mais de 100 mil habitantes na Bahia, entre eles Salvador, Vit\u00f3ria da Conquista, Itabuna, Barreiras, al\u00e9m de Juazeiro, obviamente, que n\u00f3s estamos j\u00e1 dirigindo. Nossa rela\u00e7\u00e3o se d\u00e1 combinando com os demais partidos, sem discrimina\u00e7\u00e3o e sem privil\u00e9gios na rela\u00e7\u00e3o com eles. Provavelmente o PT ser\u00e1 um desses parceiros principais, mas n\u00e3o haver\u00e1 imposi\u00e7\u00e3o do PT ao PCdoB, e nem o contr\u00e1rio. S\u00e3o rela\u00e7\u00f5es de parceiros pol\u00edticos. N\u00f3s queremos apoiar candidatos de qualquer um desses parceiros da base, e queremos tamb\u00e9m ser apoiados. Acho que essa \u00e9 a rela\u00e7\u00e3o equilibrada que deve se construir.<\/p>\n<p><strong>A inten\u00e7\u00e3o \u00e9 Alice Portugal em Salvador e Fabr\u00edcio Falc\u00e3o em Vit\u00f3ria da Conquista?<\/strong><br \/>\nExatamente. N\u00f3s j\u00e1 temos uma defini\u00e7\u00e3o sobre os pr\u00e9-candidatos. Al\u00e9m desses, em Itabuna o deputado federal Davidson Magalh\u00e3es, em Barreiras a ex-deputado Kelly Magalh\u00e3es e em Juazeiro tem havido um processo de defini\u00e7\u00e3o em uma articula\u00e7\u00e3o liderada pelo prefeito Isaac Carvalho.<\/p>\n<p><strong>Em Conquista a gente tem um epis\u00f3dio em que o PCdoB fazia parte do governo com administra\u00e7\u00e3o do PT e recentemente entregou os cargos, j\u00e1 prevendo uma candidatura de Fabr\u00edcio Falc\u00e3o em 2016. O rompimento foi traum\u00e1tico?<\/strong><br \/>\nN\u00e3o. Participamos daquele projeto h\u00e1 20 anos. O PCdoB esteve em todas as campanhas e em todos os governos de Vit\u00f3ria da Conquista nesses \u00faltimos 20 anos, e \u00e9 natural que agora, quando o prefeito n\u00e3o vai para a reelei\u00e7\u00e3o e existindo o segundo turno &#8211; \u00e9 a segunda elei\u00e7\u00e3o de Vit\u00f3ria da Conquista com segundo turno, \u00e9 natural que os partidos se apresentem como alternativa, com o objetivo de estarem juntos no segundo turno. Esse \u00e9 o desenho que prevalece em Vit\u00f3ria da Conquista. Sa\u00edmos do governo para dar tranquilidade na constru\u00e7\u00e3o no nosso projeto e tamb\u00e9m ao prefeito, que querendo construir uma candidatura do seu pr\u00f3prio partido, se sinta mais liberado para fazer isso, para que n\u00e3o haja dificuldade na montagem dos projetos de cada um dos partidos. Mas n\u00e3o caracteriza um rompimento com o projeto, caracteriza a valoriza\u00e7\u00e3o de toda essa trajet\u00f3ria de 20 anos participando ali, e da necessidade de ir adiante, de fazer um balan\u00e7o dos \u00eaxitos que alcan\u00e7amos, mas considerar que tem muita coisa a fazer e que \u00e9 preciso renovar esse projeto, por que n\u00e3o com for\u00e7a pol\u00edtica?<\/p>\n<p><img decoding=\"async\" src=\"http:\/\/www.bahianoticias.com.br\/ckfinder\/userfiles\/images\/380x280xunnamed,P20,281,29,2853,29.jpg.pagespeed.ic.QbM-onDMxH.jpg\" alt=\"\" \/><br \/>\n<strong>A expectativa do PCdoB de exercer uma posi\u00e7\u00e3o de maior protagonismo no cen\u00e1rio pol\u00edtico baiano j\u00e1 em 2016?<\/strong><br \/>\nAcho que n\u00f3s estamos olhando pro Brasil e pra Bahia e verificando que h\u00e1 um ciclo pol\u00edtico e de projetos que necessita de renova\u00e7\u00e3o, de maior criatividade. No projeto e nas pessoas. O PCdoB tem recebido muitas ades\u00f5es, muita gente come\u00e7a a olhar para o PCdoB com uma alternativa para esse caminho da renova\u00e7\u00e3o. N\u00e3o queremos voltar ao passado, para o neoliberalismo, a um per\u00edodo de falta de democracia no pa\u00eds, na Bahia e em cada munic\u00edpio. O PCdoB se coloca como essa alternativa e eu tenho percebido isso, tenho percebido um incentivo nessa dire\u00e7\u00e3o, por isso n\u00f3s nos colocamos como um protagonista desse projeto, que em minha opini\u00e3o, nunca teve um reconhecimento por parte dos aliados que poderia ter. N\u00f3s gostar\u00edamos de insistir para que haja uma reciprocidade. Apoiar e ser apoiado nas disputas pol\u00edticas, ent\u00e3o \u00e9 esse o desenho que n\u00f3s estamos tentando construir na Bahia.<\/p>\n<p><strong>Como \u00e9 que est\u00e1 a rela\u00e7\u00e3o dos parlamentares do PCdoB com o atual governo do estado da Bahia?<\/strong><br \/>\nExcelente a rela\u00e7\u00e3o, acho que o governo Rui \u00e9 um governo exitoso, nesse seu primeiro ano, estamos a\u00ed j\u00e1 com oito meses e temos uma rela\u00e7\u00e3o tranquila. Uma pessoa de f\u00e1cil acesso e di\u00e1logo \u00e9 um gestor experimentado e que est\u00e1 demonstrando a enorme capacidade de gest\u00e3o, e tem uma rela\u00e7\u00e3o absolutamente normal e tranquila com o governador. Sempre que encontramos com ele falamos sobre a necessidade de discutirmos mais pol\u00edtica, e ele pr\u00f3prio ser o interlocutor com os partidos pol\u00edticos, com a base que o apoia, temos cobrado, por exemplo, a instala\u00e7\u00e3o e o funcionamento regular do conselho pol\u00edtico, que \u00e9 formado pelos partidos e pelos l\u00edderes das bancadas que o apoiam. Isso est\u00e1 faltando ainda, acho que \u00e9 preciso reconhecer a necessidade dessa interlocu\u00e7\u00e3o mais cotidiana.<\/p>\n<p><strong>Saindo do cen\u00e1rio Bahia e Salvador, vamos para o cen\u00e1rio da C\u00e2mara Federal. Foi aprovada uma reforma pol\u00edtica e o senhor foi um dos cr\u00edticos ao projeto votado na C\u00e2mara e que agora vai para o Senado. A partir da finaliza\u00e7\u00e3o dessa PEC da Reforma Pol\u00edtica, como o senhor avalia o resultado final?<\/strong><br \/>\nO que foi aprovado l\u00e1 na C\u00e2mara e est\u00e1 no Senado sendo discutido, do ponto de vista da mudan\u00e7a na constitui\u00e7\u00e3o, em minha opini\u00e3o, \u00e9 um retrocesso. N\u00f3s t\u00ednhamos muita expectativa de que a reforma pol\u00edtica acabasse, por exemplo, com o financiamento empresarial das campanhas eleitorais. O que votou na c\u00e2mara foi a constitucionaliza\u00e7\u00e3o do financiamento empresarial aos partidos pol\u00edticos. Em minha opini\u00e3o isso \u00e9 um retrocesso brutal, porque todos acompanhamos que o financiamento empresarial \u00e9 uma das matrizes da corrup\u00e7\u00e3o que tem hoje no nosso pa\u00eds. Outras modifica\u00e7\u00f5es n\u00e3o foram produzidas, como tempo de mandato, o sistema eleitoral, nada disso se conseguiu avan\u00e7ar. Houve alguns avan\u00e7os na chamada legisla\u00e7\u00e3o eleitoral, mecanismo de campanha, tempo de campanha, material de campanha, esses pequenos ajustes que aconteceram. Isso est\u00e1 sendo discutido no Senado, provavelmente o Senado deve liberar sobre o assunto e a mat\u00e9ria vai voltar para a C\u00e2mara. Isso ainda est\u00e1 em andamento, mas o resultado final \u00e9 um resultado muito ruim. P\u00edfio. N\u00e3o podemos dizer que houve uma reforma pol\u00edtica. N\u00e3o podemos afirmar isso. E acho que foi at\u00e9 bom que n\u00e3o tiv\u00e9ssemos avan\u00e7ado muito porque a c\u00e2mara dos deputados hoje tem um perfil conservador. Todos afirmam que \u00e9 a C\u00e2mara que tem o perfil mais conservador dos \u00faltimos tempos e com um perfil assim n\u00f3s poder\u00edamos ter retrocessos maiores do que esse que afirmei aqui que \u00e9 esse financiamento empresarial na constitui\u00e7\u00e3o.<\/p>\n<p><img decoding=\"async\" src=\"http:\/\/www.bahianoticias.com.br\/ckfinder\/userfiles\/images\/380x280xunnamed,P20,283,29,2838,29.jpg.pagespeed.ic.68cvSQAouV.jpg\" alt=\"\" \/><br \/>\n<strong>Com rela\u00e7\u00e3o \u00e0 C\u00e2mara conservadora, n\u00f3s vivemos um per\u00edodo inusitado: o presidente denunciado ao STF pela procuradoria-geral da Rep\u00fablica. Como o senhor enxergou essa den\u00fancia do Eduardo Cunha ao STF?<\/strong><br \/>\nA investiga\u00e7\u00e3o do Minist\u00e9rio P\u00fablico e da Pol\u00edcia Federal concluiu que h\u00e1 um envolvimento dele no recebimento de propina, foi formulada a den\u00fancia. Acho que tudo deve ser apurado, todas as investiga\u00e7\u00f5es devem ser feitas, n\u00f3s somos intolerantes com a corrup\u00e7\u00e3o e constatado que as den\u00fancias t\u00eam preced\u00eancia, vejo que ele n\u00e3o ter\u00e1 condi\u00e7\u00f5es de permanecer, ou n\u00e3o vai ser conveniente, ele permanecer a presid\u00eancia da C\u00e2mara. Por enquanto existe uma den\u00fancia e n\u00f3s sempre defendemos a presun\u00e7\u00e3o da inoc\u00eancia, esse \u00e9 um princ\u00edpio fundamental no nosso ordenamento jur\u00eddico, e at\u00e9 que fique demonstrado que a den\u00fancia tem preced\u00eancia, todos os cidad\u00e3os t\u00eam direito de defesa. Ele virando r\u00e9u, a\u00ed eu acho que o melhor caminho \u00e9 o do afastamento.<\/p>\n<p><strong>Como o senhor est\u00e1 observando esse clima de tens\u00e3o pol\u00edtica vivenciado hoje aqui no Brasil?<\/strong><br \/>\nPreocupante. \u00c9 uma crise econ\u00f4mica, pol\u00edtica, e a crise pol\u00edtica alimentando a crise econ\u00f4mica. O resultado: a gera\u00e7\u00e3o de desempregos, a economia paralisada e o desemprego crescendo, portanto quem paga o pre\u00e7o \u00e9 quem paga a conta, o trabalhador. E ainda com um desfecho indefinido, prevalece a inseguran\u00e7a, a instabilidade e a indefini\u00e7\u00e3o sobre o desfecho dessa crise. Acho que isso \u00e9 muito ruim para a vida econ\u00f4mica, democr\u00e1tica e pol\u00edtica do nosso pa\u00eds. O que eu penso que n\u00f3s todos dever\u00edamos nos unificar \u00e9 em defesa da democracia. Qualquer crise econ\u00f4mica, em algum momento n\u00f3s vamos super\u00e1-la. A crise pol\u00edtica pode leva a desfechos tr\u00e1gicos se n\u00e3o forem bem conduzidas, e n\u00f3s esperamos que ela seja conduzida com elementos centrais para a vida de todos os brasileiros que \u00e9 a preserva\u00e7\u00e3o da democracia, para que n\u00e3o demos um passo pra tr\u00e1s. Em minha opini\u00e3o, a preserva\u00e7\u00e3o da democracia \u00e9 respeitar a constitui\u00e7\u00e3o, \u00e9 respeitar o ordenamento jur\u00eddico, o estado democr\u00e1tico de direito, respeitar as regras do jogo. E as regras do jogo determinam nesse momento que tem um procedimento que define as elei\u00e7\u00f5es, regras para as elei\u00e7\u00f5es que quem entra na disputa entra com a possibilidade de perder. Quem ganha governa, quem perde espera a pr\u00f3xima oportunidade. Acho que esses s\u00e3o os elementos centrais para a supera\u00e7\u00e3o da crise pol\u00edtica e criar melhore condi\u00e7\u00f5es para superar tamb\u00e9m a crise econ\u00f4mica.<\/p>\n<p><strong>Na \u00faltima semana tivemos dois epis\u00f3dios de protestos contra e a favor do governo. O senhor defendeu as manifesta\u00e7\u00f5es que aconteceram no dia 20 por conta do posicionamento das manifesta\u00e7\u00f5es do dia 16. Esse estado de mobiliza\u00e7\u00e3o de parcelas da popula\u00e7\u00e3o \u00e9 \u00fatil para a democracia?<\/strong><br \/>\nSem d\u00favida. Eu nasci das ruas, desde cedo estive nas ruas mobilizando a sociedade o nosso povo em torno de reivindica\u00e7\u00f5es e de bandeiras. O que acho que tem que haver \u00e9 nitidez nas posi\u00e7\u00f5es que cada um defende. Pesquisas demonstraram que o dia 16 os que foram \u00e0s ruas, predominantemente eram aqueles que votaram no A\u00e9cio Neves em 2014. Pesquisa em BH demonstrou que 79% dos que estavam ali diziam que votou em A\u00e9cio. Em S\u00e3o Paulo, 77%. Isso mostra a tentativa de fazer um terceiro turno da elei\u00e7\u00e3o. Quais bandeiras esses setores defendiam? Estava muito claro: desde a volta dos militares, posi\u00e7\u00f5es reacion\u00e1ria de que em 64 poderiam ter eliminado pessoas que estavam no poder, acho que isso acaba com o processo democr\u00e1tico. A s manifesta\u00e7\u00f5es do dia 20 tinham bandeiras muito claras, eram manifesta\u00e7\u00f5es de setores organizados da sociedade que defendiam a democracia, direitos dos trabalhadores, do nosso povo, defendiam, portanto, a manuten\u00e7\u00e3o das regras do jogo, e defendiam tamb\u00e9m o mandato da presidente Dilma, que resultou nessa legitima\u00e7\u00e3o que o voto produz no processo democr\u00e1tico. Tanto que s\u00e3o manifesta\u00e7\u00f5es com perfis e com car\u00e1ter pol\u00edtico bem distinto. Mas penso que todas as manifesta\u00e7\u00f5es do processo democr\u00e1tico devem ser absorvidas, respeitadas, e a sociedade vai acompanhar e apoiar ou n\u00e3o, de acordo com o seu ju\u00edzo de valor.<\/p>\n<p><strong>E sobre a Agenda Brasil?<\/strong><br \/>\nA Agenda Brasil teve uma manifesta\u00e7\u00e3o a partir do Renan, do Senado, com pontos variados de possibilidade, um conjunto de l\u00edderes da base do governo levantou outras sugest\u00f5es, mas acho que o fato importante \u00e9 n\u00f3s percebermos que mais importante do que ficarmos em torno da crise, falando da crise e nos digladiando sobre oposi\u00e7\u00e3o e situa\u00e7\u00e3o, \u00e9 convergirmos para o interesse do Brasil, ter uma agenda que sintonize o debate pol\u00edtico em torno dos interesses maiores do nosso pa\u00eds, que \u00e9 o desenvolvimento, a defesa das empresas, da democracia, dos direitos dos trabalhadores, aproveitar pra fazer uma reforma tribut\u00e1ria, que aproveite pra distribuir melhor os recursos para estados e munic\u00edpios. O elemento central hoje em nossa opini\u00e3o \u00e9 a agenda para o desenvolvimento da democracia.<\/p>\n","protected":false},"excerpt":{"rendered":"<p>por Fernando Duarte \/ Luiz Fernando Teixeira &#8211; BN Fotos: Virg\u00ednia Andrade \/ Bahia Not\u00edcias O presidente estadual do PCdoB, o deputado federal Daniel Almeida afirmou que a sigla pretende lan\u00e7ar candidaturas \u00e0 prefeitura em pelo menos 100 munic\u00edpios da Bahia no processo eleitoral de 2016. \u201cEntre esses munic\u00edpios, n\u00f3s temos a possibilidade de lan\u00e7ar candidatos em seis ou sete maiores entre os 16 que tem mais de 100 mil habitantes na Bahia, entre eles Salvador, Vit\u00f3ria da Conquista, Itabuna, e Barreiras, al\u00e9m de Juazeiro, obviamente, que n\u00f3s estamos j\u00e1 dirigindo\u201d, afirmou em entrevista ao Bahia Not\u00edcias. O presidente esclareceu que a sa\u00edda do partido da base em Vit\u00f3ria da Conquista, ap\u00f3s uma alian\u00e7a de 20 anos, n\u00e3o foi traum\u00e1tica,&hellip; <\/p>\n","protected":false},"author":3,"featured_media":0,"comment_status":"open","ping_status":"open","sticky":false,"template":"","format":"standard","meta":{"_acf_changed":false,"footnotes":""},"categories":[1],"tags":[],"class_list":["post-129148","post","type-post","status-publish","format-standard","hentry","category-politica"],"acf":[],"yoast_head":"<!-- This site is optimized with the Yoast SEO plugin v27.4 - https:\/\/yoast.com\/product\/yoast-seo-wordpress\/ -->\n<title>EM ENTREVISTA DANIEL ALMEIDA RATIFICA QUE PCdoB TER\u00c1 CANDIDATURA PR\u00d3PRIA \u00c0 SUCESS\u00c3O DE ISAAC - Blog do Farn\u00e9sio<\/title>\n<meta name=\"robots\" content=\"index, follow, max-snippet:-1, max-image-preview:large, max-video-preview:-1\" \/>\n<link rel=\"canonical\" href=\"https:\/\/blogdofarnesio.com.br\/?p=129148\" \/>\n<meta property=\"og:locale\" content=\"pt_BR\" \/>\n<meta property=\"og:type\" content=\"article\" \/>\n<meta property=\"og:title\" content=\"EM ENTREVISTA DANIEL ALMEIDA RATIFICA QUE PCdoB TER\u00c1 CANDIDATURA PR\u00d3PRIA \u00c0 SUCESS\u00c3O DE ISAAC - Blog do Farn\u00e9sio\" \/>\n<meta property=\"og:description\" content=\"por Fernando Duarte \/ Luiz Fernando Teixeira &#8211; BN Fotos: Virg\u00ednia Andrade \/ Bahia Not\u00edcias O presidente estadual do PCdoB, o deputado federal Daniel Almeida afirmou que a sigla pretende lan\u00e7ar candidaturas \u00e0 prefeitura em pelo menos 100 munic\u00edpios da Bahia no processo eleitoral de 2016. \u201cEntre esses munic\u00edpios, n\u00f3s temos a possibilidade de lan\u00e7ar candidatos em seis ou sete maiores entre os 16 que tem mais de 100 mil habitantes na Bahia, entre eles Salvador, Vit\u00f3ria da Conquista, Itabuna, e Barreiras, al\u00e9m de Juazeiro, obviamente, que n\u00f3s estamos j\u00e1 dirigindo\u201d, afirmou em entrevista ao Bahia Not\u00edcias. O presidente esclareceu que a sa\u00edda do partido da base em Vit\u00f3ria da Conquista, ap\u00f3s uma alian\u00e7a de 20 anos, n\u00e3o foi traum\u00e1tica,&hellip;\" \/>\n<meta property=\"og:url\" content=\"https:\/\/blogdofarnesio.com.br\/?p=129148\" \/>\n<meta property=\"og:site_name\" content=\"Blog do Farn\u00e9sio\" \/>\n<meta property=\"article:publisher\" content=\"https:\/\/www.facebook.com\/BlogQuerSaberPolitica\/\" \/>\n<meta property=\"article:published_time\" content=\"2015-08-31T20:33:35+00:00\" \/>\n<meta property=\"og:image\" content=\"http:\/\/www.bahianoticias.com.br\/fotos\/principal_entrevistas\/427\/xIMAGEM_ENTREVISTA_5.jpg.pagespeed.ic.vZfZBnryWK.jpg\" \/>\n<meta name=\"author\" content=\"teste\" \/>\n<meta name=\"twitter:card\" content=\"summary_large_image\" \/>\n<meta name=\"twitter:label1\" content=\"Escrito por\" \/>\n\t<meta name=\"twitter:data1\" content=\"teste\" \/>\n\t<meta name=\"twitter:label2\" content=\"Est. tempo de leitura\" \/>\n\t<meta name=\"twitter:data2\" content=\"12 minutos\" \/>\n<script type=\"application\/ld+json\" class=\"yoast-schema-graph\">{\"@context\":\"https:\\\/\\\/schema.org\",\"@graph\":[{\"@type\":\"Article\",\"@id\":\"https:\\\/\\\/blogdofarnesio.com.br\\\/?p=129148#article\",\"isPartOf\":{\"@id\":\"https:\\\/\\\/blogdofarnesio.com.br\\\/?p=129148\"},\"author\":{\"name\":\"teste\",\"@id\":\"https:\\\/\\\/blogdofarnesio.com.br\\\/#\\\/schema\\\/person\\\/dd1bf5eba40b687199ba45ca6b97dff9\"},\"headline\":\"EM ENTREVISTA DANIEL ALMEIDA RATIFICA QUE PCdoB TER\u00c1 CANDIDATURA PR\u00d3PRIA \u00c0 SUCESS\u00c3O DE ISAAC\",\"datePublished\":\"2015-08-31T20:33:35+00:00\",\"mainEntityOfPage\":{\"@id\":\"https:\\\/\\\/blogdofarnesio.com.br\\\/?p=129148\"},\"wordCount\":2376,\"commentCount\":0,\"publisher\":{\"@id\":\"https:\\\/\\\/blogdofarnesio.com.br\\\/#organization\"},\"image\":{\"@id\":\"https:\\\/\\\/blogdofarnesio.com.br\\\/?p=129148#primaryimage\"},\"thumbnailUrl\":\"http:\\\/\\\/www.bahianoticias.com.br\\\/fotos\\\/principal_entrevistas\\\/427\\\/xIMAGEM_ENTREVISTA_5.jpg.pagespeed.ic.vZfZBnryWK.jpg\",\"articleSection\":[\"Pol\u00edtica\"],\"inLanguage\":\"pt-BR\",\"potentialAction\":[{\"@type\":\"CommentAction\",\"name\":\"Comment\",\"target\":[\"https:\\\/\\\/blogdofarnesio.com.br\\\/?p=129148#respond\"]}]},{\"@type\":\"WebPage\",\"@id\":\"https:\\\/\\\/blogdofarnesio.com.br\\\/?p=129148\",\"url\":\"https:\\\/\\\/blogdofarnesio.com.br\\\/?p=129148\",\"name\":\"EM ENTREVISTA DANIEL ALMEIDA RATIFICA QUE PCdoB TER\u00c1 CANDIDATURA PR\u00d3PRIA \u00c0 SUCESS\u00c3O DE ISAAC - Blog do Farn\u00e9sio\",\"isPartOf\":{\"@id\":\"https:\\\/\\\/blogdofarnesio.com.br\\\/#website\"},\"primaryImageOfPage\":{\"@id\":\"https:\\\/\\\/blogdofarnesio.com.br\\\/?p=129148#primaryimage\"},\"image\":{\"@id\":\"https:\\\/\\\/blogdofarnesio.com.br\\\/?p=129148#primaryimage\"},\"thumbnailUrl\":\"http:\\\/\\\/www.bahianoticias.com.br\\\/fotos\\\/principal_entrevistas\\\/427\\\/xIMAGEM_ENTREVISTA_5.jpg.pagespeed.ic.vZfZBnryWK.jpg\",\"datePublished\":\"2015-08-31T20:33:35+00:00\",\"breadcrumb\":{\"@id\":\"https:\\\/\\\/blogdofarnesio.com.br\\\/?p=129148#breadcrumb\"},\"inLanguage\":\"pt-BR\",\"potentialAction\":[{\"@type\":\"ReadAction\",\"target\":[\"https:\\\/\\\/blogdofarnesio.com.br\\\/?p=129148\"]}]},{\"@type\":\"ImageObject\",\"inLanguage\":\"pt-BR\",\"@id\":\"https:\\\/\\\/blogdofarnesio.com.br\\\/?p=129148#primaryimage\",\"url\":\"http:\\\/\\\/www.bahianoticias.com.br\\\/fotos\\\/principal_entrevistas\\\/427\\\/xIMAGEM_ENTREVISTA_5.jpg.pagespeed.ic.vZfZBnryWK.jpg\",\"contentUrl\":\"http:\\\/\\\/www.bahianoticias.com.br\\\/fotos\\\/principal_entrevistas\\\/427\\\/xIMAGEM_ENTREVISTA_5.jpg.pagespeed.ic.vZfZBnryWK.jpg\"},{\"@type\":\"BreadcrumbList\",\"@id\":\"https:\\\/\\\/blogdofarnesio.com.br\\\/?p=129148#breadcrumb\",\"itemListElement\":[{\"@type\":\"ListItem\",\"position\":1,\"name\":\"In\u00edcio\",\"item\":\"https:\\\/\\\/blogdofarnesio.com.br\\\/\"},{\"@type\":\"ListItem\",\"position\":2,\"name\":\"EM ENTREVISTA DANIEL ALMEIDA RATIFICA QUE PCdoB TER\u00c1 CANDIDATURA PR\u00d3PRIA \u00c0 SUCESS\u00c3O DE ISAAC\"}]},{\"@type\":\"WebSite\",\"@id\":\"https:\\\/\\\/blogdofarnesio.com.br\\\/#website\",\"url\":\"https:\\\/\\\/blogdofarnesio.com.br\\\/\",\"name\":\"Blog do Farn\u00e9sio\",\"description\":\"Quer Saber Pol\u00edtica?\",\"publisher\":{\"@id\":\"https:\\\/\\\/blogdofarnesio.com.br\\\/#organization\"},\"potentialAction\":[{\"@type\":\"SearchAction\",\"target\":{\"@type\":\"EntryPoint\",\"urlTemplate\":\"https:\\\/\\\/blogdofarnesio.com.br\\\/?s={search_term_string}\"},\"query-input\":{\"@type\":\"PropertyValueSpecification\",\"valueRequired\":true,\"valueName\":\"search_term_string\"}}],\"inLanguage\":\"pt-BR\"},{\"@type\":\"Organization\",\"@id\":\"https:\\\/\\\/blogdofarnesio.com.br\\\/#organization\",\"name\":\"Blog do Farn\u00e9sio\",\"url\":\"https:\\\/\\\/blogdofarnesio.com.br\\\/\",\"logo\":{\"@type\":\"ImageObject\",\"inLanguage\":\"pt-BR\",\"@id\":\"https:\\\/\\\/blogdofarnesio.com.br\\\/#\\\/schema\\\/logo\\\/image\\\/\",\"url\":\"https:\\\/\\\/blogdofarnesio.com.br\\\/wp-content\\\/uploads\\\/2026\\\/03\\\/cropped-logo_new-1.png\",\"contentUrl\":\"https:\\\/\\\/blogdofarnesio.com.br\\\/wp-content\\\/uploads\\\/2026\\\/03\\\/cropped-logo_new-1.png\",\"width\":881,\"height\":685,\"caption\":\"Blog do Farn\u00e9sio\"},\"image\":{\"@id\":\"https:\\\/\\\/blogdofarnesio.com.br\\\/#\\\/schema\\\/logo\\\/image\\\/\"},\"sameAs\":[\"https:\\\/\\\/www.facebook.com\\\/BlogQuerSaberPolitica\\\/\"]},{\"@type\":\"Person\",\"@id\":\"https:\\\/\\\/blogdofarnesio.com.br\\\/#\\\/schema\\\/person\\\/dd1bf5eba40b687199ba45ca6b97dff9\",\"name\":\"teste\",\"image\":{\"@type\":\"ImageObject\",\"inLanguage\":\"pt-BR\",\"@id\":\"https:\\\/\\\/secure.gravatar.com\\\/avatar\\\/2172498d4914b51e1d89a0f97957b035ac4938723a5cac208135d389b6972a6d?s=96&d=mm&r=g\",\"url\":\"https:\\\/\\\/secure.gravatar.com\\\/avatar\\\/2172498d4914b51e1d89a0f97957b035ac4938723a5cac208135d389b6972a6d?s=96&d=mm&r=g\",\"contentUrl\":\"https:\\\/\\\/secure.gravatar.com\\\/avatar\\\/2172498d4914b51e1d89a0f97957b035ac4938723a5cac208135d389b6972a6d?s=96&d=mm&r=g\",\"caption\":\"teste\"},\"url\":\"https:\\\/\\\/blogdofarnesio.com.br\\\/?author=3\"}]}<\/script>\n<!-- \/ Yoast SEO plugin. -->","yoast_head_json":{"title":"EM ENTREVISTA DANIEL ALMEIDA RATIFICA QUE PCdoB TER\u00c1 CANDIDATURA PR\u00d3PRIA \u00c0 SUCESS\u00c3O DE ISAAC - Blog do Farn\u00e9sio","robots":{"index":"index","follow":"follow","max-snippet":"max-snippet:-1","max-image-preview":"max-image-preview:large","max-video-preview":"max-video-preview:-1"},"canonical":"https:\/\/blogdofarnesio.com.br\/?p=129148","og_locale":"pt_BR","og_type":"article","og_title":"EM ENTREVISTA DANIEL ALMEIDA RATIFICA QUE PCdoB TER\u00c1 CANDIDATURA PR\u00d3PRIA \u00c0 SUCESS\u00c3O DE ISAAC - Blog do Farn\u00e9sio","og_description":"por Fernando Duarte \/ Luiz Fernando Teixeira &#8211; BN Fotos: Virg\u00ednia Andrade \/ Bahia Not\u00edcias O presidente estadual do PCdoB, o deputado federal Daniel Almeida afirmou que a sigla pretende lan\u00e7ar candidaturas \u00e0 prefeitura em pelo menos 100 munic\u00edpios da Bahia no processo eleitoral de 2016. \u201cEntre esses munic\u00edpios, n\u00f3s temos a possibilidade de lan\u00e7ar candidatos em seis ou sete maiores entre os 16 que tem mais de 100 mil habitantes na Bahia, entre eles Salvador, Vit\u00f3ria da Conquista, Itabuna, e Barreiras, al\u00e9m de Juazeiro, obviamente, que n\u00f3s estamos j\u00e1 dirigindo\u201d, afirmou em entrevista ao Bahia Not\u00edcias. O presidente esclareceu que a sa\u00edda do partido da base em Vit\u00f3ria da Conquista, ap\u00f3s uma alian\u00e7a de 20 anos, n\u00e3o foi traum\u00e1tica,&hellip;","og_url":"https:\/\/blogdofarnesio.com.br\/?p=129148","og_site_name":"Blog do Farn\u00e9sio","article_publisher":"https:\/\/www.facebook.com\/BlogQuerSaberPolitica\/","article_published_time":"2015-08-31T20:33:35+00:00","og_image":[{"url":"http:\/\/www.bahianoticias.com.br\/fotos\/principal_entrevistas\/427\/xIMAGEM_ENTREVISTA_5.jpg.pagespeed.ic.vZfZBnryWK.jpg","type":"","width":"","height":""}],"author":"teste","twitter_card":"summary_large_image","twitter_misc":{"Escrito por":"teste","Est. tempo de leitura":"12 minutos"},"schema":{"@context":"https:\/\/schema.org","@graph":[{"@type":"Article","@id":"https:\/\/blogdofarnesio.com.br\/?p=129148#article","isPartOf":{"@id":"https:\/\/blogdofarnesio.com.br\/?p=129148"},"author":{"name":"teste","@id":"https:\/\/blogdofarnesio.com.br\/#\/schema\/person\/dd1bf5eba40b687199ba45ca6b97dff9"},"headline":"EM ENTREVISTA DANIEL ALMEIDA RATIFICA QUE PCdoB TER\u00c1 CANDIDATURA PR\u00d3PRIA \u00c0 SUCESS\u00c3O DE ISAAC","datePublished":"2015-08-31T20:33:35+00:00","mainEntityOfPage":{"@id":"https:\/\/blogdofarnesio.com.br\/?p=129148"},"wordCount":2376,"commentCount":0,"publisher":{"@id":"https:\/\/blogdofarnesio.com.br\/#organization"},"image":{"@id":"https:\/\/blogdofarnesio.com.br\/?p=129148#primaryimage"},"thumbnailUrl":"http:\/\/www.bahianoticias.com.br\/fotos\/principal_entrevistas\/427\/xIMAGEM_ENTREVISTA_5.jpg.pagespeed.ic.vZfZBnryWK.jpg","articleSection":["Pol\u00edtica"],"inLanguage":"pt-BR","potentialAction":[{"@type":"CommentAction","name":"Comment","target":["https:\/\/blogdofarnesio.com.br\/?p=129148#respond"]}]},{"@type":"WebPage","@id":"https:\/\/blogdofarnesio.com.br\/?p=129148","url":"https:\/\/blogdofarnesio.com.br\/?p=129148","name":"EM ENTREVISTA DANIEL ALMEIDA RATIFICA QUE PCdoB TER\u00c1 CANDIDATURA PR\u00d3PRIA \u00c0 SUCESS\u00c3O DE ISAAC - Blog do Farn\u00e9sio","isPartOf":{"@id":"https:\/\/blogdofarnesio.com.br\/#website"},"primaryImageOfPage":{"@id":"https:\/\/blogdofarnesio.com.br\/?p=129148#primaryimage"},"image":{"@id":"https:\/\/blogdofarnesio.com.br\/?p=129148#primaryimage"},"thumbnailUrl":"http:\/\/www.bahianoticias.com.br\/fotos\/principal_entrevistas\/427\/xIMAGEM_ENTREVISTA_5.jpg.pagespeed.ic.vZfZBnryWK.jpg","datePublished":"2015-08-31T20:33:35+00:00","breadcrumb":{"@id":"https:\/\/blogdofarnesio.com.br\/?p=129148#breadcrumb"},"inLanguage":"pt-BR","potentialAction":[{"@type":"ReadAction","target":["https:\/\/blogdofarnesio.com.br\/?p=129148"]}]},{"@type":"ImageObject","inLanguage":"pt-BR","@id":"https:\/\/blogdofarnesio.com.br\/?p=129148#primaryimage","url":"http:\/\/www.bahianoticias.com.br\/fotos\/principal_entrevistas\/427\/xIMAGEM_ENTREVISTA_5.jpg.pagespeed.ic.vZfZBnryWK.jpg","contentUrl":"http:\/\/www.bahianoticias.com.br\/fotos\/principal_entrevistas\/427\/xIMAGEM_ENTREVISTA_5.jpg.pagespeed.ic.vZfZBnryWK.jpg"},{"@type":"BreadcrumbList","@id":"https:\/\/blogdofarnesio.com.br\/?p=129148#breadcrumb","itemListElement":[{"@type":"ListItem","position":1,"name":"In\u00edcio","item":"https:\/\/blogdofarnesio.com.br\/"},{"@type":"ListItem","position":2,"name":"EM ENTREVISTA DANIEL ALMEIDA RATIFICA QUE PCdoB TER\u00c1 CANDIDATURA PR\u00d3PRIA \u00c0 SUCESS\u00c3O DE ISAAC"}]},{"@type":"WebSite","@id":"https:\/\/blogdofarnesio.com.br\/#website","url":"https:\/\/blogdofarnesio.com.br\/","name":"Blog do Farn\u00e9sio","description":"Quer Saber Pol\u00edtica?","publisher":{"@id":"https:\/\/blogdofarnesio.com.br\/#organization"},"potentialAction":[{"@type":"SearchAction","target":{"@type":"EntryPoint","urlTemplate":"https:\/\/blogdofarnesio.com.br\/?s={search_term_string}"},"query-input":{"@type":"PropertyValueSpecification","valueRequired":true,"valueName":"search_term_string"}}],"inLanguage":"pt-BR"},{"@type":"Organization","@id":"https:\/\/blogdofarnesio.com.br\/#organization","name":"Blog do Farn\u00e9sio","url":"https:\/\/blogdofarnesio.com.br\/","logo":{"@type":"ImageObject","inLanguage":"pt-BR","@id":"https:\/\/blogdofarnesio.com.br\/#\/schema\/logo\/image\/","url":"https:\/\/blogdofarnesio.com.br\/wp-content\/uploads\/2026\/03\/cropped-logo_new-1.png","contentUrl":"https:\/\/blogdofarnesio.com.br\/wp-content\/uploads\/2026\/03\/cropped-logo_new-1.png","width":881,"height":685,"caption":"Blog do Farn\u00e9sio"},"image":{"@id":"https:\/\/blogdofarnesio.com.br\/#\/schema\/logo\/image\/"},"sameAs":["https:\/\/www.facebook.com\/BlogQuerSaberPolitica\/"]},{"@type":"Person","@id":"https:\/\/blogdofarnesio.com.br\/#\/schema\/person\/dd1bf5eba40b687199ba45ca6b97dff9","name":"teste","image":{"@type":"ImageObject","inLanguage":"pt-BR","@id":"https:\/\/secure.gravatar.com\/avatar\/2172498d4914b51e1d89a0f97957b035ac4938723a5cac208135d389b6972a6d?s=96&d=mm&r=g","url":"https:\/\/secure.gravatar.com\/avatar\/2172498d4914b51e1d89a0f97957b035ac4938723a5cac208135d389b6972a6d?s=96&d=mm&r=g","contentUrl":"https:\/\/secure.gravatar.com\/avatar\/2172498d4914b51e1d89a0f97957b035ac4938723a5cac208135d389b6972a6d?s=96&d=mm&r=g","caption":"teste"},"url":"https:\/\/blogdofarnesio.com.br\/?author=3"}]}},"_links":{"self":[{"href":"https:\/\/blogdofarnesio.com.br\/index.php?rest_route=\/wp\/v2\/posts\/129148","targetHints":{"allow":["GET"]}}],"collection":[{"href":"https:\/\/blogdofarnesio.com.br\/index.php?rest_route=\/wp\/v2\/posts"}],"about":[{"href":"https:\/\/blogdofarnesio.com.br\/index.php?rest_route=\/wp\/v2\/types\/post"}],"author":[{"embeddable":true,"href":"https:\/\/blogdofarnesio.com.br\/index.php?rest_route=\/wp\/v2\/users\/3"}],"replies":[{"embeddable":true,"href":"https:\/\/blogdofarnesio.com.br\/index.php?rest_route=%2Fwp%2Fv2%2Fcomments&post=129148"}],"version-history":[{"count":0,"href":"https:\/\/blogdofarnesio.com.br\/index.php?rest_route=\/wp\/v2\/posts\/129148\/revisions"}],"wp:attachment":[{"href":"https:\/\/blogdofarnesio.com.br\/index.php?rest_route=%2Fwp%2Fv2%2Fmedia&parent=129148"}],"wp:term":[{"taxonomy":"category","embeddable":true,"href":"https:\/\/blogdofarnesio.com.br\/index.php?rest_route=%2Fwp%2Fv2%2Fcategories&post=129148"},{"taxonomy":"post_tag","embeddable":true,"href":"https:\/\/blogdofarnesio.com.br\/index.php?rest_route=%2Fwp%2Fv2%2Ftags&post=129148"}],"curies":[{"name":"wp","href":"https:\/\/api.w.org\/{rel}","templated":true}]}}