{"id":129127,"date":"2015-08-31T09:43:16","date_gmt":"2015-08-31T12:43:16","guid":{"rendered":"http:\/\/www.quersaberpolitica.com.br\/?p=129127"},"modified":"2015-08-30T19:06:48","modified_gmt":"2015-08-30T22:06:48","slug":"procon-de-juazeiro-alerta-populacao-sobre-preservativos-com-lotes-irregulares","status":"publish","type":"post","link":"https:\/\/blogdofarnesio.com.br\/?p=129127","title":{"rendered":"PROCON DE JUAZEIRO ALERTA POPULA\u00c7\u00c3O SOBRE PRESERVATIVOS COM LOTES IRREGULARES"},"content":{"rendered":"<p style=\"text-align: justify\"><a href=\"http:\/\/www.quersaberpolitica.com.br\/2016\/wp-content\/uploads\/2013\/01\/blogqspaidscami.jpg\"><img loading=\"lazy\" decoding=\"async\" class=\"  wp-image-25702 aligncenter\" src=\"http:\/\/www.quersaberpolitica.com.br\/2016\/wp-content\/uploads\/2013\/01\/blogqspaidscami.jpg\" alt=\"blogqspaidscami\" width=\"417\" height=\"154\" \/><\/a>O Coordenador Geral do Procon\/Juazeiro, Carlos T\u00falio Cruz, recebeu um comunicado da Secretaria de Defesa do Consumidor, do Minist\u00e9rio da Justi\u00e7a, para que a popula\u00e7\u00e3o fique atenta e n\u00e3o compre <strong>preservativos <\/strong>da marca<strong>ELITE<\/strong>, pois os prazos de validade e indica\u00e7\u00e3o dos lotes est\u00e3o fora dos padr\u00f5es, gerando suspeita sobre o produto.<\/p>\n<p style=\"text-align: justify\">De acordo com o of\u00edcio recebido do \u00f3rg\u00e3o superior de Defesa do Consumidor, a comercializa\u00e7\u00e3o do produto \u201ccoloca em risco a seguran\u00e7a dos consumidores\u201d. O coordenador do Procon\/Juazeiro completa. &#8220;\u00c9 importante que a popula\u00e7\u00e3o de nossa cidade seja alertada dessa situa\u00e7\u00e3o que p\u00f5e em risco a sa\u00fade de todos os nossos cidad\u00e3os&#8221;, informa Carlos T\u00falio Cruz.<\/p>\n<p style=\"text-align: justify\">A falha foi detectada na cidade de Manaus, capital do Estado do Amazonas, mas h\u00e1 possibilidade dos lotes DFV, DFIV e BFIII da marca ELITE terem sido espalhados por todo o pa\u00eds.<\/p>\n<p style=\"text-align: justify\">Por Raphael Leal\/PMJ<\/p>\n","protected":false},"excerpt":{"rendered":"<p>O Coordenador Geral do Procon\/Juazeiro, Carlos T\u00falio Cruz, recebeu um comunicado da Secretaria de Defesa do Consumidor, do Minist\u00e9rio da Justi\u00e7a, para que a popula\u00e7\u00e3o fique atenta e n\u00e3o compre preservativos da marcaELITE, pois os prazos de validade e indica\u00e7\u00e3o dos lotes est\u00e3o fora dos padr\u00f5es, gerando suspeita sobre o produto. De acordo com o of\u00edcio recebido do \u00f3rg\u00e3o superior de Defesa do Consumidor, a comercializa\u00e7\u00e3o do produto \u201ccoloca em risco a seguran\u00e7a dos consumidores\u201d. O coordenador do Procon\/Juazeiro completa. &#8220;\u00c9 importante que a popula\u00e7\u00e3o de nossa cidade seja alertada dessa situa\u00e7\u00e3o que p\u00f5e em risco a sa\u00fade de todos os nossos cidad\u00e3os&#8221;, informa Carlos T\u00falio Cruz. A falha foi detectada na cidade de Manaus, capital do Estado do Amazonas,&hellip; <\/p>\n","protected":false},"author":3,"featured_media":0,"comment_status":"open","ping_status":"open","sticky":false,"template":"","format":"standard","meta":{"_acf_changed":false,"footnotes":""},"categories":[4],"tags":[],"class_list":["post-129127","post","type-post","status-publish","format-standard","hentry","category-saude"],"acf":[],"yoast_head":"<!-- This site is optimized with the Yoast SEO plugin v27.4 - https:\/\/yoast.com\/product\/yoast-seo-wordpress\/ -->\n<title>PROCON DE JUAZEIRO ALERTA POPULA\u00c7\u00c3O SOBRE PRESERVATIVOS COM LOTES IRREGULARES - Blog do Farn\u00e9sio<\/title>\n<meta name=\"robots\" content=\"index, follow, max-snippet:-1, max-image-preview:large, max-video-preview:-1\" \/>\n<link rel=\"canonical\" href=\"https:\/\/blogdofarnesio.com.br\/?p=129127\" \/>\n<meta property=\"og:locale\" content=\"pt_BR\" \/>\n<meta property=\"og:type\" content=\"article\" \/>\n<meta property=\"og:title\" content=\"PROCON DE JUAZEIRO ALERTA POPULA\u00c7\u00c3O SOBRE PRESERVATIVOS COM LOTES IRREGULARES - Blog do Farn\u00e9sio\" \/>\n<meta property=\"og:description\" content=\"O Coordenador Geral do Procon\/Juazeiro, Carlos T\u00falio Cruz, recebeu um comunicado da Secretaria de Defesa do Consumidor, do Minist\u00e9rio da Justi\u00e7a, para que a popula\u00e7\u00e3o fique atenta e n\u00e3o compre preservativos da marcaELITE, pois os prazos de validade e indica\u00e7\u00e3o dos lotes est\u00e3o fora dos padr\u00f5es, gerando suspeita sobre o produto. De acordo com o of\u00edcio recebido do \u00f3rg\u00e3o superior de Defesa do Consumidor, a comercializa\u00e7\u00e3o do produto \u201ccoloca em risco a seguran\u00e7a dos consumidores\u201d. O coordenador do Procon\/Juazeiro completa. &#8220;\u00c9 importante que a popula\u00e7\u00e3o de nossa cidade seja alertada dessa situa\u00e7\u00e3o que p\u00f5e em risco a sa\u00fade de todos os nossos cidad\u00e3os&#8221;, informa Carlos T\u00falio Cruz. A falha foi detectada na cidade de Manaus, capital do Estado do Amazonas,&hellip;\" \/>\n<meta property=\"og:url\" content=\"https:\/\/blogdofarnesio.com.br\/?p=129127\" \/>\n<meta property=\"og:site_name\" content=\"Blog do Farn\u00e9sio\" \/>\n<meta property=\"article:publisher\" content=\"https:\/\/www.facebook.com\/BlogQuerSaberPolitica\/\" \/>\n<meta property=\"article:published_time\" content=\"2015-08-31T12:43:16+00:00\" \/>\n<meta property=\"og:image\" content=\"http:\/\/www.quersaberpolitica.com.br\/2016\/wp-content\/uploads\/2013\/01\/blogqspaidscami.jpg\" \/>\n<meta name=\"author\" content=\"teste\" \/>\n<meta name=\"twitter:card\" content=\"summary_large_image\" \/>\n<meta name=\"twitter:label1\" content=\"Escrito por\" \/>\n\t<meta name=\"twitter:data1\" content=\"teste\" \/>\n\t<meta name=\"twitter:label2\" content=\"Est. tempo de leitura\" \/>\n\t<meta name=\"twitter:data2\" content=\"1 minuto\" \/>\n<script type=\"application\/ld+json\" class=\"yoast-schema-graph\">{\"@context\":\"https:\\\/\\\/schema.org\",\"@graph\":[{\"@type\":\"Article\",\"@id\":\"https:\\\/\\\/blogdofarnesio.com.br\\\/?p=129127#article\",\"isPartOf\":{\"@id\":\"https:\\\/\\\/blogdofarnesio.com.br\\\/?p=129127\"},\"author\":{\"name\":\"teste\",\"@id\":\"https:\\\/\\\/blogdofarnesio.com.br\\\/#\\\/schema\\\/person\\\/dd1bf5eba40b687199ba45ca6b97dff9\"},\"headline\":\"PROCON DE JUAZEIRO ALERTA POPULA\u00c7\u00c3O SOBRE PRESERVATIVOS COM LOTES IRREGULARES\",\"datePublished\":\"2015-08-31T12:43:16+00:00\",\"mainEntityOfPage\":{\"@id\":\"https:\\\/\\\/blogdofarnesio.com.br\\\/?p=129127\"},\"wordCount\":174,\"commentCount\":0,\"publisher\":{\"@id\":\"https:\\\/\\\/blogdofarnesio.com.br\\\/#organization\"},\"image\":{\"@id\":\"https:\\\/\\\/blogdofarnesio.com.br\\\/?p=129127#primaryimage\"},\"thumbnailUrl\":\"http:\\\/\\\/www.quersaberpolitica.com.br\\\/2016\\\/wp-content\\\/uploads\\\/2013\\\/01\\\/blogqspaidscami.jpg\",\"articleSection\":[\"Sa\u00fade\"],\"inLanguage\":\"pt-BR\",\"potentialAction\":[{\"@type\":\"CommentAction\",\"name\":\"Comment\",\"target\":[\"https:\\\/\\\/blogdofarnesio.com.br\\\/?p=129127#respond\"]}]},{\"@type\":\"WebPage\",\"@id\":\"https:\\\/\\\/blogdofarnesio.com.br\\\/?p=129127\",\"url\":\"https:\\\/\\\/blogdofarnesio.com.br\\\/?p=129127\",\"name\":\"PROCON DE JUAZEIRO ALERTA POPULA\u00c7\u00c3O SOBRE PRESERVATIVOS COM LOTES IRREGULARES - Blog do Farn\u00e9sio\",\"isPartOf\":{\"@id\":\"https:\\\/\\\/blogdofarnesio.com.br\\\/#website\"},\"primaryImageOfPage\":{\"@id\":\"https:\\\/\\\/blogdofarnesio.com.br\\\/?p=129127#primaryimage\"},\"image\":{\"@id\":\"https:\\\/\\\/blogdofarnesio.com.br\\\/?p=129127#primaryimage\"},\"thumbnailUrl\":\"http:\\\/\\\/www.quersaberpolitica.com.br\\\/2016\\\/wp-content\\\/uploads\\\/2013\\\/01\\\/blogqspaidscami.jpg\",\"datePublished\":\"2015-08-31T12:43:16+00:00\",\"breadcrumb\":{\"@id\":\"https:\\\/\\\/blogdofarnesio.com.br\\\/?p=129127#breadcrumb\"},\"inLanguage\":\"pt-BR\",\"potentialAction\":[{\"@type\":\"ReadAction\",\"target\":[\"https:\\\/\\\/blogdofarnesio.com.br\\\/?p=129127\"]}]},{\"@type\":\"ImageObject\",\"inLanguage\":\"pt-BR\",\"@id\":\"https:\\\/\\\/blogdofarnesio.com.br\\\/?p=129127#primaryimage\",\"url\":\"http:\\\/\\\/www.quersaberpolitica.com.br\\\/2016\\\/wp-content\\\/uploads\\\/2013\\\/01\\\/blogqspaidscami.jpg\",\"contentUrl\":\"http:\\\/\\\/www.quersaberpolitica.com.br\\\/2016\\\/wp-content\\\/uploads\\\/2013\\\/01\\\/blogqspaidscami.jpg\"},{\"@type\":\"BreadcrumbList\",\"@id\":\"https:\\\/\\\/blogdofarnesio.com.br\\\/?p=129127#breadcrumb\",\"itemListElement\":[{\"@type\":\"ListItem\",\"position\":1,\"name\":\"In\u00edcio\",\"item\":\"https:\\\/\\\/blogdofarnesio.com.br\\\/\"},{\"@type\":\"ListItem\",\"position\":2,\"name\":\"PROCON DE JUAZEIRO ALERTA POPULA\u00c7\u00c3O SOBRE PRESERVATIVOS COM LOTES IRREGULARES\"}]},{\"@type\":\"WebSite\",\"@id\":\"https:\\\/\\\/blogdofarnesio.com.br\\\/#website\",\"url\":\"https:\\\/\\\/blogdofarnesio.com.br\\\/\",\"name\":\"Blog do Farn\u00e9sio\",\"description\":\"Quer Saber Pol\u00edtica?\",\"publisher\":{\"@id\":\"https:\\\/\\\/blogdofarnesio.com.br\\\/#organization\"},\"potentialAction\":[{\"@type\":\"SearchAction\",\"target\":{\"@type\":\"EntryPoint\",\"urlTemplate\":\"https:\\\/\\\/blogdofarnesio.com.br\\\/?s={search_term_string}\"},\"query-input\":{\"@type\":\"PropertyValueSpecification\",\"valueRequired\":true,\"valueName\":\"search_term_string\"}}],\"inLanguage\":\"pt-BR\"},{\"@type\":\"Organization\",\"@id\":\"https:\\\/\\\/blogdofarnesio.com.br\\\/#organization\",\"name\":\"Blog do Farn\u00e9sio\",\"url\":\"https:\\\/\\\/blogdofarnesio.com.br\\\/\",\"logo\":{\"@type\":\"ImageObject\",\"inLanguage\":\"pt-BR\",\"@id\":\"https:\\\/\\\/blogdofarnesio.com.br\\\/#\\\/schema\\\/logo\\\/image\\\/\",\"url\":\"https:\\\/\\\/blogdofarnesio.com.br\\\/wp-content\\\/uploads\\\/2026\\\/03\\\/cropped-logo_new-1.png\",\"contentUrl\":\"https:\\\/\\\/blogdofarnesio.com.br\\\/wp-content\\\/uploads\\\/2026\\\/03\\\/cropped-logo_new-1.png\",\"width\":881,\"height\":685,\"caption\":\"Blog do Farn\u00e9sio\"},\"image\":{\"@id\":\"https:\\\/\\\/blogdofarnesio.com.br\\\/#\\\/schema\\\/logo\\\/image\\\/\"},\"sameAs\":[\"https:\\\/\\\/www.facebook.com\\\/BlogQuerSaberPolitica\\\/\"]},{\"@type\":\"Person\",\"@id\":\"https:\\\/\\\/blogdofarnesio.com.br\\\/#\\\/schema\\\/person\\\/dd1bf5eba40b687199ba45ca6b97dff9\",\"name\":\"teste\",\"image\":{\"@type\":\"ImageObject\",\"inLanguage\":\"pt-BR\",\"@id\":\"https:\\\/\\\/secure.gravatar.com\\\/avatar\\\/2172498d4914b51e1d89a0f97957b035ac4938723a5cac208135d389b6972a6d?s=96&d=mm&r=g\",\"url\":\"https:\\\/\\\/secure.gravatar.com\\\/avatar\\\/2172498d4914b51e1d89a0f97957b035ac4938723a5cac208135d389b6972a6d?s=96&d=mm&r=g\",\"contentUrl\":\"https:\\\/\\\/secure.gravatar.com\\\/avatar\\\/2172498d4914b51e1d89a0f97957b035ac4938723a5cac208135d389b6972a6d?s=96&d=mm&r=g\",\"caption\":\"teste\"},\"url\":\"https:\\\/\\\/blogdofarnesio.com.br\\\/?author=3\"}]}<\/script>\n<!-- \/ Yoast SEO plugin. -->","yoast_head_json":{"title":"PROCON DE JUAZEIRO ALERTA POPULA\u00c7\u00c3O SOBRE PRESERVATIVOS COM LOTES IRREGULARES - Blog do Farn\u00e9sio","robots":{"index":"index","follow":"follow","max-snippet":"max-snippet:-1","max-image-preview":"max-image-preview:large","max-video-preview":"max-video-preview:-1"},"canonical":"https:\/\/blogdofarnesio.com.br\/?p=129127","og_locale":"pt_BR","og_type":"article","og_title":"PROCON DE JUAZEIRO ALERTA POPULA\u00c7\u00c3O SOBRE PRESERVATIVOS COM LOTES IRREGULARES - Blog do Farn\u00e9sio","og_description":"O Coordenador Geral do Procon\/Juazeiro, Carlos T\u00falio Cruz, recebeu um comunicado da Secretaria de Defesa do Consumidor, do Minist\u00e9rio da Justi\u00e7a, para que a popula\u00e7\u00e3o fique atenta e n\u00e3o compre preservativos da marcaELITE, pois os prazos de validade e indica\u00e7\u00e3o dos lotes est\u00e3o fora dos padr\u00f5es, gerando suspeita sobre o produto. De acordo com o of\u00edcio recebido do \u00f3rg\u00e3o superior de Defesa do Consumidor, a comercializa\u00e7\u00e3o do produto \u201ccoloca em risco a seguran\u00e7a dos consumidores\u201d. O coordenador do Procon\/Juazeiro completa. &#8220;\u00c9 importante que a popula\u00e7\u00e3o de nossa cidade seja alertada dessa situa\u00e7\u00e3o que p\u00f5e em risco a sa\u00fade de todos os nossos cidad\u00e3os&#8221;, informa Carlos T\u00falio Cruz. A falha foi detectada na cidade de Manaus, capital do Estado do Amazonas,&hellip;","og_url":"https:\/\/blogdofarnesio.com.br\/?p=129127","og_site_name":"Blog do Farn\u00e9sio","article_publisher":"https:\/\/www.facebook.com\/BlogQuerSaberPolitica\/","article_published_time":"2015-08-31T12:43:16+00:00","og_image":[{"url":"http:\/\/www.quersaberpolitica.com.br\/2016\/wp-content\/uploads\/2013\/01\/blogqspaidscami.jpg","type":"","width":"","height":""}],"author":"teste","twitter_card":"summary_large_image","twitter_misc":{"Escrito por":"teste","Est. tempo de leitura":"1 minuto"},"schema":{"@context":"https:\/\/schema.org","@graph":[{"@type":"Article","@id":"https:\/\/blogdofarnesio.com.br\/?p=129127#article","isPartOf":{"@id":"https:\/\/blogdofarnesio.com.br\/?p=129127"},"author":{"name":"teste","@id":"https:\/\/blogdofarnesio.com.br\/#\/schema\/person\/dd1bf5eba40b687199ba45ca6b97dff9"},"headline":"PROCON DE JUAZEIRO ALERTA POPULA\u00c7\u00c3O SOBRE PRESERVATIVOS COM LOTES IRREGULARES","datePublished":"2015-08-31T12:43:16+00:00","mainEntityOfPage":{"@id":"https:\/\/blogdofarnesio.com.br\/?p=129127"},"wordCount":174,"commentCount":0,"publisher":{"@id":"https:\/\/blogdofarnesio.com.br\/#organization"},"image":{"@id":"https:\/\/blogdofarnesio.com.br\/?p=129127#primaryimage"},"thumbnailUrl":"http:\/\/www.quersaberpolitica.com.br\/2016\/wp-content\/uploads\/2013\/01\/blogqspaidscami.jpg","articleSection":["Sa\u00fade"],"inLanguage":"pt-BR","potentialAction":[{"@type":"CommentAction","name":"Comment","target":["https:\/\/blogdofarnesio.com.br\/?p=129127#respond"]}]},{"@type":"WebPage","@id":"https:\/\/blogdofarnesio.com.br\/?p=129127","url":"https:\/\/blogdofarnesio.com.br\/?p=129127","name":"PROCON DE JUAZEIRO ALERTA POPULA\u00c7\u00c3O SOBRE PRESERVATIVOS COM LOTES IRREGULARES - Blog do Farn\u00e9sio","isPartOf":{"@id":"https:\/\/blogdofarnesio.com.br\/#website"},"primaryImageOfPage":{"@id":"https:\/\/blogdofarnesio.com.br\/?p=129127#primaryimage"},"image":{"@id":"https:\/\/blogdofarnesio.com.br\/?p=129127#primaryimage"},"thumbnailUrl":"http:\/\/www.quersaberpolitica.com.br\/2016\/wp-content\/uploads\/2013\/01\/blogqspaidscami.jpg","datePublished":"2015-08-31T12:43:16+00:00","breadcrumb":{"@id":"https:\/\/blogdofarnesio.com.br\/?p=129127#breadcrumb"},"inLanguage":"pt-BR","potentialAction":[{"@type":"ReadAction","target":["https:\/\/blogdofarnesio.com.br\/?p=129127"]}]},{"@type":"ImageObject","inLanguage":"pt-BR","@id":"https:\/\/blogdofarnesio.com.br\/?p=129127#primaryimage","url":"http:\/\/www.quersaberpolitica.com.br\/2016\/wp-content\/uploads\/2013\/01\/blogqspaidscami.jpg","contentUrl":"http:\/\/www.quersaberpolitica.com.br\/2016\/wp-content\/uploads\/2013\/01\/blogqspaidscami.jpg"},{"@type":"BreadcrumbList","@id":"https:\/\/blogdofarnesio.com.br\/?p=129127#breadcrumb","itemListElement":[{"@type":"ListItem","position":1,"name":"In\u00edcio","item":"https:\/\/blogdofarnesio.com.br\/"},{"@type":"ListItem","position":2,"name":"PROCON DE JUAZEIRO ALERTA POPULA\u00c7\u00c3O SOBRE PRESERVATIVOS COM LOTES IRREGULARES"}]},{"@type":"WebSite","@id":"https:\/\/blogdofarnesio.com.br\/#website","url":"https:\/\/blogdofarnesio.com.br\/","name":"Blog do Farn\u00e9sio","description":"Quer Saber Pol\u00edtica?","publisher":{"@id":"https:\/\/blogdofarnesio.com.br\/#organization"},"potentialAction":[{"@type":"SearchAction","target":{"@type":"EntryPoint","urlTemplate":"https:\/\/blogdofarnesio.com.br\/?s={search_term_string}"},"query-input":{"@type":"PropertyValueSpecification","valueRequired":true,"valueName":"search_term_string"}}],"inLanguage":"pt-BR"},{"@type":"Organization","@id":"https:\/\/blogdofarnesio.com.br\/#organization","name":"Blog do Farn\u00e9sio","url":"https:\/\/blogdofarnesio.com.br\/","logo":{"@type":"ImageObject","inLanguage":"pt-BR","@id":"https:\/\/blogdofarnesio.com.br\/#\/schema\/logo\/image\/","url":"https:\/\/blogdofarnesio.com.br\/wp-content\/uploads\/2026\/03\/cropped-logo_new-1.png","contentUrl":"https:\/\/blogdofarnesio.com.br\/wp-content\/uploads\/2026\/03\/cropped-logo_new-1.png","width":881,"height":685,"caption":"Blog do Farn\u00e9sio"},"image":{"@id":"https:\/\/blogdofarnesio.com.br\/#\/schema\/logo\/image\/"},"sameAs":["https:\/\/www.facebook.com\/BlogQuerSaberPolitica\/"]},{"@type":"Person","@id":"https:\/\/blogdofarnesio.com.br\/#\/schema\/person\/dd1bf5eba40b687199ba45ca6b97dff9","name":"teste","image":{"@type":"ImageObject","inLanguage":"pt-BR","@id":"https:\/\/secure.gravatar.com\/avatar\/2172498d4914b51e1d89a0f97957b035ac4938723a5cac208135d389b6972a6d?s=96&d=mm&r=g","url":"https:\/\/secure.gravatar.com\/avatar\/2172498d4914b51e1d89a0f97957b035ac4938723a5cac208135d389b6972a6d?s=96&d=mm&r=g","contentUrl":"https:\/\/secure.gravatar.com\/avatar\/2172498d4914b51e1d89a0f97957b035ac4938723a5cac208135d389b6972a6d?s=96&d=mm&r=g","caption":"teste"},"url":"https:\/\/blogdofarnesio.com.br\/?author=3"}]}},"_links":{"self":[{"href":"https:\/\/blogdofarnesio.com.br\/index.php?rest_route=\/wp\/v2\/posts\/129127","targetHints":{"allow":["GET"]}}],"collection":[{"href":"https:\/\/blogdofarnesio.com.br\/index.php?rest_route=\/wp\/v2\/posts"}],"about":[{"href":"https:\/\/blogdofarnesio.com.br\/index.php?rest_route=\/wp\/v2\/types\/post"}],"author":[{"embeddable":true,"href":"https:\/\/blogdofarnesio.com.br\/index.php?rest_route=\/wp\/v2\/users\/3"}],"replies":[{"embeddable":true,"href":"https:\/\/blogdofarnesio.com.br\/index.php?rest_route=%2Fwp%2Fv2%2Fcomments&post=129127"}],"version-history":[{"count":0,"href":"https:\/\/blogdofarnesio.com.br\/index.php?rest_route=\/wp\/v2\/posts\/129127\/revisions"}],"wp:attachment":[{"href":"https:\/\/blogdofarnesio.com.br\/index.php?rest_route=%2Fwp%2Fv2%2Fmedia&parent=129127"}],"wp:term":[{"taxonomy":"category","embeddable":true,"href":"https:\/\/blogdofarnesio.com.br\/index.php?rest_route=%2Fwp%2Fv2%2Fcategories&post=129127"},{"taxonomy":"post_tag","embeddable":true,"href":"https:\/\/blogdofarnesio.com.br\/index.php?rest_route=%2Fwp%2Fv2%2Ftags&post=129127"}],"curies":[{"name":"wp","href":"https:\/\/api.w.org\/{rel}","templated":true}]}}