{"id":129123,"date":"2015-08-31T08:32:00","date_gmt":"2015-08-31T11:32:00","guid":{"rendered":"http:\/\/www.quersaberpolitica.com.br\/?p=129123"},"modified":"2015-08-30T18:43:29","modified_gmt":"2015-08-30T21:43:29","slug":"janot-arquiva-acao-do-tse-contra-dilma","status":"publish","type":"post","link":"https:\/\/blogdofarnesio.com.br\/2015\/08\/janot-arquiva-acao-do-tse-contra-dilma\/","title":{"rendered":"JANOT ARQUIVA A\u00c7\u00c3O DO TSE CONTRA DILMA"},"content":{"rendered":"<div class=\"box-body\">\n<div class=\"text-center\">\n<div class=\"box-img\"><img decoding=\"async\" class=\"img-center img-responsive aligncenter\" src=\"http:\/\/www.bahianoticias.com.br\/fotos\/principal_noticias\/177975\/xIMAGEM_NOTICIA_5.jpg.pagespeed.ic.93M-xSmdZk.jpg\" alt=\"Janot arquiva a\u00e7\u00e3o do TSE contra Dilma por ind\u00edcios n\u00e3o terem 'consist\u00eancia suficiente'\" \/><\/p>\n<div class=\"img-legenda\">Foto: Lula Marques\/ Fotos P\u00fablicas<\/div>\n<\/div>\n<\/div>\n<div class=\"text-descricao\" style=\"text-align: justify\">O procurador-geral da Rep\u00fablica, Rodrigo Janot, concluiu que n\u00e3o h\u00e1 ind\u00edcios de irregularidade na contrata\u00e7\u00e3o da gr\u00e1fica VTPB Servi\u00e7os Gr\u00e1ficos e M\u00eddia Exterior Ltda. pela campanha da presidente Dilma Rousseff (PT), no ano passado. O vice-presidente do Tribunal Superior Eleitoral (TSE), Gilmar Mendes, pediu que o procurador investigasse as contas da campanha da presidente, ao que ele respondeu como &#8220;inconveni\u00eancia&#8221; da Justi\u00e7a Eleitoral e do Minist\u00e9rio P\u00fablico Eleitoral.<\/div>\n<div class=\"text-descricao\" style=\"text-align: justify\"><\/div>\n<div class=\"text-descricao\" style=\"text-align: justify\">Segundo Janot, os \u00f3rg\u00e3os querem se tornar &#8220;protagonistas exagerados&#8221; da democracia &#8211; esta deve ter como atores principais candidatos e eleitores. Informa\u00e7\u00f5es do Congresso em Foco apontam que, na an\u00e1lise do pedido, Janot citou ainda a possibilidade de uma &#8220;judicializa\u00e7\u00e3o extremada&#8221; do processo pol\u00edtico eleitoral. As declara\u00e7\u00f5es de Janot est\u00e3o no despacho datado de 13 de agosto, favor\u00e1vel ao arquivamento do pedido feito por Gilmar Mendes.<\/div>\n<div class=\"text-descricao\" style=\"text-align: justify\"><\/div>\n<div class=\"text-descricao\" style=\"text-align: justify\">Segundo o procurador, os fatos apontados pelo vice-presidente do TSE n\u00e3o apresentam &#8220;consist\u00eancia suficiente para autorizar, com justa causa, a ado\u00e7\u00e3o das sempre gravosas provid\u00eancias investigativas criminais&#8221;.<\/div>\n<\/div>\n","protected":false},"excerpt":{"rendered":"<p>Foto: Lula Marques\/ Fotos P\u00fablicas O procurador-geral da Rep\u00fablica, Rodrigo Janot, concluiu que n\u00e3o h\u00e1 ind\u00edcios de irregularidade na contrata\u00e7\u00e3o da gr\u00e1fica VTPB Servi\u00e7os Gr\u00e1ficos e M\u00eddia Exterior Ltda. pela campanha da presidente Dilma Rousseff (PT), no ano passado. O vice-presidente do Tribunal Superior Eleitoral (TSE), Gilmar Mendes, pediu que o procurador investigasse as contas da campanha da presidente, ao que ele respondeu como &#8220;inconveni\u00eancia&#8221; da Justi\u00e7a Eleitoral e do Minist\u00e9rio P\u00fablico Eleitoral. Segundo Janot, os \u00f3rg\u00e3os querem se tornar &#8220;protagonistas exagerados&#8221; da democracia &#8211; esta deve ter como atores principais candidatos e eleitores. Informa\u00e7\u00f5es do Congresso em Foco apontam que, na an\u00e1lise do pedido, Janot citou ainda a possibilidade de uma &#8220;judicializa\u00e7\u00e3o extremada&#8221; do processo pol\u00edtico eleitoral. As declara\u00e7\u00f5es&hellip; <\/p>\n","protected":false},"author":3,"featured_media":0,"comment_status":"open","ping_status":"open","sticky":false,"template":"","format":"standard","meta":{"_acf_changed":false,"footnotes":""},"categories":[1],"tags":[],"class_list":["post-129123","post","type-post","status-publish","format-standard","hentry","category-politica"],"acf":[],"yoast_head":"<!-- This site is optimized with the Yoast SEO plugin v27.5 - https:\/\/yoast.com\/product\/yoast-seo-wordpress\/ -->\n<title>JANOT ARQUIVA A\u00c7\u00c3O DO TSE CONTRA DILMA - Blog do Farn\u00e9sio<\/title>\n<meta name=\"robots\" content=\"index, follow, max-snippet:-1, max-image-preview:large, max-video-preview:-1\" \/>\n<link rel=\"canonical\" href=\"https:\/\/blogdofarnesio.com.br\/2015\/08\/janot-arquiva-acao-do-tse-contra-dilma\/\" \/>\n<meta property=\"og:locale\" content=\"pt_BR\" \/>\n<meta property=\"og:type\" content=\"article\" \/>\n<meta property=\"og:title\" content=\"JANOT ARQUIVA A\u00c7\u00c3O DO TSE CONTRA DILMA - Blog do Farn\u00e9sio\" \/>\n<meta property=\"og:description\" content=\"Foto: Lula Marques\/ Fotos P\u00fablicas O procurador-geral da Rep\u00fablica, Rodrigo Janot, concluiu que n\u00e3o h\u00e1 ind\u00edcios de irregularidade na contrata\u00e7\u00e3o da gr\u00e1fica VTPB Servi\u00e7os Gr\u00e1ficos e M\u00eddia Exterior Ltda. pela campanha da presidente Dilma Rousseff (PT), no ano passado. O vice-presidente do Tribunal Superior Eleitoral (TSE), Gilmar Mendes, pediu que o procurador investigasse as contas da campanha da presidente, ao que ele respondeu como &#8220;inconveni\u00eancia&#8221; da Justi\u00e7a Eleitoral e do Minist\u00e9rio P\u00fablico Eleitoral. Segundo Janot, os \u00f3rg\u00e3os querem se tornar &#8220;protagonistas exagerados&#8221; da democracia &#8211; esta deve ter como atores principais candidatos e eleitores. Informa\u00e7\u00f5es do Congresso em Foco apontam que, na an\u00e1lise do pedido, Janot citou ainda a possibilidade de uma &#8220;judicializa\u00e7\u00e3o extremada&#8221; do processo pol\u00edtico eleitoral. As declara\u00e7\u00f5es&hellip;\" \/>\n<meta property=\"og:url\" content=\"https:\/\/blogdofarnesio.com.br\/2015\/08\/janot-arquiva-acao-do-tse-contra-dilma\/\" \/>\n<meta property=\"og:site_name\" content=\"Blog do Farn\u00e9sio\" \/>\n<meta property=\"article:publisher\" content=\"https:\/\/www.facebook.com\/BlogQuerSaberPolitica\/\" \/>\n<meta property=\"article:published_time\" content=\"2015-08-31T11:32:00+00:00\" \/>\n<meta property=\"og:image\" content=\"http:\/\/www.bahianoticias.com.br\/fotos\/principal_noticias\/177975\/xIMAGEM_NOTICIA_5.jpg.pagespeed.ic.93M-xSmdZk.jpg\" \/>\n<meta name=\"author\" content=\"teste\" \/>\n<meta name=\"twitter:card\" content=\"summary_large_image\" \/>\n<meta name=\"twitter:label1\" content=\"Escrito por\" \/>\n\t<meta name=\"twitter:data1\" content=\"teste\" \/>\n\t<meta name=\"twitter:label2\" content=\"Est. tempo de leitura\" \/>\n\t<meta name=\"twitter:data2\" content=\"1 minuto\" \/>\n<script type=\"application\/ld+json\" class=\"yoast-schema-graph\">{\"@context\":\"https:\\\/\\\/schema.org\",\"@graph\":[{\"@type\":\"Article\",\"@id\":\"https:\\\/\\\/blogdofarnesio.com.br\\\/2015\\\/08\\\/janot-arquiva-acao-do-tse-contra-dilma\\\/#article\",\"isPartOf\":{\"@id\":\"https:\\\/\\\/blogdofarnesio.com.br\\\/2015\\\/08\\\/janot-arquiva-acao-do-tse-contra-dilma\\\/\"},\"author\":{\"name\":\"teste\",\"@id\":\"https:\\\/\\\/blogdofarnesio.com.br\\\/#\\\/schema\\\/person\\\/dd1bf5eba40b687199ba45ca6b97dff9\"},\"headline\":\"JANOT ARQUIVA A\u00c7\u00c3O DO TSE CONTRA DILMA\",\"datePublished\":\"2015-08-31T11:32:00+00:00\",\"mainEntityOfPage\":{\"@id\":\"https:\\\/\\\/blogdofarnesio.com.br\\\/2015\\\/08\\\/janot-arquiva-acao-do-tse-contra-dilma\\\/\"},\"wordCount\":198,\"commentCount\":0,\"publisher\":{\"@id\":\"https:\\\/\\\/blogdofarnesio.com.br\\\/#organization\"},\"image\":{\"@id\":\"https:\\\/\\\/blogdofarnesio.com.br\\\/2015\\\/08\\\/janot-arquiva-acao-do-tse-contra-dilma\\\/#primaryimage\"},\"thumbnailUrl\":\"http:\\\/\\\/www.bahianoticias.com.br\\\/fotos\\\/principal_noticias\\\/177975\\\/xIMAGEM_NOTICIA_5.jpg.pagespeed.ic.93M-xSmdZk.jpg\",\"articleSection\":[\"Pol\u00edtica\"],\"inLanguage\":\"pt-BR\",\"potentialAction\":[{\"@type\":\"CommentAction\",\"name\":\"Comment\",\"target\":[\"https:\\\/\\\/blogdofarnesio.com.br\\\/2015\\\/08\\\/janot-arquiva-acao-do-tse-contra-dilma\\\/#respond\"]}]},{\"@type\":\"WebPage\",\"@id\":\"https:\\\/\\\/blogdofarnesio.com.br\\\/2015\\\/08\\\/janot-arquiva-acao-do-tse-contra-dilma\\\/\",\"url\":\"https:\\\/\\\/blogdofarnesio.com.br\\\/2015\\\/08\\\/janot-arquiva-acao-do-tse-contra-dilma\\\/\",\"name\":\"JANOT ARQUIVA A\u00c7\u00c3O DO TSE CONTRA DILMA - Blog do Farn\u00e9sio\",\"isPartOf\":{\"@id\":\"https:\\\/\\\/blogdofarnesio.com.br\\\/#website\"},\"primaryImageOfPage\":{\"@id\":\"https:\\\/\\\/blogdofarnesio.com.br\\\/2015\\\/08\\\/janot-arquiva-acao-do-tse-contra-dilma\\\/#primaryimage\"},\"image\":{\"@id\":\"https:\\\/\\\/blogdofarnesio.com.br\\\/2015\\\/08\\\/janot-arquiva-acao-do-tse-contra-dilma\\\/#primaryimage\"},\"thumbnailUrl\":\"http:\\\/\\\/www.bahianoticias.com.br\\\/fotos\\\/principal_noticias\\\/177975\\\/xIMAGEM_NOTICIA_5.jpg.pagespeed.ic.93M-xSmdZk.jpg\",\"datePublished\":\"2015-08-31T11:32:00+00:00\",\"breadcrumb\":{\"@id\":\"https:\\\/\\\/blogdofarnesio.com.br\\\/2015\\\/08\\\/janot-arquiva-acao-do-tse-contra-dilma\\\/#breadcrumb\"},\"inLanguage\":\"pt-BR\",\"potentialAction\":[{\"@type\":\"ReadAction\",\"target\":[\"https:\\\/\\\/blogdofarnesio.com.br\\\/2015\\\/08\\\/janot-arquiva-acao-do-tse-contra-dilma\\\/\"]}]},{\"@type\":\"ImageObject\",\"inLanguage\":\"pt-BR\",\"@id\":\"https:\\\/\\\/blogdofarnesio.com.br\\\/2015\\\/08\\\/janot-arquiva-acao-do-tse-contra-dilma\\\/#primaryimage\",\"url\":\"http:\\\/\\\/www.bahianoticias.com.br\\\/fotos\\\/principal_noticias\\\/177975\\\/xIMAGEM_NOTICIA_5.jpg.pagespeed.ic.93M-xSmdZk.jpg\",\"contentUrl\":\"http:\\\/\\\/www.bahianoticias.com.br\\\/fotos\\\/principal_noticias\\\/177975\\\/xIMAGEM_NOTICIA_5.jpg.pagespeed.ic.93M-xSmdZk.jpg\"},{\"@type\":\"BreadcrumbList\",\"@id\":\"https:\\\/\\\/blogdofarnesio.com.br\\\/2015\\\/08\\\/janot-arquiva-acao-do-tse-contra-dilma\\\/#breadcrumb\",\"itemListElement\":[{\"@type\":\"ListItem\",\"position\":1,\"name\":\"In\u00edcio\",\"item\":\"https:\\\/\\\/blogdofarnesio.com.br\\\/\"},{\"@type\":\"ListItem\",\"position\":2,\"name\":\"JANOT ARQUIVA A\u00c7\u00c3O DO TSE CONTRA DILMA\"}]},{\"@type\":\"WebSite\",\"@id\":\"https:\\\/\\\/blogdofarnesio.com.br\\\/#website\",\"url\":\"https:\\\/\\\/blogdofarnesio.com.br\\\/\",\"name\":\"Blog do Farn\u00e9sio\",\"description\":\"Quer Saber Pol\u00edtica?\",\"publisher\":{\"@id\":\"https:\\\/\\\/blogdofarnesio.com.br\\\/#organization\"},\"potentialAction\":[{\"@type\":\"SearchAction\",\"target\":{\"@type\":\"EntryPoint\",\"urlTemplate\":\"https:\\\/\\\/blogdofarnesio.com.br\\\/?s={search_term_string}\"},\"query-input\":{\"@type\":\"PropertyValueSpecification\",\"valueRequired\":true,\"valueName\":\"search_term_string\"}}],\"inLanguage\":\"pt-BR\"},{\"@type\":\"Organization\",\"@id\":\"https:\\\/\\\/blogdofarnesio.com.br\\\/#organization\",\"name\":\"Blog do Farn\u00e9sio\",\"url\":\"https:\\\/\\\/blogdofarnesio.com.br\\\/\",\"logo\":{\"@type\":\"ImageObject\",\"inLanguage\":\"pt-BR\",\"@id\":\"https:\\\/\\\/blogdofarnesio.com.br\\\/#\\\/schema\\\/logo\\\/image\\\/\",\"url\":\"https:\\\/\\\/blogdofarnesio.com.br\\\/wp-content\\\/uploads\\\/2026\\\/03\\\/cropped-logo_new-1.png\",\"contentUrl\":\"https:\\\/\\\/blogdofarnesio.com.br\\\/wp-content\\\/uploads\\\/2026\\\/03\\\/cropped-logo_new-1.png\",\"width\":881,\"height\":685,\"caption\":\"Blog do Farn\u00e9sio\"},\"image\":{\"@id\":\"https:\\\/\\\/blogdofarnesio.com.br\\\/#\\\/schema\\\/logo\\\/image\\\/\"},\"sameAs\":[\"https:\\\/\\\/www.facebook.com\\\/BlogQuerSaberPolitica\\\/\"]},{\"@type\":\"Person\",\"@id\":\"https:\\\/\\\/blogdofarnesio.com.br\\\/#\\\/schema\\\/person\\\/dd1bf5eba40b687199ba45ca6b97dff9\",\"name\":\"teste\",\"image\":{\"@type\":\"ImageObject\",\"inLanguage\":\"pt-BR\",\"@id\":\"https:\\\/\\\/secure.gravatar.com\\\/avatar\\\/2172498d4914b51e1d89a0f97957b035ac4938723a5cac208135d389b6972a6d?s=96&d=mm&r=g\",\"url\":\"https:\\\/\\\/secure.gravatar.com\\\/avatar\\\/2172498d4914b51e1d89a0f97957b035ac4938723a5cac208135d389b6972a6d?s=96&d=mm&r=g\",\"contentUrl\":\"https:\\\/\\\/secure.gravatar.com\\\/avatar\\\/2172498d4914b51e1d89a0f97957b035ac4938723a5cac208135d389b6972a6d?s=96&d=mm&r=g\",\"caption\":\"teste\"},\"url\":\"https:\\\/\\\/blogdofarnesio.com.br\\\/author\\\/teste\\\/\"}]}<\/script>\n<!-- \/ Yoast SEO plugin. -->","yoast_head_json":{"title":"JANOT ARQUIVA A\u00c7\u00c3O DO TSE CONTRA DILMA - Blog do Farn\u00e9sio","robots":{"index":"index","follow":"follow","max-snippet":"max-snippet:-1","max-image-preview":"max-image-preview:large","max-video-preview":"max-video-preview:-1"},"canonical":"https:\/\/blogdofarnesio.com.br\/2015\/08\/janot-arquiva-acao-do-tse-contra-dilma\/","og_locale":"pt_BR","og_type":"article","og_title":"JANOT ARQUIVA A\u00c7\u00c3O DO TSE CONTRA DILMA - Blog do Farn\u00e9sio","og_description":"Foto: Lula Marques\/ Fotos P\u00fablicas O procurador-geral da Rep\u00fablica, Rodrigo Janot, concluiu que n\u00e3o h\u00e1 ind\u00edcios de irregularidade na contrata\u00e7\u00e3o da gr\u00e1fica VTPB Servi\u00e7os Gr\u00e1ficos e M\u00eddia Exterior Ltda. pela campanha da presidente Dilma Rousseff (PT), no ano passado. O vice-presidente do Tribunal Superior Eleitoral (TSE), Gilmar Mendes, pediu que o procurador investigasse as contas da campanha da presidente, ao que ele respondeu como &#8220;inconveni\u00eancia&#8221; da Justi\u00e7a Eleitoral e do Minist\u00e9rio P\u00fablico Eleitoral. Segundo Janot, os \u00f3rg\u00e3os querem se tornar &#8220;protagonistas exagerados&#8221; da democracia &#8211; esta deve ter como atores principais candidatos e eleitores. Informa\u00e7\u00f5es do Congresso em Foco apontam que, na an\u00e1lise do pedido, Janot citou ainda a possibilidade de uma &#8220;judicializa\u00e7\u00e3o extremada&#8221; do processo pol\u00edtico eleitoral. As declara\u00e7\u00f5es&hellip;","og_url":"https:\/\/blogdofarnesio.com.br\/2015\/08\/janot-arquiva-acao-do-tse-contra-dilma\/","og_site_name":"Blog do Farn\u00e9sio","article_publisher":"https:\/\/www.facebook.com\/BlogQuerSaberPolitica\/","article_published_time":"2015-08-31T11:32:00+00:00","og_image":[{"url":"http:\/\/www.bahianoticias.com.br\/fotos\/principal_noticias\/177975\/xIMAGEM_NOTICIA_5.jpg.pagespeed.ic.93M-xSmdZk.jpg","type":"","width":"","height":""}],"author":"teste","twitter_card":"summary_large_image","twitter_misc":{"Escrito por":"teste","Est. tempo de leitura":"1 minuto"},"schema":{"@context":"https:\/\/schema.org","@graph":[{"@type":"Article","@id":"https:\/\/blogdofarnesio.com.br\/2015\/08\/janot-arquiva-acao-do-tse-contra-dilma\/#article","isPartOf":{"@id":"https:\/\/blogdofarnesio.com.br\/2015\/08\/janot-arquiva-acao-do-tse-contra-dilma\/"},"author":{"name":"teste","@id":"https:\/\/blogdofarnesio.com.br\/#\/schema\/person\/dd1bf5eba40b687199ba45ca6b97dff9"},"headline":"JANOT ARQUIVA A\u00c7\u00c3O DO TSE CONTRA DILMA","datePublished":"2015-08-31T11:32:00+00:00","mainEntityOfPage":{"@id":"https:\/\/blogdofarnesio.com.br\/2015\/08\/janot-arquiva-acao-do-tse-contra-dilma\/"},"wordCount":198,"commentCount":0,"publisher":{"@id":"https:\/\/blogdofarnesio.com.br\/#organization"},"image":{"@id":"https:\/\/blogdofarnesio.com.br\/2015\/08\/janot-arquiva-acao-do-tse-contra-dilma\/#primaryimage"},"thumbnailUrl":"http:\/\/www.bahianoticias.com.br\/fotos\/principal_noticias\/177975\/xIMAGEM_NOTICIA_5.jpg.pagespeed.ic.93M-xSmdZk.jpg","articleSection":["Pol\u00edtica"],"inLanguage":"pt-BR","potentialAction":[{"@type":"CommentAction","name":"Comment","target":["https:\/\/blogdofarnesio.com.br\/2015\/08\/janot-arquiva-acao-do-tse-contra-dilma\/#respond"]}]},{"@type":"WebPage","@id":"https:\/\/blogdofarnesio.com.br\/2015\/08\/janot-arquiva-acao-do-tse-contra-dilma\/","url":"https:\/\/blogdofarnesio.com.br\/2015\/08\/janot-arquiva-acao-do-tse-contra-dilma\/","name":"JANOT ARQUIVA A\u00c7\u00c3O DO TSE CONTRA DILMA - Blog do Farn\u00e9sio","isPartOf":{"@id":"https:\/\/blogdofarnesio.com.br\/#website"},"primaryImageOfPage":{"@id":"https:\/\/blogdofarnesio.com.br\/2015\/08\/janot-arquiva-acao-do-tse-contra-dilma\/#primaryimage"},"image":{"@id":"https:\/\/blogdofarnesio.com.br\/2015\/08\/janot-arquiva-acao-do-tse-contra-dilma\/#primaryimage"},"thumbnailUrl":"http:\/\/www.bahianoticias.com.br\/fotos\/principal_noticias\/177975\/xIMAGEM_NOTICIA_5.jpg.pagespeed.ic.93M-xSmdZk.jpg","datePublished":"2015-08-31T11:32:00+00:00","breadcrumb":{"@id":"https:\/\/blogdofarnesio.com.br\/2015\/08\/janot-arquiva-acao-do-tse-contra-dilma\/#breadcrumb"},"inLanguage":"pt-BR","potentialAction":[{"@type":"ReadAction","target":["https:\/\/blogdofarnesio.com.br\/2015\/08\/janot-arquiva-acao-do-tse-contra-dilma\/"]}]},{"@type":"ImageObject","inLanguage":"pt-BR","@id":"https:\/\/blogdofarnesio.com.br\/2015\/08\/janot-arquiva-acao-do-tse-contra-dilma\/#primaryimage","url":"http:\/\/www.bahianoticias.com.br\/fotos\/principal_noticias\/177975\/xIMAGEM_NOTICIA_5.jpg.pagespeed.ic.93M-xSmdZk.jpg","contentUrl":"http:\/\/www.bahianoticias.com.br\/fotos\/principal_noticias\/177975\/xIMAGEM_NOTICIA_5.jpg.pagespeed.ic.93M-xSmdZk.jpg"},{"@type":"BreadcrumbList","@id":"https:\/\/blogdofarnesio.com.br\/2015\/08\/janot-arquiva-acao-do-tse-contra-dilma\/#breadcrumb","itemListElement":[{"@type":"ListItem","position":1,"name":"In\u00edcio","item":"https:\/\/blogdofarnesio.com.br\/"},{"@type":"ListItem","position":2,"name":"JANOT ARQUIVA A\u00c7\u00c3O DO TSE CONTRA DILMA"}]},{"@type":"WebSite","@id":"https:\/\/blogdofarnesio.com.br\/#website","url":"https:\/\/blogdofarnesio.com.br\/","name":"Blog do Farn\u00e9sio","description":"Quer Saber Pol\u00edtica?","publisher":{"@id":"https:\/\/blogdofarnesio.com.br\/#organization"},"potentialAction":[{"@type":"SearchAction","target":{"@type":"EntryPoint","urlTemplate":"https:\/\/blogdofarnesio.com.br\/?s={search_term_string}"},"query-input":{"@type":"PropertyValueSpecification","valueRequired":true,"valueName":"search_term_string"}}],"inLanguage":"pt-BR"},{"@type":"Organization","@id":"https:\/\/blogdofarnesio.com.br\/#organization","name":"Blog do Farn\u00e9sio","url":"https:\/\/blogdofarnesio.com.br\/","logo":{"@type":"ImageObject","inLanguage":"pt-BR","@id":"https:\/\/blogdofarnesio.com.br\/#\/schema\/logo\/image\/","url":"https:\/\/blogdofarnesio.com.br\/wp-content\/uploads\/2026\/03\/cropped-logo_new-1.png","contentUrl":"https:\/\/blogdofarnesio.com.br\/wp-content\/uploads\/2026\/03\/cropped-logo_new-1.png","width":881,"height":685,"caption":"Blog do Farn\u00e9sio"},"image":{"@id":"https:\/\/blogdofarnesio.com.br\/#\/schema\/logo\/image\/"},"sameAs":["https:\/\/www.facebook.com\/BlogQuerSaberPolitica\/"]},{"@type":"Person","@id":"https:\/\/blogdofarnesio.com.br\/#\/schema\/person\/dd1bf5eba40b687199ba45ca6b97dff9","name":"teste","image":{"@type":"ImageObject","inLanguage":"pt-BR","@id":"https:\/\/secure.gravatar.com\/avatar\/2172498d4914b51e1d89a0f97957b035ac4938723a5cac208135d389b6972a6d?s=96&d=mm&r=g","url":"https:\/\/secure.gravatar.com\/avatar\/2172498d4914b51e1d89a0f97957b035ac4938723a5cac208135d389b6972a6d?s=96&d=mm&r=g","contentUrl":"https:\/\/secure.gravatar.com\/avatar\/2172498d4914b51e1d89a0f97957b035ac4938723a5cac208135d389b6972a6d?s=96&d=mm&r=g","caption":"teste"},"url":"https:\/\/blogdofarnesio.com.br\/author\/teste\/"}]}},"_links":{"self":[{"href":"https:\/\/blogdofarnesio.com.br\/wp-json\/wp\/v2\/posts\/129123","targetHints":{"allow":["GET"]}}],"collection":[{"href":"https:\/\/blogdofarnesio.com.br\/wp-json\/wp\/v2\/posts"}],"about":[{"href":"https:\/\/blogdofarnesio.com.br\/wp-json\/wp\/v2\/types\/post"}],"author":[{"embeddable":true,"href":"https:\/\/blogdofarnesio.com.br\/wp-json\/wp\/v2\/users\/3"}],"replies":[{"embeddable":true,"href":"https:\/\/blogdofarnesio.com.br\/wp-json\/wp\/v2\/comments?post=129123"}],"version-history":[{"count":0,"href":"https:\/\/blogdofarnesio.com.br\/wp-json\/wp\/v2\/posts\/129123\/revisions"}],"wp:attachment":[{"href":"https:\/\/blogdofarnesio.com.br\/wp-json\/wp\/v2\/media?parent=129123"}],"wp:term":[{"taxonomy":"category","embeddable":true,"href":"https:\/\/blogdofarnesio.com.br\/wp-json\/wp\/v2\/categories?post=129123"},{"taxonomy":"post_tag","embeddable":true,"href":"https:\/\/blogdofarnesio.com.br\/wp-json\/wp\/v2\/tags?post=129123"}],"curies":[{"name":"wp","href":"https:\/\/api.w.org\/{rel}","templated":true}]}}