{"id":127825,"date":"2015-08-05T12:00:26","date_gmt":"2015-08-05T15:00:26","guid":{"rendered":"http:\/\/www.quersaberpolitica.com.br\/?p=127825"},"modified":"2015-08-05T09:51:26","modified_gmt":"2015-08-05T12:51:26","slug":"procuradoria-vopto-sob-efeito-da-lava-jato","status":"publish","type":"post","link":"https:\/\/blogdofarnesio.com.br\/2015\/08\/procuradoria-vopto-sob-efeito-da-lava-jato\/","title":{"rendered":"PROCURADORIA VOPTO SOB EFEITO DA LAVA JATO"},"content":{"rendered":"<div class=\"entry-content\">\n<p style=\"text-align: justify\"><a href=\"http:\/\/www.quersaberpolitica.com.br\/2016\/wp-content\/uploads\/2015\/08\/blogqspprocuradoriaPGR.jpg\"><img loading=\"lazy\" decoding=\"async\" class=\"wp-image-127828 aligncenter\" src=\"http:\/\/www.quersaberpolitica.com.br\/2016\/wp-content\/uploads\/2015\/08\/blogqspprocuradoriaPGR.jpg\" alt=\"blogqspprocuradoriaPGR\" width=\"430\" height=\"323\" \/><\/a>Os 1.240 integrantes do Minist\u00e9rio P\u00fablico Federal v\u00e3o \u00e0s urnas nesta quarta-feira, 5, para escolher quem a categoria indicar\u00e1 ao cargo de procurador-geral da Rep\u00fablica para os pr\u00f3ximos dois anos. Sob press\u00e3o do Senado, que tem 13 de seus membros investigados no \u00e2mbito da Opera\u00e7\u00e3o Lava Jato, o atual chefe do MPF, Rodrigo Janot, tenta a recondu\u00e7\u00e3o em disputa com outros tr\u00eas candidatos \u2013 os subprocuradores Raquel Dodge, Mario Bonsaglia e Carlos Frederico Santos.<\/p>\n<p style=\"text-align: justify\">O mandato de Janot se encerra em 17 de setembro. A elei\u00e7\u00e3o ocorre na semana em que a Lava Jato resultou na pris\u00e3o de um expoente do PT, o ex-ministro Jos\u00e9 Dirceu, e menos de um m\u00eas ap\u00f3s as a\u00e7\u00f5es de busca e apreens\u00e3o de documentos em im\u00f3veis de senadores, deputados, ex-ministros e ex-parlamentares solicitadas pela Procuradoria-Geral da Rep\u00fablica, na Opera\u00e7\u00e3o Politeia.<\/p>\n<p style=\"text-align: justify\">H\u00e1 ainda a expectativa de oferta de den\u00fancia por Janot contra os parlamentares ao Supremo Tribunal Federal. Antes da indica\u00e7\u00e3o do Executivo, os procuradores encaminhar\u00e3o uma lista tr\u00edplice com os nomes mais bem votados pela categoria. Embora n\u00e3o seja obrigat\u00f3rio, desde o in\u00edcio do governo Luiz In\u00e1cio Lula da Silva, o governo indica ao Senado o nome mais votado da lista.<\/p>\n<p style=\"text-align: justify\">A vota\u00e7\u00e3o come\u00e7ou\u00a0\u00e0s 10h e se estende at\u00e9 as 18h30. A Associa\u00e7\u00e3o Nacional dos Procuradores da Rep\u00fablica (ANPR), que organiza a forma\u00e7\u00e3o da lista, espera que o resultado final seja conhecido at\u00e9 as 19h. A ANPR espera, ainda, apresentar nesta semana a lista tr\u00edplice ao Pal\u00e1cio do Planalto.<!--more--><\/p>\n<p style=\"text-align: justify\">Ap\u00f3s a indica\u00e7\u00e3o do Executivo, o presidente do Senado, Renan Calheiros (PMDB-AL), deve submeter o nome indicado pela presidente Dilma Rousseff \u00e0 vota\u00e7\u00e3o na Comiss\u00e3o de Constitui\u00e7\u00e3o e Justi\u00e7a e, em seguida, no plen\u00e1rio da Casa. Ontem, Renan disse que pretende apreciar a indica\u00e7\u00e3o assim que ela chegar ao Senado.<\/p>\n<p class=\"assinatura_exclusiva\" style=\"text-align: justify\">Estad\u00e3o Conte\u00fado<\/p>\n<\/div>\n<p>&nbsp;<\/p>\n","protected":false},"excerpt":{"rendered":"<p>Os 1.240 integrantes do Minist\u00e9rio P\u00fablico Federal v\u00e3o \u00e0s urnas nesta quarta-feira, 5, para escolher quem a categoria indicar\u00e1 ao cargo de procurador-geral da Rep\u00fablica para os pr\u00f3ximos dois anos. Sob press\u00e3o do Senado, que tem 13 de seus membros investigados no \u00e2mbito da Opera\u00e7\u00e3o Lava Jato, o atual chefe do MPF, Rodrigo Janot, tenta a recondu\u00e7\u00e3o em disputa com outros tr\u00eas candidatos \u2013 os subprocuradores Raquel Dodge, Mario Bonsaglia e Carlos Frederico Santos. O mandato de Janot se encerra em 17 de setembro. A elei\u00e7\u00e3o ocorre na semana em que a Lava Jato resultou na pris\u00e3o de um expoente do PT, o ex-ministro Jos\u00e9 Dirceu, e menos de um m\u00eas ap\u00f3s as a\u00e7\u00f5es de busca e apreens\u00e3o de documentos&hellip; <\/p>\n","protected":false},"author":3,"featured_media":0,"comment_status":"open","ping_status":"open","sticky":false,"template":"","format":"standard","meta":{"_acf_changed":false,"footnotes":""},"categories":[23],"tags":[],"class_list":["post-127825","post","type-post","status-publish","format-standard","hentry","category-justica"],"acf":[],"yoast_head":"<!-- This site is optimized with the Yoast SEO plugin v27.5 - https:\/\/yoast.com\/product\/yoast-seo-wordpress\/ -->\n<title>PROCURADORIA VOPTO SOB EFEITO DA LAVA JATO - Blog do Farn\u00e9sio<\/title>\n<meta name=\"robots\" content=\"index, follow, max-snippet:-1, max-image-preview:large, max-video-preview:-1\" \/>\n<link rel=\"canonical\" href=\"https:\/\/blogdofarnesio.com.br\/2015\/08\/procuradoria-vopto-sob-efeito-da-lava-jato\/\" \/>\n<meta property=\"og:locale\" content=\"pt_BR\" \/>\n<meta property=\"og:type\" content=\"article\" \/>\n<meta property=\"og:title\" content=\"PROCURADORIA VOPTO SOB EFEITO DA LAVA JATO - Blog do Farn\u00e9sio\" \/>\n<meta property=\"og:description\" content=\"Os 1.240 integrantes do Minist\u00e9rio P\u00fablico Federal v\u00e3o \u00e0s urnas nesta quarta-feira, 5, para escolher quem a categoria indicar\u00e1 ao cargo de procurador-geral da Rep\u00fablica para os pr\u00f3ximos dois anos. Sob press\u00e3o do Senado, que tem 13 de seus membros investigados no \u00e2mbito da Opera\u00e7\u00e3o Lava Jato, o atual chefe do MPF, Rodrigo Janot, tenta a recondu\u00e7\u00e3o em disputa com outros tr\u00eas candidatos \u2013 os subprocuradores Raquel Dodge, Mario Bonsaglia e Carlos Frederico Santos. O mandato de Janot se encerra em 17 de setembro. A elei\u00e7\u00e3o ocorre na semana em que a Lava Jato resultou na pris\u00e3o de um expoente do PT, o ex-ministro Jos\u00e9 Dirceu, e menos de um m\u00eas ap\u00f3s as a\u00e7\u00f5es de busca e apreens\u00e3o de documentos&hellip;\" \/>\n<meta property=\"og:url\" content=\"https:\/\/blogdofarnesio.com.br\/2015\/08\/procuradoria-vopto-sob-efeito-da-lava-jato\/\" \/>\n<meta property=\"og:site_name\" content=\"Blog do Farn\u00e9sio\" \/>\n<meta property=\"article:publisher\" content=\"https:\/\/www.facebook.com\/BlogQuerSaberPolitica\/\" \/>\n<meta property=\"article:published_time\" content=\"2015-08-05T15:00:26+00:00\" \/>\n<meta property=\"og:image\" content=\"http:\/\/www.quersaberpolitica.com.br\/2016\/wp-content\/uploads\/2015\/08\/blogqspprocuradoriaPGR.jpg\" \/>\n<meta name=\"author\" content=\"teste\" \/>\n<meta name=\"twitter:card\" content=\"summary_large_image\" \/>\n<meta name=\"twitter:label1\" content=\"Escrito por\" \/>\n\t<meta name=\"twitter:data1\" content=\"teste\" \/>\n\t<meta name=\"twitter:label2\" content=\"Est. tempo de leitura\" \/>\n\t<meta name=\"twitter:data2\" content=\"2 minutos\" \/>\n<script type=\"application\/ld+json\" class=\"yoast-schema-graph\">{\"@context\":\"https:\\\/\\\/schema.org\",\"@graph\":[{\"@type\":\"Article\",\"@id\":\"https:\\\/\\\/blogdofarnesio.com.br\\\/2015\\\/08\\\/procuradoria-vopto-sob-efeito-da-lava-jato\\\/#article\",\"isPartOf\":{\"@id\":\"https:\\\/\\\/blogdofarnesio.com.br\\\/2015\\\/08\\\/procuradoria-vopto-sob-efeito-da-lava-jato\\\/\"},\"author\":{\"name\":\"teste\",\"@id\":\"https:\\\/\\\/blogdofarnesio.com.br\\\/#\\\/schema\\\/person\\\/dd1bf5eba40b687199ba45ca6b97dff9\"},\"headline\":\"PROCURADORIA VOPTO SOB EFEITO DA LAVA JATO\",\"datePublished\":\"2015-08-05T15:00:26+00:00\",\"mainEntityOfPage\":{\"@id\":\"https:\\\/\\\/blogdofarnesio.com.br\\\/2015\\\/08\\\/procuradoria-vopto-sob-efeito-da-lava-jato\\\/\"},\"wordCount\":343,\"commentCount\":0,\"publisher\":{\"@id\":\"https:\\\/\\\/blogdofarnesio.com.br\\\/#organization\"},\"image\":{\"@id\":\"https:\\\/\\\/blogdofarnesio.com.br\\\/2015\\\/08\\\/procuradoria-vopto-sob-efeito-da-lava-jato\\\/#primaryimage\"},\"thumbnailUrl\":\"http:\\\/\\\/www.quersaberpolitica.com.br\\\/2016\\\/wp-content\\\/uploads\\\/2015\\\/08\\\/blogqspprocuradoriaPGR.jpg\",\"articleSection\":[\"Justi\u00e7a\"],\"inLanguage\":\"pt-BR\",\"potentialAction\":[{\"@type\":\"CommentAction\",\"name\":\"Comment\",\"target\":[\"https:\\\/\\\/blogdofarnesio.com.br\\\/2015\\\/08\\\/procuradoria-vopto-sob-efeito-da-lava-jato\\\/#respond\"]}]},{\"@type\":\"WebPage\",\"@id\":\"https:\\\/\\\/blogdofarnesio.com.br\\\/2015\\\/08\\\/procuradoria-vopto-sob-efeito-da-lava-jato\\\/\",\"url\":\"https:\\\/\\\/blogdofarnesio.com.br\\\/2015\\\/08\\\/procuradoria-vopto-sob-efeito-da-lava-jato\\\/\",\"name\":\"PROCURADORIA VOPTO SOB EFEITO DA LAVA JATO - Blog do Farn\u00e9sio\",\"isPartOf\":{\"@id\":\"https:\\\/\\\/blogdofarnesio.com.br\\\/#website\"},\"primaryImageOfPage\":{\"@id\":\"https:\\\/\\\/blogdofarnesio.com.br\\\/2015\\\/08\\\/procuradoria-vopto-sob-efeito-da-lava-jato\\\/#primaryimage\"},\"image\":{\"@id\":\"https:\\\/\\\/blogdofarnesio.com.br\\\/2015\\\/08\\\/procuradoria-vopto-sob-efeito-da-lava-jato\\\/#primaryimage\"},\"thumbnailUrl\":\"http:\\\/\\\/www.quersaberpolitica.com.br\\\/2016\\\/wp-content\\\/uploads\\\/2015\\\/08\\\/blogqspprocuradoriaPGR.jpg\",\"datePublished\":\"2015-08-05T15:00:26+00:00\",\"breadcrumb\":{\"@id\":\"https:\\\/\\\/blogdofarnesio.com.br\\\/2015\\\/08\\\/procuradoria-vopto-sob-efeito-da-lava-jato\\\/#breadcrumb\"},\"inLanguage\":\"pt-BR\",\"potentialAction\":[{\"@type\":\"ReadAction\",\"target\":[\"https:\\\/\\\/blogdofarnesio.com.br\\\/2015\\\/08\\\/procuradoria-vopto-sob-efeito-da-lava-jato\\\/\"]}]},{\"@type\":\"ImageObject\",\"inLanguage\":\"pt-BR\",\"@id\":\"https:\\\/\\\/blogdofarnesio.com.br\\\/2015\\\/08\\\/procuradoria-vopto-sob-efeito-da-lava-jato\\\/#primaryimage\",\"url\":\"http:\\\/\\\/www.quersaberpolitica.com.br\\\/2016\\\/wp-content\\\/uploads\\\/2015\\\/08\\\/blogqspprocuradoriaPGR.jpg\",\"contentUrl\":\"http:\\\/\\\/www.quersaberpolitica.com.br\\\/2016\\\/wp-content\\\/uploads\\\/2015\\\/08\\\/blogqspprocuradoriaPGR.jpg\"},{\"@type\":\"BreadcrumbList\",\"@id\":\"https:\\\/\\\/blogdofarnesio.com.br\\\/2015\\\/08\\\/procuradoria-vopto-sob-efeito-da-lava-jato\\\/#breadcrumb\",\"itemListElement\":[{\"@type\":\"ListItem\",\"position\":1,\"name\":\"In\u00edcio\",\"item\":\"https:\\\/\\\/blogdofarnesio.com.br\\\/\"},{\"@type\":\"ListItem\",\"position\":2,\"name\":\"PROCURADORIA VOPTO SOB EFEITO DA LAVA JATO\"}]},{\"@type\":\"WebSite\",\"@id\":\"https:\\\/\\\/blogdofarnesio.com.br\\\/#website\",\"url\":\"https:\\\/\\\/blogdofarnesio.com.br\\\/\",\"name\":\"Blog do Farn\u00e9sio\",\"description\":\"Quer Saber Pol\u00edtica?\",\"publisher\":{\"@id\":\"https:\\\/\\\/blogdofarnesio.com.br\\\/#organization\"},\"potentialAction\":[{\"@type\":\"SearchAction\",\"target\":{\"@type\":\"EntryPoint\",\"urlTemplate\":\"https:\\\/\\\/blogdofarnesio.com.br\\\/?s={search_term_string}\"},\"query-input\":{\"@type\":\"PropertyValueSpecification\",\"valueRequired\":true,\"valueName\":\"search_term_string\"}}],\"inLanguage\":\"pt-BR\"},{\"@type\":\"Organization\",\"@id\":\"https:\\\/\\\/blogdofarnesio.com.br\\\/#organization\",\"name\":\"Blog do Farn\u00e9sio\",\"url\":\"https:\\\/\\\/blogdofarnesio.com.br\\\/\",\"logo\":{\"@type\":\"ImageObject\",\"inLanguage\":\"pt-BR\",\"@id\":\"https:\\\/\\\/blogdofarnesio.com.br\\\/#\\\/schema\\\/logo\\\/image\\\/\",\"url\":\"https:\\\/\\\/blogdofarnesio.com.br\\\/wp-content\\\/uploads\\\/2026\\\/03\\\/cropped-logo_new-1.png\",\"contentUrl\":\"https:\\\/\\\/blogdofarnesio.com.br\\\/wp-content\\\/uploads\\\/2026\\\/03\\\/cropped-logo_new-1.png\",\"width\":881,\"height\":685,\"caption\":\"Blog do Farn\u00e9sio\"},\"image\":{\"@id\":\"https:\\\/\\\/blogdofarnesio.com.br\\\/#\\\/schema\\\/logo\\\/image\\\/\"},\"sameAs\":[\"https:\\\/\\\/www.facebook.com\\\/BlogQuerSaberPolitica\\\/\"]},{\"@type\":\"Person\",\"@id\":\"https:\\\/\\\/blogdofarnesio.com.br\\\/#\\\/schema\\\/person\\\/dd1bf5eba40b687199ba45ca6b97dff9\",\"name\":\"teste\",\"image\":{\"@type\":\"ImageObject\",\"inLanguage\":\"pt-BR\",\"@id\":\"https:\\\/\\\/secure.gravatar.com\\\/avatar\\\/2172498d4914b51e1d89a0f97957b035ac4938723a5cac208135d389b6972a6d?s=96&d=mm&r=g\",\"url\":\"https:\\\/\\\/secure.gravatar.com\\\/avatar\\\/2172498d4914b51e1d89a0f97957b035ac4938723a5cac208135d389b6972a6d?s=96&d=mm&r=g\",\"contentUrl\":\"https:\\\/\\\/secure.gravatar.com\\\/avatar\\\/2172498d4914b51e1d89a0f97957b035ac4938723a5cac208135d389b6972a6d?s=96&d=mm&r=g\",\"caption\":\"teste\"},\"url\":\"https:\\\/\\\/blogdofarnesio.com.br\\\/author\\\/teste\\\/\"}]}<\/script>\n<!-- \/ Yoast SEO plugin. -->","yoast_head_json":{"title":"PROCURADORIA VOPTO SOB EFEITO DA LAVA JATO - Blog do Farn\u00e9sio","robots":{"index":"index","follow":"follow","max-snippet":"max-snippet:-1","max-image-preview":"max-image-preview:large","max-video-preview":"max-video-preview:-1"},"canonical":"https:\/\/blogdofarnesio.com.br\/2015\/08\/procuradoria-vopto-sob-efeito-da-lava-jato\/","og_locale":"pt_BR","og_type":"article","og_title":"PROCURADORIA VOPTO SOB EFEITO DA LAVA JATO - Blog do Farn\u00e9sio","og_description":"Os 1.240 integrantes do Minist\u00e9rio P\u00fablico Federal v\u00e3o \u00e0s urnas nesta quarta-feira, 5, para escolher quem a categoria indicar\u00e1 ao cargo de procurador-geral da Rep\u00fablica para os pr\u00f3ximos dois anos. Sob press\u00e3o do Senado, que tem 13 de seus membros investigados no \u00e2mbito da Opera\u00e7\u00e3o Lava Jato, o atual chefe do MPF, Rodrigo Janot, tenta a recondu\u00e7\u00e3o em disputa com outros tr\u00eas candidatos \u2013 os subprocuradores Raquel Dodge, Mario Bonsaglia e Carlos Frederico Santos. O mandato de Janot se encerra em 17 de setembro. A elei\u00e7\u00e3o ocorre na semana em que a Lava Jato resultou na pris\u00e3o de um expoente do PT, o ex-ministro Jos\u00e9 Dirceu, e menos de um m\u00eas ap\u00f3s as a\u00e7\u00f5es de busca e apreens\u00e3o de documentos&hellip;","og_url":"https:\/\/blogdofarnesio.com.br\/2015\/08\/procuradoria-vopto-sob-efeito-da-lava-jato\/","og_site_name":"Blog do Farn\u00e9sio","article_publisher":"https:\/\/www.facebook.com\/BlogQuerSaberPolitica\/","article_published_time":"2015-08-05T15:00:26+00:00","og_image":[{"url":"http:\/\/www.quersaberpolitica.com.br\/2016\/wp-content\/uploads\/2015\/08\/blogqspprocuradoriaPGR.jpg","type":"","width":"","height":""}],"author":"teste","twitter_card":"summary_large_image","twitter_misc":{"Escrito por":"teste","Est. tempo de leitura":"2 minutos"},"schema":{"@context":"https:\/\/schema.org","@graph":[{"@type":"Article","@id":"https:\/\/blogdofarnesio.com.br\/2015\/08\/procuradoria-vopto-sob-efeito-da-lava-jato\/#article","isPartOf":{"@id":"https:\/\/blogdofarnesio.com.br\/2015\/08\/procuradoria-vopto-sob-efeito-da-lava-jato\/"},"author":{"name":"teste","@id":"https:\/\/blogdofarnesio.com.br\/#\/schema\/person\/dd1bf5eba40b687199ba45ca6b97dff9"},"headline":"PROCURADORIA VOPTO SOB EFEITO DA LAVA JATO","datePublished":"2015-08-05T15:00:26+00:00","mainEntityOfPage":{"@id":"https:\/\/blogdofarnesio.com.br\/2015\/08\/procuradoria-vopto-sob-efeito-da-lava-jato\/"},"wordCount":343,"commentCount":0,"publisher":{"@id":"https:\/\/blogdofarnesio.com.br\/#organization"},"image":{"@id":"https:\/\/blogdofarnesio.com.br\/2015\/08\/procuradoria-vopto-sob-efeito-da-lava-jato\/#primaryimage"},"thumbnailUrl":"http:\/\/www.quersaberpolitica.com.br\/2016\/wp-content\/uploads\/2015\/08\/blogqspprocuradoriaPGR.jpg","articleSection":["Justi\u00e7a"],"inLanguage":"pt-BR","potentialAction":[{"@type":"CommentAction","name":"Comment","target":["https:\/\/blogdofarnesio.com.br\/2015\/08\/procuradoria-vopto-sob-efeito-da-lava-jato\/#respond"]}]},{"@type":"WebPage","@id":"https:\/\/blogdofarnesio.com.br\/2015\/08\/procuradoria-vopto-sob-efeito-da-lava-jato\/","url":"https:\/\/blogdofarnesio.com.br\/2015\/08\/procuradoria-vopto-sob-efeito-da-lava-jato\/","name":"PROCURADORIA VOPTO SOB EFEITO DA LAVA JATO - Blog do Farn\u00e9sio","isPartOf":{"@id":"https:\/\/blogdofarnesio.com.br\/#website"},"primaryImageOfPage":{"@id":"https:\/\/blogdofarnesio.com.br\/2015\/08\/procuradoria-vopto-sob-efeito-da-lava-jato\/#primaryimage"},"image":{"@id":"https:\/\/blogdofarnesio.com.br\/2015\/08\/procuradoria-vopto-sob-efeito-da-lava-jato\/#primaryimage"},"thumbnailUrl":"http:\/\/www.quersaberpolitica.com.br\/2016\/wp-content\/uploads\/2015\/08\/blogqspprocuradoriaPGR.jpg","datePublished":"2015-08-05T15:00:26+00:00","breadcrumb":{"@id":"https:\/\/blogdofarnesio.com.br\/2015\/08\/procuradoria-vopto-sob-efeito-da-lava-jato\/#breadcrumb"},"inLanguage":"pt-BR","potentialAction":[{"@type":"ReadAction","target":["https:\/\/blogdofarnesio.com.br\/2015\/08\/procuradoria-vopto-sob-efeito-da-lava-jato\/"]}]},{"@type":"ImageObject","inLanguage":"pt-BR","@id":"https:\/\/blogdofarnesio.com.br\/2015\/08\/procuradoria-vopto-sob-efeito-da-lava-jato\/#primaryimage","url":"http:\/\/www.quersaberpolitica.com.br\/2016\/wp-content\/uploads\/2015\/08\/blogqspprocuradoriaPGR.jpg","contentUrl":"http:\/\/www.quersaberpolitica.com.br\/2016\/wp-content\/uploads\/2015\/08\/blogqspprocuradoriaPGR.jpg"},{"@type":"BreadcrumbList","@id":"https:\/\/blogdofarnesio.com.br\/2015\/08\/procuradoria-vopto-sob-efeito-da-lava-jato\/#breadcrumb","itemListElement":[{"@type":"ListItem","position":1,"name":"In\u00edcio","item":"https:\/\/blogdofarnesio.com.br\/"},{"@type":"ListItem","position":2,"name":"PROCURADORIA VOPTO SOB EFEITO DA LAVA JATO"}]},{"@type":"WebSite","@id":"https:\/\/blogdofarnesio.com.br\/#website","url":"https:\/\/blogdofarnesio.com.br\/","name":"Blog do Farn\u00e9sio","description":"Quer Saber Pol\u00edtica?","publisher":{"@id":"https:\/\/blogdofarnesio.com.br\/#organization"},"potentialAction":[{"@type":"SearchAction","target":{"@type":"EntryPoint","urlTemplate":"https:\/\/blogdofarnesio.com.br\/?s={search_term_string}"},"query-input":{"@type":"PropertyValueSpecification","valueRequired":true,"valueName":"search_term_string"}}],"inLanguage":"pt-BR"},{"@type":"Organization","@id":"https:\/\/blogdofarnesio.com.br\/#organization","name":"Blog do Farn\u00e9sio","url":"https:\/\/blogdofarnesio.com.br\/","logo":{"@type":"ImageObject","inLanguage":"pt-BR","@id":"https:\/\/blogdofarnesio.com.br\/#\/schema\/logo\/image\/","url":"https:\/\/blogdofarnesio.com.br\/wp-content\/uploads\/2026\/03\/cropped-logo_new-1.png","contentUrl":"https:\/\/blogdofarnesio.com.br\/wp-content\/uploads\/2026\/03\/cropped-logo_new-1.png","width":881,"height":685,"caption":"Blog do Farn\u00e9sio"},"image":{"@id":"https:\/\/blogdofarnesio.com.br\/#\/schema\/logo\/image\/"},"sameAs":["https:\/\/www.facebook.com\/BlogQuerSaberPolitica\/"]},{"@type":"Person","@id":"https:\/\/blogdofarnesio.com.br\/#\/schema\/person\/dd1bf5eba40b687199ba45ca6b97dff9","name":"teste","image":{"@type":"ImageObject","inLanguage":"pt-BR","@id":"https:\/\/secure.gravatar.com\/avatar\/2172498d4914b51e1d89a0f97957b035ac4938723a5cac208135d389b6972a6d?s=96&d=mm&r=g","url":"https:\/\/secure.gravatar.com\/avatar\/2172498d4914b51e1d89a0f97957b035ac4938723a5cac208135d389b6972a6d?s=96&d=mm&r=g","contentUrl":"https:\/\/secure.gravatar.com\/avatar\/2172498d4914b51e1d89a0f97957b035ac4938723a5cac208135d389b6972a6d?s=96&d=mm&r=g","caption":"teste"},"url":"https:\/\/blogdofarnesio.com.br\/author\/teste\/"}]}},"_links":{"self":[{"href":"https:\/\/blogdofarnesio.com.br\/wp-json\/wp\/v2\/posts\/127825","targetHints":{"allow":["GET"]}}],"collection":[{"href":"https:\/\/blogdofarnesio.com.br\/wp-json\/wp\/v2\/posts"}],"about":[{"href":"https:\/\/blogdofarnesio.com.br\/wp-json\/wp\/v2\/types\/post"}],"author":[{"embeddable":true,"href":"https:\/\/blogdofarnesio.com.br\/wp-json\/wp\/v2\/users\/3"}],"replies":[{"embeddable":true,"href":"https:\/\/blogdofarnesio.com.br\/wp-json\/wp\/v2\/comments?post=127825"}],"version-history":[{"count":0,"href":"https:\/\/blogdofarnesio.com.br\/wp-json\/wp\/v2\/posts\/127825\/revisions"}],"wp:attachment":[{"href":"https:\/\/blogdofarnesio.com.br\/wp-json\/wp\/v2\/media?parent=127825"}],"wp:term":[{"taxonomy":"category","embeddable":true,"href":"https:\/\/blogdofarnesio.com.br\/wp-json\/wp\/v2\/categories?post=127825"},{"taxonomy":"post_tag","embeddable":true,"href":"https:\/\/blogdofarnesio.com.br\/wp-json\/wp\/v2\/tags?post=127825"}],"curies":[{"name":"wp","href":"https:\/\/api.w.org\/{rel}","templated":true}]}}