{"id":127394,"date":"2015-07-28T11:30:24","date_gmt":"2015-07-28T14:30:24","guid":{"rendered":"http:\/\/www.quersaberpolitica.com.br\/?p=127394"},"modified":"2015-07-28T09:59:25","modified_gmt":"2015-07-28T12:59:25","slug":"com-atracao-nacional-festa-de-santana-do-sobrado-movimentou-uma-multidao-nesse-final-de-semana","status":"publish","type":"post","link":"https:\/\/blogdofarnesio.com.br\/?p=127394","title":{"rendered":"COM ATRA\u00c7\u00c3O NACIONAL, FESTA DE SANTANA DO SOBRADO MOVIMENTOU UMA MULTID\u00c3O NESSE FINAL DE SEMANA"},"content":{"rendered":"<div style=\"text-align: justify\"><a href=\"http:\/\/www.quersaberpolitica.com.br\/2016\/wp-content\/uploads\/2015\/07\/blogqsp-Festa-Santana-Rei-da-Cacimbinha.jpg\"><img loading=\"lazy\" decoding=\"async\" class=\" size-medium wp-image-127395 aligncenter\" src=\"http:\/\/www.quersaberpolitica.com.br\/2016\/wp-content\/uploads\/2015\/07\/blogqsp-Festa-Santana-Rei-da-Cacimbinha-300x183.jpg\" alt=\"blogqsp-Festa Santana-Rei da Cacimbinha\" width=\"300\" height=\"183\" srcset=\"https:\/\/blogdofarnesio.com.br\/wp-content\/uploads\/2015\/07\/blogqsp-Festa-Santana-Rei-da-Cacimbinha-300x183.jpg 300w, https:\/\/blogdofarnesio.com.br\/wp-content\/uploads\/2015\/07\/blogqsp-Festa-Santana-Rei-da-Cacimbinha.jpg 448w\" sizes=\"auto, (max-width: 300px) 100vw, 300px\" \/><\/a><\/div>\n<div style=\"text-align: justify\"><\/div>\n<div style=\"text-align: justify\">O P\u00e1tio da Feira Livre do distrito de Santana do Sobrado ficou lotado nesse \u00faltimo final de semana. Moradores da localidade e visitantes celebraram a Festa profana em homenagem a Padroeira do maior distrito de Casa Nova.<\/div>\n<div style=\"text-align: justify\"><\/div>\n<div style=\"text-align: justify\">Segundo a organiza\u00e7\u00e3o do evento, mais de 12 mil pessoas passaram pelo circuito e curtiram Del Feliz, Ney Alves, Zeca de Zefa, Brasas do Forr\u00f3 e bandas locais. &#8220;Foi uma excelente festa. Tudo muito bem organizado, boas atra\u00e7\u00f5es, seguran\u00e7a nota 10, n\u00e3o houve viol\u00eancia. \u00a0Quero parabenizar a prefeitura&#8221; comenta Aline Bispo, moradora da cidade de Juazeiro, Bahia, que visitava o distrito.<\/div>\n<div style=\"text-align: justify\"><\/div>\n<p><!--more--><\/p>\n<div style=\"text-align: justify\"><\/div>\n<div style=\"text-align: justify\">\u00a0Para o comerciante Fl\u00e1vio Can\u00e1rio, a festa foi uma oportunidade de ajudar no or\u00e7amento. &#8220;A qualidade da organiza\u00e7\u00e3o da festa, a grande estrutura e as bandas de renome nacional colaboraram para o sucesso de p\u00fablico e, claro, para os ambulantes que venderam sua mercadoria. (&#8230;) O dinheiro que ganhamos aqui vai ajudar nas despesas de casa este m\u00eas&#8221;, relata.<\/div>\n<div style=\"text-align: justify\"><\/div>\n<div style=\"text-align: justify\">\u00a0O ponto alto da festa foi \u00e0 apresenta\u00e7\u00e3o da banda do Rei da Cacimbinha no domingo, 26. Com os hits &#8220;Pop 100&#8221; e a &#8220;Muri\u00e7oca, uma multid\u00e3o prestigiou o cantor John Falc\u00e3o, de 26 anos, que \u00e9 sucesso nacional.&#8221; Foi uma boa escolha. A prefeitura prestigiou Santana com uma atra\u00e7\u00e3o nacional e de boa qualidade. Em minha opini\u00e3o foi a melhor festa realizada aqui&#8221;, pontua Maria C\u00e9lia, moradora da localidade.<\/div>\n<div style=\"text-align: justify\"><\/div>\n<div style=\"text-align: justify\">De acordo com a cr\u00edtica nacional, a banda &#8216;faz um sucesso estrondoso. (&#8230;) \u00c9 a atual sensa\u00e7\u00e3o, onde lota casas de shows com multid\u00f5es que cantam e dan\u00e7am seus hits. Nas r\u00e1dios, suas duas m\u00fasicas s\u00e3o as mais pedidas pelo p\u00fablico, que tamb\u00e9m executam sem cessar pelas ruas das cidades.&#8217;<\/div>\n","protected":false},"excerpt":{"rendered":"<p>O P\u00e1tio da Feira Livre do distrito de Santana do Sobrado ficou lotado nesse \u00faltimo final de semana. Moradores da localidade e visitantes celebraram a Festa profana em homenagem a Padroeira do maior distrito de Casa Nova. Segundo a organiza\u00e7\u00e3o do evento, mais de 12 mil pessoas passaram pelo circuito e curtiram Del Feliz, Ney Alves, Zeca de Zefa, Brasas do Forr\u00f3 e bandas locais. &#8220;Foi uma excelente festa. Tudo muito bem organizado, boas atra\u00e7\u00f5es, seguran\u00e7a nota 10, n\u00e3o houve viol\u00eancia. \u00a0Quero parabenizar a prefeitura&#8221; comenta Aline Bispo, moradora da cidade de Juazeiro, Bahia, que visitava o distrito.<\/p>\n","protected":false},"author":7,"featured_media":0,"comment_status":"open","ping_status":"open","sticky":false,"template":"","format":"standard","meta":{"_acf_changed":false,"footnotes":""},"categories":[32,10],"tags":[],"class_list":["post-127394","post","type-post","status-publish","format-standard","hentry","category-costumes","category-cultura"],"acf":[],"yoast_head":"<!-- This site is optimized with the Yoast SEO plugin v27.4 - https:\/\/yoast.com\/product\/yoast-seo-wordpress\/ -->\n<title>COM ATRA\u00c7\u00c3O NACIONAL, FESTA DE SANTANA DO SOBRADO MOVIMENTOU UMA MULTID\u00c3O NESSE FINAL DE SEMANA - Blog do Farn\u00e9sio<\/title>\n<meta name=\"robots\" content=\"index, follow, max-snippet:-1, max-image-preview:large, max-video-preview:-1\" \/>\n<link rel=\"canonical\" href=\"https:\/\/blogdofarnesio.com.br\/?p=127394\" \/>\n<meta property=\"og:locale\" content=\"pt_BR\" \/>\n<meta property=\"og:type\" content=\"article\" \/>\n<meta property=\"og:title\" content=\"COM ATRA\u00c7\u00c3O NACIONAL, FESTA DE SANTANA DO SOBRADO MOVIMENTOU UMA MULTID\u00c3O NESSE FINAL DE SEMANA - Blog do Farn\u00e9sio\" \/>\n<meta property=\"og:description\" content=\"O P\u00e1tio da Feira Livre do distrito de Santana do Sobrado ficou lotado nesse \u00faltimo final de semana. Moradores da localidade e visitantes celebraram a Festa profana em homenagem a Padroeira do maior distrito de Casa Nova. Segundo a organiza\u00e7\u00e3o do evento, mais de 12 mil pessoas passaram pelo circuito e curtiram Del Feliz, Ney Alves, Zeca de Zefa, Brasas do Forr\u00f3 e bandas locais. &#8220;Foi uma excelente festa. Tudo muito bem organizado, boas atra\u00e7\u00f5es, seguran\u00e7a nota 10, n\u00e3o houve viol\u00eancia. \u00a0Quero parabenizar a prefeitura&#8221; comenta Aline Bispo, moradora da cidade de Juazeiro, Bahia, que visitava o distrito.\" \/>\n<meta property=\"og:url\" content=\"https:\/\/blogdofarnesio.com.br\/?p=127394\" \/>\n<meta property=\"og:site_name\" content=\"Blog do Farn\u00e9sio\" \/>\n<meta property=\"article:publisher\" content=\"https:\/\/www.facebook.com\/BlogQuerSaberPolitica\/\" \/>\n<meta property=\"article:published_time\" content=\"2015-07-28T14:30:24+00:00\" \/>\n<meta property=\"og:image\" content=\"http:\/\/www.quersaberpolitica.com.br\/2016\/wp-content\/uploads\/2015\/07\/blogqsp-Festa-Santana-Rei-da-Cacimbinha-300x183.jpg\" \/>\n<meta name=\"twitter:card\" content=\"summary_large_image\" \/>\n<meta name=\"twitter:label1\" content=\"Escrito por\" \/>\n\t<meta name=\"twitter:data1\" content=\"\" \/>\n\t<meta name=\"twitter:label2\" content=\"Est. tempo de leitura\" \/>\n\t<meta name=\"twitter:data2\" content=\"1 minuto\" \/>\n<script type=\"application\/ld+json\" class=\"yoast-schema-graph\">{\"@context\":\"https:\\\/\\\/schema.org\",\"@graph\":[{\"@type\":\"Article\",\"@id\":\"https:\\\/\\\/blogdofarnesio.com.br\\\/?p=127394#article\",\"isPartOf\":{\"@id\":\"https:\\\/\\\/blogdofarnesio.com.br\\\/?p=127394\"},\"author\":{\"name\":\"\",\"@id\":\"\"},\"headline\":\"COM ATRA\u00c7\u00c3O NACIONAL, FESTA DE SANTANA DO SOBRADO MOVIMENTOU UMA MULTID\u00c3O NESSE FINAL DE SEMANA\",\"datePublished\":\"2015-07-28T14:30:24+00:00\",\"mainEntityOfPage\":{\"@id\":\"https:\\\/\\\/blogdofarnesio.com.br\\\/?p=127394\"},\"wordCount\":312,\"commentCount\":0,\"publisher\":{\"@id\":\"https:\\\/\\\/blogdofarnesio.com.br\\\/#organization\"},\"image\":{\"@id\":\"https:\\\/\\\/blogdofarnesio.com.br\\\/?p=127394#primaryimage\"},\"thumbnailUrl\":\"http:\\\/\\\/www.quersaberpolitica.com.br\\\/2016\\\/wp-content\\\/uploads\\\/2015\\\/07\\\/blogqsp-Festa-Santana-Rei-da-Cacimbinha-300x183.jpg\",\"articleSection\":[\"Costumes\",\"Cultura\"],\"inLanguage\":\"pt-BR\",\"potentialAction\":[{\"@type\":\"CommentAction\",\"name\":\"Comment\",\"target\":[\"https:\\\/\\\/blogdofarnesio.com.br\\\/?p=127394#respond\"]}]},{\"@type\":\"WebPage\",\"@id\":\"https:\\\/\\\/blogdofarnesio.com.br\\\/?p=127394\",\"url\":\"https:\\\/\\\/blogdofarnesio.com.br\\\/?p=127394\",\"name\":\"COM ATRA\u00c7\u00c3O NACIONAL, FESTA DE SANTANA DO SOBRADO MOVIMENTOU UMA MULTID\u00c3O NESSE FINAL DE SEMANA - Blog do Farn\u00e9sio\",\"isPartOf\":{\"@id\":\"https:\\\/\\\/blogdofarnesio.com.br\\\/#website\"},\"primaryImageOfPage\":{\"@id\":\"https:\\\/\\\/blogdofarnesio.com.br\\\/?p=127394#primaryimage\"},\"image\":{\"@id\":\"https:\\\/\\\/blogdofarnesio.com.br\\\/?p=127394#primaryimage\"},\"thumbnailUrl\":\"http:\\\/\\\/www.quersaberpolitica.com.br\\\/2016\\\/wp-content\\\/uploads\\\/2015\\\/07\\\/blogqsp-Festa-Santana-Rei-da-Cacimbinha-300x183.jpg\",\"datePublished\":\"2015-07-28T14:30:24+00:00\",\"breadcrumb\":{\"@id\":\"https:\\\/\\\/blogdofarnesio.com.br\\\/?p=127394#breadcrumb\"},\"inLanguage\":\"pt-BR\",\"potentialAction\":[{\"@type\":\"ReadAction\",\"target\":[\"https:\\\/\\\/blogdofarnesio.com.br\\\/?p=127394\"]}]},{\"@type\":\"ImageObject\",\"inLanguage\":\"pt-BR\",\"@id\":\"https:\\\/\\\/blogdofarnesio.com.br\\\/?p=127394#primaryimage\",\"url\":\"http:\\\/\\\/www.quersaberpolitica.com.br\\\/2016\\\/wp-content\\\/uploads\\\/2015\\\/07\\\/blogqsp-Festa-Santana-Rei-da-Cacimbinha-300x183.jpg\",\"contentUrl\":\"http:\\\/\\\/www.quersaberpolitica.com.br\\\/2016\\\/wp-content\\\/uploads\\\/2015\\\/07\\\/blogqsp-Festa-Santana-Rei-da-Cacimbinha-300x183.jpg\"},{\"@type\":\"BreadcrumbList\",\"@id\":\"https:\\\/\\\/blogdofarnesio.com.br\\\/?p=127394#breadcrumb\",\"itemListElement\":[{\"@type\":\"ListItem\",\"position\":1,\"name\":\"In\u00edcio\",\"item\":\"https:\\\/\\\/blogdofarnesio.com.br\\\/\"},{\"@type\":\"ListItem\",\"position\":2,\"name\":\"COM ATRA\u00c7\u00c3O NACIONAL, FESTA DE SANTANA DO SOBRADO MOVIMENTOU UMA MULTID\u00c3O NESSE FINAL DE SEMANA\"}]},{\"@type\":\"WebSite\",\"@id\":\"https:\\\/\\\/blogdofarnesio.com.br\\\/#website\",\"url\":\"https:\\\/\\\/blogdofarnesio.com.br\\\/\",\"name\":\"Blog do Farn\u00e9sio\",\"description\":\"Quer Saber Pol\u00edtica?\",\"publisher\":{\"@id\":\"https:\\\/\\\/blogdofarnesio.com.br\\\/#organization\"},\"potentialAction\":[{\"@type\":\"SearchAction\",\"target\":{\"@type\":\"EntryPoint\",\"urlTemplate\":\"https:\\\/\\\/blogdofarnesio.com.br\\\/?s={search_term_string}\"},\"query-input\":{\"@type\":\"PropertyValueSpecification\",\"valueRequired\":true,\"valueName\":\"search_term_string\"}}],\"inLanguage\":\"pt-BR\"},{\"@type\":\"Organization\",\"@id\":\"https:\\\/\\\/blogdofarnesio.com.br\\\/#organization\",\"name\":\"Blog do Farn\u00e9sio\",\"url\":\"https:\\\/\\\/blogdofarnesio.com.br\\\/\",\"logo\":{\"@type\":\"ImageObject\",\"inLanguage\":\"pt-BR\",\"@id\":\"https:\\\/\\\/blogdofarnesio.com.br\\\/#\\\/schema\\\/logo\\\/image\\\/\",\"url\":\"https:\\\/\\\/blogdofarnesio.com.br\\\/wp-content\\\/uploads\\\/2026\\\/03\\\/cropped-logo_new-1.png\",\"contentUrl\":\"https:\\\/\\\/blogdofarnesio.com.br\\\/wp-content\\\/uploads\\\/2026\\\/03\\\/cropped-logo_new-1.png\",\"width\":881,\"height\":685,\"caption\":\"Blog do Farn\u00e9sio\"},\"image\":{\"@id\":\"https:\\\/\\\/blogdofarnesio.com.br\\\/#\\\/schema\\\/logo\\\/image\\\/\"},\"sameAs\":[\"https:\\\/\\\/www.facebook.com\\\/BlogQuerSaberPolitica\\\/\"]},{\"@type\":\"Person\",\"@id\":\"\",\"url\":\"https:\\\/\\\/blogdofarnesio.com.br\\\/?author=7\"}]}<\/script>\n<!-- \/ Yoast SEO plugin. -->","yoast_head_json":{"title":"COM ATRA\u00c7\u00c3O NACIONAL, FESTA DE SANTANA DO SOBRADO MOVIMENTOU UMA MULTID\u00c3O NESSE FINAL DE SEMANA - Blog do Farn\u00e9sio","robots":{"index":"index","follow":"follow","max-snippet":"max-snippet:-1","max-image-preview":"max-image-preview:large","max-video-preview":"max-video-preview:-1"},"canonical":"https:\/\/blogdofarnesio.com.br\/?p=127394","og_locale":"pt_BR","og_type":"article","og_title":"COM ATRA\u00c7\u00c3O NACIONAL, FESTA DE SANTANA DO SOBRADO MOVIMENTOU UMA MULTID\u00c3O NESSE FINAL DE SEMANA - Blog do Farn\u00e9sio","og_description":"O P\u00e1tio da Feira Livre do distrito de Santana do Sobrado ficou lotado nesse \u00faltimo final de semana. Moradores da localidade e visitantes celebraram a Festa profana em homenagem a Padroeira do maior distrito de Casa Nova. Segundo a organiza\u00e7\u00e3o do evento, mais de 12 mil pessoas passaram pelo circuito e curtiram Del Feliz, Ney Alves, Zeca de Zefa, Brasas do Forr\u00f3 e bandas locais. &#8220;Foi uma excelente festa. Tudo muito bem organizado, boas atra\u00e7\u00f5es, seguran\u00e7a nota 10, n\u00e3o houve viol\u00eancia. \u00a0Quero parabenizar a prefeitura&#8221; comenta Aline Bispo, moradora da cidade de Juazeiro, Bahia, que visitava o distrito.","og_url":"https:\/\/blogdofarnesio.com.br\/?p=127394","og_site_name":"Blog do Farn\u00e9sio","article_publisher":"https:\/\/www.facebook.com\/BlogQuerSaberPolitica\/","article_published_time":"2015-07-28T14:30:24+00:00","og_image":[{"url":"http:\/\/www.quersaberpolitica.com.br\/2016\/wp-content\/uploads\/2015\/07\/blogqsp-Festa-Santana-Rei-da-Cacimbinha-300x183.jpg","type":"","width":"","height":""}],"twitter_card":"summary_large_image","twitter_misc":{"Escrito por":"","Est. tempo de leitura":"1 minuto"},"schema":{"@context":"https:\/\/schema.org","@graph":[{"@type":"Article","@id":"https:\/\/blogdofarnesio.com.br\/?p=127394#article","isPartOf":{"@id":"https:\/\/blogdofarnesio.com.br\/?p=127394"},"author":{"name":"","@id":""},"headline":"COM ATRA\u00c7\u00c3O NACIONAL, FESTA DE SANTANA DO SOBRADO MOVIMENTOU UMA MULTID\u00c3O NESSE FINAL DE SEMANA","datePublished":"2015-07-28T14:30:24+00:00","mainEntityOfPage":{"@id":"https:\/\/blogdofarnesio.com.br\/?p=127394"},"wordCount":312,"commentCount":0,"publisher":{"@id":"https:\/\/blogdofarnesio.com.br\/#organization"},"image":{"@id":"https:\/\/blogdofarnesio.com.br\/?p=127394#primaryimage"},"thumbnailUrl":"http:\/\/www.quersaberpolitica.com.br\/2016\/wp-content\/uploads\/2015\/07\/blogqsp-Festa-Santana-Rei-da-Cacimbinha-300x183.jpg","articleSection":["Costumes","Cultura"],"inLanguage":"pt-BR","potentialAction":[{"@type":"CommentAction","name":"Comment","target":["https:\/\/blogdofarnesio.com.br\/?p=127394#respond"]}]},{"@type":"WebPage","@id":"https:\/\/blogdofarnesio.com.br\/?p=127394","url":"https:\/\/blogdofarnesio.com.br\/?p=127394","name":"COM ATRA\u00c7\u00c3O NACIONAL, FESTA DE SANTANA DO SOBRADO MOVIMENTOU UMA MULTID\u00c3O NESSE FINAL DE SEMANA - Blog do Farn\u00e9sio","isPartOf":{"@id":"https:\/\/blogdofarnesio.com.br\/#website"},"primaryImageOfPage":{"@id":"https:\/\/blogdofarnesio.com.br\/?p=127394#primaryimage"},"image":{"@id":"https:\/\/blogdofarnesio.com.br\/?p=127394#primaryimage"},"thumbnailUrl":"http:\/\/www.quersaberpolitica.com.br\/2016\/wp-content\/uploads\/2015\/07\/blogqsp-Festa-Santana-Rei-da-Cacimbinha-300x183.jpg","datePublished":"2015-07-28T14:30:24+00:00","breadcrumb":{"@id":"https:\/\/blogdofarnesio.com.br\/?p=127394#breadcrumb"},"inLanguage":"pt-BR","potentialAction":[{"@type":"ReadAction","target":["https:\/\/blogdofarnesio.com.br\/?p=127394"]}]},{"@type":"ImageObject","inLanguage":"pt-BR","@id":"https:\/\/blogdofarnesio.com.br\/?p=127394#primaryimage","url":"http:\/\/www.quersaberpolitica.com.br\/2016\/wp-content\/uploads\/2015\/07\/blogqsp-Festa-Santana-Rei-da-Cacimbinha-300x183.jpg","contentUrl":"http:\/\/www.quersaberpolitica.com.br\/2016\/wp-content\/uploads\/2015\/07\/blogqsp-Festa-Santana-Rei-da-Cacimbinha-300x183.jpg"},{"@type":"BreadcrumbList","@id":"https:\/\/blogdofarnesio.com.br\/?p=127394#breadcrumb","itemListElement":[{"@type":"ListItem","position":1,"name":"In\u00edcio","item":"https:\/\/blogdofarnesio.com.br\/"},{"@type":"ListItem","position":2,"name":"COM ATRA\u00c7\u00c3O NACIONAL, FESTA DE SANTANA DO SOBRADO MOVIMENTOU UMA MULTID\u00c3O NESSE FINAL DE SEMANA"}]},{"@type":"WebSite","@id":"https:\/\/blogdofarnesio.com.br\/#website","url":"https:\/\/blogdofarnesio.com.br\/","name":"Blog do Farn\u00e9sio","description":"Quer Saber Pol\u00edtica?","publisher":{"@id":"https:\/\/blogdofarnesio.com.br\/#organization"},"potentialAction":[{"@type":"SearchAction","target":{"@type":"EntryPoint","urlTemplate":"https:\/\/blogdofarnesio.com.br\/?s={search_term_string}"},"query-input":{"@type":"PropertyValueSpecification","valueRequired":true,"valueName":"search_term_string"}}],"inLanguage":"pt-BR"},{"@type":"Organization","@id":"https:\/\/blogdofarnesio.com.br\/#organization","name":"Blog do Farn\u00e9sio","url":"https:\/\/blogdofarnesio.com.br\/","logo":{"@type":"ImageObject","inLanguage":"pt-BR","@id":"https:\/\/blogdofarnesio.com.br\/#\/schema\/logo\/image\/","url":"https:\/\/blogdofarnesio.com.br\/wp-content\/uploads\/2026\/03\/cropped-logo_new-1.png","contentUrl":"https:\/\/blogdofarnesio.com.br\/wp-content\/uploads\/2026\/03\/cropped-logo_new-1.png","width":881,"height":685,"caption":"Blog do Farn\u00e9sio"},"image":{"@id":"https:\/\/blogdofarnesio.com.br\/#\/schema\/logo\/image\/"},"sameAs":["https:\/\/www.facebook.com\/BlogQuerSaberPolitica\/"]},{"@type":"Person","@id":"","url":"https:\/\/blogdofarnesio.com.br\/?author=7"}]}},"_links":{"self":[{"href":"https:\/\/blogdofarnesio.com.br\/index.php?rest_route=\/wp\/v2\/posts\/127394","targetHints":{"allow":["GET"]}}],"collection":[{"href":"https:\/\/blogdofarnesio.com.br\/index.php?rest_route=\/wp\/v2\/posts"}],"about":[{"href":"https:\/\/blogdofarnesio.com.br\/index.php?rest_route=\/wp\/v2\/types\/post"}],"author":[{"embeddable":true,"href":"https:\/\/blogdofarnesio.com.br\/index.php?rest_route=\/wp\/v2\/users\/7"}],"replies":[{"embeddable":true,"href":"https:\/\/blogdofarnesio.com.br\/index.php?rest_route=%2Fwp%2Fv2%2Fcomments&post=127394"}],"version-history":[{"count":0,"href":"https:\/\/blogdofarnesio.com.br\/index.php?rest_route=\/wp\/v2\/posts\/127394\/revisions"}],"wp:attachment":[{"href":"https:\/\/blogdofarnesio.com.br\/index.php?rest_route=%2Fwp%2Fv2%2Fmedia&parent=127394"}],"wp:term":[{"taxonomy":"category","embeddable":true,"href":"https:\/\/blogdofarnesio.com.br\/index.php?rest_route=%2Fwp%2Fv2%2Fcategories&post=127394"},{"taxonomy":"post_tag","embeddable":true,"href":"https:\/\/blogdofarnesio.com.br\/index.php?rest_route=%2Fwp%2Fv2%2Ftags&post=127394"}],"curies":[{"name":"wp","href":"https:\/\/api.w.org\/{rel}","templated":true}]}}