{"id":127351,"date":"2015-07-28T08:33:21","date_gmt":"2015-07-28T11:33:21","guid":{"rendered":"http:\/\/www.quersaberpolitica.com.br\/?p=127351"},"modified":"2015-07-27T20:57:23","modified_gmt":"2015-07-27T23:57:23","slug":"codevasfjuazeiro-homenageia-dia-do-agricultor","status":"publish","type":"post","link":"https:\/\/blogdofarnesio.com.br\/?p=127351","title":{"rendered":"CODEVASF\/JUAZEIRO HOMENAGEIA DIA DO AGRICULTOR"},"content":{"rendered":"<p style=\"text-align: justify\"><a href=\"http:\/\/www.quersaberpolitica.com.br\/2016\/wp-content\/uploads\/2015\/07\/blogqsp-Cart\u00e3o-Codevasf-diadoagricultor.jpg\"><img loading=\"lazy\" decoding=\"async\" class=\"  wp-image-127352 aligncenter\" src=\"http:\/\/www.quersaberpolitica.com.br\/2016\/wp-content\/uploads\/2015\/07\/blogqsp-Cart\u00e3o-Codevasf-diadoagricultor-300x143.jpg\" alt=\"blogqsp-Cart\u00e3o Codevasf-diadoagricultor\" width=\"374\" height=\"186\" \/><\/a><\/p>\n<p style=\"text-align: justify\">Criado em 27 de julho de 1960 pelo ent\u00e3o presidente Juscelino\u00a0Kubitschek, em comemora\u00e7\u00e3o aos 100 anos do Minist\u00e9rio da Agricultura, o dia do agricultor faz uma homenagem aos produtores rurais, considerados um dos principais respons\u00e1veis pelo crescimento econ\u00f4mico de nosso pa\u00eds.<\/p>\n<p style=\"text-align: justify\">Em nossa regi\u00e3o os frutos desse trabalho garantem o desenvolvimento do vale do S\u00e3o Francisco, gerando emprego e renda para a maioria da popula\u00e7\u00e3o ribeirinha.<\/p>\n<p style=\"text-align: justify\">Como reconhecimento da import\u00e2ncia dos agricultores para nossa economia, o superintendente regional da CODEVASF em Juazeiro, Ala\u00f4r Grangeon de Siqueira, encaminhou aos distritos administrativos dos per\u00edmetros irrigados de Mandacaru, Mani\u00e7oba, Cura\u00e7\u00e1, Tour\u00e3o, Pedra Branca, Rodelas, Gl\u00f3ria e a Associa\u00e7\u00e3o dos Usu\u00e1rios do Per\u00edmetro Irrigado do Salitre (ASUPIS) correspond\u00eancia parabenizando todos os agricultores familiares que integram esses per\u00edmetros irrigados.<\/p>\n<p style=\"text-align: justify\">Segundo Ala\u00f4r Grangeon, \u201celes s\u00e3o verdadeiros her\u00f3is, pois conseguem, com seu trabalho, neste sol quente do nosso sert\u00e3o, diante da escasses de \u00e1gua e de todos os problemas que afetam a atividade, retirar da terra os frutos que v\u00e3o gerar divisas para o desenvolvimento de nossa regi\u00e3o\u201d.<\/p>\n<p style=\"text-align: justify\">Ala\u00f4r observa que \u201cn\u00f3s precisamos continuar apoiando esses trabalhadores que, de sol a sol, geram riquezas; seja atrav\u00e9s de apoios t\u00e9cnico, financeiro e de infraestrutura, seja atrav\u00e9s de melhoria das condi\u00e7\u00f5es de trabalho de todos eles\u201d.<\/p>\n<p style=\"text-align: justify\">O gerente executivo do Distrito de Irriga\u00e7\u00e3o do per\u00edmetro irrigado de Mani\u00e7oba, Valter Matias de Alencar, que no seu dia a dia tem contato com os produtores, afirma que \u201c\u00e9 importante que os produtores tenham f\u00e9 em seu trabalho, e condi\u00e7\u00f5es de realizar essa atividade t\u00e3o importante para eles e para todas as comunidades\u201d.<\/p>\n<p style=\"text-align: justify\"><!--more--><\/p>\n<p style=\"text-align: justify\">O agricultor Edilson Concei\u00e7\u00e3o da Silva, de 47 anos, confessa que \u201cme sinto muito orgulhoso quando eu vendo o que eu produzi para alimentar muitas pessoas, e al\u00e9m de conseguir meu sustento, ainda ajudo muita gente tamb\u00e9m\u201d. Ele conta que j\u00e1 passou por muitas dificuldades no campo, mas \u201ccom o tempo e com muito trabalho, eu consegui me firmar e hoje me sinto uma pessoa realizada, tanto eu como minha fam\u00edlia\u201d. Edilson e a esposa t\u00eam tr\u00eas filhos, de 7, 11 e 15 anos, e est\u00e3o no lote agr\u00edcola do per\u00edmetro irrigado de Mani\u00e7oba h\u00e1 sete anos. Para o futuro Edilson espera terminar a implanta\u00e7\u00e3o da cultura de manga e maracuj\u00e1 para continuar com seu trabalho de maneira mais assegurada, gra\u00e7as \u00e0s culturas perenes.<\/p>\n<p style=\"text-align: justify\">Ele lembra que quando come\u00e7ou com agricultura, \u201cs\u00f3 via mato e caatinga, e hoje, com nosso trabalho, eu vejo muitos pais trazendo seus filhos de volta para o campo para trabalharem com o que \u00e9 deles tamb\u00e9m\u201d.<\/p>\n<p style=\"text-align: justify\">Benedito Lima Nunes, de 51 anos, \u00e9 outro produtor do per\u00edmetro de Mani\u00e7oba que acredita em seu trabalho, e junto com dois dos seis filhos, j\u00e1 come\u00e7ou a preparar a terra para plantar melancia consorciada com os pequenos p\u00e9s de manga. Ele lembra que, como a maioria dos produtores vizinhos, come\u00e7ou sua atividade no lote plantando culturas de ciclo curto, como mel\u00e3o, melancia e feij\u00e3o, mas hoje, estabilizado economicamente, j\u00e1 est\u00e1 passando para as culturas de ciclo longo, como coco e manga.<\/p>\n<p style=\"text-align: justify\">\u201cNo in\u00edcio foi tudo dif\u00edcil\u201d, lembra Benedito, que afirma \u201cmas com o trabalho, a insist\u00eancia, e ajuda do distrito de irriga\u00e7\u00e3o e da Codevasf, conseguimos botar esse neg\u00f3cio para frente, e hoje, gra\u00e7as a Deus, estamos bem\u201d.<\/p>\n<p style=\"text-align: justify\">No ano passado os 34 per\u00edmetros irrigados assistidos pela Codevasf totalizaram R$ 1,67 bilh\u00e3o em Valor Bruto de Produ\u00e7\u00e3o (VBP). Desse total, segundo dados da \u00c1rea de Irriga\u00e7\u00e3o da Companhia, 40% s\u00e3o oriundos da agricultura familiar. A produ\u00e7\u00e3o total foi estimada em 2,62 milh\u00f5es de toneladas de produtos agr\u00edcolas, principalmente frutas. A gera\u00e7\u00e3o de empregos chegou a 76.692 empregos diretos e 115.038 empregos indiretos.<\/p>\n<p style=\"text-align: justify\">A companhia continua investindo na revitaliza\u00e7\u00e3o e melhoramento das atuais estruturas f\u00edsicas dos per\u00edmetros. Segundo dados da \u00e1rea de irriga\u00e7\u00e3o, os investimentos totalizam at\u00e9 agora R$ 500 milh\u00f5es empenhados em a\u00e7\u00f5es de moderniza\u00e7\u00e3o, sendo que mais de R$ 250 milh\u00f5es j\u00e1 foram utilizados.<\/p>\n<p>&nbsp;<\/p>\n<p>&nbsp;<\/p>\n","protected":false},"excerpt":{"rendered":"<p>Criado em 27 de julho de 1960 pelo ent\u00e3o presidente Juscelino\u00a0Kubitschek, em comemora\u00e7\u00e3o aos 100 anos do Minist\u00e9rio da Agricultura, o dia do agricultor faz uma homenagem aos produtores rurais, considerados um dos principais respons\u00e1veis pelo crescimento econ\u00f4mico de nosso pa\u00eds. Em nossa regi\u00e3o os frutos desse trabalho garantem o desenvolvimento do vale do S\u00e3o Francisco, gerando emprego e renda para a maioria da popula\u00e7\u00e3o ribeirinha. Como reconhecimento da import\u00e2ncia dos agricultores para nossa economia, o superintendente regional da CODEVASF em Juazeiro, Ala\u00f4r Grangeon de Siqueira, encaminhou aos distritos administrativos dos per\u00edmetros irrigados de Mandacaru, Mani\u00e7oba, Cura\u00e7\u00e1, Tour\u00e3o, Pedra Branca, Rodelas, Gl\u00f3ria e a Associa\u00e7\u00e3o dos Usu\u00e1rios do Per\u00edmetro Irrigado do Salitre (ASUPIS) correspond\u00eancia parabenizando todos os agricultores familiares que&hellip; <\/p>\n","protected":false},"author":7,"featured_media":0,"comment_status":"open","ping_status":"open","sticky":false,"template":"","format":"standard","meta":{"_acf_changed":false,"footnotes":""},"categories":[26],"tags":[],"class_list":["post-127351","post","type-post","status-publish","format-standard","hentry","category-agricultura"],"acf":[],"yoast_head":"<!-- This site is optimized with the Yoast SEO plugin v27.4 - https:\/\/yoast.com\/product\/yoast-seo-wordpress\/ -->\n<title>CODEVASF\/JUAZEIRO HOMENAGEIA DIA DO AGRICULTOR - Blog do Farn\u00e9sio<\/title>\n<meta name=\"robots\" content=\"index, follow, max-snippet:-1, max-image-preview:large, max-video-preview:-1\" \/>\n<link rel=\"canonical\" href=\"https:\/\/blogdofarnesio.com.br\/?p=127351\" \/>\n<meta property=\"og:locale\" content=\"pt_BR\" \/>\n<meta property=\"og:type\" content=\"article\" \/>\n<meta property=\"og:title\" content=\"CODEVASF\/JUAZEIRO HOMENAGEIA DIA DO AGRICULTOR - Blog do Farn\u00e9sio\" \/>\n<meta property=\"og:description\" content=\"Criado em 27 de julho de 1960 pelo ent\u00e3o presidente Juscelino\u00a0Kubitschek, em comemora\u00e7\u00e3o aos 100 anos do Minist\u00e9rio da Agricultura, o dia do agricultor faz uma homenagem aos produtores rurais, considerados um dos principais respons\u00e1veis pelo crescimento econ\u00f4mico de nosso pa\u00eds. Em nossa regi\u00e3o os frutos desse trabalho garantem o desenvolvimento do vale do S\u00e3o Francisco, gerando emprego e renda para a maioria da popula\u00e7\u00e3o ribeirinha. Como reconhecimento da import\u00e2ncia dos agricultores para nossa economia, o superintendente regional da CODEVASF em Juazeiro, Ala\u00f4r Grangeon de Siqueira, encaminhou aos distritos administrativos dos per\u00edmetros irrigados de Mandacaru, Mani\u00e7oba, Cura\u00e7\u00e1, Tour\u00e3o, Pedra Branca, Rodelas, Gl\u00f3ria e a Associa\u00e7\u00e3o dos Usu\u00e1rios do Per\u00edmetro Irrigado do Salitre (ASUPIS) correspond\u00eancia parabenizando todos os agricultores familiares que&hellip;\" \/>\n<meta property=\"og:url\" content=\"https:\/\/blogdofarnesio.com.br\/?p=127351\" \/>\n<meta property=\"og:site_name\" content=\"Blog do Farn\u00e9sio\" \/>\n<meta property=\"article:publisher\" content=\"https:\/\/www.facebook.com\/BlogQuerSaberPolitica\/\" \/>\n<meta property=\"article:published_time\" content=\"2015-07-28T11:33:21+00:00\" \/>\n<meta name=\"twitter:card\" content=\"summary_large_image\" \/>\n<meta name=\"twitter:label1\" content=\"Escrito por\" \/>\n\t<meta name=\"twitter:data1\" content=\"\" \/>\n\t<meta name=\"twitter:label2\" content=\"Est. tempo de leitura\" \/>\n\t<meta name=\"twitter:data2\" content=\"4 minutos\" \/>\n<script type=\"application\/ld+json\" class=\"yoast-schema-graph\">{\"@context\":\"https:\\\/\\\/schema.org\",\"@graph\":[{\"@type\":\"Article\",\"@id\":\"https:\\\/\\\/blogdofarnesio.com.br\\\/?p=127351#article\",\"isPartOf\":{\"@id\":\"https:\\\/\\\/blogdofarnesio.com.br\\\/?p=127351\"},\"author\":{\"name\":\"\",\"@id\":\"\"},\"headline\":\"CODEVASF\\\/JUAZEIRO HOMENAGEIA DIA DO AGRICULTOR\",\"datePublished\":\"2015-07-28T11:33:21+00:00\",\"mainEntityOfPage\":{\"@id\":\"https:\\\/\\\/blogdofarnesio.com.br\\\/?p=127351\"},\"wordCount\":719,\"commentCount\":0,\"publisher\":{\"@id\":\"https:\\\/\\\/blogdofarnesio.com.br\\\/#organization\"},\"articleSection\":[\"Agricultura\"],\"inLanguage\":\"pt-BR\",\"potentialAction\":[{\"@type\":\"CommentAction\",\"name\":\"Comment\",\"target\":[\"https:\\\/\\\/blogdofarnesio.com.br\\\/?p=127351#respond\"]}]},{\"@type\":\"WebPage\",\"@id\":\"https:\\\/\\\/blogdofarnesio.com.br\\\/?p=127351\",\"url\":\"https:\\\/\\\/blogdofarnesio.com.br\\\/?p=127351\",\"name\":\"CODEVASF\\\/JUAZEIRO HOMENAGEIA DIA DO AGRICULTOR - Blog do Farn\u00e9sio\",\"isPartOf\":{\"@id\":\"https:\\\/\\\/blogdofarnesio.com.br\\\/#website\"},\"datePublished\":\"2015-07-28T11:33:21+00:00\",\"breadcrumb\":{\"@id\":\"https:\\\/\\\/blogdofarnesio.com.br\\\/?p=127351#breadcrumb\"},\"inLanguage\":\"pt-BR\",\"potentialAction\":[{\"@type\":\"ReadAction\",\"target\":[\"https:\\\/\\\/blogdofarnesio.com.br\\\/?p=127351\"]}]},{\"@type\":\"BreadcrumbList\",\"@id\":\"https:\\\/\\\/blogdofarnesio.com.br\\\/?p=127351#breadcrumb\",\"itemListElement\":[{\"@type\":\"ListItem\",\"position\":1,\"name\":\"In\u00edcio\",\"item\":\"https:\\\/\\\/blogdofarnesio.com.br\\\/\"},{\"@type\":\"ListItem\",\"position\":2,\"name\":\"CODEVASF\\\/JUAZEIRO HOMENAGEIA DIA DO AGRICULTOR\"}]},{\"@type\":\"WebSite\",\"@id\":\"https:\\\/\\\/blogdofarnesio.com.br\\\/#website\",\"url\":\"https:\\\/\\\/blogdofarnesio.com.br\\\/\",\"name\":\"Blog do Farn\u00e9sio\",\"description\":\"Quer Saber Pol\u00edtica?\",\"publisher\":{\"@id\":\"https:\\\/\\\/blogdofarnesio.com.br\\\/#organization\"},\"potentialAction\":[{\"@type\":\"SearchAction\",\"target\":{\"@type\":\"EntryPoint\",\"urlTemplate\":\"https:\\\/\\\/blogdofarnesio.com.br\\\/?s={search_term_string}\"},\"query-input\":{\"@type\":\"PropertyValueSpecification\",\"valueRequired\":true,\"valueName\":\"search_term_string\"}}],\"inLanguage\":\"pt-BR\"},{\"@type\":\"Organization\",\"@id\":\"https:\\\/\\\/blogdofarnesio.com.br\\\/#organization\",\"name\":\"Blog do Farn\u00e9sio\",\"url\":\"https:\\\/\\\/blogdofarnesio.com.br\\\/\",\"logo\":{\"@type\":\"ImageObject\",\"inLanguage\":\"pt-BR\",\"@id\":\"https:\\\/\\\/blogdofarnesio.com.br\\\/#\\\/schema\\\/logo\\\/image\\\/\",\"url\":\"https:\\\/\\\/blogdofarnesio.com.br\\\/wp-content\\\/uploads\\\/2026\\\/03\\\/cropped-logo_new-1.png\",\"contentUrl\":\"https:\\\/\\\/blogdofarnesio.com.br\\\/wp-content\\\/uploads\\\/2026\\\/03\\\/cropped-logo_new-1.png\",\"width\":881,\"height\":685,\"caption\":\"Blog do Farn\u00e9sio\"},\"image\":{\"@id\":\"https:\\\/\\\/blogdofarnesio.com.br\\\/#\\\/schema\\\/logo\\\/image\\\/\"},\"sameAs\":[\"https:\\\/\\\/www.facebook.com\\\/BlogQuerSaberPolitica\\\/\"]},{\"@type\":\"Person\",\"@id\":\"\",\"url\":\"https:\\\/\\\/blogdofarnesio.com.br\\\/?author=7\"}]}<\/script>\n<!-- \/ Yoast SEO plugin. -->","yoast_head_json":{"title":"CODEVASF\/JUAZEIRO HOMENAGEIA DIA DO AGRICULTOR - Blog do Farn\u00e9sio","robots":{"index":"index","follow":"follow","max-snippet":"max-snippet:-1","max-image-preview":"max-image-preview:large","max-video-preview":"max-video-preview:-1"},"canonical":"https:\/\/blogdofarnesio.com.br\/?p=127351","og_locale":"pt_BR","og_type":"article","og_title":"CODEVASF\/JUAZEIRO HOMENAGEIA DIA DO AGRICULTOR - Blog do Farn\u00e9sio","og_description":"Criado em 27 de julho de 1960 pelo ent\u00e3o presidente Juscelino\u00a0Kubitschek, em comemora\u00e7\u00e3o aos 100 anos do Minist\u00e9rio da Agricultura, o dia do agricultor faz uma homenagem aos produtores rurais, considerados um dos principais respons\u00e1veis pelo crescimento econ\u00f4mico de nosso pa\u00eds. Em nossa regi\u00e3o os frutos desse trabalho garantem o desenvolvimento do vale do S\u00e3o Francisco, gerando emprego e renda para a maioria da popula\u00e7\u00e3o ribeirinha. Como reconhecimento da import\u00e2ncia dos agricultores para nossa economia, o superintendente regional da CODEVASF em Juazeiro, Ala\u00f4r Grangeon de Siqueira, encaminhou aos distritos administrativos dos per\u00edmetros irrigados de Mandacaru, Mani\u00e7oba, Cura\u00e7\u00e1, Tour\u00e3o, Pedra Branca, Rodelas, Gl\u00f3ria e a Associa\u00e7\u00e3o dos Usu\u00e1rios do Per\u00edmetro Irrigado do Salitre (ASUPIS) correspond\u00eancia parabenizando todos os agricultores familiares que&hellip;","og_url":"https:\/\/blogdofarnesio.com.br\/?p=127351","og_site_name":"Blog do Farn\u00e9sio","article_publisher":"https:\/\/www.facebook.com\/BlogQuerSaberPolitica\/","article_published_time":"2015-07-28T11:33:21+00:00","twitter_card":"summary_large_image","twitter_misc":{"Escrito por":"","Est. tempo de leitura":"4 minutos"},"schema":{"@context":"https:\/\/schema.org","@graph":[{"@type":"Article","@id":"https:\/\/blogdofarnesio.com.br\/?p=127351#article","isPartOf":{"@id":"https:\/\/blogdofarnesio.com.br\/?p=127351"},"author":{"name":"","@id":""},"headline":"CODEVASF\/JUAZEIRO HOMENAGEIA DIA DO AGRICULTOR","datePublished":"2015-07-28T11:33:21+00:00","mainEntityOfPage":{"@id":"https:\/\/blogdofarnesio.com.br\/?p=127351"},"wordCount":719,"commentCount":0,"publisher":{"@id":"https:\/\/blogdofarnesio.com.br\/#organization"},"articleSection":["Agricultura"],"inLanguage":"pt-BR","potentialAction":[{"@type":"CommentAction","name":"Comment","target":["https:\/\/blogdofarnesio.com.br\/?p=127351#respond"]}]},{"@type":"WebPage","@id":"https:\/\/blogdofarnesio.com.br\/?p=127351","url":"https:\/\/blogdofarnesio.com.br\/?p=127351","name":"CODEVASF\/JUAZEIRO HOMENAGEIA DIA DO AGRICULTOR - Blog do Farn\u00e9sio","isPartOf":{"@id":"https:\/\/blogdofarnesio.com.br\/#website"},"datePublished":"2015-07-28T11:33:21+00:00","breadcrumb":{"@id":"https:\/\/blogdofarnesio.com.br\/?p=127351#breadcrumb"},"inLanguage":"pt-BR","potentialAction":[{"@type":"ReadAction","target":["https:\/\/blogdofarnesio.com.br\/?p=127351"]}]},{"@type":"BreadcrumbList","@id":"https:\/\/blogdofarnesio.com.br\/?p=127351#breadcrumb","itemListElement":[{"@type":"ListItem","position":1,"name":"In\u00edcio","item":"https:\/\/blogdofarnesio.com.br\/"},{"@type":"ListItem","position":2,"name":"CODEVASF\/JUAZEIRO HOMENAGEIA DIA DO AGRICULTOR"}]},{"@type":"WebSite","@id":"https:\/\/blogdofarnesio.com.br\/#website","url":"https:\/\/blogdofarnesio.com.br\/","name":"Blog do Farn\u00e9sio","description":"Quer Saber Pol\u00edtica?","publisher":{"@id":"https:\/\/blogdofarnesio.com.br\/#organization"},"potentialAction":[{"@type":"SearchAction","target":{"@type":"EntryPoint","urlTemplate":"https:\/\/blogdofarnesio.com.br\/?s={search_term_string}"},"query-input":{"@type":"PropertyValueSpecification","valueRequired":true,"valueName":"search_term_string"}}],"inLanguage":"pt-BR"},{"@type":"Organization","@id":"https:\/\/blogdofarnesio.com.br\/#organization","name":"Blog do Farn\u00e9sio","url":"https:\/\/blogdofarnesio.com.br\/","logo":{"@type":"ImageObject","inLanguage":"pt-BR","@id":"https:\/\/blogdofarnesio.com.br\/#\/schema\/logo\/image\/","url":"https:\/\/blogdofarnesio.com.br\/wp-content\/uploads\/2026\/03\/cropped-logo_new-1.png","contentUrl":"https:\/\/blogdofarnesio.com.br\/wp-content\/uploads\/2026\/03\/cropped-logo_new-1.png","width":881,"height":685,"caption":"Blog do Farn\u00e9sio"},"image":{"@id":"https:\/\/blogdofarnesio.com.br\/#\/schema\/logo\/image\/"},"sameAs":["https:\/\/www.facebook.com\/BlogQuerSaberPolitica\/"]},{"@type":"Person","@id":"","url":"https:\/\/blogdofarnesio.com.br\/?author=7"}]}},"_links":{"self":[{"href":"https:\/\/blogdofarnesio.com.br\/index.php?rest_route=\/wp\/v2\/posts\/127351","targetHints":{"allow":["GET"]}}],"collection":[{"href":"https:\/\/blogdofarnesio.com.br\/index.php?rest_route=\/wp\/v2\/posts"}],"about":[{"href":"https:\/\/blogdofarnesio.com.br\/index.php?rest_route=\/wp\/v2\/types\/post"}],"author":[{"embeddable":true,"href":"https:\/\/blogdofarnesio.com.br\/index.php?rest_route=\/wp\/v2\/users\/7"}],"replies":[{"embeddable":true,"href":"https:\/\/blogdofarnesio.com.br\/index.php?rest_route=%2Fwp%2Fv2%2Fcomments&post=127351"}],"version-history":[{"count":0,"href":"https:\/\/blogdofarnesio.com.br\/index.php?rest_route=\/wp\/v2\/posts\/127351\/revisions"}],"wp:attachment":[{"href":"https:\/\/blogdofarnesio.com.br\/index.php?rest_route=%2Fwp%2Fv2%2Fmedia&parent=127351"}],"wp:term":[{"taxonomy":"category","embeddable":true,"href":"https:\/\/blogdofarnesio.com.br\/index.php?rest_route=%2Fwp%2Fv2%2Fcategories&post=127351"},{"taxonomy":"post_tag","embeddable":true,"href":"https:\/\/blogdofarnesio.com.br\/index.php?rest_route=%2Fwp%2Fv2%2Ftags&post=127351"}],"curies":[{"name":"wp","href":"https:\/\/api.w.org\/{rel}","templated":true}]}}