{"id":127283,"date":"2015-07-26T11:30:03","date_gmt":"2015-07-26T14:30:03","guid":{"rendered":"http:\/\/www.quersaberpolitica.com.br\/?p=127283"},"modified":"2015-07-26T09:56:01","modified_gmt":"2015-07-26T12:56:01","slug":"camara-deve-julgar-e-reprovar-as-contas-do-governo-dilma","status":"publish","type":"post","link":"https:\/\/blogdofarnesio.com.br\/?p=127283","title":{"rendered":"C\u00c2MARA DEVE JULGAR E REPROVAR AS CONTAS DO GOVERNO DILMA"},"content":{"rendered":"<div class=\"font_b font_tt\" style=\"text-align: justify\"><a href=\"http:\/\/www.quersaberpolitica.com.br\/2016\/wp-content\/uploads\/2015\/07\/blogqspEduardo-Cunha-e-Dilma-Antonio-Cruz-ABr.jpg\"><img loading=\"lazy\" decoding=\"async\" class=\"aligncenter  wp-image-127284\" src=\"http:\/\/www.quersaberpolitica.com.br\/2016\/wp-content\/uploads\/2015\/07\/blogqspEduardo-Cunha-e-Dilma-Antonio-Cruz-ABr-300x188.jpg\" alt=\"blogqspEduardo Cunha e Dilma Antonio Cruz ABr\" width=\"445\" height=\"285\" \/><\/a>O Congresso deve finalmente votar as contas do governo ap\u00f3s o recesso. Essa obriga\u00e7\u00e3o constitucional n\u00e3o \u00e9 cumprida desde 2002. Na oposi\u00e7\u00e3o, o presidente da C\u00e2mara, Eduardo Cunha, articula a rejei\u00e7\u00e3o das contas, o que tornaria Dilma sujeita a responder por crime de responsabilidade, com perda de mandato e inelegibilidade. Cunha vai p\u00f4r em vota\u00e7\u00e3o tamb\u00e9m contas de FHC (2002) e de Lula (2006-2008).<\/div>\n<div class=\"row change_font\">\n<div class=\"col-md-12 font_a\">\n<p style=\"text-align: justify\">O julgamento no Congresso \u00e9 baseado em relat\u00f3rios do Tribunal de Contas da Uni\u00e3o. Contas rejeitadas geram inelegibilidade por 8 anos. As contas de Dilma devem passar pela Comiss\u00e3o Mista de Or\u00e7amento. O PT tentar\u00e1 retardar a an\u00e1lise do caso.<\/p>\n<p style=\"text-align: justify\">Eduardo Cunha considera que \u00e9 melhor direcionar a crise para o Planalto, antes que o Congresso seja \u201cengolido pela Lava Jato\u201d. O \u00e2nimo dos ministros do TCU \u00e9 o mesmo dos parlamentares e da popula\u00e7\u00e3o, segundo apuram as pesquisas: repulsa total ao governo. Leia na <a href=\"http:\/\/www.diariodopoder.com.br\/coluna\">Coluna Cl\u00e1udio Humberto<\/a>.<\/p>\n<\/div>\n<\/div>\n","protected":false},"excerpt":{"rendered":"<p>O Congresso deve finalmente votar as contas do governo ap\u00f3s o recesso. Essa obriga\u00e7\u00e3o constitucional n\u00e3o \u00e9 cumprida desde 2002. Na oposi\u00e7\u00e3o, o presidente da C\u00e2mara, Eduardo Cunha, articula a rejei\u00e7\u00e3o das contas, o que tornaria Dilma sujeita a responder por crime de responsabilidade, com perda de mandato e inelegibilidade. Cunha vai p\u00f4r em vota\u00e7\u00e3o tamb\u00e9m contas de FHC (2002) e de Lula (2006-2008). O julgamento no Congresso \u00e9 baseado em relat\u00f3rios do Tribunal de Contas da Uni\u00e3o. Contas rejeitadas geram inelegibilidade por 8 anos. As contas de Dilma devem passar pela Comiss\u00e3o Mista de Or\u00e7amento. O PT tentar\u00e1 retardar a an\u00e1lise do caso. Eduardo Cunha considera que \u00e9 melhor direcionar a crise para o Planalto, antes que o Congresso&hellip; <\/p>\n","protected":false},"author":3,"featured_media":0,"comment_status":"open","ping_status":"open","sticky":false,"template":"","format":"standard","meta":{"_acf_changed":false,"footnotes":""},"categories":[1],"tags":[],"class_list":["post-127283","post","type-post","status-publish","format-standard","hentry","category-politica"],"acf":[],"yoast_head":"<!-- This site is optimized with the Yoast SEO plugin v27.4 - https:\/\/yoast.com\/product\/yoast-seo-wordpress\/ -->\n<title>C\u00c2MARA DEVE JULGAR E REPROVAR AS CONTAS DO GOVERNO DILMA - Blog do Farn\u00e9sio<\/title>\n<meta name=\"robots\" content=\"index, follow, max-snippet:-1, max-image-preview:large, max-video-preview:-1\" \/>\n<link rel=\"canonical\" href=\"https:\/\/blogdofarnesio.com.br\/?p=127283\" \/>\n<meta property=\"og:locale\" content=\"pt_BR\" \/>\n<meta property=\"og:type\" content=\"article\" \/>\n<meta property=\"og:title\" content=\"C\u00c2MARA DEVE JULGAR E REPROVAR AS CONTAS DO GOVERNO DILMA - Blog do Farn\u00e9sio\" \/>\n<meta property=\"og:description\" content=\"O Congresso deve finalmente votar as contas do governo ap\u00f3s o recesso. Essa obriga\u00e7\u00e3o constitucional n\u00e3o \u00e9 cumprida desde 2002. Na oposi\u00e7\u00e3o, o presidente da C\u00e2mara, Eduardo Cunha, articula a rejei\u00e7\u00e3o das contas, o que tornaria Dilma sujeita a responder por crime de responsabilidade, com perda de mandato e inelegibilidade. Cunha vai p\u00f4r em vota\u00e7\u00e3o tamb\u00e9m contas de FHC (2002) e de Lula (2006-2008). O julgamento no Congresso \u00e9 baseado em relat\u00f3rios do Tribunal de Contas da Uni\u00e3o. Contas rejeitadas geram inelegibilidade por 8 anos. As contas de Dilma devem passar pela Comiss\u00e3o Mista de Or\u00e7amento. O PT tentar\u00e1 retardar a an\u00e1lise do caso. Eduardo Cunha considera que \u00e9 melhor direcionar a crise para o Planalto, antes que o Congresso&hellip;\" \/>\n<meta property=\"og:url\" content=\"https:\/\/blogdofarnesio.com.br\/?p=127283\" \/>\n<meta property=\"og:site_name\" content=\"Blog do Farn\u00e9sio\" \/>\n<meta property=\"article:publisher\" content=\"https:\/\/www.facebook.com\/BlogQuerSaberPolitica\/\" \/>\n<meta property=\"article:published_time\" content=\"2015-07-26T14:30:03+00:00\" \/>\n<meta property=\"og:image\" content=\"http:\/\/www.quersaberpolitica.com.br\/2016\/wp-content\/uploads\/2015\/07\/blogqspEduardo-Cunha-e-Dilma-Antonio-Cruz-ABr-300x188.jpg\" \/>\n<meta name=\"author\" content=\"teste\" \/>\n<meta name=\"twitter:card\" content=\"summary_large_image\" \/>\n<meta name=\"twitter:label1\" content=\"Escrito por\" \/>\n\t<meta name=\"twitter:data1\" content=\"teste\" \/>\n\t<meta name=\"twitter:label2\" content=\"Est. tempo de leitura\" \/>\n\t<meta name=\"twitter:data2\" content=\"1 minuto\" \/>\n<script type=\"application\/ld+json\" class=\"yoast-schema-graph\">{\"@context\":\"https:\\\/\\\/schema.org\",\"@graph\":[{\"@type\":\"Article\",\"@id\":\"https:\\\/\\\/blogdofarnesio.com.br\\\/?p=127283#article\",\"isPartOf\":{\"@id\":\"https:\\\/\\\/blogdofarnesio.com.br\\\/?p=127283\"},\"author\":{\"name\":\"teste\",\"@id\":\"https:\\\/\\\/blogdofarnesio.com.br\\\/#\\\/schema\\\/person\\\/dd1bf5eba40b687199ba45ca6b97dff9\"},\"headline\":\"C\u00c2MARA DEVE JULGAR E REPROVAR AS CONTAS DO GOVERNO DILMA\",\"datePublished\":\"2015-07-26T14:30:03+00:00\",\"mainEntityOfPage\":{\"@id\":\"https:\\\/\\\/blogdofarnesio.com.br\\\/?p=127283\"},\"wordCount\":172,\"commentCount\":0,\"publisher\":{\"@id\":\"https:\\\/\\\/blogdofarnesio.com.br\\\/#organization\"},\"image\":{\"@id\":\"https:\\\/\\\/blogdofarnesio.com.br\\\/?p=127283#primaryimage\"},\"thumbnailUrl\":\"http:\\\/\\\/www.quersaberpolitica.com.br\\\/2016\\\/wp-content\\\/uploads\\\/2015\\\/07\\\/blogqspEduardo-Cunha-e-Dilma-Antonio-Cruz-ABr-300x188.jpg\",\"articleSection\":[\"Pol\u00edtica\"],\"inLanguage\":\"pt-BR\",\"potentialAction\":[{\"@type\":\"CommentAction\",\"name\":\"Comment\",\"target\":[\"https:\\\/\\\/blogdofarnesio.com.br\\\/?p=127283#respond\"]}]},{\"@type\":\"WebPage\",\"@id\":\"https:\\\/\\\/blogdofarnesio.com.br\\\/?p=127283\",\"url\":\"https:\\\/\\\/blogdofarnesio.com.br\\\/?p=127283\",\"name\":\"C\u00c2MARA DEVE JULGAR E REPROVAR AS CONTAS DO GOVERNO DILMA - Blog do Farn\u00e9sio\",\"isPartOf\":{\"@id\":\"https:\\\/\\\/blogdofarnesio.com.br\\\/#website\"},\"primaryImageOfPage\":{\"@id\":\"https:\\\/\\\/blogdofarnesio.com.br\\\/?p=127283#primaryimage\"},\"image\":{\"@id\":\"https:\\\/\\\/blogdofarnesio.com.br\\\/?p=127283#primaryimage\"},\"thumbnailUrl\":\"http:\\\/\\\/www.quersaberpolitica.com.br\\\/2016\\\/wp-content\\\/uploads\\\/2015\\\/07\\\/blogqspEduardo-Cunha-e-Dilma-Antonio-Cruz-ABr-300x188.jpg\",\"datePublished\":\"2015-07-26T14:30:03+00:00\",\"breadcrumb\":{\"@id\":\"https:\\\/\\\/blogdofarnesio.com.br\\\/?p=127283#breadcrumb\"},\"inLanguage\":\"pt-BR\",\"potentialAction\":[{\"@type\":\"ReadAction\",\"target\":[\"https:\\\/\\\/blogdofarnesio.com.br\\\/?p=127283\"]}]},{\"@type\":\"ImageObject\",\"inLanguage\":\"pt-BR\",\"@id\":\"https:\\\/\\\/blogdofarnesio.com.br\\\/?p=127283#primaryimage\",\"url\":\"http:\\\/\\\/www.quersaberpolitica.com.br\\\/2016\\\/wp-content\\\/uploads\\\/2015\\\/07\\\/blogqspEduardo-Cunha-e-Dilma-Antonio-Cruz-ABr-300x188.jpg\",\"contentUrl\":\"http:\\\/\\\/www.quersaberpolitica.com.br\\\/2016\\\/wp-content\\\/uploads\\\/2015\\\/07\\\/blogqspEduardo-Cunha-e-Dilma-Antonio-Cruz-ABr-300x188.jpg\"},{\"@type\":\"BreadcrumbList\",\"@id\":\"https:\\\/\\\/blogdofarnesio.com.br\\\/?p=127283#breadcrumb\",\"itemListElement\":[{\"@type\":\"ListItem\",\"position\":1,\"name\":\"In\u00edcio\",\"item\":\"https:\\\/\\\/blogdofarnesio.com.br\\\/\"},{\"@type\":\"ListItem\",\"position\":2,\"name\":\"C\u00c2MARA DEVE JULGAR E REPROVAR AS CONTAS DO GOVERNO DILMA\"}]},{\"@type\":\"WebSite\",\"@id\":\"https:\\\/\\\/blogdofarnesio.com.br\\\/#website\",\"url\":\"https:\\\/\\\/blogdofarnesio.com.br\\\/\",\"name\":\"Blog do Farn\u00e9sio\",\"description\":\"Quer Saber Pol\u00edtica?\",\"publisher\":{\"@id\":\"https:\\\/\\\/blogdofarnesio.com.br\\\/#organization\"},\"potentialAction\":[{\"@type\":\"SearchAction\",\"target\":{\"@type\":\"EntryPoint\",\"urlTemplate\":\"https:\\\/\\\/blogdofarnesio.com.br\\\/?s={search_term_string}\"},\"query-input\":{\"@type\":\"PropertyValueSpecification\",\"valueRequired\":true,\"valueName\":\"search_term_string\"}}],\"inLanguage\":\"pt-BR\"},{\"@type\":\"Organization\",\"@id\":\"https:\\\/\\\/blogdofarnesio.com.br\\\/#organization\",\"name\":\"Blog do Farn\u00e9sio\",\"url\":\"https:\\\/\\\/blogdofarnesio.com.br\\\/\",\"logo\":{\"@type\":\"ImageObject\",\"inLanguage\":\"pt-BR\",\"@id\":\"https:\\\/\\\/blogdofarnesio.com.br\\\/#\\\/schema\\\/logo\\\/image\\\/\",\"url\":\"https:\\\/\\\/blogdofarnesio.com.br\\\/wp-content\\\/uploads\\\/2026\\\/03\\\/cropped-logo_new-1.png\",\"contentUrl\":\"https:\\\/\\\/blogdofarnesio.com.br\\\/wp-content\\\/uploads\\\/2026\\\/03\\\/cropped-logo_new-1.png\",\"width\":881,\"height\":685,\"caption\":\"Blog do Farn\u00e9sio\"},\"image\":{\"@id\":\"https:\\\/\\\/blogdofarnesio.com.br\\\/#\\\/schema\\\/logo\\\/image\\\/\"},\"sameAs\":[\"https:\\\/\\\/www.facebook.com\\\/BlogQuerSaberPolitica\\\/\"]},{\"@type\":\"Person\",\"@id\":\"https:\\\/\\\/blogdofarnesio.com.br\\\/#\\\/schema\\\/person\\\/dd1bf5eba40b687199ba45ca6b97dff9\",\"name\":\"teste\",\"image\":{\"@type\":\"ImageObject\",\"inLanguage\":\"pt-BR\",\"@id\":\"https:\\\/\\\/secure.gravatar.com\\\/avatar\\\/2172498d4914b51e1d89a0f97957b035ac4938723a5cac208135d389b6972a6d?s=96&d=mm&r=g\",\"url\":\"https:\\\/\\\/secure.gravatar.com\\\/avatar\\\/2172498d4914b51e1d89a0f97957b035ac4938723a5cac208135d389b6972a6d?s=96&d=mm&r=g\",\"contentUrl\":\"https:\\\/\\\/secure.gravatar.com\\\/avatar\\\/2172498d4914b51e1d89a0f97957b035ac4938723a5cac208135d389b6972a6d?s=96&d=mm&r=g\",\"caption\":\"teste\"},\"url\":\"https:\\\/\\\/blogdofarnesio.com.br\\\/?author=3\"}]}<\/script>\n<!-- \/ Yoast SEO plugin. -->","yoast_head_json":{"title":"C\u00c2MARA DEVE JULGAR E REPROVAR AS CONTAS DO GOVERNO DILMA - Blog do Farn\u00e9sio","robots":{"index":"index","follow":"follow","max-snippet":"max-snippet:-1","max-image-preview":"max-image-preview:large","max-video-preview":"max-video-preview:-1"},"canonical":"https:\/\/blogdofarnesio.com.br\/?p=127283","og_locale":"pt_BR","og_type":"article","og_title":"C\u00c2MARA DEVE JULGAR E REPROVAR AS CONTAS DO GOVERNO DILMA - Blog do Farn\u00e9sio","og_description":"O Congresso deve finalmente votar as contas do governo ap\u00f3s o recesso. Essa obriga\u00e7\u00e3o constitucional n\u00e3o \u00e9 cumprida desde 2002. Na oposi\u00e7\u00e3o, o presidente da C\u00e2mara, Eduardo Cunha, articula a rejei\u00e7\u00e3o das contas, o que tornaria Dilma sujeita a responder por crime de responsabilidade, com perda de mandato e inelegibilidade. Cunha vai p\u00f4r em vota\u00e7\u00e3o tamb\u00e9m contas de FHC (2002) e de Lula (2006-2008). O julgamento no Congresso \u00e9 baseado em relat\u00f3rios do Tribunal de Contas da Uni\u00e3o. Contas rejeitadas geram inelegibilidade por 8 anos. As contas de Dilma devem passar pela Comiss\u00e3o Mista de Or\u00e7amento. O PT tentar\u00e1 retardar a an\u00e1lise do caso. Eduardo Cunha considera que \u00e9 melhor direcionar a crise para o Planalto, antes que o Congresso&hellip;","og_url":"https:\/\/blogdofarnesio.com.br\/?p=127283","og_site_name":"Blog do Farn\u00e9sio","article_publisher":"https:\/\/www.facebook.com\/BlogQuerSaberPolitica\/","article_published_time":"2015-07-26T14:30:03+00:00","og_image":[{"url":"http:\/\/www.quersaberpolitica.com.br\/2016\/wp-content\/uploads\/2015\/07\/blogqspEduardo-Cunha-e-Dilma-Antonio-Cruz-ABr-300x188.jpg","type":"","width":"","height":""}],"author":"teste","twitter_card":"summary_large_image","twitter_misc":{"Escrito por":"teste","Est. tempo de leitura":"1 minuto"},"schema":{"@context":"https:\/\/schema.org","@graph":[{"@type":"Article","@id":"https:\/\/blogdofarnesio.com.br\/?p=127283#article","isPartOf":{"@id":"https:\/\/blogdofarnesio.com.br\/?p=127283"},"author":{"name":"teste","@id":"https:\/\/blogdofarnesio.com.br\/#\/schema\/person\/dd1bf5eba40b687199ba45ca6b97dff9"},"headline":"C\u00c2MARA DEVE JULGAR E REPROVAR AS CONTAS DO GOVERNO DILMA","datePublished":"2015-07-26T14:30:03+00:00","mainEntityOfPage":{"@id":"https:\/\/blogdofarnesio.com.br\/?p=127283"},"wordCount":172,"commentCount":0,"publisher":{"@id":"https:\/\/blogdofarnesio.com.br\/#organization"},"image":{"@id":"https:\/\/blogdofarnesio.com.br\/?p=127283#primaryimage"},"thumbnailUrl":"http:\/\/www.quersaberpolitica.com.br\/2016\/wp-content\/uploads\/2015\/07\/blogqspEduardo-Cunha-e-Dilma-Antonio-Cruz-ABr-300x188.jpg","articleSection":["Pol\u00edtica"],"inLanguage":"pt-BR","potentialAction":[{"@type":"CommentAction","name":"Comment","target":["https:\/\/blogdofarnesio.com.br\/?p=127283#respond"]}]},{"@type":"WebPage","@id":"https:\/\/blogdofarnesio.com.br\/?p=127283","url":"https:\/\/blogdofarnesio.com.br\/?p=127283","name":"C\u00c2MARA DEVE JULGAR E REPROVAR AS CONTAS DO GOVERNO DILMA - Blog do Farn\u00e9sio","isPartOf":{"@id":"https:\/\/blogdofarnesio.com.br\/#website"},"primaryImageOfPage":{"@id":"https:\/\/blogdofarnesio.com.br\/?p=127283#primaryimage"},"image":{"@id":"https:\/\/blogdofarnesio.com.br\/?p=127283#primaryimage"},"thumbnailUrl":"http:\/\/www.quersaberpolitica.com.br\/2016\/wp-content\/uploads\/2015\/07\/blogqspEduardo-Cunha-e-Dilma-Antonio-Cruz-ABr-300x188.jpg","datePublished":"2015-07-26T14:30:03+00:00","breadcrumb":{"@id":"https:\/\/blogdofarnesio.com.br\/?p=127283#breadcrumb"},"inLanguage":"pt-BR","potentialAction":[{"@type":"ReadAction","target":["https:\/\/blogdofarnesio.com.br\/?p=127283"]}]},{"@type":"ImageObject","inLanguage":"pt-BR","@id":"https:\/\/blogdofarnesio.com.br\/?p=127283#primaryimage","url":"http:\/\/www.quersaberpolitica.com.br\/2016\/wp-content\/uploads\/2015\/07\/blogqspEduardo-Cunha-e-Dilma-Antonio-Cruz-ABr-300x188.jpg","contentUrl":"http:\/\/www.quersaberpolitica.com.br\/2016\/wp-content\/uploads\/2015\/07\/blogqspEduardo-Cunha-e-Dilma-Antonio-Cruz-ABr-300x188.jpg"},{"@type":"BreadcrumbList","@id":"https:\/\/blogdofarnesio.com.br\/?p=127283#breadcrumb","itemListElement":[{"@type":"ListItem","position":1,"name":"In\u00edcio","item":"https:\/\/blogdofarnesio.com.br\/"},{"@type":"ListItem","position":2,"name":"C\u00c2MARA DEVE JULGAR E REPROVAR AS CONTAS DO GOVERNO DILMA"}]},{"@type":"WebSite","@id":"https:\/\/blogdofarnesio.com.br\/#website","url":"https:\/\/blogdofarnesio.com.br\/","name":"Blog do Farn\u00e9sio","description":"Quer Saber Pol\u00edtica?","publisher":{"@id":"https:\/\/blogdofarnesio.com.br\/#organization"},"potentialAction":[{"@type":"SearchAction","target":{"@type":"EntryPoint","urlTemplate":"https:\/\/blogdofarnesio.com.br\/?s={search_term_string}"},"query-input":{"@type":"PropertyValueSpecification","valueRequired":true,"valueName":"search_term_string"}}],"inLanguage":"pt-BR"},{"@type":"Organization","@id":"https:\/\/blogdofarnesio.com.br\/#organization","name":"Blog do Farn\u00e9sio","url":"https:\/\/blogdofarnesio.com.br\/","logo":{"@type":"ImageObject","inLanguage":"pt-BR","@id":"https:\/\/blogdofarnesio.com.br\/#\/schema\/logo\/image\/","url":"https:\/\/blogdofarnesio.com.br\/wp-content\/uploads\/2026\/03\/cropped-logo_new-1.png","contentUrl":"https:\/\/blogdofarnesio.com.br\/wp-content\/uploads\/2026\/03\/cropped-logo_new-1.png","width":881,"height":685,"caption":"Blog do Farn\u00e9sio"},"image":{"@id":"https:\/\/blogdofarnesio.com.br\/#\/schema\/logo\/image\/"},"sameAs":["https:\/\/www.facebook.com\/BlogQuerSaberPolitica\/"]},{"@type":"Person","@id":"https:\/\/blogdofarnesio.com.br\/#\/schema\/person\/dd1bf5eba40b687199ba45ca6b97dff9","name":"teste","image":{"@type":"ImageObject","inLanguage":"pt-BR","@id":"https:\/\/secure.gravatar.com\/avatar\/2172498d4914b51e1d89a0f97957b035ac4938723a5cac208135d389b6972a6d?s=96&d=mm&r=g","url":"https:\/\/secure.gravatar.com\/avatar\/2172498d4914b51e1d89a0f97957b035ac4938723a5cac208135d389b6972a6d?s=96&d=mm&r=g","contentUrl":"https:\/\/secure.gravatar.com\/avatar\/2172498d4914b51e1d89a0f97957b035ac4938723a5cac208135d389b6972a6d?s=96&d=mm&r=g","caption":"teste"},"url":"https:\/\/blogdofarnesio.com.br\/?author=3"}]}},"_links":{"self":[{"href":"https:\/\/blogdofarnesio.com.br\/index.php?rest_route=\/wp\/v2\/posts\/127283","targetHints":{"allow":["GET"]}}],"collection":[{"href":"https:\/\/blogdofarnesio.com.br\/index.php?rest_route=\/wp\/v2\/posts"}],"about":[{"href":"https:\/\/blogdofarnesio.com.br\/index.php?rest_route=\/wp\/v2\/types\/post"}],"author":[{"embeddable":true,"href":"https:\/\/blogdofarnesio.com.br\/index.php?rest_route=\/wp\/v2\/users\/3"}],"replies":[{"embeddable":true,"href":"https:\/\/blogdofarnesio.com.br\/index.php?rest_route=%2Fwp%2Fv2%2Fcomments&post=127283"}],"version-history":[{"count":0,"href":"https:\/\/blogdofarnesio.com.br\/index.php?rest_route=\/wp\/v2\/posts\/127283\/revisions"}],"wp:attachment":[{"href":"https:\/\/blogdofarnesio.com.br\/index.php?rest_route=%2Fwp%2Fv2%2Fmedia&parent=127283"}],"wp:term":[{"taxonomy":"category","embeddable":true,"href":"https:\/\/blogdofarnesio.com.br\/index.php?rest_route=%2Fwp%2Fv2%2Fcategories&post=127283"},{"taxonomy":"post_tag","embeddable":true,"href":"https:\/\/blogdofarnesio.com.br\/index.php?rest_route=%2Fwp%2Fv2%2Ftags&post=127283"}],"curies":[{"name":"wp","href":"https:\/\/api.w.org\/{rel}","templated":true}]}}