{"id":127031,"date":"2015-07-21T06:30:37","date_gmt":"2015-07-21T09:30:37","guid":{"rendered":"http:\/\/www.quersaberpolitica.com.br\/?p=127031"},"modified":"2015-07-20T21:18:49","modified_gmt":"2015-07-21T00:18:49","slug":"ex-presidiario-e-morto-por-apedrejamento-em-petrolina","status":"publish","type":"post","link":"https:\/\/blogdofarnesio.com.br\/?p=127031","title":{"rendered":"POL\u00cdCIA INVESTIGA MORTE DE EX-PRESIDI\u00c1RIO POR APEDREJAMENTO EM PETROLINA"},"content":{"rendered":"<div id=\"post-body-4439174005634111002\" class=\"post-body entry-content\">\n<div class=\"separator\" style=\"text-align: justify\"><a href=\"http:\/\/1.bp.blogspot.com\/-Qe-RXrMCJz0\/Va19N1if8dI\/AAAAAAAATEk\/91vsb4PSE6w\/s1600\/cats.jpg\"><img loading=\"lazy\" decoding=\"async\" class=\" aligncenter\" src=\"http:\/\/1.bp.blogspot.com\/-Qe-RXrMCJz0\/Va19N1if8dI\/AAAAAAAATEk\/91vsb4PSE6w\/s640\/cats.jpg\" alt=\"\" width=\"425\" height=\"237\" border=\"0\" \/><\/a><\/div>\n<div style=\"text-align: justify\">Um ex-presidi\u00e1rio, de 38 anos, foi morto a pedradas no bairro Cohab Massangano, na tarde de domingo (19). De acordo com as informa\u00e7\u00f5es do 5\u00ba Batalh\u00e3o de Pol\u00edcia Militar (BPM), Dami\u00e3o Monteiro de Farias, que era morador do bairro Jo\u00e3o de Deus, foi encontrado j\u00e1 sem vida num terreno baldio, ao lado de uma constru\u00e7\u00e3o inacabada.<\/div>\n<div style=\"text-align: justify\"><\/div>\n<div style=\"text-align: justify\">As imagens de c\u00e2meras de seguran\u00e7a de pr\u00e9dios pr\u00f3ximos ao local onde o corpo foi encontrado j\u00e1 foram entregues \u00e0 pol\u00edcia. Segundo o 5\u00ba BPM, as filmagens captaram a movimenta\u00e7\u00e3o da v\u00edtima e de outras pessoas antes do crime (que utilizavam o local para consumirem drogas). O corpo foi removido pelo Instituto de Criminal\u00edstica e encaminhado ao Instituto de Medicina Legal (IML).<\/div>\n<\/div>\n","protected":false},"excerpt":{"rendered":"<p>Um ex-presidi\u00e1rio, de 38 anos, foi morto a pedradas no bairro Cohab Massangano, na tarde de domingo (19). De acordo com as informa\u00e7\u00f5es do 5\u00ba Batalh\u00e3o de Pol\u00edcia Militar (BPM), Dami\u00e3o Monteiro de Farias, que era morador do bairro Jo\u00e3o de Deus, foi encontrado j\u00e1 sem vida num terreno baldio, ao lado de uma constru\u00e7\u00e3o inacabada. As imagens de c\u00e2meras de seguran\u00e7a de pr\u00e9dios pr\u00f3ximos ao local onde o corpo foi encontrado j\u00e1 foram entregues \u00e0 pol\u00edcia. Segundo o 5\u00ba BPM, as filmagens captaram a movimenta\u00e7\u00e3o da v\u00edtima e de outras pessoas antes do crime (que utilizavam o local para consumirem drogas). O corpo foi removido pelo Instituto de Criminal\u00edstica e encaminhado ao Instituto de Medicina Legal (IML).<\/p>\n","protected":false},"author":3,"featured_media":0,"comment_status":"open","ping_status":"open","sticky":false,"template":"","format":"standard","meta":{"_acf_changed":false,"footnotes":""},"categories":[9],"tags":[],"class_list":["post-127031","post","type-post","status-publish","format-standard","hentry","category-policia"],"acf":[],"yoast_head":"<!-- This site is optimized with the Yoast SEO plugin v27.4 - https:\/\/yoast.com\/product\/yoast-seo-wordpress\/ -->\n<title>POL\u00cdCIA INVESTIGA MORTE DE EX-PRESIDI\u00c1RIO POR APEDREJAMENTO EM PETROLINA - Blog do Farn\u00e9sio<\/title>\n<meta name=\"robots\" content=\"index, follow, max-snippet:-1, max-image-preview:large, max-video-preview:-1\" \/>\n<link rel=\"canonical\" href=\"https:\/\/blogdofarnesio.com.br\/?p=127031\" \/>\n<meta property=\"og:locale\" content=\"pt_BR\" \/>\n<meta property=\"og:type\" content=\"article\" \/>\n<meta property=\"og:title\" content=\"POL\u00cdCIA INVESTIGA MORTE DE EX-PRESIDI\u00c1RIO POR APEDREJAMENTO EM PETROLINA - Blog do Farn\u00e9sio\" \/>\n<meta property=\"og:description\" content=\"Um ex-presidi\u00e1rio, de 38 anos, foi morto a pedradas no bairro Cohab Massangano, na tarde de domingo (19). De acordo com as informa\u00e7\u00f5es do 5\u00ba Batalh\u00e3o de Pol\u00edcia Militar (BPM), Dami\u00e3o Monteiro de Farias, que era morador do bairro Jo\u00e3o de Deus, foi encontrado j\u00e1 sem vida num terreno baldio, ao lado de uma constru\u00e7\u00e3o inacabada. As imagens de c\u00e2meras de seguran\u00e7a de pr\u00e9dios pr\u00f3ximos ao local onde o corpo foi encontrado j\u00e1 foram entregues \u00e0 pol\u00edcia. Segundo o 5\u00ba BPM, as filmagens captaram a movimenta\u00e7\u00e3o da v\u00edtima e de outras pessoas antes do crime (que utilizavam o local para consumirem drogas). O corpo foi removido pelo Instituto de Criminal\u00edstica e encaminhado ao Instituto de Medicina Legal (IML).\" \/>\n<meta property=\"og:url\" content=\"https:\/\/blogdofarnesio.com.br\/?p=127031\" \/>\n<meta property=\"og:site_name\" content=\"Blog do Farn\u00e9sio\" \/>\n<meta property=\"article:publisher\" content=\"https:\/\/www.facebook.com\/BlogQuerSaberPolitica\/\" \/>\n<meta property=\"article:published_time\" content=\"2015-07-21T09:30:37+00:00\" \/>\n<meta property=\"og:image\" content=\"http:\/\/1.bp.blogspot.com\/-Qe-RXrMCJz0\/Va19N1if8dI\/AAAAAAAATEk\/91vsb4PSE6w\/s640\/cats.jpg\" \/>\n<meta name=\"author\" content=\"teste\" \/>\n<meta name=\"twitter:card\" content=\"summary_large_image\" \/>\n<meta name=\"twitter:label1\" content=\"Escrito por\" \/>\n\t<meta name=\"twitter:data1\" content=\"teste\" \/>\n\t<meta name=\"twitter:label2\" content=\"Est. tempo de leitura\" \/>\n\t<meta name=\"twitter:data2\" content=\"1 minuto\" \/>\n<script type=\"application\/ld+json\" class=\"yoast-schema-graph\">{\"@context\":\"https:\\\/\\\/schema.org\",\"@graph\":[{\"@type\":\"Article\",\"@id\":\"https:\\\/\\\/blogdofarnesio.com.br\\\/?p=127031#article\",\"isPartOf\":{\"@id\":\"https:\\\/\\\/blogdofarnesio.com.br\\\/?p=127031\"},\"author\":{\"name\":\"teste\",\"@id\":\"https:\\\/\\\/blogdofarnesio.com.br\\\/#\\\/schema\\\/person\\\/dd1bf5eba40b687199ba45ca6b97dff9\"},\"headline\":\"POL\u00cdCIA INVESTIGA MORTE DE EX-PRESIDI\u00c1RIO POR APEDREJAMENTO EM PETROLINA\",\"datePublished\":\"2015-07-21T09:30:37+00:00\",\"mainEntityOfPage\":{\"@id\":\"https:\\\/\\\/blogdofarnesio.com.br\\\/?p=127031\"},\"wordCount\":139,\"commentCount\":0,\"publisher\":{\"@id\":\"https:\\\/\\\/blogdofarnesio.com.br\\\/#organization\"},\"image\":{\"@id\":\"https:\\\/\\\/blogdofarnesio.com.br\\\/?p=127031#primaryimage\"},\"thumbnailUrl\":\"http:\\\/\\\/1.bp.blogspot.com\\\/-Qe-RXrMCJz0\\\/Va19N1if8dI\\\/AAAAAAAATEk\\\/91vsb4PSE6w\\\/s640\\\/cats.jpg\",\"articleSection\":[\"Pol\u00edcia\"],\"inLanguage\":\"pt-BR\",\"potentialAction\":[{\"@type\":\"CommentAction\",\"name\":\"Comment\",\"target\":[\"https:\\\/\\\/blogdofarnesio.com.br\\\/?p=127031#respond\"]}]},{\"@type\":\"WebPage\",\"@id\":\"https:\\\/\\\/blogdofarnesio.com.br\\\/?p=127031\",\"url\":\"https:\\\/\\\/blogdofarnesio.com.br\\\/?p=127031\",\"name\":\"POL\u00cdCIA INVESTIGA MORTE DE EX-PRESIDI\u00c1RIO POR APEDREJAMENTO EM PETROLINA - Blog do Farn\u00e9sio\",\"isPartOf\":{\"@id\":\"https:\\\/\\\/blogdofarnesio.com.br\\\/#website\"},\"primaryImageOfPage\":{\"@id\":\"https:\\\/\\\/blogdofarnesio.com.br\\\/?p=127031#primaryimage\"},\"image\":{\"@id\":\"https:\\\/\\\/blogdofarnesio.com.br\\\/?p=127031#primaryimage\"},\"thumbnailUrl\":\"http:\\\/\\\/1.bp.blogspot.com\\\/-Qe-RXrMCJz0\\\/Va19N1if8dI\\\/AAAAAAAATEk\\\/91vsb4PSE6w\\\/s640\\\/cats.jpg\",\"datePublished\":\"2015-07-21T09:30:37+00:00\",\"breadcrumb\":{\"@id\":\"https:\\\/\\\/blogdofarnesio.com.br\\\/?p=127031#breadcrumb\"},\"inLanguage\":\"pt-BR\",\"potentialAction\":[{\"@type\":\"ReadAction\",\"target\":[\"https:\\\/\\\/blogdofarnesio.com.br\\\/?p=127031\"]}]},{\"@type\":\"ImageObject\",\"inLanguage\":\"pt-BR\",\"@id\":\"https:\\\/\\\/blogdofarnesio.com.br\\\/?p=127031#primaryimage\",\"url\":\"http:\\\/\\\/1.bp.blogspot.com\\\/-Qe-RXrMCJz0\\\/Va19N1if8dI\\\/AAAAAAAATEk\\\/91vsb4PSE6w\\\/s640\\\/cats.jpg\",\"contentUrl\":\"http:\\\/\\\/1.bp.blogspot.com\\\/-Qe-RXrMCJz0\\\/Va19N1if8dI\\\/AAAAAAAATEk\\\/91vsb4PSE6w\\\/s640\\\/cats.jpg\"},{\"@type\":\"BreadcrumbList\",\"@id\":\"https:\\\/\\\/blogdofarnesio.com.br\\\/?p=127031#breadcrumb\",\"itemListElement\":[{\"@type\":\"ListItem\",\"position\":1,\"name\":\"In\u00edcio\",\"item\":\"https:\\\/\\\/blogdofarnesio.com.br\\\/\"},{\"@type\":\"ListItem\",\"position\":2,\"name\":\"POL\u00cdCIA INVESTIGA MORTE DE EX-PRESIDI\u00c1RIO POR APEDREJAMENTO EM PETROLINA\"}]},{\"@type\":\"WebSite\",\"@id\":\"https:\\\/\\\/blogdofarnesio.com.br\\\/#website\",\"url\":\"https:\\\/\\\/blogdofarnesio.com.br\\\/\",\"name\":\"Blog do Farn\u00e9sio\",\"description\":\"Quer Saber Pol\u00edtica?\",\"publisher\":{\"@id\":\"https:\\\/\\\/blogdofarnesio.com.br\\\/#organization\"},\"potentialAction\":[{\"@type\":\"SearchAction\",\"target\":{\"@type\":\"EntryPoint\",\"urlTemplate\":\"https:\\\/\\\/blogdofarnesio.com.br\\\/?s={search_term_string}\"},\"query-input\":{\"@type\":\"PropertyValueSpecification\",\"valueRequired\":true,\"valueName\":\"search_term_string\"}}],\"inLanguage\":\"pt-BR\"},{\"@type\":\"Organization\",\"@id\":\"https:\\\/\\\/blogdofarnesio.com.br\\\/#organization\",\"name\":\"Blog do Farn\u00e9sio\",\"url\":\"https:\\\/\\\/blogdofarnesio.com.br\\\/\",\"logo\":{\"@type\":\"ImageObject\",\"inLanguage\":\"pt-BR\",\"@id\":\"https:\\\/\\\/blogdofarnesio.com.br\\\/#\\\/schema\\\/logo\\\/image\\\/\",\"url\":\"https:\\\/\\\/blogdofarnesio.com.br\\\/wp-content\\\/uploads\\\/2026\\\/03\\\/cropped-logo_new-1.png\",\"contentUrl\":\"https:\\\/\\\/blogdofarnesio.com.br\\\/wp-content\\\/uploads\\\/2026\\\/03\\\/cropped-logo_new-1.png\",\"width\":881,\"height\":685,\"caption\":\"Blog do Farn\u00e9sio\"},\"image\":{\"@id\":\"https:\\\/\\\/blogdofarnesio.com.br\\\/#\\\/schema\\\/logo\\\/image\\\/\"},\"sameAs\":[\"https:\\\/\\\/www.facebook.com\\\/BlogQuerSaberPolitica\\\/\"]},{\"@type\":\"Person\",\"@id\":\"https:\\\/\\\/blogdofarnesio.com.br\\\/#\\\/schema\\\/person\\\/dd1bf5eba40b687199ba45ca6b97dff9\",\"name\":\"teste\",\"image\":{\"@type\":\"ImageObject\",\"inLanguage\":\"pt-BR\",\"@id\":\"https:\\\/\\\/secure.gravatar.com\\\/avatar\\\/2172498d4914b51e1d89a0f97957b035ac4938723a5cac208135d389b6972a6d?s=96&d=mm&r=g\",\"url\":\"https:\\\/\\\/secure.gravatar.com\\\/avatar\\\/2172498d4914b51e1d89a0f97957b035ac4938723a5cac208135d389b6972a6d?s=96&d=mm&r=g\",\"contentUrl\":\"https:\\\/\\\/secure.gravatar.com\\\/avatar\\\/2172498d4914b51e1d89a0f97957b035ac4938723a5cac208135d389b6972a6d?s=96&d=mm&r=g\",\"caption\":\"teste\"},\"url\":\"https:\\\/\\\/blogdofarnesio.com.br\\\/?author=3\"}]}<\/script>\n<!-- \/ Yoast SEO plugin. -->","yoast_head_json":{"title":"POL\u00cdCIA INVESTIGA MORTE DE EX-PRESIDI\u00c1RIO POR APEDREJAMENTO EM PETROLINA - Blog do Farn\u00e9sio","robots":{"index":"index","follow":"follow","max-snippet":"max-snippet:-1","max-image-preview":"max-image-preview:large","max-video-preview":"max-video-preview:-1"},"canonical":"https:\/\/blogdofarnesio.com.br\/?p=127031","og_locale":"pt_BR","og_type":"article","og_title":"POL\u00cdCIA INVESTIGA MORTE DE EX-PRESIDI\u00c1RIO POR APEDREJAMENTO EM PETROLINA - Blog do Farn\u00e9sio","og_description":"Um ex-presidi\u00e1rio, de 38 anos, foi morto a pedradas no bairro Cohab Massangano, na tarde de domingo (19). De acordo com as informa\u00e7\u00f5es do 5\u00ba Batalh\u00e3o de Pol\u00edcia Militar (BPM), Dami\u00e3o Monteiro de Farias, que era morador do bairro Jo\u00e3o de Deus, foi encontrado j\u00e1 sem vida num terreno baldio, ao lado de uma constru\u00e7\u00e3o inacabada. As imagens de c\u00e2meras de seguran\u00e7a de pr\u00e9dios pr\u00f3ximos ao local onde o corpo foi encontrado j\u00e1 foram entregues \u00e0 pol\u00edcia. Segundo o 5\u00ba BPM, as filmagens captaram a movimenta\u00e7\u00e3o da v\u00edtima e de outras pessoas antes do crime (que utilizavam o local para consumirem drogas). O corpo foi removido pelo Instituto de Criminal\u00edstica e encaminhado ao Instituto de Medicina Legal (IML).","og_url":"https:\/\/blogdofarnesio.com.br\/?p=127031","og_site_name":"Blog do Farn\u00e9sio","article_publisher":"https:\/\/www.facebook.com\/BlogQuerSaberPolitica\/","article_published_time":"2015-07-21T09:30:37+00:00","og_image":[{"url":"http:\/\/1.bp.blogspot.com\/-Qe-RXrMCJz0\/Va19N1if8dI\/AAAAAAAATEk\/91vsb4PSE6w\/s640\/cats.jpg","type":"","width":"","height":""}],"author":"teste","twitter_card":"summary_large_image","twitter_misc":{"Escrito por":"teste","Est. tempo de leitura":"1 minuto"},"schema":{"@context":"https:\/\/schema.org","@graph":[{"@type":"Article","@id":"https:\/\/blogdofarnesio.com.br\/?p=127031#article","isPartOf":{"@id":"https:\/\/blogdofarnesio.com.br\/?p=127031"},"author":{"name":"teste","@id":"https:\/\/blogdofarnesio.com.br\/#\/schema\/person\/dd1bf5eba40b687199ba45ca6b97dff9"},"headline":"POL\u00cdCIA INVESTIGA MORTE DE EX-PRESIDI\u00c1RIO POR APEDREJAMENTO EM PETROLINA","datePublished":"2015-07-21T09:30:37+00:00","mainEntityOfPage":{"@id":"https:\/\/blogdofarnesio.com.br\/?p=127031"},"wordCount":139,"commentCount":0,"publisher":{"@id":"https:\/\/blogdofarnesio.com.br\/#organization"},"image":{"@id":"https:\/\/blogdofarnesio.com.br\/?p=127031#primaryimage"},"thumbnailUrl":"http:\/\/1.bp.blogspot.com\/-Qe-RXrMCJz0\/Va19N1if8dI\/AAAAAAAATEk\/91vsb4PSE6w\/s640\/cats.jpg","articleSection":["Pol\u00edcia"],"inLanguage":"pt-BR","potentialAction":[{"@type":"CommentAction","name":"Comment","target":["https:\/\/blogdofarnesio.com.br\/?p=127031#respond"]}]},{"@type":"WebPage","@id":"https:\/\/blogdofarnesio.com.br\/?p=127031","url":"https:\/\/blogdofarnesio.com.br\/?p=127031","name":"POL\u00cdCIA INVESTIGA MORTE DE EX-PRESIDI\u00c1RIO POR APEDREJAMENTO EM PETROLINA - Blog do Farn\u00e9sio","isPartOf":{"@id":"https:\/\/blogdofarnesio.com.br\/#website"},"primaryImageOfPage":{"@id":"https:\/\/blogdofarnesio.com.br\/?p=127031#primaryimage"},"image":{"@id":"https:\/\/blogdofarnesio.com.br\/?p=127031#primaryimage"},"thumbnailUrl":"http:\/\/1.bp.blogspot.com\/-Qe-RXrMCJz0\/Va19N1if8dI\/AAAAAAAATEk\/91vsb4PSE6w\/s640\/cats.jpg","datePublished":"2015-07-21T09:30:37+00:00","breadcrumb":{"@id":"https:\/\/blogdofarnesio.com.br\/?p=127031#breadcrumb"},"inLanguage":"pt-BR","potentialAction":[{"@type":"ReadAction","target":["https:\/\/blogdofarnesio.com.br\/?p=127031"]}]},{"@type":"ImageObject","inLanguage":"pt-BR","@id":"https:\/\/blogdofarnesio.com.br\/?p=127031#primaryimage","url":"http:\/\/1.bp.blogspot.com\/-Qe-RXrMCJz0\/Va19N1if8dI\/AAAAAAAATEk\/91vsb4PSE6w\/s640\/cats.jpg","contentUrl":"http:\/\/1.bp.blogspot.com\/-Qe-RXrMCJz0\/Va19N1if8dI\/AAAAAAAATEk\/91vsb4PSE6w\/s640\/cats.jpg"},{"@type":"BreadcrumbList","@id":"https:\/\/blogdofarnesio.com.br\/?p=127031#breadcrumb","itemListElement":[{"@type":"ListItem","position":1,"name":"In\u00edcio","item":"https:\/\/blogdofarnesio.com.br\/"},{"@type":"ListItem","position":2,"name":"POL\u00cdCIA INVESTIGA MORTE DE EX-PRESIDI\u00c1RIO POR APEDREJAMENTO EM PETROLINA"}]},{"@type":"WebSite","@id":"https:\/\/blogdofarnesio.com.br\/#website","url":"https:\/\/blogdofarnesio.com.br\/","name":"Blog do Farn\u00e9sio","description":"Quer Saber Pol\u00edtica?","publisher":{"@id":"https:\/\/blogdofarnesio.com.br\/#organization"},"potentialAction":[{"@type":"SearchAction","target":{"@type":"EntryPoint","urlTemplate":"https:\/\/blogdofarnesio.com.br\/?s={search_term_string}"},"query-input":{"@type":"PropertyValueSpecification","valueRequired":true,"valueName":"search_term_string"}}],"inLanguage":"pt-BR"},{"@type":"Organization","@id":"https:\/\/blogdofarnesio.com.br\/#organization","name":"Blog do Farn\u00e9sio","url":"https:\/\/blogdofarnesio.com.br\/","logo":{"@type":"ImageObject","inLanguage":"pt-BR","@id":"https:\/\/blogdofarnesio.com.br\/#\/schema\/logo\/image\/","url":"https:\/\/blogdofarnesio.com.br\/wp-content\/uploads\/2026\/03\/cropped-logo_new-1.png","contentUrl":"https:\/\/blogdofarnesio.com.br\/wp-content\/uploads\/2026\/03\/cropped-logo_new-1.png","width":881,"height":685,"caption":"Blog do Farn\u00e9sio"},"image":{"@id":"https:\/\/blogdofarnesio.com.br\/#\/schema\/logo\/image\/"},"sameAs":["https:\/\/www.facebook.com\/BlogQuerSaberPolitica\/"]},{"@type":"Person","@id":"https:\/\/blogdofarnesio.com.br\/#\/schema\/person\/dd1bf5eba40b687199ba45ca6b97dff9","name":"teste","image":{"@type":"ImageObject","inLanguage":"pt-BR","@id":"https:\/\/secure.gravatar.com\/avatar\/2172498d4914b51e1d89a0f97957b035ac4938723a5cac208135d389b6972a6d?s=96&d=mm&r=g","url":"https:\/\/secure.gravatar.com\/avatar\/2172498d4914b51e1d89a0f97957b035ac4938723a5cac208135d389b6972a6d?s=96&d=mm&r=g","contentUrl":"https:\/\/secure.gravatar.com\/avatar\/2172498d4914b51e1d89a0f97957b035ac4938723a5cac208135d389b6972a6d?s=96&d=mm&r=g","caption":"teste"},"url":"https:\/\/blogdofarnesio.com.br\/?author=3"}]}},"_links":{"self":[{"href":"https:\/\/blogdofarnesio.com.br\/index.php?rest_route=\/wp\/v2\/posts\/127031","targetHints":{"allow":["GET"]}}],"collection":[{"href":"https:\/\/blogdofarnesio.com.br\/index.php?rest_route=\/wp\/v2\/posts"}],"about":[{"href":"https:\/\/blogdofarnesio.com.br\/index.php?rest_route=\/wp\/v2\/types\/post"}],"author":[{"embeddable":true,"href":"https:\/\/blogdofarnesio.com.br\/index.php?rest_route=\/wp\/v2\/users\/3"}],"replies":[{"embeddable":true,"href":"https:\/\/blogdofarnesio.com.br\/index.php?rest_route=%2Fwp%2Fv2%2Fcomments&post=127031"}],"version-history":[{"count":0,"href":"https:\/\/blogdofarnesio.com.br\/index.php?rest_route=\/wp\/v2\/posts\/127031\/revisions"}],"wp:attachment":[{"href":"https:\/\/blogdofarnesio.com.br\/index.php?rest_route=%2Fwp%2Fv2%2Fmedia&parent=127031"}],"wp:term":[{"taxonomy":"category","embeddable":true,"href":"https:\/\/blogdofarnesio.com.br\/index.php?rest_route=%2Fwp%2Fv2%2Fcategories&post=127031"},{"taxonomy":"post_tag","embeddable":true,"href":"https:\/\/blogdofarnesio.com.br\/index.php?rest_route=%2Fwp%2Fv2%2Ftags&post=127031"}],"curies":[{"name":"wp","href":"https:\/\/api.w.org\/{rel}","templated":true}]}}