{"id":127030,"date":"2015-07-21T10:02:40","date_gmt":"2015-07-21T13:02:40","guid":{"rendered":"http:\/\/www.quersaberpolitica.com.br\/?p=127030"},"modified":"2015-07-21T10:08:48","modified_gmt":"2015-07-21T13:08:48","slug":"proprietarios-de-veiculos-devem-estar-alertas-para-pagamento-do-ipva-finais-7-e-8","status":"publish","type":"post","link":"https:\/\/blogdofarnesio.com.br\/?p=127030","title":{"rendered":"PROPRIET\u00c1RIOS DE VE\u00cdCULOS BAIANOS DEVEM ESTAR ALERTAS PARA PAGAMENTO DO IPVA FINAIS 7 E 8"},"content":{"rendered":"<header class=\"entry-header\">\n<h1 class=\"entry-title\"><img loading=\"lazy\" decoding=\"async\" class=\" size-full wp-image-19835 alignleft\" src=\"http:\/\/www.quersaberpolitica.com.br\/2016\/wp-content\/uploads\/2012\/12\/blogqspchargeipva0.jpg\" alt=\"blogqspchargeipva0\" width=\"192\" height=\"200\" \/><\/h1>\n<\/header>\n<div class=\"entry-content\">\n<p style=\"text-align: justify\">Os propriet\u00e1rios de ve\u00edculos com placas de finais 7 e 8 t\u00eam at\u00e9 os dias 27 e 28 de julho, respectivamente, para aproveitar o desconto de 5% no pagamento do Imposto Sobre Propriedade de Ve\u00edculo Automotor (IPVA). A Secretaria da Fazenda da Bahia (Sefaz-Ba) lembra que o benef\u00edcio \u00e9 valido somente para quita\u00e7\u00e3o \u00e0 vista.<\/p>\n<p style=\"text-align: justify\">Existe ainda a op\u00e7\u00e3o de parcelar o imposto em tr\u00eas vezes. Neste caso, o pagamento da primeira cota tamb\u00e9m deve ser feito at\u00e9 os dias 27 e 28. Outra possibilidade \u00e9 quitar o valor integral do tributo, sem desconto, at\u00e9 29 de setembro, no caso da placa de final 7, e 30 de setembro, para a placa de final 8.<\/p>\n<p style=\"text-align: justify\">Vale lembrar que nos pr\u00f3ximos dias tamb\u00e9m ocorre o vencimento de cotas mensais para quem tamb\u00e9m optou, nos meses anteriores, pelo parcelamento do IPVA. Dia 29 vence a segunda parcela para as placas de final 6. J\u00e1 no dia 31, vence a \u00faltima parcela para a placa de final 5. Caso o propriet\u00e1rio n\u00e3o tenha quitado nenhuma parcela, dever\u00e1 efetuar at\u00e9 esta data o pagamento integral, em cota \u00fanica, sem desconto.<\/p>\n<p style=\"text-align: justify\">As datas de quita\u00e7\u00e3o das demais cotas e placas podem ser conferidas no calend\u00e1rio do IPVA 2015, dispon\u00edvel no site da Sefaz-Ba (<a href=\"www.sefaz.ba.gov.br%20=&gt; Inspetoria Eletr\u00f4nica =&gt; IPVA =&gt; Calend\u00e1rio\">www.sefaz.ba.gov.br =&gt; Inspetoria Eletr\u00f4nica =&gt; IPVA =&gt; Calend\u00e1rio<\/a>). Para efetuar o pagamento, basta dirigir-se a uma ag\u00eancia ou caixa eletr\u00f4nico do Banco do Brasil, Bradesco ou Bancoob, com o n\u00famero do Renavam em m\u00e3os.<\/p>\n<p style=\"text-align: justify\">Em caso de d\u00favida, o contribuinte pode entrar em contato com o call center da Sefaz, pelo 0800 071 0071.<\/p>\n<\/div>\n","protected":false},"excerpt":{"rendered":"<p>Os propriet\u00e1rios de ve\u00edculos com placas de finais 7 e 8 t\u00eam at\u00e9 os dias 27 e 28 de julho, respectivamente, para aproveitar o desconto de 5% no pagamento do Imposto Sobre Propriedade de Ve\u00edculo Automotor (IPVA). A Secretaria da Fazenda da Bahia (Sefaz-Ba) lembra que o benef\u00edcio \u00e9 valido somente para quita\u00e7\u00e3o \u00e0 vista. Existe ainda a op\u00e7\u00e3o de parcelar o imposto em tr\u00eas vezes. Neste caso, o pagamento da primeira cota tamb\u00e9m deve ser feito at\u00e9 os dias 27 e 28. Outra possibilidade \u00e9 quitar o valor integral do tributo, sem desconto, at\u00e9 29 de setembro, no caso da placa de final 7, e 30 de setembro, para a placa de final 8. Vale lembrar que nos pr\u00f3ximos&hellip; <\/p>\n","protected":false},"author":3,"featured_media":0,"comment_status":"open","ping_status":"open","sticky":false,"template":"","format":"standard","meta":{"_acf_changed":false,"footnotes":""},"categories":[21],"tags":[],"class_list":["post-127030","post","type-post","status-publish","format-standard","hentry","category-transito"],"acf":[],"yoast_head":"<!-- This site is optimized with the Yoast SEO plugin v27.4 - https:\/\/yoast.com\/product\/yoast-seo-wordpress\/ -->\n<title>PROPRIET\u00c1RIOS DE VE\u00cdCULOS BAIANOS DEVEM ESTAR ALERTAS PARA PAGAMENTO DO IPVA FINAIS 7 E 8 - Blog do Farn\u00e9sio<\/title>\n<meta name=\"robots\" content=\"index, follow, max-snippet:-1, max-image-preview:large, max-video-preview:-1\" \/>\n<link rel=\"canonical\" href=\"https:\/\/blogdofarnesio.com.br\/?p=127030\" \/>\n<meta property=\"og:locale\" content=\"pt_BR\" \/>\n<meta property=\"og:type\" content=\"article\" \/>\n<meta property=\"og:title\" content=\"PROPRIET\u00c1RIOS DE VE\u00cdCULOS BAIANOS DEVEM ESTAR ALERTAS PARA PAGAMENTO DO IPVA FINAIS 7 E 8 - Blog do Farn\u00e9sio\" \/>\n<meta property=\"og:description\" content=\"Os propriet\u00e1rios de ve\u00edculos com placas de finais 7 e 8 t\u00eam at\u00e9 os dias 27 e 28 de julho, respectivamente, para aproveitar o desconto de 5% no pagamento do Imposto Sobre Propriedade de Ve\u00edculo Automotor (IPVA). A Secretaria da Fazenda da Bahia (Sefaz-Ba) lembra que o benef\u00edcio \u00e9 valido somente para quita\u00e7\u00e3o \u00e0 vista. Existe ainda a op\u00e7\u00e3o de parcelar o imposto em tr\u00eas vezes. Neste caso, o pagamento da primeira cota tamb\u00e9m deve ser feito at\u00e9 os dias 27 e 28. Outra possibilidade \u00e9 quitar o valor integral do tributo, sem desconto, at\u00e9 29 de setembro, no caso da placa de final 7, e 30 de setembro, para a placa de final 8. Vale lembrar que nos pr\u00f3ximos&hellip;\" \/>\n<meta property=\"og:url\" content=\"https:\/\/blogdofarnesio.com.br\/?p=127030\" \/>\n<meta property=\"og:site_name\" content=\"Blog do Farn\u00e9sio\" \/>\n<meta property=\"article:publisher\" content=\"https:\/\/www.facebook.com\/BlogQuerSaberPolitica\/\" \/>\n<meta property=\"article:published_time\" content=\"2015-07-21T13:02:40+00:00\" \/>\n<meta property=\"article:modified_time\" content=\"2015-07-21T13:08:48+00:00\" \/>\n<meta property=\"og:image\" content=\"http:\/\/www.quersaberpolitica.com.br\/2016\/wp-content\/uploads\/2012\/12\/blogqspchargeipva0.jpg\" \/>\n<meta name=\"author\" content=\"teste\" \/>\n<meta name=\"twitter:card\" content=\"summary_large_image\" \/>\n<meta name=\"twitter:label1\" content=\"Escrito por\" \/>\n\t<meta name=\"twitter:data1\" content=\"teste\" \/>\n\t<meta name=\"twitter:label2\" content=\"Est. tempo de leitura\" \/>\n\t<meta name=\"twitter:data2\" content=\"1 minuto\" \/>\n<script type=\"application\/ld+json\" class=\"yoast-schema-graph\">{\"@context\":\"https:\\\/\\\/schema.org\",\"@graph\":[{\"@type\":\"Article\",\"@id\":\"https:\\\/\\\/blogdofarnesio.com.br\\\/?p=127030#article\",\"isPartOf\":{\"@id\":\"https:\\\/\\\/blogdofarnesio.com.br\\\/?p=127030\"},\"author\":{\"name\":\"teste\",\"@id\":\"https:\\\/\\\/blogdofarnesio.com.br\\\/#\\\/schema\\\/person\\\/dd1bf5eba40b687199ba45ca6b97dff9\"},\"headline\":\"PROPRIET\u00c1RIOS DE VE\u00cdCULOS BAIANOS DEVEM ESTAR ALERTAS PARA PAGAMENTO DO IPVA FINAIS 7 E 8\",\"datePublished\":\"2015-07-21T13:02:40+00:00\",\"dateModified\":\"2015-07-21T13:08:48+00:00\",\"mainEntityOfPage\":{\"@id\":\"https:\\\/\\\/blogdofarnesio.com.br\\\/?p=127030\"},\"wordCount\":283,\"commentCount\":0,\"publisher\":{\"@id\":\"https:\\\/\\\/blogdofarnesio.com.br\\\/#organization\"},\"image\":{\"@id\":\"https:\\\/\\\/blogdofarnesio.com.br\\\/?p=127030#primaryimage\"},\"thumbnailUrl\":\"http:\\\/\\\/www.quersaberpolitica.com.br\\\/2016\\\/wp-content\\\/uploads\\\/2012\\\/12\\\/blogqspchargeipva0.jpg\",\"articleSection\":[\"Tr\u00e2nsito\"],\"inLanguage\":\"pt-BR\",\"potentialAction\":[{\"@type\":\"CommentAction\",\"name\":\"Comment\",\"target\":[\"https:\\\/\\\/blogdofarnesio.com.br\\\/?p=127030#respond\"]}]},{\"@type\":\"WebPage\",\"@id\":\"https:\\\/\\\/blogdofarnesio.com.br\\\/?p=127030\",\"url\":\"https:\\\/\\\/blogdofarnesio.com.br\\\/?p=127030\",\"name\":\"PROPRIET\u00c1RIOS DE VE\u00cdCULOS BAIANOS DEVEM ESTAR ALERTAS PARA PAGAMENTO DO IPVA FINAIS 7 E 8 - Blog do Farn\u00e9sio\",\"isPartOf\":{\"@id\":\"https:\\\/\\\/blogdofarnesio.com.br\\\/#website\"},\"primaryImageOfPage\":{\"@id\":\"https:\\\/\\\/blogdofarnesio.com.br\\\/?p=127030#primaryimage\"},\"image\":{\"@id\":\"https:\\\/\\\/blogdofarnesio.com.br\\\/?p=127030#primaryimage\"},\"thumbnailUrl\":\"http:\\\/\\\/www.quersaberpolitica.com.br\\\/2016\\\/wp-content\\\/uploads\\\/2012\\\/12\\\/blogqspchargeipva0.jpg\",\"datePublished\":\"2015-07-21T13:02:40+00:00\",\"dateModified\":\"2015-07-21T13:08:48+00:00\",\"breadcrumb\":{\"@id\":\"https:\\\/\\\/blogdofarnesio.com.br\\\/?p=127030#breadcrumb\"},\"inLanguage\":\"pt-BR\",\"potentialAction\":[{\"@type\":\"ReadAction\",\"target\":[\"https:\\\/\\\/blogdofarnesio.com.br\\\/?p=127030\"]}]},{\"@type\":\"ImageObject\",\"inLanguage\":\"pt-BR\",\"@id\":\"https:\\\/\\\/blogdofarnesio.com.br\\\/?p=127030#primaryimage\",\"url\":\"http:\\\/\\\/www.quersaberpolitica.com.br\\\/2016\\\/wp-content\\\/uploads\\\/2012\\\/12\\\/blogqspchargeipva0.jpg\",\"contentUrl\":\"http:\\\/\\\/www.quersaberpolitica.com.br\\\/2016\\\/wp-content\\\/uploads\\\/2012\\\/12\\\/blogqspchargeipva0.jpg\"},{\"@type\":\"BreadcrumbList\",\"@id\":\"https:\\\/\\\/blogdofarnesio.com.br\\\/?p=127030#breadcrumb\",\"itemListElement\":[{\"@type\":\"ListItem\",\"position\":1,\"name\":\"In\u00edcio\",\"item\":\"https:\\\/\\\/blogdofarnesio.com.br\\\/\"},{\"@type\":\"ListItem\",\"position\":2,\"name\":\"PROPRIET\u00c1RIOS DE VE\u00cdCULOS BAIANOS DEVEM ESTAR ALERTAS PARA PAGAMENTO DO IPVA FINAIS 7 E 8\"}]},{\"@type\":\"WebSite\",\"@id\":\"https:\\\/\\\/blogdofarnesio.com.br\\\/#website\",\"url\":\"https:\\\/\\\/blogdofarnesio.com.br\\\/\",\"name\":\"Blog do Farn\u00e9sio\",\"description\":\"Quer Saber Pol\u00edtica?\",\"publisher\":{\"@id\":\"https:\\\/\\\/blogdofarnesio.com.br\\\/#organization\"},\"potentialAction\":[{\"@type\":\"SearchAction\",\"target\":{\"@type\":\"EntryPoint\",\"urlTemplate\":\"https:\\\/\\\/blogdofarnesio.com.br\\\/?s={search_term_string}\"},\"query-input\":{\"@type\":\"PropertyValueSpecification\",\"valueRequired\":true,\"valueName\":\"search_term_string\"}}],\"inLanguage\":\"pt-BR\"},{\"@type\":\"Organization\",\"@id\":\"https:\\\/\\\/blogdofarnesio.com.br\\\/#organization\",\"name\":\"Blog do Farn\u00e9sio\",\"url\":\"https:\\\/\\\/blogdofarnesio.com.br\\\/\",\"logo\":{\"@type\":\"ImageObject\",\"inLanguage\":\"pt-BR\",\"@id\":\"https:\\\/\\\/blogdofarnesio.com.br\\\/#\\\/schema\\\/logo\\\/image\\\/\",\"url\":\"https:\\\/\\\/blogdofarnesio.com.br\\\/wp-content\\\/uploads\\\/2026\\\/03\\\/cropped-logo_new-1.png\",\"contentUrl\":\"https:\\\/\\\/blogdofarnesio.com.br\\\/wp-content\\\/uploads\\\/2026\\\/03\\\/cropped-logo_new-1.png\",\"width\":881,\"height\":685,\"caption\":\"Blog do Farn\u00e9sio\"},\"image\":{\"@id\":\"https:\\\/\\\/blogdofarnesio.com.br\\\/#\\\/schema\\\/logo\\\/image\\\/\"},\"sameAs\":[\"https:\\\/\\\/www.facebook.com\\\/BlogQuerSaberPolitica\\\/\"]},{\"@type\":\"Person\",\"@id\":\"https:\\\/\\\/blogdofarnesio.com.br\\\/#\\\/schema\\\/person\\\/dd1bf5eba40b687199ba45ca6b97dff9\",\"name\":\"teste\",\"image\":{\"@type\":\"ImageObject\",\"inLanguage\":\"pt-BR\",\"@id\":\"https:\\\/\\\/secure.gravatar.com\\\/avatar\\\/2172498d4914b51e1d89a0f97957b035ac4938723a5cac208135d389b6972a6d?s=96&d=mm&r=g\",\"url\":\"https:\\\/\\\/secure.gravatar.com\\\/avatar\\\/2172498d4914b51e1d89a0f97957b035ac4938723a5cac208135d389b6972a6d?s=96&d=mm&r=g\",\"contentUrl\":\"https:\\\/\\\/secure.gravatar.com\\\/avatar\\\/2172498d4914b51e1d89a0f97957b035ac4938723a5cac208135d389b6972a6d?s=96&d=mm&r=g\",\"caption\":\"teste\"},\"url\":\"https:\\\/\\\/blogdofarnesio.com.br\\\/?author=3\"}]}<\/script>\n<!-- \/ Yoast SEO plugin. -->","yoast_head_json":{"title":"PROPRIET\u00c1RIOS DE VE\u00cdCULOS BAIANOS DEVEM ESTAR ALERTAS PARA PAGAMENTO DO IPVA FINAIS 7 E 8 - Blog do Farn\u00e9sio","robots":{"index":"index","follow":"follow","max-snippet":"max-snippet:-1","max-image-preview":"max-image-preview:large","max-video-preview":"max-video-preview:-1"},"canonical":"https:\/\/blogdofarnesio.com.br\/?p=127030","og_locale":"pt_BR","og_type":"article","og_title":"PROPRIET\u00c1RIOS DE VE\u00cdCULOS BAIANOS DEVEM ESTAR ALERTAS PARA PAGAMENTO DO IPVA FINAIS 7 E 8 - Blog do Farn\u00e9sio","og_description":"Os propriet\u00e1rios de ve\u00edculos com placas de finais 7 e 8 t\u00eam at\u00e9 os dias 27 e 28 de julho, respectivamente, para aproveitar o desconto de 5% no pagamento do Imposto Sobre Propriedade de Ve\u00edculo Automotor (IPVA). A Secretaria da Fazenda da Bahia (Sefaz-Ba) lembra que o benef\u00edcio \u00e9 valido somente para quita\u00e7\u00e3o \u00e0 vista. Existe ainda a op\u00e7\u00e3o de parcelar o imposto em tr\u00eas vezes. Neste caso, o pagamento da primeira cota tamb\u00e9m deve ser feito at\u00e9 os dias 27 e 28. Outra possibilidade \u00e9 quitar o valor integral do tributo, sem desconto, at\u00e9 29 de setembro, no caso da placa de final 7, e 30 de setembro, para a placa de final 8. Vale lembrar que nos pr\u00f3ximos&hellip;","og_url":"https:\/\/blogdofarnesio.com.br\/?p=127030","og_site_name":"Blog do Farn\u00e9sio","article_publisher":"https:\/\/www.facebook.com\/BlogQuerSaberPolitica\/","article_published_time":"2015-07-21T13:02:40+00:00","article_modified_time":"2015-07-21T13:08:48+00:00","og_image":[{"url":"http:\/\/www.quersaberpolitica.com.br\/2016\/wp-content\/uploads\/2012\/12\/blogqspchargeipva0.jpg","type":"","width":"","height":""}],"author":"teste","twitter_card":"summary_large_image","twitter_misc":{"Escrito por":"teste","Est. tempo de leitura":"1 minuto"},"schema":{"@context":"https:\/\/schema.org","@graph":[{"@type":"Article","@id":"https:\/\/blogdofarnesio.com.br\/?p=127030#article","isPartOf":{"@id":"https:\/\/blogdofarnesio.com.br\/?p=127030"},"author":{"name":"teste","@id":"https:\/\/blogdofarnesio.com.br\/#\/schema\/person\/dd1bf5eba40b687199ba45ca6b97dff9"},"headline":"PROPRIET\u00c1RIOS DE VE\u00cdCULOS BAIANOS DEVEM ESTAR ALERTAS PARA PAGAMENTO DO IPVA FINAIS 7 E 8","datePublished":"2015-07-21T13:02:40+00:00","dateModified":"2015-07-21T13:08:48+00:00","mainEntityOfPage":{"@id":"https:\/\/blogdofarnesio.com.br\/?p=127030"},"wordCount":283,"commentCount":0,"publisher":{"@id":"https:\/\/blogdofarnesio.com.br\/#organization"},"image":{"@id":"https:\/\/blogdofarnesio.com.br\/?p=127030#primaryimage"},"thumbnailUrl":"http:\/\/www.quersaberpolitica.com.br\/2016\/wp-content\/uploads\/2012\/12\/blogqspchargeipva0.jpg","articleSection":["Tr\u00e2nsito"],"inLanguage":"pt-BR","potentialAction":[{"@type":"CommentAction","name":"Comment","target":["https:\/\/blogdofarnesio.com.br\/?p=127030#respond"]}]},{"@type":"WebPage","@id":"https:\/\/blogdofarnesio.com.br\/?p=127030","url":"https:\/\/blogdofarnesio.com.br\/?p=127030","name":"PROPRIET\u00c1RIOS DE VE\u00cdCULOS BAIANOS DEVEM ESTAR ALERTAS PARA PAGAMENTO DO IPVA FINAIS 7 E 8 - Blog do Farn\u00e9sio","isPartOf":{"@id":"https:\/\/blogdofarnesio.com.br\/#website"},"primaryImageOfPage":{"@id":"https:\/\/blogdofarnesio.com.br\/?p=127030#primaryimage"},"image":{"@id":"https:\/\/blogdofarnesio.com.br\/?p=127030#primaryimage"},"thumbnailUrl":"http:\/\/www.quersaberpolitica.com.br\/2016\/wp-content\/uploads\/2012\/12\/blogqspchargeipva0.jpg","datePublished":"2015-07-21T13:02:40+00:00","dateModified":"2015-07-21T13:08:48+00:00","breadcrumb":{"@id":"https:\/\/blogdofarnesio.com.br\/?p=127030#breadcrumb"},"inLanguage":"pt-BR","potentialAction":[{"@type":"ReadAction","target":["https:\/\/blogdofarnesio.com.br\/?p=127030"]}]},{"@type":"ImageObject","inLanguage":"pt-BR","@id":"https:\/\/blogdofarnesio.com.br\/?p=127030#primaryimage","url":"http:\/\/www.quersaberpolitica.com.br\/2016\/wp-content\/uploads\/2012\/12\/blogqspchargeipva0.jpg","contentUrl":"http:\/\/www.quersaberpolitica.com.br\/2016\/wp-content\/uploads\/2012\/12\/blogqspchargeipva0.jpg"},{"@type":"BreadcrumbList","@id":"https:\/\/blogdofarnesio.com.br\/?p=127030#breadcrumb","itemListElement":[{"@type":"ListItem","position":1,"name":"In\u00edcio","item":"https:\/\/blogdofarnesio.com.br\/"},{"@type":"ListItem","position":2,"name":"PROPRIET\u00c1RIOS DE VE\u00cdCULOS BAIANOS DEVEM ESTAR ALERTAS PARA PAGAMENTO DO IPVA FINAIS 7 E 8"}]},{"@type":"WebSite","@id":"https:\/\/blogdofarnesio.com.br\/#website","url":"https:\/\/blogdofarnesio.com.br\/","name":"Blog do Farn\u00e9sio","description":"Quer Saber Pol\u00edtica?","publisher":{"@id":"https:\/\/blogdofarnesio.com.br\/#organization"},"potentialAction":[{"@type":"SearchAction","target":{"@type":"EntryPoint","urlTemplate":"https:\/\/blogdofarnesio.com.br\/?s={search_term_string}"},"query-input":{"@type":"PropertyValueSpecification","valueRequired":true,"valueName":"search_term_string"}}],"inLanguage":"pt-BR"},{"@type":"Organization","@id":"https:\/\/blogdofarnesio.com.br\/#organization","name":"Blog do Farn\u00e9sio","url":"https:\/\/blogdofarnesio.com.br\/","logo":{"@type":"ImageObject","inLanguage":"pt-BR","@id":"https:\/\/blogdofarnesio.com.br\/#\/schema\/logo\/image\/","url":"https:\/\/blogdofarnesio.com.br\/wp-content\/uploads\/2026\/03\/cropped-logo_new-1.png","contentUrl":"https:\/\/blogdofarnesio.com.br\/wp-content\/uploads\/2026\/03\/cropped-logo_new-1.png","width":881,"height":685,"caption":"Blog do Farn\u00e9sio"},"image":{"@id":"https:\/\/blogdofarnesio.com.br\/#\/schema\/logo\/image\/"},"sameAs":["https:\/\/www.facebook.com\/BlogQuerSaberPolitica\/"]},{"@type":"Person","@id":"https:\/\/blogdofarnesio.com.br\/#\/schema\/person\/dd1bf5eba40b687199ba45ca6b97dff9","name":"teste","image":{"@type":"ImageObject","inLanguage":"pt-BR","@id":"https:\/\/secure.gravatar.com\/avatar\/2172498d4914b51e1d89a0f97957b035ac4938723a5cac208135d389b6972a6d?s=96&d=mm&r=g","url":"https:\/\/secure.gravatar.com\/avatar\/2172498d4914b51e1d89a0f97957b035ac4938723a5cac208135d389b6972a6d?s=96&d=mm&r=g","contentUrl":"https:\/\/secure.gravatar.com\/avatar\/2172498d4914b51e1d89a0f97957b035ac4938723a5cac208135d389b6972a6d?s=96&d=mm&r=g","caption":"teste"},"url":"https:\/\/blogdofarnesio.com.br\/?author=3"}]}},"_links":{"self":[{"href":"https:\/\/blogdofarnesio.com.br\/index.php?rest_route=\/wp\/v2\/posts\/127030","targetHints":{"allow":["GET"]}}],"collection":[{"href":"https:\/\/blogdofarnesio.com.br\/index.php?rest_route=\/wp\/v2\/posts"}],"about":[{"href":"https:\/\/blogdofarnesio.com.br\/index.php?rest_route=\/wp\/v2\/types\/post"}],"author":[{"embeddable":true,"href":"https:\/\/blogdofarnesio.com.br\/index.php?rest_route=\/wp\/v2\/users\/3"}],"replies":[{"embeddable":true,"href":"https:\/\/blogdofarnesio.com.br\/index.php?rest_route=%2Fwp%2Fv2%2Fcomments&post=127030"}],"version-history":[{"count":0,"href":"https:\/\/blogdofarnesio.com.br\/index.php?rest_route=\/wp\/v2\/posts\/127030\/revisions"}],"wp:attachment":[{"href":"https:\/\/blogdofarnesio.com.br\/index.php?rest_route=%2Fwp%2Fv2%2Fmedia&parent=127030"}],"wp:term":[{"taxonomy":"category","embeddable":true,"href":"https:\/\/blogdofarnesio.com.br\/index.php?rest_route=%2Fwp%2Fv2%2Fcategories&post=127030"},{"taxonomy":"post_tag","embeddable":true,"href":"https:\/\/blogdofarnesio.com.br\/index.php?rest_route=%2Fwp%2Fv2%2Ftags&post=127030"}],"curies":[{"name":"wp","href":"https:\/\/api.w.org\/{rel}","templated":true}]}}