{"id":127018,"date":"2015-07-21T07:00:28","date_gmt":"2015-07-21T10:00:28","guid":{"rendered":"http:\/\/www.quersaberpolitica.com.br\/?p=127018"},"modified":"2015-07-21T07:44:39","modified_gmt":"2015-07-21T10:44:39","slug":"caminhada-contra-intolerancia-religiosa-reuniu-dezenas-de-pessoas-no-quide","status":"publish","type":"post","link":"https:\/\/blogdofarnesio.com.br\/?p=127018","title":{"rendered":"CAMINHADA CONTRA INTOLER\u00c2NCIA RELIGIOSA  REUNIU DEZENAS DE PESSOAS NO QUID\u00c9"},"content":{"rendered":"<p style=\"text-align: justify\"><a href=\"http:\/\/www.quersaberpolitica.com.br\/2016\/wp-content\/uploads\/2015\/07\/Blogqspliberdade_religiosa0.png\"><img loading=\"lazy\" decoding=\"async\" class=\"aligncenter  wp-image-127027\" src=\"http:\/\/www.quersaberpolitica.com.br\/2016\/wp-content\/uploads\/2015\/07\/Blogqspliberdade_religiosa0-300x99.png\" alt=\"Blogqspliberdade_religiosa0\" width=\"368\" height=\"131\" \/><\/a>Domingo (19), dezenas de pessoas de v\u00e1rias religi\u00f5es, institui\u00e7\u00f5es e moradores do bairro participaram da caminhada \u201cQuid\u00e9 Caminhando pela Paz, Contra Intoler\u00e2ncia\u201d, em Juazeiro.<\/p>\n<p style=\"text-align: justify\">A secret\u00e1ria de Desenvolvimento e Igualdade Social \u2013 SEDIS, Lindsai Amaral e a equipe da ger\u00eancia de Diversidade tamb\u00e9m participaram do evento, que al\u00e9m da caminhada aconteceu tamb\u00e9m o Cortejo Afro, com apresenta\u00e7\u00f5es de capoeira, do grupoBaque Opara e do Afox\u00e9 Filhos de Zaze.<\/p>\n<p style=\"text-align: justify\"><img loading=\"lazy\" decoding=\"async\" class=\"  wp-image-127019 aligncenter\" src=\"http:\/\/www.quersaberpolitica.com.br\/2016\/wp-content\/uploads\/2015\/07\/blogqsp-Caminhada-contra-intoler\u00e2ncia-religiosa-quid\u00e9-300x169.jpg\" alt=\"blogqsp-Caminhada contra intoler\u00e2ncia religiosa-quid\u00e9\" width=\"365\" height=\"212\" \/>De acordo com os organizadores, a caminhada foi idealizada ap\u00f3s os atos de intoler\u00e2ncia religiosa ocorridos na sede do Il\u00ea Abasy de Oi\u00e1Gn\u00e3, fundado h\u00e1 40 anos no bairro do Quid\u00e9, que tem como l\u00edder religiosa, M\u00e3e Adelaide dos Santos. \u201cDepois dos ataques ao Il\u00ea, foi criado o Grupo Contra a Intoler\u00e2ncia Religiosa, que reuniu membros do Conselho Municipal de Promo\u00e7\u00e3o e Igualdade Racial \u2013 COMPIR, a SEDIS, v\u00e1rias institui\u00e7\u00f5es e a sociedade civil. Decidimos ent\u00e3o realizar um ato simb\u00f3lico, unindo todas as religi\u00f5es para levar para as ruas do bairro um pedido de paz e respeito a todas as religi\u00f5es\u201d, explicou a gerente de Diversidade da SEDIS, Luana Rodrigues.<\/p>\n<p style=\"text-align: justify\"><!--more--><\/p>\n<p style=\"text-align: justify\">Participaram da Caminhada o vice prefeito, Francisco Oliveira, vice-presidente da C\u00e2mara de Vereadores, Tiano F\u00e9lix, o secret\u00e1rio de Desenvolvimento Econ\u00f4mico e Turismo, Carlos Neiva, representantesdo candombl\u00e9, da umbanda, espiritas, evang\u00e9licos, cat\u00f3licos, da Univasf, Uneb, do COMPIR, do CMDM, Marcha das Mulheres Negras, Uni\u00e3o Brasileira de Mulheres, Seprome, coletivo de mulheres do PCdoB, Macha Mundial das Mulheres e moradores do Quid\u00e9 e entorno.<\/p>\n<p style=\"text-align: justify\"><em>Por Emanuelle Lustosa\/SEDIS<\/em><\/p>\n","protected":false},"excerpt":{"rendered":"<p>Domingo (19), dezenas de pessoas de v\u00e1rias religi\u00f5es, institui\u00e7\u00f5es e moradores do bairro participaram da caminhada \u201cQuid\u00e9 Caminhando pela Paz, Contra Intoler\u00e2ncia\u201d, em Juazeiro. A secret\u00e1ria de Desenvolvimento e Igualdade Social \u2013 SEDIS, Lindsai Amaral e a equipe da ger\u00eancia de Diversidade tamb\u00e9m participaram do evento, que al\u00e9m da caminhada aconteceu tamb\u00e9m o Cortejo Afro, com apresenta\u00e7\u00f5es de capoeira, do grupoBaque Opara e do Afox\u00e9 Filhos de Zaze. De acordo com os organizadores, a caminhada foi idealizada ap\u00f3s os atos de intoler\u00e2ncia religiosa ocorridos na sede do Il\u00ea Abasy de Oi\u00e1Gn\u00e3, fundado h\u00e1 40 anos no bairro do Quid\u00e9, que tem como l\u00edder religiosa, M\u00e3e Adelaide dos Santos. \u201cDepois dos ataques ao Il\u00ea, foi criado o Grupo Contra a Intoler\u00e2ncia&hellip; <\/p>\n","protected":false},"author":7,"featured_media":0,"comment_status":"open","ping_status":"open","sticky":false,"template":"","format":"standard","meta":{"_acf_changed":false,"footnotes":""},"categories":[32],"tags":[],"class_list":["post-127018","post","type-post","status-publish","format-standard","hentry","category-costumes"],"acf":[],"yoast_head":"<!-- This site is optimized with the Yoast SEO plugin v27.4 - https:\/\/yoast.com\/product\/yoast-seo-wordpress\/ -->\n<title>CAMINHADA CONTRA INTOLER\u00c2NCIA RELIGIOSA REUNIU DEZENAS DE PESSOAS NO QUID\u00c9 - Blog do Farn\u00e9sio<\/title>\n<meta name=\"robots\" content=\"index, follow, max-snippet:-1, max-image-preview:large, max-video-preview:-1\" \/>\n<link rel=\"canonical\" href=\"https:\/\/blogdofarnesio.com.br\/?p=127018\" \/>\n<meta property=\"og:locale\" content=\"pt_BR\" \/>\n<meta property=\"og:type\" content=\"article\" \/>\n<meta property=\"og:title\" content=\"CAMINHADA CONTRA INTOLER\u00c2NCIA RELIGIOSA REUNIU DEZENAS DE PESSOAS NO QUID\u00c9 - Blog do Farn\u00e9sio\" \/>\n<meta property=\"og:description\" content=\"Domingo (19), dezenas de pessoas de v\u00e1rias religi\u00f5es, institui\u00e7\u00f5es e moradores do bairro participaram da caminhada \u201cQuid\u00e9 Caminhando pela Paz, Contra Intoler\u00e2ncia\u201d, em Juazeiro. A secret\u00e1ria de Desenvolvimento e Igualdade Social \u2013 SEDIS, Lindsai Amaral e a equipe da ger\u00eancia de Diversidade tamb\u00e9m participaram do evento, que al\u00e9m da caminhada aconteceu tamb\u00e9m o Cortejo Afro, com apresenta\u00e7\u00f5es de capoeira, do grupoBaque Opara e do Afox\u00e9 Filhos de Zaze. De acordo com os organizadores, a caminhada foi idealizada ap\u00f3s os atos de intoler\u00e2ncia religiosa ocorridos na sede do Il\u00ea Abasy de Oi\u00e1Gn\u00e3, fundado h\u00e1 40 anos no bairro do Quid\u00e9, que tem como l\u00edder religiosa, M\u00e3e Adelaide dos Santos. \u201cDepois dos ataques ao Il\u00ea, foi criado o Grupo Contra a Intoler\u00e2ncia&hellip;\" \/>\n<meta property=\"og:url\" content=\"https:\/\/blogdofarnesio.com.br\/?p=127018\" \/>\n<meta property=\"og:site_name\" content=\"Blog do Farn\u00e9sio\" \/>\n<meta property=\"article:publisher\" content=\"https:\/\/www.facebook.com\/BlogQuerSaberPolitica\/\" \/>\n<meta property=\"article:published_time\" content=\"2015-07-21T10:00:28+00:00\" \/>\n<meta property=\"article:modified_time\" content=\"2015-07-21T10:44:39+00:00\" \/>\n<meta property=\"og:image\" content=\"http:\/\/www.quersaberpolitica.com.br\/2016\/wp-content\/uploads\/2015\/07\/Blogqspliberdade_religiosa0-300x99.png\" \/>\n<meta name=\"twitter:card\" content=\"summary_large_image\" \/>\n<meta name=\"twitter:label1\" content=\"Escrito por\" \/>\n\t<meta name=\"twitter:data1\" content=\"\" \/>\n\t<meta name=\"twitter:label2\" content=\"Est. tempo de leitura\" \/>\n\t<meta name=\"twitter:data2\" content=\"1 minuto\" \/>\n<script type=\"application\/ld+json\" class=\"yoast-schema-graph\">{\"@context\":\"https:\\\/\\\/schema.org\",\"@graph\":[{\"@type\":\"Article\",\"@id\":\"https:\\\/\\\/blogdofarnesio.com.br\\\/?p=127018#article\",\"isPartOf\":{\"@id\":\"https:\\\/\\\/blogdofarnesio.com.br\\\/?p=127018\"},\"author\":{\"name\":\"\",\"@id\":\"\"},\"headline\":\"CAMINHADA CONTRA INTOLER\u00c2NCIA RELIGIOSA REUNIU DEZENAS DE PESSOAS NO QUID\u00c9\",\"datePublished\":\"2015-07-21T10:00:28+00:00\",\"dateModified\":\"2015-07-21T10:44:39+00:00\",\"mainEntityOfPage\":{\"@id\":\"https:\\\/\\\/blogdofarnesio.com.br\\\/?p=127018\"},\"wordCount\":281,\"commentCount\":0,\"publisher\":{\"@id\":\"https:\\\/\\\/blogdofarnesio.com.br\\\/#organization\"},\"image\":{\"@id\":\"https:\\\/\\\/blogdofarnesio.com.br\\\/?p=127018#primaryimage\"},\"thumbnailUrl\":\"http:\\\/\\\/www.quersaberpolitica.com.br\\\/2016\\\/wp-content\\\/uploads\\\/2015\\\/07\\\/Blogqspliberdade_religiosa0-300x99.png\",\"articleSection\":[\"Costumes\"],\"inLanguage\":\"pt-BR\",\"potentialAction\":[{\"@type\":\"CommentAction\",\"name\":\"Comment\",\"target\":[\"https:\\\/\\\/blogdofarnesio.com.br\\\/?p=127018#respond\"]}]},{\"@type\":\"WebPage\",\"@id\":\"https:\\\/\\\/blogdofarnesio.com.br\\\/?p=127018\",\"url\":\"https:\\\/\\\/blogdofarnesio.com.br\\\/?p=127018\",\"name\":\"CAMINHADA CONTRA INTOLER\u00c2NCIA RELIGIOSA REUNIU DEZENAS DE PESSOAS NO QUID\u00c9 - Blog do Farn\u00e9sio\",\"isPartOf\":{\"@id\":\"https:\\\/\\\/blogdofarnesio.com.br\\\/#website\"},\"primaryImageOfPage\":{\"@id\":\"https:\\\/\\\/blogdofarnesio.com.br\\\/?p=127018#primaryimage\"},\"image\":{\"@id\":\"https:\\\/\\\/blogdofarnesio.com.br\\\/?p=127018#primaryimage\"},\"thumbnailUrl\":\"http:\\\/\\\/www.quersaberpolitica.com.br\\\/2016\\\/wp-content\\\/uploads\\\/2015\\\/07\\\/Blogqspliberdade_religiosa0-300x99.png\",\"datePublished\":\"2015-07-21T10:00:28+00:00\",\"dateModified\":\"2015-07-21T10:44:39+00:00\",\"breadcrumb\":{\"@id\":\"https:\\\/\\\/blogdofarnesio.com.br\\\/?p=127018#breadcrumb\"},\"inLanguage\":\"pt-BR\",\"potentialAction\":[{\"@type\":\"ReadAction\",\"target\":[\"https:\\\/\\\/blogdofarnesio.com.br\\\/?p=127018\"]}]},{\"@type\":\"ImageObject\",\"inLanguage\":\"pt-BR\",\"@id\":\"https:\\\/\\\/blogdofarnesio.com.br\\\/?p=127018#primaryimage\",\"url\":\"http:\\\/\\\/www.quersaberpolitica.com.br\\\/2016\\\/wp-content\\\/uploads\\\/2015\\\/07\\\/Blogqspliberdade_religiosa0-300x99.png\",\"contentUrl\":\"http:\\\/\\\/www.quersaberpolitica.com.br\\\/2016\\\/wp-content\\\/uploads\\\/2015\\\/07\\\/Blogqspliberdade_religiosa0-300x99.png\"},{\"@type\":\"BreadcrumbList\",\"@id\":\"https:\\\/\\\/blogdofarnesio.com.br\\\/?p=127018#breadcrumb\",\"itemListElement\":[{\"@type\":\"ListItem\",\"position\":1,\"name\":\"In\u00edcio\",\"item\":\"https:\\\/\\\/blogdofarnesio.com.br\\\/\"},{\"@type\":\"ListItem\",\"position\":2,\"name\":\"CAMINHADA CONTRA INTOLER\u00c2NCIA RELIGIOSA REUNIU DEZENAS DE PESSOAS NO QUID\u00c9\"}]},{\"@type\":\"WebSite\",\"@id\":\"https:\\\/\\\/blogdofarnesio.com.br\\\/#website\",\"url\":\"https:\\\/\\\/blogdofarnesio.com.br\\\/\",\"name\":\"Blog do Farn\u00e9sio\",\"description\":\"Quer Saber Pol\u00edtica?\",\"publisher\":{\"@id\":\"https:\\\/\\\/blogdofarnesio.com.br\\\/#organization\"},\"potentialAction\":[{\"@type\":\"SearchAction\",\"target\":{\"@type\":\"EntryPoint\",\"urlTemplate\":\"https:\\\/\\\/blogdofarnesio.com.br\\\/?s={search_term_string}\"},\"query-input\":{\"@type\":\"PropertyValueSpecification\",\"valueRequired\":true,\"valueName\":\"search_term_string\"}}],\"inLanguage\":\"pt-BR\"},{\"@type\":\"Organization\",\"@id\":\"https:\\\/\\\/blogdofarnesio.com.br\\\/#organization\",\"name\":\"Blog do Farn\u00e9sio\",\"url\":\"https:\\\/\\\/blogdofarnesio.com.br\\\/\",\"logo\":{\"@type\":\"ImageObject\",\"inLanguage\":\"pt-BR\",\"@id\":\"https:\\\/\\\/blogdofarnesio.com.br\\\/#\\\/schema\\\/logo\\\/image\\\/\",\"url\":\"https:\\\/\\\/blogdofarnesio.com.br\\\/wp-content\\\/uploads\\\/2026\\\/03\\\/cropped-logo_new-1.png\",\"contentUrl\":\"https:\\\/\\\/blogdofarnesio.com.br\\\/wp-content\\\/uploads\\\/2026\\\/03\\\/cropped-logo_new-1.png\",\"width\":881,\"height\":685,\"caption\":\"Blog do Farn\u00e9sio\"},\"image\":{\"@id\":\"https:\\\/\\\/blogdofarnesio.com.br\\\/#\\\/schema\\\/logo\\\/image\\\/\"},\"sameAs\":[\"https:\\\/\\\/www.facebook.com\\\/BlogQuerSaberPolitica\\\/\"]},{\"@type\":\"Person\",\"@id\":\"\",\"url\":\"https:\\\/\\\/blogdofarnesio.com.br\\\/?author=7\"}]}<\/script>\n<!-- \/ Yoast SEO plugin. -->","yoast_head_json":{"title":"CAMINHADA CONTRA INTOLER\u00c2NCIA RELIGIOSA REUNIU DEZENAS DE PESSOAS NO QUID\u00c9 - Blog do Farn\u00e9sio","robots":{"index":"index","follow":"follow","max-snippet":"max-snippet:-1","max-image-preview":"max-image-preview:large","max-video-preview":"max-video-preview:-1"},"canonical":"https:\/\/blogdofarnesio.com.br\/?p=127018","og_locale":"pt_BR","og_type":"article","og_title":"CAMINHADA CONTRA INTOLER\u00c2NCIA RELIGIOSA REUNIU DEZENAS DE PESSOAS NO QUID\u00c9 - Blog do Farn\u00e9sio","og_description":"Domingo (19), dezenas de pessoas de v\u00e1rias religi\u00f5es, institui\u00e7\u00f5es e moradores do bairro participaram da caminhada \u201cQuid\u00e9 Caminhando pela Paz, Contra Intoler\u00e2ncia\u201d, em Juazeiro. A secret\u00e1ria de Desenvolvimento e Igualdade Social \u2013 SEDIS, Lindsai Amaral e a equipe da ger\u00eancia de Diversidade tamb\u00e9m participaram do evento, que al\u00e9m da caminhada aconteceu tamb\u00e9m o Cortejo Afro, com apresenta\u00e7\u00f5es de capoeira, do grupoBaque Opara e do Afox\u00e9 Filhos de Zaze. De acordo com os organizadores, a caminhada foi idealizada ap\u00f3s os atos de intoler\u00e2ncia religiosa ocorridos na sede do Il\u00ea Abasy de Oi\u00e1Gn\u00e3, fundado h\u00e1 40 anos no bairro do Quid\u00e9, que tem como l\u00edder religiosa, M\u00e3e Adelaide dos Santos. \u201cDepois dos ataques ao Il\u00ea, foi criado o Grupo Contra a Intoler\u00e2ncia&hellip;","og_url":"https:\/\/blogdofarnesio.com.br\/?p=127018","og_site_name":"Blog do Farn\u00e9sio","article_publisher":"https:\/\/www.facebook.com\/BlogQuerSaberPolitica\/","article_published_time":"2015-07-21T10:00:28+00:00","article_modified_time":"2015-07-21T10:44:39+00:00","og_image":[{"url":"http:\/\/www.quersaberpolitica.com.br\/2016\/wp-content\/uploads\/2015\/07\/Blogqspliberdade_religiosa0-300x99.png","type":"","width":"","height":""}],"twitter_card":"summary_large_image","twitter_misc":{"Escrito por":"","Est. tempo de leitura":"1 minuto"},"schema":{"@context":"https:\/\/schema.org","@graph":[{"@type":"Article","@id":"https:\/\/blogdofarnesio.com.br\/?p=127018#article","isPartOf":{"@id":"https:\/\/blogdofarnesio.com.br\/?p=127018"},"author":{"name":"","@id":""},"headline":"CAMINHADA CONTRA INTOLER\u00c2NCIA RELIGIOSA REUNIU DEZENAS DE PESSOAS NO QUID\u00c9","datePublished":"2015-07-21T10:00:28+00:00","dateModified":"2015-07-21T10:44:39+00:00","mainEntityOfPage":{"@id":"https:\/\/blogdofarnesio.com.br\/?p=127018"},"wordCount":281,"commentCount":0,"publisher":{"@id":"https:\/\/blogdofarnesio.com.br\/#organization"},"image":{"@id":"https:\/\/blogdofarnesio.com.br\/?p=127018#primaryimage"},"thumbnailUrl":"http:\/\/www.quersaberpolitica.com.br\/2016\/wp-content\/uploads\/2015\/07\/Blogqspliberdade_religiosa0-300x99.png","articleSection":["Costumes"],"inLanguage":"pt-BR","potentialAction":[{"@type":"CommentAction","name":"Comment","target":["https:\/\/blogdofarnesio.com.br\/?p=127018#respond"]}]},{"@type":"WebPage","@id":"https:\/\/blogdofarnesio.com.br\/?p=127018","url":"https:\/\/blogdofarnesio.com.br\/?p=127018","name":"CAMINHADA CONTRA INTOLER\u00c2NCIA RELIGIOSA REUNIU DEZENAS DE PESSOAS NO QUID\u00c9 - Blog do Farn\u00e9sio","isPartOf":{"@id":"https:\/\/blogdofarnesio.com.br\/#website"},"primaryImageOfPage":{"@id":"https:\/\/blogdofarnesio.com.br\/?p=127018#primaryimage"},"image":{"@id":"https:\/\/blogdofarnesio.com.br\/?p=127018#primaryimage"},"thumbnailUrl":"http:\/\/www.quersaberpolitica.com.br\/2016\/wp-content\/uploads\/2015\/07\/Blogqspliberdade_religiosa0-300x99.png","datePublished":"2015-07-21T10:00:28+00:00","dateModified":"2015-07-21T10:44:39+00:00","breadcrumb":{"@id":"https:\/\/blogdofarnesio.com.br\/?p=127018#breadcrumb"},"inLanguage":"pt-BR","potentialAction":[{"@type":"ReadAction","target":["https:\/\/blogdofarnesio.com.br\/?p=127018"]}]},{"@type":"ImageObject","inLanguage":"pt-BR","@id":"https:\/\/blogdofarnesio.com.br\/?p=127018#primaryimage","url":"http:\/\/www.quersaberpolitica.com.br\/2016\/wp-content\/uploads\/2015\/07\/Blogqspliberdade_religiosa0-300x99.png","contentUrl":"http:\/\/www.quersaberpolitica.com.br\/2016\/wp-content\/uploads\/2015\/07\/Blogqspliberdade_religiosa0-300x99.png"},{"@type":"BreadcrumbList","@id":"https:\/\/blogdofarnesio.com.br\/?p=127018#breadcrumb","itemListElement":[{"@type":"ListItem","position":1,"name":"In\u00edcio","item":"https:\/\/blogdofarnesio.com.br\/"},{"@type":"ListItem","position":2,"name":"CAMINHADA CONTRA INTOLER\u00c2NCIA RELIGIOSA REUNIU DEZENAS DE PESSOAS NO QUID\u00c9"}]},{"@type":"WebSite","@id":"https:\/\/blogdofarnesio.com.br\/#website","url":"https:\/\/blogdofarnesio.com.br\/","name":"Blog do Farn\u00e9sio","description":"Quer Saber Pol\u00edtica?","publisher":{"@id":"https:\/\/blogdofarnesio.com.br\/#organization"},"potentialAction":[{"@type":"SearchAction","target":{"@type":"EntryPoint","urlTemplate":"https:\/\/blogdofarnesio.com.br\/?s={search_term_string}"},"query-input":{"@type":"PropertyValueSpecification","valueRequired":true,"valueName":"search_term_string"}}],"inLanguage":"pt-BR"},{"@type":"Organization","@id":"https:\/\/blogdofarnesio.com.br\/#organization","name":"Blog do Farn\u00e9sio","url":"https:\/\/blogdofarnesio.com.br\/","logo":{"@type":"ImageObject","inLanguage":"pt-BR","@id":"https:\/\/blogdofarnesio.com.br\/#\/schema\/logo\/image\/","url":"https:\/\/blogdofarnesio.com.br\/wp-content\/uploads\/2026\/03\/cropped-logo_new-1.png","contentUrl":"https:\/\/blogdofarnesio.com.br\/wp-content\/uploads\/2026\/03\/cropped-logo_new-1.png","width":881,"height":685,"caption":"Blog do Farn\u00e9sio"},"image":{"@id":"https:\/\/blogdofarnesio.com.br\/#\/schema\/logo\/image\/"},"sameAs":["https:\/\/www.facebook.com\/BlogQuerSaberPolitica\/"]},{"@type":"Person","@id":"","url":"https:\/\/blogdofarnesio.com.br\/?author=7"}]}},"_links":{"self":[{"href":"https:\/\/blogdofarnesio.com.br\/index.php?rest_route=\/wp\/v2\/posts\/127018","targetHints":{"allow":["GET"]}}],"collection":[{"href":"https:\/\/blogdofarnesio.com.br\/index.php?rest_route=\/wp\/v2\/posts"}],"about":[{"href":"https:\/\/blogdofarnesio.com.br\/index.php?rest_route=\/wp\/v2\/types\/post"}],"author":[{"embeddable":true,"href":"https:\/\/blogdofarnesio.com.br\/index.php?rest_route=\/wp\/v2\/users\/7"}],"replies":[{"embeddable":true,"href":"https:\/\/blogdofarnesio.com.br\/index.php?rest_route=%2Fwp%2Fv2%2Fcomments&post=127018"}],"version-history":[{"count":0,"href":"https:\/\/blogdofarnesio.com.br\/index.php?rest_route=\/wp\/v2\/posts\/127018\/revisions"}],"wp:attachment":[{"href":"https:\/\/blogdofarnesio.com.br\/index.php?rest_route=%2Fwp%2Fv2%2Fmedia&parent=127018"}],"wp:term":[{"taxonomy":"category","embeddable":true,"href":"https:\/\/blogdofarnesio.com.br\/index.php?rest_route=%2Fwp%2Fv2%2Fcategories&post=127018"},{"taxonomy":"post_tag","embeddable":true,"href":"https:\/\/blogdofarnesio.com.br\/index.php?rest_route=%2Fwp%2Fv2%2Ftags&post=127018"}],"curies":[{"name":"wp","href":"https:\/\/api.w.org\/{rel}","templated":true}]}}