{"id":127014,"date":"2015-07-21T08:05:34","date_gmt":"2015-07-21T11:05:34","guid":{"rendered":"http:\/\/www.quersaberpolitica.com.br\/?p=127014"},"modified":"2015-07-20T20:40:36","modified_gmt":"2015-07-20T23:40:36","slug":"direto-de-sento-se-por-acesso-a-agua","status":"publish","type":"post","link":"https:\/\/blogdofarnesio.com.br\/?p=127014","title":{"rendered":"DIRETO DE SENTO-S\u00c9"},"content":{"rendered":"<p style=\"text-align: center\"><a href=\"http:\/\/www.quersaberpolitica.com.br\/2016\/wp-content\/uploads\/2015\/07\/blogqsp-abastecimento-agua-sentos\u00e9.png\"><span style=\"color: #000000\">POPULA\u00c7\u00c3O MOBILIZADA\u00a0CLAMA A PREFEITURA POR \u00c1GUA<\/span><br \/>\n<img loading=\"lazy\" decoding=\"async\" class=\"  wp-image-127015 aligncenter\" src=\"http:\/\/www.quersaberpolitica.com.br\/2016\/wp-content\/uploads\/2015\/07\/blogqsp-abastecimento-agua-sentos\u00e9-300x201.png\" alt=\"blogqsp-abastecimento-agua-sentos\u00e9\" width=\"400\" height=\"273\" \/><\/a><\/p>\n<p style=\"text-align: justify\">Amanh\u00e3\u00a0(21), a sede de Sento-S\u00e9 recebe mais de 150 atingidos pela Barragem de Sobradinho. O grupo montar\u00e1 acampamento em frente \u00e0 Prefeitura da cidade em luta por direitos.<\/p>\n<p style=\"text-align: justify\">Os manifestantes acompanhar\u00e3o a reuni\u00e3o de negocia\u00e7\u00e3o entre a Prefeitura, a Companhia de Desenvolvimento do Vale do S\u00e3o Francisco e Parna\u00edba (Codevasf) e o Movimento dos Atingidos por Barragens (MAB), marcada para as 10h.<\/p>\n<p style=\"text-align: justify\">Mais de dez comunidades aguardam a conclus\u00e3o da obra do sistema de abastecimento de \u00e1gua da Codevasf, faltando apenas 2% para a finaliza\u00e7\u00e3o. Com o t\u00e9rmino, cerca de cinco mil fam\u00edlias ser\u00e3o beneficiadas.<\/p>\n<p style=\"text-align: justify\">\u201c\u00c9 um verdadeiro descaso com os atingidos. Todo o material j\u00e1 foi comprado, falta apenas instalar. Em algumas comunidades j\u00e1 est\u00e1 tudo pronto, falta mesmo \u00e9 ligar a \u00e1gua\u201d, denuncia Marta Rodrigues, coordena\u00e7\u00e3o estadual do MAB.<\/p>\n<p style=\"text-align: justify\">Sem acesso \u00e0 \u00e1gua, cada fam\u00edlia \u00e9 obrigada a pagar o valor de pelo menos R$ 200 por um caminh\u00e3o-pipa para atender toda a demanda, desde higiene at\u00e9 o consumo. Muitas vezes a quantidade n\u00e3o \u00e9 suficiente nem mesmo para o m\u00eas todo.<\/p>\n<p style=\"text-align: justify\">\u201cAlgumas vezes a gente tem que escolher se paga o mercado ou compra \u00e1gua. Aposentada como eu e meu marido n\u00e3o temos dinheiro que d\u00ea\u201d, lamenta Dona Odelita. Ela mora com seu marido e outros dois filhos na comunidade de Brejo de Fora, h\u00e1 150 km da sede de Sento-S\u00e9.<\/p>\n<p style=\"text-align: justify\"><strong>Negocia\u00e7\u00e3o<\/strong><!--more--><\/p>\n<p style=\"text-align: justify\">O MAB est\u00e1 em negocia\u00e7\u00e3o com a Prefeitura, a Codevasf e o Governo do estado desde o fim de mar\u00e7o, quando mais de 200 atingidos pararam a BA-210 durante doze horas. Na ocasi\u00e3o, foi assinado um acordo com todas as partes para o cumprimento de uma s\u00e9rie de reivindica\u00e7\u00f5es, como o abastecimento de \u00e1gua, melhorias em sa\u00fade, educa\u00e7\u00e3o e estradas da regi\u00e3o.<\/p>\n<p style=\"text-align: justify\">O grupo se re\u00fane novamente nessa ter\u00e7a-feira para cobrar os encaminhamentos da Prefeitura. Dentre as pautas das comunidades, atendimento m\u00e9dico e estrutura para as escolas s\u00e3o promessas ainda n\u00e3o cumpridas pelo prefeito.<\/p>\n","protected":false},"excerpt":{"rendered":"<p>POPULA\u00c7\u00c3O MOBILIZADA\u00a0CLAMA A PREFEITURA POR \u00c1GUA Amanh\u00e3\u00a0(21), a sede de Sento-S\u00e9 recebe mais de 150 atingidos pela Barragem de Sobradinho. O grupo montar\u00e1 acampamento em frente \u00e0 Prefeitura da cidade em luta por direitos. Os manifestantes acompanhar\u00e3o a reuni\u00e3o de negocia\u00e7\u00e3o entre a Prefeitura, a Companhia de Desenvolvimento do Vale do S\u00e3o Francisco e Parna\u00edba (Codevasf) e o Movimento dos Atingidos por Barragens (MAB), marcada para as 10h. Mais de dez comunidades aguardam a conclus\u00e3o da obra do sistema de abastecimento de \u00e1gua da Codevasf, faltando apenas 2% para a finaliza\u00e7\u00e3o. Com o t\u00e9rmino, cerca de cinco mil fam\u00edlias ser\u00e3o beneficiadas. \u201c\u00c9 um verdadeiro descaso com os atingidos. Todo o material j\u00e1 foi comprado, falta apenas instalar. Em algumas comunidades&hellip; <\/p>\n","protected":false},"author":7,"featured_media":0,"comment_status":"open","ping_status":"open","sticky":false,"template":"","format":"standard","meta":{"_acf_changed":false,"footnotes":""},"categories":[27],"tags":[],"class_list":["post-127014","post","type-post","status-publish","format-standard","hentry","category-cidades"],"acf":[],"yoast_head":"<!-- This site is optimized with the Yoast SEO plugin v27.4 - https:\/\/yoast.com\/product\/yoast-seo-wordpress\/ -->\n<title>DIRETO DE SENTO-S\u00c9 - Blog do Farn\u00e9sio<\/title>\n<meta name=\"robots\" content=\"index, follow, max-snippet:-1, max-image-preview:large, max-video-preview:-1\" \/>\n<link rel=\"canonical\" href=\"https:\/\/blogdofarnesio.com.br\/?p=127014\" \/>\n<meta property=\"og:locale\" content=\"pt_BR\" \/>\n<meta property=\"og:type\" content=\"article\" \/>\n<meta property=\"og:title\" content=\"DIRETO DE SENTO-S\u00c9 - Blog do Farn\u00e9sio\" \/>\n<meta property=\"og:description\" content=\"POPULA\u00c7\u00c3O MOBILIZADA\u00a0CLAMA A PREFEITURA POR \u00c1GUA Amanh\u00e3\u00a0(21), a sede de Sento-S\u00e9 recebe mais de 150 atingidos pela Barragem de Sobradinho. O grupo montar\u00e1 acampamento em frente \u00e0 Prefeitura da cidade em luta por direitos. Os manifestantes acompanhar\u00e3o a reuni\u00e3o de negocia\u00e7\u00e3o entre a Prefeitura, a Companhia de Desenvolvimento do Vale do S\u00e3o Francisco e Parna\u00edba (Codevasf) e o Movimento dos Atingidos por Barragens (MAB), marcada para as 10h. Mais de dez comunidades aguardam a conclus\u00e3o da obra do sistema de abastecimento de \u00e1gua da Codevasf, faltando apenas 2% para a finaliza\u00e7\u00e3o. Com o t\u00e9rmino, cerca de cinco mil fam\u00edlias ser\u00e3o beneficiadas. \u201c\u00c9 um verdadeiro descaso com os atingidos. Todo o material j\u00e1 foi comprado, falta apenas instalar. Em algumas comunidades&hellip;\" \/>\n<meta property=\"og:url\" content=\"https:\/\/blogdofarnesio.com.br\/?p=127014\" \/>\n<meta property=\"og:site_name\" content=\"Blog do Farn\u00e9sio\" \/>\n<meta property=\"article:publisher\" content=\"https:\/\/www.facebook.com\/BlogQuerSaberPolitica\/\" \/>\n<meta property=\"article:published_time\" content=\"2015-07-21T11:05:34+00:00\" \/>\n<meta name=\"twitter:card\" content=\"summary_large_image\" \/>\n<meta name=\"twitter:label1\" content=\"Escrito por\" \/>\n\t<meta name=\"twitter:data1\" content=\"\" \/>\n\t<meta name=\"twitter:label2\" content=\"Est. tempo de leitura\" \/>\n\t<meta name=\"twitter:data2\" content=\"2 minutos\" \/>\n<script type=\"application\/ld+json\" class=\"yoast-schema-graph\">{\"@context\":\"https:\\\/\\\/schema.org\",\"@graph\":[{\"@type\":\"Article\",\"@id\":\"https:\\\/\\\/blogdofarnesio.com.br\\\/?p=127014#article\",\"isPartOf\":{\"@id\":\"https:\\\/\\\/blogdofarnesio.com.br\\\/?p=127014\"},\"author\":{\"name\":\"\",\"@id\":\"\"},\"headline\":\"DIRETO DE SENTO-S\u00c9\",\"datePublished\":\"2015-07-21T11:05:34+00:00\",\"mainEntityOfPage\":{\"@id\":\"https:\\\/\\\/blogdofarnesio.com.br\\\/?p=127014\"},\"wordCount\":349,\"commentCount\":1,\"publisher\":{\"@id\":\"https:\\\/\\\/blogdofarnesio.com.br\\\/#organization\"},\"articleSection\":[\"Cidades\"],\"inLanguage\":\"pt-BR\",\"potentialAction\":[{\"@type\":\"CommentAction\",\"name\":\"Comment\",\"target\":[\"https:\\\/\\\/blogdofarnesio.com.br\\\/?p=127014#respond\"]}]},{\"@type\":\"WebPage\",\"@id\":\"https:\\\/\\\/blogdofarnesio.com.br\\\/?p=127014\",\"url\":\"https:\\\/\\\/blogdofarnesio.com.br\\\/?p=127014\",\"name\":\"DIRETO DE SENTO-S\u00c9 - Blog do Farn\u00e9sio\",\"isPartOf\":{\"@id\":\"https:\\\/\\\/blogdofarnesio.com.br\\\/#website\"},\"datePublished\":\"2015-07-21T11:05:34+00:00\",\"breadcrumb\":{\"@id\":\"https:\\\/\\\/blogdofarnesio.com.br\\\/?p=127014#breadcrumb\"},\"inLanguage\":\"pt-BR\",\"potentialAction\":[{\"@type\":\"ReadAction\",\"target\":[\"https:\\\/\\\/blogdofarnesio.com.br\\\/?p=127014\"]}]},{\"@type\":\"BreadcrumbList\",\"@id\":\"https:\\\/\\\/blogdofarnesio.com.br\\\/?p=127014#breadcrumb\",\"itemListElement\":[{\"@type\":\"ListItem\",\"position\":1,\"name\":\"In\u00edcio\",\"item\":\"https:\\\/\\\/blogdofarnesio.com.br\\\/\"},{\"@type\":\"ListItem\",\"position\":2,\"name\":\"DIRETO DE SENTO-S\u00c9\"}]},{\"@type\":\"WebSite\",\"@id\":\"https:\\\/\\\/blogdofarnesio.com.br\\\/#website\",\"url\":\"https:\\\/\\\/blogdofarnesio.com.br\\\/\",\"name\":\"Blog do Farn\u00e9sio\",\"description\":\"Quer Saber Pol\u00edtica?\",\"publisher\":{\"@id\":\"https:\\\/\\\/blogdofarnesio.com.br\\\/#organization\"},\"potentialAction\":[{\"@type\":\"SearchAction\",\"target\":{\"@type\":\"EntryPoint\",\"urlTemplate\":\"https:\\\/\\\/blogdofarnesio.com.br\\\/?s={search_term_string}\"},\"query-input\":{\"@type\":\"PropertyValueSpecification\",\"valueRequired\":true,\"valueName\":\"search_term_string\"}}],\"inLanguage\":\"pt-BR\"},{\"@type\":\"Organization\",\"@id\":\"https:\\\/\\\/blogdofarnesio.com.br\\\/#organization\",\"name\":\"Blog do Farn\u00e9sio\",\"url\":\"https:\\\/\\\/blogdofarnesio.com.br\\\/\",\"logo\":{\"@type\":\"ImageObject\",\"inLanguage\":\"pt-BR\",\"@id\":\"https:\\\/\\\/blogdofarnesio.com.br\\\/#\\\/schema\\\/logo\\\/image\\\/\",\"url\":\"https:\\\/\\\/blogdofarnesio.com.br\\\/wp-content\\\/uploads\\\/2026\\\/03\\\/cropped-logo_new-1.png\",\"contentUrl\":\"https:\\\/\\\/blogdofarnesio.com.br\\\/wp-content\\\/uploads\\\/2026\\\/03\\\/cropped-logo_new-1.png\",\"width\":881,\"height\":685,\"caption\":\"Blog do Farn\u00e9sio\"},\"image\":{\"@id\":\"https:\\\/\\\/blogdofarnesio.com.br\\\/#\\\/schema\\\/logo\\\/image\\\/\"},\"sameAs\":[\"https:\\\/\\\/www.facebook.com\\\/BlogQuerSaberPolitica\\\/\"]},{\"@type\":\"Person\",\"@id\":\"\",\"url\":\"https:\\\/\\\/blogdofarnesio.com.br\\\/?author=7\"}]}<\/script>\n<!-- \/ Yoast SEO plugin. -->","yoast_head_json":{"title":"DIRETO DE SENTO-S\u00c9 - Blog do Farn\u00e9sio","robots":{"index":"index","follow":"follow","max-snippet":"max-snippet:-1","max-image-preview":"max-image-preview:large","max-video-preview":"max-video-preview:-1"},"canonical":"https:\/\/blogdofarnesio.com.br\/?p=127014","og_locale":"pt_BR","og_type":"article","og_title":"DIRETO DE SENTO-S\u00c9 - Blog do Farn\u00e9sio","og_description":"POPULA\u00c7\u00c3O MOBILIZADA\u00a0CLAMA A PREFEITURA POR \u00c1GUA Amanh\u00e3\u00a0(21), a sede de Sento-S\u00e9 recebe mais de 150 atingidos pela Barragem de Sobradinho. O grupo montar\u00e1 acampamento em frente \u00e0 Prefeitura da cidade em luta por direitos. Os manifestantes acompanhar\u00e3o a reuni\u00e3o de negocia\u00e7\u00e3o entre a Prefeitura, a Companhia de Desenvolvimento do Vale do S\u00e3o Francisco e Parna\u00edba (Codevasf) e o Movimento dos Atingidos por Barragens (MAB), marcada para as 10h. Mais de dez comunidades aguardam a conclus\u00e3o da obra do sistema de abastecimento de \u00e1gua da Codevasf, faltando apenas 2% para a finaliza\u00e7\u00e3o. Com o t\u00e9rmino, cerca de cinco mil fam\u00edlias ser\u00e3o beneficiadas. \u201c\u00c9 um verdadeiro descaso com os atingidos. Todo o material j\u00e1 foi comprado, falta apenas instalar. Em algumas comunidades&hellip;","og_url":"https:\/\/blogdofarnesio.com.br\/?p=127014","og_site_name":"Blog do Farn\u00e9sio","article_publisher":"https:\/\/www.facebook.com\/BlogQuerSaberPolitica\/","article_published_time":"2015-07-21T11:05:34+00:00","twitter_card":"summary_large_image","twitter_misc":{"Escrito por":"","Est. tempo de leitura":"2 minutos"},"schema":{"@context":"https:\/\/schema.org","@graph":[{"@type":"Article","@id":"https:\/\/blogdofarnesio.com.br\/?p=127014#article","isPartOf":{"@id":"https:\/\/blogdofarnesio.com.br\/?p=127014"},"author":{"name":"","@id":""},"headline":"DIRETO DE SENTO-S\u00c9","datePublished":"2015-07-21T11:05:34+00:00","mainEntityOfPage":{"@id":"https:\/\/blogdofarnesio.com.br\/?p=127014"},"wordCount":349,"commentCount":1,"publisher":{"@id":"https:\/\/blogdofarnesio.com.br\/#organization"},"articleSection":["Cidades"],"inLanguage":"pt-BR","potentialAction":[{"@type":"CommentAction","name":"Comment","target":["https:\/\/blogdofarnesio.com.br\/?p=127014#respond"]}]},{"@type":"WebPage","@id":"https:\/\/blogdofarnesio.com.br\/?p=127014","url":"https:\/\/blogdofarnesio.com.br\/?p=127014","name":"DIRETO DE SENTO-S\u00c9 - Blog do Farn\u00e9sio","isPartOf":{"@id":"https:\/\/blogdofarnesio.com.br\/#website"},"datePublished":"2015-07-21T11:05:34+00:00","breadcrumb":{"@id":"https:\/\/blogdofarnesio.com.br\/?p=127014#breadcrumb"},"inLanguage":"pt-BR","potentialAction":[{"@type":"ReadAction","target":["https:\/\/blogdofarnesio.com.br\/?p=127014"]}]},{"@type":"BreadcrumbList","@id":"https:\/\/blogdofarnesio.com.br\/?p=127014#breadcrumb","itemListElement":[{"@type":"ListItem","position":1,"name":"In\u00edcio","item":"https:\/\/blogdofarnesio.com.br\/"},{"@type":"ListItem","position":2,"name":"DIRETO DE SENTO-S\u00c9"}]},{"@type":"WebSite","@id":"https:\/\/blogdofarnesio.com.br\/#website","url":"https:\/\/blogdofarnesio.com.br\/","name":"Blog do Farn\u00e9sio","description":"Quer Saber Pol\u00edtica?","publisher":{"@id":"https:\/\/blogdofarnesio.com.br\/#organization"},"potentialAction":[{"@type":"SearchAction","target":{"@type":"EntryPoint","urlTemplate":"https:\/\/blogdofarnesio.com.br\/?s={search_term_string}"},"query-input":{"@type":"PropertyValueSpecification","valueRequired":true,"valueName":"search_term_string"}}],"inLanguage":"pt-BR"},{"@type":"Organization","@id":"https:\/\/blogdofarnesio.com.br\/#organization","name":"Blog do Farn\u00e9sio","url":"https:\/\/blogdofarnesio.com.br\/","logo":{"@type":"ImageObject","inLanguage":"pt-BR","@id":"https:\/\/blogdofarnesio.com.br\/#\/schema\/logo\/image\/","url":"https:\/\/blogdofarnesio.com.br\/wp-content\/uploads\/2026\/03\/cropped-logo_new-1.png","contentUrl":"https:\/\/blogdofarnesio.com.br\/wp-content\/uploads\/2026\/03\/cropped-logo_new-1.png","width":881,"height":685,"caption":"Blog do Farn\u00e9sio"},"image":{"@id":"https:\/\/blogdofarnesio.com.br\/#\/schema\/logo\/image\/"},"sameAs":["https:\/\/www.facebook.com\/BlogQuerSaberPolitica\/"]},{"@type":"Person","@id":"","url":"https:\/\/blogdofarnesio.com.br\/?author=7"}]}},"_links":{"self":[{"href":"https:\/\/blogdofarnesio.com.br\/index.php?rest_route=\/wp\/v2\/posts\/127014","targetHints":{"allow":["GET"]}}],"collection":[{"href":"https:\/\/blogdofarnesio.com.br\/index.php?rest_route=\/wp\/v2\/posts"}],"about":[{"href":"https:\/\/blogdofarnesio.com.br\/index.php?rest_route=\/wp\/v2\/types\/post"}],"author":[{"embeddable":true,"href":"https:\/\/blogdofarnesio.com.br\/index.php?rest_route=\/wp\/v2\/users\/7"}],"replies":[{"embeddable":true,"href":"https:\/\/blogdofarnesio.com.br\/index.php?rest_route=%2Fwp%2Fv2%2Fcomments&post=127014"}],"version-history":[{"count":0,"href":"https:\/\/blogdofarnesio.com.br\/index.php?rest_route=\/wp\/v2\/posts\/127014\/revisions"}],"wp:attachment":[{"href":"https:\/\/blogdofarnesio.com.br\/index.php?rest_route=%2Fwp%2Fv2%2Fmedia&parent=127014"}],"wp:term":[{"taxonomy":"category","embeddable":true,"href":"https:\/\/blogdofarnesio.com.br\/index.php?rest_route=%2Fwp%2Fv2%2Fcategories&post=127014"},{"taxonomy":"post_tag","embeddable":true,"href":"https:\/\/blogdofarnesio.com.br\/index.php?rest_route=%2Fwp%2Fv2%2Ftags&post=127014"}],"curies":[{"name":"wp","href":"https:\/\/api.w.org\/{rel}","templated":true}]}}