{"id":127012,"date":"2015-07-21T09:21:16","date_gmt":"2015-07-21T12:21:16","guid":{"rendered":"http:\/\/www.quersaberpolitica.com.br\/?p=127012"},"modified":"2015-07-20T20:46:47","modified_gmt":"2015-07-20T23:46:47","slug":"jua-garden-comercializa-mais-da-metade-das-lojas-em-juazeiro","status":"publish","type":"post","link":"https:\/\/blogdofarnesio.com.br\/?p=127012","title":{"rendered":"JU\u00c1 GARDEN COMERCIALIZA MAIS DA METADE DAS LOJAS EM JUAZEIRO"},"content":{"rendered":"<p style=\"text-align: justify\"><a href=\"http:\/\/www.quersaberpolitica.com.br\/2016\/wp-content\/uploads\/2015\/07\/blogqsp-juagard\u00e9n-lojas.jpg\"><img loading=\"lazy\" decoding=\"async\" class=\" size-medium wp-image-127013 alignleft\" src=\"http:\/\/www.quersaberpolitica.com.br\/2016\/wp-content\/uploads\/2015\/07\/blogqsp-juagard\u00e9n-lojas-300x200.jpg\" alt=\"blogqsp-juagard\u00e9n-lojas\" width=\"300\" height=\"200\" srcset=\"https:\/\/blogdofarnesio.com.br\/wp-content\/uploads\/2015\/07\/blogqsp-juagard\u00e9n-lojas-300x200.jpg 300w, https:\/\/blogdofarnesio.com.br\/wp-content\/uploads\/2015\/07\/blogqsp-juagard\u00e9n-lojas.jpg 448w\" sizes=\"auto, (max-width: 300px) 100vw, 300px\" \/><\/a>At\u00e9 aqui, 60% das lojas do Ju\u00e1 Garden j\u00e1 foram comercializadas. A informa\u00e7\u00e3o partiu do Grupo Tenco durante caf\u00e9 da manh\u00e3 no s\u00e1bado (18) com lojistas interessados em investir em Juazeiro por meio do empreendimento comercial.<\/p>\n<p style=\"text-align: justify\">Os empres\u00e1rios participaram de visita guiada para conhecer o interior da obra que ser\u00e1 inaugurada em 27 de novembro.<\/p>\n<p style=\"text-align: justify\">Entre as lojas confirmadas no Ju\u00e1 Garden est\u00e3o marcas de peso, como as de departamento C&amp;A, Americanas e as de vestu\u00e1rio Riachuelo, Marisa e Renner. \u201cAs grandes lojas atraem consumidor e esse fluxo de p\u00fablico motiva o empres\u00e1rio local\u201d, frisou o secret\u00e1rio de Desenvolvimento Econ\u00f4mico e Turismo, Carlos Neiva, que esteve no evento a convite da Tenco.<!--more--><\/p>\n<p style=\"text-align: justify\">Neiva ainda destacou a import\u00e2ncia estrat\u00e9gica de obras p\u00fablicas no entorno do shopping, a exemplo da implanta\u00e7\u00e3o e pavimenta\u00e7\u00e3o da BR 235 (rodovia que vai aproximar ainda mais Juazeiro e Aracaju\/SE) e da urbaniza\u00e7\u00e3o do canal pluvial entre o Ju\u00e1 Garden e Atacad\u00e3o (que ser\u00e1 executada numa parceria dos dois atores privados e a prefeitura).<\/p>\n<p style=\"text-align: justify\">Servi\u00e7o<\/p>\n<p style=\"text-align: justify\">Para informa\u00e7\u00f5es de como ser lojista do Ju\u00e1 Garden Shopping basta procurar o stand de vendas na BR 407 (sa\u00edda para Salvador).<\/p>\n<p style=\"text-align: justify\">Mais informa\u00e7\u00f5es <a href=\"tel:%2874%29%208855%202198\">(74) 8855 2198<\/a>.<\/p>\n<p><em>Por Claus Oliveira\/Sedetur<\/em><\/p>\n","protected":false},"excerpt":{"rendered":"<p>At\u00e9 aqui, 60% das lojas do Ju\u00e1 Garden j\u00e1 foram comercializadas. A informa\u00e7\u00e3o partiu do Grupo Tenco durante caf\u00e9 da manh\u00e3 no s\u00e1bado (18) com lojistas interessados em investir em Juazeiro por meio do empreendimento comercial. Os empres\u00e1rios participaram de visita guiada para conhecer o interior da obra que ser\u00e1 inaugurada em 27 de novembro. Entre as lojas confirmadas no Ju\u00e1 Garden est\u00e3o marcas de peso, como as de departamento C&amp;A, Americanas e as de vestu\u00e1rio Riachuelo, Marisa e Renner. \u201cAs grandes lojas atraem consumidor e esse fluxo de p\u00fablico motiva o empres\u00e1rio local\u201d, frisou o secret\u00e1rio de Desenvolvimento Econ\u00f4mico e Turismo, Carlos Neiva, que esteve no evento a convite da Tenco.<\/p>\n","protected":false},"author":7,"featured_media":0,"comment_status":"open","ping_status":"open","sticky":false,"template":"","format":"standard","meta":{"_acf_changed":false,"footnotes":""},"categories":[20],"tags":[],"class_list":["post-127012","post","type-post","status-publish","format-standard","hentry","category-economia"],"acf":[],"yoast_head":"<!-- This site is optimized with the Yoast SEO plugin v27.4 - https:\/\/yoast.com\/product\/yoast-seo-wordpress\/ -->\n<title>JU\u00c1 GARDEN COMERCIALIZA MAIS DA METADE DAS LOJAS EM JUAZEIRO - Blog do Farn\u00e9sio<\/title>\n<meta name=\"robots\" content=\"index, follow, max-snippet:-1, max-image-preview:large, max-video-preview:-1\" \/>\n<link rel=\"canonical\" href=\"https:\/\/blogdofarnesio.com.br\/?p=127012\" \/>\n<meta property=\"og:locale\" content=\"pt_BR\" \/>\n<meta property=\"og:type\" content=\"article\" \/>\n<meta property=\"og:title\" content=\"JU\u00c1 GARDEN COMERCIALIZA MAIS DA METADE DAS LOJAS EM JUAZEIRO - Blog do Farn\u00e9sio\" \/>\n<meta property=\"og:description\" content=\"At\u00e9 aqui, 60% das lojas do Ju\u00e1 Garden j\u00e1 foram comercializadas. A informa\u00e7\u00e3o partiu do Grupo Tenco durante caf\u00e9 da manh\u00e3 no s\u00e1bado (18) com lojistas interessados em investir em Juazeiro por meio do empreendimento comercial. Os empres\u00e1rios participaram de visita guiada para conhecer o interior da obra que ser\u00e1 inaugurada em 27 de novembro. Entre as lojas confirmadas no Ju\u00e1 Garden est\u00e3o marcas de peso, como as de departamento C&amp;A, Americanas e as de vestu\u00e1rio Riachuelo, Marisa e Renner. \u201cAs grandes lojas atraem consumidor e esse fluxo de p\u00fablico motiva o empres\u00e1rio local\u201d, frisou o secret\u00e1rio de Desenvolvimento Econ\u00f4mico e Turismo, Carlos Neiva, que esteve no evento a convite da Tenco.\" \/>\n<meta property=\"og:url\" content=\"https:\/\/blogdofarnesio.com.br\/?p=127012\" \/>\n<meta property=\"og:site_name\" content=\"Blog do Farn\u00e9sio\" \/>\n<meta property=\"article:publisher\" content=\"https:\/\/www.facebook.com\/BlogQuerSaberPolitica\/\" \/>\n<meta property=\"article:published_time\" content=\"2015-07-21T12:21:16+00:00\" \/>\n<meta name=\"twitter:card\" content=\"summary_large_image\" \/>\n<meta name=\"twitter:label1\" content=\"Escrito por\" \/>\n\t<meta name=\"twitter:data1\" content=\"\" \/>\n\t<meta name=\"twitter:label2\" content=\"Est. tempo de leitura\" \/>\n\t<meta name=\"twitter:data2\" content=\"1 minuto\" \/>\n<script type=\"application\/ld+json\" class=\"yoast-schema-graph\">{\"@context\":\"https:\\\/\\\/schema.org\",\"@graph\":[{\"@type\":\"Article\",\"@id\":\"https:\\\/\\\/blogdofarnesio.com.br\\\/?p=127012#article\",\"isPartOf\":{\"@id\":\"https:\\\/\\\/blogdofarnesio.com.br\\\/?p=127012\"},\"author\":{\"name\":\"\",\"@id\":\"\"},\"headline\":\"JU\u00c1 GARDEN COMERCIALIZA MAIS DA METADE DAS LOJAS EM JUAZEIRO\",\"datePublished\":\"2015-07-21T12:21:16+00:00\",\"mainEntityOfPage\":{\"@id\":\"https:\\\/\\\/blogdofarnesio.com.br\\\/?p=127012\"},\"wordCount\":224,\"commentCount\":0,\"publisher\":{\"@id\":\"https:\\\/\\\/blogdofarnesio.com.br\\\/#organization\"},\"articleSection\":[\"Economia\"],\"inLanguage\":\"pt-BR\",\"potentialAction\":[{\"@type\":\"CommentAction\",\"name\":\"Comment\",\"target\":[\"https:\\\/\\\/blogdofarnesio.com.br\\\/?p=127012#respond\"]}]},{\"@type\":\"WebPage\",\"@id\":\"https:\\\/\\\/blogdofarnesio.com.br\\\/?p=127012\",\"url\":\"https:\\\/\\\/blogdofarnesio.com.br\\\/?p=127012\",\"name\":\"JU\u00c1 GARDEN COMERCIALIZA MAIS DA METADE DAS LOJAS EM JUAZEIRO - Blog do Farn\u00e9sio\",\"isPartOf\":{\"@id\":\"https:\\\/\\\/blogdofarnesio.com.br\\\/#website\"},\"datePublished\":\"2015-07-21T12:21:16+00:00\",\"breadcrumb\":{\"@id\":\"https:\\\/\\\/blogdofarnesio.com.br\\\/?p=127012#breadcrumb\"},\"inLanguage\":\"pt-BR\",\"potentialAction\":[{\"@type\":\"ReadAction\",\"target\":[\"https:\\\/\\\/blogdofarnesio.com.br\\\/?p=127012\"]}]},{\"@type\":\"BreadcrumbList\",\"@id\":\"https:\\\/\\\/blogdofarnesio.com.br\\\/?p=127012#breadcrumb\",\"itemListElement\":[{\"@type\":\"ListItem\",\"position\":1,\"name\":\"In\u00edcio\",\"item\":\"https:\\\/\\\/blogdofarnesio.com.br\\\/\"},{\"@type\":\"ListItem\",\"position\":2,\"name\":\"JU\u00c1 GARDEN COMERCIALIZA MAIS DA METADE DAS LOJAS EM JUAZEIRO\"}]},{\"@type\":\"WebSite\",\"@id\":\"https:\\\/\\\/blogdofarnesio.com.br\\\/#website\",\"url\":\"https:\\\/\\\/blogdofarnesio.com.br\\\/\",\"name\":\"Blog do Farn\u00e9sio\",\"description\":\"Quer Saber Pol\u00edtica?\",\"publisher\":{\"@id\":\"https:\\\/\\\/blogdofarnesio.com.br\\\/#organization\"},\"potentialAction\":[{\"@type\":\"SearchAction\",\"target\":{\"@type\":\"EntryPoint\",\"urlTemplate\":\"https:\\\/\\\/blogdofarnesio.com.br\\\/?s={search_term_string}\"},\"query-input\":{\"@type\":\"PropertyValueSpecification\",\"valueRequired\":true,\"valueName\":\"search_term_string\"}}],\"inLanguage\":\"pt-BR\"},{\"@type\":\"Organization\",\"@id\":\"https:\\\/\\\/blogdofarnesio.com.br\\\/#organization\",\"name\":\"Blog do Farn\u00e9sio\",\"url\":\"https:\\\/\\\/blogdofarnesio.com.br\\\/\",\"logo\":{\"@type\":\"ImageObject\",\"inLanguage\":\"pt-BR\",\"@id\":\"https:\\\/\\\/blogdofarnesio.com.br\\\/#\\\/schema\\\/logo\\\/image\\\/\",\"url\":\"https:\\\/\\\/blogdofarnesio.com.br\\\/wp-content\\\/uploads\\\/2026\\\/03\\\/cropped-logo_new-1.png\",\"contentUrl\":\"https:\\\/\\\/blogdofarnesio.com.br\\\/wp-content\\\/uploads\\\/2026\\\/03\\\/cropped-logo_new-1.png\",\"width\":881,\"height\":685,\"caption\":\"Blog do Farn\u00e9sio\"},\"image\":{\"@id\":\"https:\\\/\\\/blogdofarnesio.com.br\\\/#\\\/schema\\\/logo\\\/image\\\/\"},\"sameAs\":[\"https:\\\/\\\/www.facebook.com\\\/BlogQuerSaberPolitica\\\/\"]},{\"@type\":\"Person\",\"@id\":\"\",\"url\":\"https:\\\/\\\/blogdofarnesio.com.br\\\/?author=7\"}]}<\/script>\n<!-- \/ Yoast SEO plugin. -->","yoast_head_json":{"title":"JU\u00c1 GARDEN COMERCIALIZA MAIS DA METADE DAS LOJAS EM JUAZEIRO - Blog do Farn\u00e9sio","robots":{"index":"index","follow":"follow","max-snippet":"max-snippet:-1","max-image-preview":"max-image-preview:large","max-video-preview":"max-video-preview:-1"},"canonical":"https:\/\/blogdofarnesio.com.br\/?p=127012","og_locale":"pt_BR","og_type":"article","og_title":"JU\u00c1 GARDEN COMERCIALIZA MAIS DA METADE DAS LOJAS EM JUAZEIRO - Blog do Farn\u00e9sio","og_description":"At\u00e9 aqui, 60% das lojas do Ju\u00e1 Garden j\u00e1 foram comercializadas. A informa\u00e7\u00e3o partiu do Grupo Tenco durante caf\u00e9 da manh\u00e3 no s\u00e1bado (18) com lojistas interessados em investir em Juazeiro por meio do empreendimento comercial. Os empres\u00e1rios participaram de visita guiada para conhecer o interior da obra que ser\u00e1 inaugurada em 27 de novembro. Entre as lojas confirmadas no Ju\u00e1 Garden est\u00e3o marcas de peso, como as de departamento C&amp;A, Americanas e as de vestu\u00e1rio Riachuelo, Marisa e Renner. \u201cAs grandes lojas atraem consumidor e esse fluxo de p\u00fablico motiva o empres\u00e1rio local\u201d, frisou o secret\u00e1rio de Desenvolvimento Econ\u00f4mico e Turismo, Carlos Neiva, que esteve no evento a convite da Tenco.","og_url":"https:\/\/blogdofarnesio.com.br\/?p=127012","og_site_name":"Blog do Farn\u00e9sio","article_publisher":"https:\/\/www.facebook.com\/BlogQuerSaberPolitica\/","article_published_time":"2015-07-21T12:21:16+00:00","twitter_card":"summary_large_image","twitter_misc":{"Escrito por":"","Est. tempo de leitura":"1 minuto"},"schema":{"@context":"https:\/\/schema.org","@graph":[{"@type":"Article","@id":"https:\/\/blogdofarnesio.com.br\/?p=127012#article","isPartOf":{"@id":"https:\/\/blogdofarnesio.com.br\/?p=127012"},"author":{"name":"","@id":""},"headline":"JU\u00c1 GARDEN COMERCIALIZA MAIS DA METADE DAS LOJAS EM JUAZEIRO","datePublished":"2015-07-21T12:21:16+00:00","mainEntityOfPage":{"@id":"https:\/\/blogdofarnesio.com.br\/?p=127012"},"wordCount":224,"commentCount":0,"publisher":{"@id":"https:\/\/blogdofarnesio.com.br\/#organization"},"articleSection":["Economia"],"inLanguage":"pt-BR","potentialAction":[{"@type":"CommentAction","name":"Comment","target":["https:\/\/blogdofarnesio.com.br\/?p=127012#respond"]}]},{"@type":"WebPage","@id":"https:\/\/blogdofarnesio.com.br\/?p=127012","url":"https:\/\/blogdofarnesio.com.br\/?p=127012","name":"JU\u00c1 GARDEN COMERCIALIZA MAIS DA METADE DAS LOJAS EM JUAZEIRO - Blog do Farn\u00e9sio","isPartOf":{"@id":"https:\/\/blogdofarnesio.com.br\/#website"},"datePublished":"2015-07-21T12:21:16+00:00","breadcrumb":{"@id":"https:\/\/blogdofarnesio.com.br\/?p=127012#breadcrumb"},"inLanguage":"pt-BR","potentialAction":[{"@type":"ReadAction","target":["https:\/\/blogdofarnesio.com.br\/?p=127012"]}]},{"@type":"BreadcrumbList","@id":"https:\/\/blogdofarnesio.com.br\/?p=127012#breadcrumb","itemListElement":[{"@type":"ListItem","position":1,"name":"In\u00edcio","item":"https:\/\/blogdofarnesio.com.br\/"},{"@type":"ListItem","position":2,"name":"JU\u00c1 GARDEN COMERCIALIZA MAIS DA METADE DAS LOJAS EM JUAZEIRO"}]},{"@type":"WebSite","@id":"https:\/\/blogdofarnesio.com.br\/#website","url":"https:\/\/blogdofarnesio.com.br\/","name":"Blog do Farn\u00e9sio","description":"Quer Saber Pol\u00edtica?","publisher":{"@id":"https:\/\/blogdofarnesio.com.br\/#organization"},"potentialAction":[{"@type":"SearchAction","target":{"@type":"EntryPoint","urlTemplate":"https:\/\/blogdofarnesio.com.br\/?s={search_term_string}"},"query-input":{"@type":"PropertyValueSpecification","valueRequired":true,"valueName":"search_term_string"}}],"inLanguage":"pt-BR"},{"@type":"Organization","@id":"https:\/\/blogdofarnesio.com.br\/#organization","name":"Blog do Farn\u00e9sio","url":"https:\/\/blogdofarnesio.com.br\/","logo":{"@type":"ImageObject","inLanguage":"pt-BR","@id":"https:\/\/blogdofarnesio.com.br\/#\/schema\/logo\/image\/","url":"https:\/\/blogdofarnesio.com.br\/wp-content\/uploads\/2026\/03\/cropped-logo_new-1.png","contentUrl":"https:\/\/blogdofarnesio.com.br\/wp-content\/uploads\/2026\/03\/cropped-logo_new-1.png","width":881,"height":685,"caption":"Blog do Farn\u00e9sio"},"image":{"@id":"https:\/\/blogdofarnesio.com.br\/#\/schema\/logo\/image\/"},"sameAs":["https:\/\/www.facebook.com\/BlogQuerSaberPolitica\/"]},{"@type":"Person","@id":"","url":"https:\/\/blogdofarnesio.com.br\/?author=7"}]}},"_links":{"self":[{"href":"https:\/\/blogdofarnesio.com.br\/index.php?rest_route=\/wp\/v2\/posts\/127012","targetHints":{"allow":["GET"]}}],"collection":[{"href":"https:\/\/blogdofarnesio.com.br\/index.php?rest_route=\/wp\/v2\/posts"}],"about":[{"href":"https:\/\/blogdofarnesio.com.br\/index.php?rest_route=\/wp\/v2\/types\/post"}],"author":[{"embeddable":true,"href":"https:\/\/blogdofarnesio.com.br\/index.php?rest_route=\/wp\/v2\/users\/7"}],"replies":[{"embeddable":true,"href":"https:\/\/blogdofarnesio.com.br\/index.php?rest_route=%2Fwp%2Fv2%2Fcomments&post=127012"}],"version-history":[{"count":0,"href":"https:\/\/blogdofarnesio.com.br\/index.php?rest_route=\/wp\/v2\/posts\/127012\/revisions"}],"wp:attachment":[{"href":"https:\/\/blogdofarnesio.com.br\/index.php?rest_route=%2Fwp%2Fv2%2Fmedia&parent=127012"}],"wp:term":[{"taxonomy":"category","embeddable":true,"href":"https:\/\/blogdofarnesio.com.br\/index.php?rest_route=%2Fwp%2Fv2%2Fcategories&post=127012"},{"taxonomy":"post_tag","embeddable":true,"href":"https:\/\/blogdofarnesio.com.br\/index.php?rest_route=%2Fwp%2Fv2%2Ftags&post=127012"}],"curies":[{"name":"wp","href":"https:\/\/api.w.org\/{rel}","templated":true}]}}