{"id":126993,"date":"2015-07-21T07:20:42","date_gmt":"2015-07-21T10:20:42","guid":{"rendered":"http:\/\/www.quersaberpolitica.com.br\/?p=126993"},"modified":"2015-07-20T16:01:46","modified_gmt":"2015-07-20T19:01:46","slug":"casa-nova-santana-do-sobrado-celebra-sua-padroeira-prefeitura-divulga-programacao-da-festa-profana","status":"publish","type":"post","link":"https:\/\/blogdofarnesio.com.br\/?p=126993","title":{"rendered":"DIRETO DE CASA NOVA"},"content":{"rendered":"<p style=\"text-align: center\"><a href=\"http:\/\/www.quersaberpolitica.com.br\/2016\/wp-content\/uploads\/2015\/07\/blogqsp-festaemsantanadosobrado.jpg\"><span style=\"color: #000000\">SANTANA DO SOBRADO CELEBRA SUA PADROEIRA<\/span><img loading=\"lazy\" decoding=\"async\" class=\"  wp-image-126994 aligncenter\" src=\"http:\/\/www.quersaberpolitica.com.br\/2016\/wp-content\/uploads\/2015\/07\/blogqsp-festaemsantanadosobrado-300x97.jpg\" alt=\"blogqsp-festaemsantanadosobrado\" width=\"432\" height=\"151\" \/><\/a><\/p>\n<p style=\"text-align: justify\">Santana do Sobrando, distrito de Casa Nova, est\u00e1 vivenciando os festejos de Sua Padroeira, Nossa Senhora de Santana. Com o tema &#8216;Eu vim para servir&#8217; (MC 10, 45), a comunidade cat\u00f3lica festeja a Av\u00f3 de Jesus desde a \u00faltima quinta-feira, 16. O noven\u00e1rio acontece todos os dias a partir das 19 horas na pra\u00e7a do distrito. No dia 26, dia dedicado \u00e0 Santa, a celebra\u00e7\u00e3o festiva acontecer\u00e1 \u00e0s 10 horas, a prociss\u00e3o \u00e0s 17 horas e a missa de enceramento \u00e0s 19 horas. A festa religiosa conta com o apoio da prefeitura municipal.<\/p>\n<p style=\"text-align: justify\">E neste final de semana, a prefeitura divulgou a programa\u00e7\u00e3o da tradicional festa profana que anima a regi\u00e3o. Entre os dias 24 e 26, a anima\u00e7\u00e3o ficar\u00e1 por conta das bandas Rei da Cacimbinha, Del Feliz, Ney Alves, Zeca de Zefa, Brasas do Forr\u00f3 e bandas locais.<\/p>\n<p style=\"text-align: justify\"><!--more--><\/p>\n<p style=\"text-align: justify\">&#8220;A festa de Nossa Senhora de Santana j\u00e1 \u00e9 tradicionalmente conhecida em toda a regi\u00e3o e com todo o esfor\u00e7o estamos nos empenhando para oferecer ao povo de Santana do Sobrado e aos visitantes uma grande festa, a exemplo do que foi a Festa do Interior&#8221;, destacou o prefeito Wilson Cota.<\/p>\n<p style=\"text-align: justify\">Segue a programa\u00e7\u00e3o profana da Festa de Nossa Senhora de Santana:<\/p>\n<p style=\"text-align: justify\"><strong>Sexta-feira (24)<\/strong><\/p>\n<p style=\"text-align: justify\">Zefa de Zeca<\/p>\n<p style=\"text-align: justify\">Ney Alves<\/p>\n<p style=\"text-align: justify\">Amor sem Limites<\/p>\n<p style=\"text-align: justify\"><strong>S\u00e1bado (25)<\/strong><\/p>\n<p style=\"text-align: justify\">Brasas do Forr\u00f3<\/p>\n<p style=\"text-align: justify\">Del Feliz<\/p>\n<p style=\"text-align: justify\">Trio Granah<\/p>\n<p style=\"text-align: justify\">Nen\u00ea Uchoa<\/p>\n<p style=\"text-align: justify\"><strong>Domingo (26)<\/strong><\/p>\n<p style=\"text-align: justify\">Rei da Cacimbinha<\/p>\n<p style=\"text-align: justify\">Banda Ex\u00f3tica<\/p>\n<p style=\"text-align: justify\">Can\u00e1rio do Forr\u00f3<\/p>\n<p style=\"text-align: justify\">Mega Pam<\/p>\n<p style=\"text-align: justify\"><em><strong>WELINGTON JUNIOR<\/strong><\/em><\/p>\n","protected":false},"excerpt":{"rendered":"<p>SANTANA DO SOBRADO CELEBRA SUA PADROEIRA Santana do Sobrando, distrito de Casa Nova, est\u00e1 vivenciando os festejos de Sua Padroeira, Nossa Senhora de Santana. Com o tema &#8216;Eu vim para servir&#8217; (MC 10, 45), a comunidade cat\u00f3lica festeja a Av\u00f3 de Jesus desde a \u00faltima quinta-feira, 16. O noven\u00e1rio acontece todos os dias a partir das 19 horas na pra\u00e7a do distrito. No dia 26, dia dedicado \u00e0 Santa, a celebra\u00e7\u00e3o festiva acontecer\u00e1 \u00e0s 10 horas, a prociss\u00e3o \u00e0s 17 horas e a missa de enceramento \u00e0s 19 horas. A festa religiosa conta com o apoio da prefeitura municipal. E neste final de semana, a prefeitura divulgou a programa\u00e7\u00e3o da tradicional festa profana que anima a regi\u00e3o. Entre os dias&hellip; <\/p>\n","protected":false},"author":7,"featured_media":0,"comment_status":"open","ping_status":"open","sticky":false,"template":"","format":"standard","meta":{"_acf_changed":false,"footnotes":""},"categories":[27],"tags":[],"class_list":["post-126993","post","type-post","status-publish","format-standard","hentry","category-cidades"],"acf":[],"yoast_head":"<!-- This site is optimized with the Yoast SEO plugin v27.4 - https:\/\/yoast.com\/product\/yoast-seo-wordpress\/ -->\n<title>DIRETO DE CASA NOVA - Blog do Farn\u00e9sio<\/title>\n<meta name=\"robots\" content=\"index, follow, max-snippet:-1, max-image-preview:large, max-video-preview:-1\" \/>\n<link rel=\"canonical\" href=\"https:\/\/blogdofarnesio.com.br\/?p=126993\" \/>\n<meta property=\"og:locale\" content=\"pt_BR\" \/>\n<meta property=\"og:type\" content=\"article\" \/>\n<meta property=\"og:title\" content=\"DIRETO DE CASA NOVA - Blog do Farn\u00e9sio\" \/>\n<meta property=\"og:description\" content=\"SANTANA DO SOBRADO CELEBRA SUA PADROEIRA Santana do Sobrando, distrito de Casa Nova, est\u00e1 vivenciando os festejos de Sua Padroeira, Nossa Senhora de Santana. Com o tema &#8216;Eu vim para servir&#8217; (MC 10, 45), a comunidade cat\u00f3lica festeja a Av\u00f3 de Jesus desde a \u00faltima quinta-feira, 16. O noven\u00e1rio acontece todos os dias a partir das 19 horas na pra\u00e7a do distrito. No dia 26, dia dedicado \u00e0 Santa, a celebra\u00e7\u00e3o festiva acontecer\u00e1 \u00e0s 10 horas, a prociss\u00e3o \u00e0s 17 horas e a missa de enceramento \u00e0s 19 horas. A festa religiosa conta com o apoio da prefeitura municipal. E neste final de semana, a prefeitura divulgou a programa\u00e7\u00e3o da tradicional festa profana que anima a regi\u00e3o. Entre os dias&hellip;\" \/>\n<meta property=\"og:url\" content=\"https:\/\/blogdofarnesio.com.br\/?p=126993\" \/>\n<meta property=\"og:site_name\" content=\"Blog do Farn\u00e9sio\" \/>\n<meta property=\"article:publisher\" content=\"https:\/\/www.facebook.com\/BlogQuerSaberPolitica\/\" \/>\n<meta property=\"article:published_time\" content=\"2015-07-21T10:20:42+00:00\" \/>\n<meta property=\"og:image\" content=\"http:\/\/www.quersaberpolitica.com.br\/2016\/wp-content\/uploads\/2015\/07\/blogqsp-festaemsantanadosobrado-300x97.jpg\" \/>\n<meta name=\"twitter:card\" content=\"summary_large_image\" \/>\n<meta name=\"twitter:label1\" content=\"Escrito por\" \/>\n\t<meta name=\"twitter:data1\" content=\"\" \/>\n\t<meta name=\"twitter:label2\" content=\"Est. tempo de leitura\" \/>\n\t<meta name=\"twitter:data2\" content=\"1 minuto\" \/>\n<script type=\"application\/ld+json\" class=\"yoast-schema-graph\">{\"@context\":\"https:\\\/\\\/schema.org\",\"@graph\":[{\"@type\":\"Article\",\"@id\":\"https:\\\/\\\/blogdofarnesio.com.br\\\/?p=126993#article\",\"isPartOf\":{\"@id\":\"https:\\\/\\\/blogdofarnesio.com.br\\\/?p=126993\"},\"author\":{\"name\":\"\",\"@id\":\"\"},\"headline\":\"DIRETO DE CASA NOVA\",\"datePublished\":\"2015-07-21T10:20:42+00:00\",\"mainEntityOfPage\":{\"@id\":\"https:\\\/\\\/blogdofarnesio.com.br\\\/?p=126993\"},\"wordCount\":246,\"commentCount\":0,\"publisher\":{\"@id\":\"https:\\\/\\\/blogdofarnesio.com.br\\\/#organization\"},\"image\":{\"@id\":\"https:\\\/\\\/blogdofarnesio.com.br\\\/?p=126993#primaryimage\"},\"thumbnailUrl\":\"http:\\\/\\\/www.quersaberpolitica.com.br\\\/2016\\\/wp-content\\\/uploads\\\/2015\\\/07\\\/blogqsp-festaemsantanadosobrado-300x97.jpg\",\"articleSection\":[\"Cidades\"],\"inLanguage\":\"pt-BR\",\"potentialAction\":[{\"@type\":\"CommentAction\",\"name\":\"Comment\",\"target\":[\"https:\\\/\\\/blogdofarnesio.com.br\\\/?p=126993#respond\"]}]},{\"@type\":\"WebPage\",\"@id\":\"https:\\\/\\\/blogdofarnesio.com.br\\\/?p=126993\",\"url\":\"https:\\\/\\\/blogdofarnesio.com.br\\\/?p=126993\",\"name\":\"DIRETO DE CASA NOVA - Blog do Farn\u00e9sio\",\"isPartOf\":{\"@id\":\"https:\\\/\\\/blogdofarnesio.com.br\\\/#website\"},\"primaryImageOfPage\":{\"@id\":\"https:\\\/\\\/blogdofarnesio.com.br\\\/?p=126993#primaryimage\"},\"image\":{\"@id\":\"https:\\\/\\\/blogdofarnesio.com.br\\\/?p=126993#primaryimage\"},\"thumbnailUrl\":\"http:\\\/\\\/www.quersaberpolitica.com.br\\\/2016\\\/wp-content\\\/uploads\\\/2015\\\/07\\\/blogqsp-festaemsantanadosobrado-300x97.jpg\",\"datePublished\":\"2015-07-21T10:20:42+00:00\",\"breadcrumb\":{\"@id\":\"https:\\\/\\\/blogdofarnesio.com.br\\\/?p=126993#breadcrumb\"},\"inLanguage\":\"pt-BR\",\"potentialAction\":[{\"@type\":\"ReadAction\",\"target\":[\"https:\\\/\\\/blogdofarnesio.com.br\\\/?p=126993\"]}]},{\"@type\":\"ImageObject\",\"inLanguage\":\"pt-BR\",\"@id\":\"https:\\\/\\\/blogdofarnesio.com.br\\\/?p=126993#primaryimage\",\"url\":\"http:\\\/\\\/www.quersaberpolitica.com.br\\\/2016\\\/wp-content\\\/uploads\\\/2015\\\/07\\\/blogqsp-festaemsantanadosobrado-300x97.jpg\",\"contentUrl\":\"http:\\\/\\\/www.quersaberpolitica.com.br\\\/2016\\\/wp-content\\\/uploads\\\/2015\\\/07\\\/blogqsp-festaemsantanadosobrado-300x97.jpg\"},{\"@type\":\"BreadcrumbList\",\"@id\":\"https:\\\/\\\/blogdofarnesio.com.br\\\/?p=126993#breadcrumb\",\"itemListElement\":[{\"@type\":\"ListItem\",\"position\":1,\"name\":\"In\u00edcio\",\"item\":\"https:\\\/\\\/blogdofarnesio.com.br\\\/\"},{\"@type\":\"ListItem\",\"position\":2,\"name\":\"DIRETO DE CASA NOVA\"}]},{\"@type\":\"WebSite\",\"@id\":\"https:\\\/\\\/blogdofarnesio.com.br\\\/#website\",\"url\":\"https:\\\/\\\/blogdofarnesio.com.br\\\/\",\"name\":\"Blog do Farn\u00e9sio\",\"description\":\"Quer Saber Pol\u00edtica?\",\"publisher\":{\"@id\":\"https:\\\/\\\/blogdofarnesio.com.br\\\/#organization\"},\"potentialAction\":[{\"@type\":\"SearchAction\",\"target\":{\"@type\":\"EntryPoint\",\"urlTemplate\":\"https:\\\/\\\/blogdofarnesio.com.br\\\/?s={search_term_string}\"},\"query-input\":{\"@type\":\"PropertyValueSpecification\",\"valueRequired\":true,\"valueName\":\"search_term_string\"}}],\"inLanguage\":\"pt-BR\"},{\"@type\":\"Organization\",\"@id\":\"https:\\\/\\\/blogdofarnesio.com.br\\\/#organization\",\"name\":\"Blog do Farn\u00e9sio\",\"url\":\"https:\\\/\\\/blogdofarnesio.com.br\\\/\",\"logo\":{\"@type\":\"ImageObject\",\"inLanguage\":\"pt-BR\",\"@id\":\"https:\\\/\\\/blogdofarnesio.com.br\\\/#\\\/schema\\\/logo\\\/image\\\/\",\"url\":\"https:\\\/\\\/blogdofarnesio.com.br\\\/wp-content\\\/uploads\\\/2026\\\/03\\\/cropped-logo_new-1.png\",\"contentUrl\":\"https:\\\/\\\/blogdofarnesio.com.br\\\/wp-content\\\/uploads\\\/2026\\\/03\\\/cropped-logo_new-1.png\",\"width\":881,\"height\":685,\"caption\":\"Blog do Farn\u00e9sio\"},\"image\":{\"@id\":\"https:\\\/\\\/blogdofarnesio.com.br\\\/#\\\/schema\\\/logo\\\/image\\\/\"},\"sameAs\":[\"https:\\\/\\\/www.facebook.com\\\/BlogQuerSaberPolitica\\\/\"]},{\"@type\":\"Person\",\"@id\":\"\",\"url\":\"https:\\\/\\\/blogdofarnesio.com.br\\\/?author=7\"}]}<\/script>\n<!-- \/ Yoast SEO plugin. -->","yoast_head_json":{"title":"DIRETO DE CASA NOVA - Blog do Farn\u00e9sio","robots":{"index":"index","follow":"follow","max-snippet":"max-snippet:-1","max-image-preview":"max-image-preview:large","max-video-preview":"max-video-preview:-1"},"canonical":"https:\/\/blogdofarnesio.com.br\/?p=126993","og_locale":"pt_BR","og_type":"article","og_title":"DIRETO DE CASA NOVA - Blog do Farn\u00e9sio","og_description":"SANTANA DO SOBRADO CELEBRA SUA PADROEIRA Santana do Sobrando, distrito de Casa Nova, est\u00e1 vivenciando os festejos de Sua Padroeira, Nossa Senhora de Santana. Com o tema &#8216;Eu vim para servir&#8217; (MC 10, 45), a comunidade cat\u00f3lica festeja a Av\u00f3 de Jesus desde a \u00faltima quinta-feira, 16. O noven\u00e1rio acontece todos os dias a partir das 19 horas na pra\u00e7a do distrito. No dia 26, dia dedicado \u00e0 Santa, a celebra\u00e7\u00e3o festiva acontecer\u00e1 \u00e0s 10 horas, a prociss\u00e3o \u00e0s 17 horas e a missa de enceramento \u00e0s 19 horas. A festa religiosa conta com o apoio da prefeitura municipal. E neste final de semana, a prefeitura divulgou a programa\u00e7\u00e3o da tradicional festa profana que anima a regi\u00e3o. Entre os dias&hellip;","og_url":"https:\/\/blogdofarnesio.com.br\/?p=126993","og_site_name":"Blog do Farn\u00e9sio","article_publisher":"https:\/\/www.facebook.com\/BlogQuerSaberPolitica\/","article_published_time":"2015-07-21T10:20:42+00:00","og_image":[{"url":"http:\/\/www.quersaberpolitica.com.br\/2016\/wp-content\/uploads\/2015\/07\/blogqsp-festaemsantanadosobrado-300x97.jpg","type":"","width":"","height":""}],"twitter_card":"summary_large_image","twitter_misc":{"Escrito por":"","Est. tempo de leitura":"1 minuto"},"schema":{"@context":"https:\/\/schema.org","@graph":[{"@type":"Article","@id":"https:\/\/blogdofarnesio.com.br\/?p=126993#article","isPartOf":{"@id":"https:\/\/blogdofarnesio.com.br\/?p=126993"},"author":{"name":"","@id":""},"headline":"DIRETO DE CASA NOVA","datePublished":"2015-07-21T10:20:42+00:00","mainEntityOfPage":{"@id":"https:\/\/blogdofarnesio.com.br\/?p=126993"},"wordCount":246,"commentCount":0,"publisher":{"@id":"https:\/\/blogdofarnesio.com.br\/#organization"},"image":{"@id":"https:\/\/blogdofarnesio.com.br\/?p=126993#primaryimage"},"thumbnailUrl":"http:\/\/www.quersaberpolitica.com.br\/2016\/wp-content\/uploads\/2015\/07\/blogqsp-festaemsantanadosobrado-300x97.jpg","articleSection":["Cidades"],"inLanguage":"pt-BR","potentialAction":[{"@type":"CommentAction","name":"Comment","target":["https:\/\/blogdofarnesio.com.br\/?p=126993#respond"]}]},{"@type":"WebPage","@id":"https:\/\/blogdofarnesio.com.br\/?p=126993","url":"https:\/\/blogdofarnesio.com.br\/?p=126993","name":"DIRETO DE CASA NOVA - Blog do Farn\u00e9sio","isPartOf":{"@id":"https:\/\/blogdofarnesio.com.br\/#website"},"primaryImageOfPage":{"@id":"https:\/\/blogdofarnesio.com.br\/?p=126993#primaryimage"},"image":{"@id":"https:\/\/blogdofarnesio.com.br\/?p=126993#primaryimage"},"thumbnailUrl":"http:\/\/www.quersaberpolitica.com.br\/2016\/wp-content\/uploads\/2015\/07\/blogqsp-festaemsantanadosobrado-300x97.jpg","datePublished":"2015-07-21T10:20:42+00:00","breadcrumb":{"@id":"https:\/\/blogdofarnesio.com.br\/?p=126993#breadcrumb"},"inLanguage":"pt-BR","potentialAction":[{"@type":"ReadAction","target":["https:\/\/blogdofarnesio.com.br\/?p=126993"]}]},{"@type":"ImageObject","inLanguage":"pt-BR","@id":"https:\/\/blogdofarnesio.com.br\/?p=126993#primaryimage","url":"http:\/\/www.quersaberpolitica.com.br\/2016\/wp-content\/uploads\/2015\/07\/blogqsp-festaemsantanadosobrado-300x97.jpg","contentUrl":"http:\/\/www.quersaberpolitica.com.br\/2016\/wp-content\/uploads\/2015\/07\/blogqsp-festaemsantanadosobrado-300x97.jpg"},{"@type":"BreadcrumbList","@id":"https:\/\/blogdofarnesio.com.br\/?p=126993#breadcrumb","itemListElement":[{"@type":"ListItem","position":1,"name":"In\u00edcio","item":"https:\/\/blogdofarnesio.com.br\/"},{"@type":"ListItem","position":2,"name":"DIRETO DE CASA NOVA"}]},{"@type":"WebSite","@id":"https:\/\/blogdofarnesio.com.br\/#website","url":"https:\/\/blogdofarnesio.com.br\/","name":"Blog do Farn\u00e9sio","description":"Quer Saber Pol\u00edtica?","publisher":{"@id":"https:\/\/blogdofarnesio.com.br\/#organization"},"potentialAction":[{"@type":"SearchAction","target":{"@type":"EntryPoint","urlTemplate":"https:\/\/blogdofarnesio.com.br\/?s={search_term_string}"},"query-input":{"@type":"PropertyValueSpecification","valueRequired":true,"valueName":"search_term_string"}}],"inLanguage":"pt-BR"},{"@type":"Organization","@id":"https:\/\/blogdofarnesio.com.br\/#organization","name":"Blog do Farn\u00e9sio","url":"https:\/\/blogdofarnesio.com.br\/","logo":{"@type":"ImageObject","inLanguage":"pt-BR","@id":"https:\/\/blogdofarnesio.com.br\/#\/schema\/logo\/image\/","url":"https:\/\/blogdofarnesio.com.br\/wp-content\/uploads\/2026\/03\/cropped-logo_new-1.png","contentUrl":"https:\/\/blogdofarnesio.com.br\/wp-content\/uploads\/2026\/03\/cropped-logo_new-1.png","width":881,"height":685,"caption":"Blog do Farn\u00e9sio"},"image":{"@id":"https:\/\/blogdofarnesio.com.br\/#\/schema\/logo\/image\/"},"sameAs":["https:\/\/www.facebook.com\/BlogQuerSaberPolitica\/"]},{"@type":"Person","@id":"","url":"https:\/\/blogdofarnesio.com.br\/?author=7"}]}},"_links":{"self":[{"href":"https:\/\/blogdofarnesio.com.br\/index.php?rest_route=\/wp\/v2\/posts\/126993","targetHints":{"allow":["GET"]}}],"collection":[{"href":"https:\/\/blogdofarnesio.com.br\/index.php?rest_route=\/wp\/v2\/posts"}],"about":[{"href":"https:\/\/blogdofarnesio.com.br\/index.php?rest_route=\/wp\/v2\/types\/post"}],"author":[{"embeddable":true,"href":"https:\/\/blogdofarnesio.com.br\/index.php?rest_route=\/wp\/v2\/users\/7"}],"replies":[{"embeddable":true,"href":"https:\/\/blogdofarnesio.com.br\/index.php?rest_route=%2Fwp%2Fv2%2Fcomments&post=126993"}],"version-history":[{"count":0,"href":"https:\/\/blogdofarnesio.com.br\/index.php?rest_route=\/wp\/v2\/posts\/126993\/revisions"}],"wp:attachment":[{"href":"https:\/\/blogdofarnesio.com.br\/index.php?rest_route=%2Fwp%2Fv2%2Fmedia&parent=126993"}],"wp:term":[{"taxonomy":"category","embeddable":true,"href":"https:\/\/blogdofarnesio.com.br\/index.php?rest_route=%2Fwp%2Fv2%2Fcategories&post=126993"},{"taxonomy":"post_tag","embeddable":true,"href":"https:\/\/blogdofarnesio.com.br\/index.php?rest_route=%2Fwp%2Fv2%2Ftags&post=126993"}],"curies":[{"name":"wp","href":"https:\/\/api.w.org\/{rel}","templated":true}]}}