{"id":126973,"date":"2015-07-21T09:41:36","date_gmt":"2015-07-21T12:41:36","guid":{"rendered":"http:\/\/www.quersaberpolitica.com.br\/?p=126973"},"modified":"2015-07-20T20:42:18","modified_gmt":"2015-07-20T23:42:18","slug":"petrolina-investe-na-capacitacao-da-equipe-do-samu","status":"publish","type":"post","link":"https:\/\/blogdofarnesio.com.br\/2015\/07\/petrolina-investe-na-capacitacao-da-equipe-do-samu\/","title":{"rendered":"PETROLINA INVESTE NA CAPACITA\u00c7\u00c3O DA EQUIPE DO SAMU"},"content":{"rendered":"<p style=\"text-align: justify\"><a href=\"http:\/\/www.quersaberpolitica.com.br\/2016\/wp-content\/uploads\/2015\/07\/blogqsp-capacita\u00e7\u00e3o-equipe-samu.jpg\"><img loading=\"lazy\" decoding=\"async\" class=\" size-medium wp-image-126974 aligncenter\" src=\"http:\/\/www.quersaberpolitica.com.br\/2016\/wp-content\/uploads\/2015\/07\/blogqsp-capacita\u00e7\u00e3o-equipe-samu-300x225.jpg\" alt=\"blogqsp-capacita\u00e7\u00e3o-equipe-samu\" width=\"300\" height=\"225\" srcset=\"https:\/\/blogdofarnesio.com.br\/wp-content\/uploads\/2015\/07\/blogqsp-capacita\u00e7\u00e3o-equipe-samu-300x225.jpg 300w, https:\/\/blogdofarnesio.com.br\/wp-content\/uploads\/2015\/07\/blogqsp-capacita\u00e7\u00e3o-equipe-samu-400x300.jpg 400w, https:\/\/blogdofarnesio.com.br\/wp-content\/uploads\/2015\/07\/blogqsp-capacita\u00e7\u00e3o-equipe-samu.jpg 448w\" sizes=\"auto, (max-width: 300px) 100vw, 300px\" \/><\/a><\/p>\n<p style=\"text-align: justify\">Visando qualificar os profissionais do Servi\u00e7o de Atendimento M\u00f3vel e Urg\u00eancia (SAMU) para melhor atender \u00e0 popula\u00e7\u00e3o do munic\u00edpio, a Prefeitura de Petrolina, atrav\u00e9s da Secretaria de Sa\u00fade, tem proporcionado uma s\u00e9rie de treinamentos para a equipe multiprofissional do servi\u00e7o que segue at\u00e9 o final do ano.<\/p>\n<p style=\"text-align: justify\">Na \u00faltima sexta-feira (17) os servidores foram capacitados sobre t\u00e9cnicas de imobiliza\u00e7\u00e3o de pacientes traum\u00e1ticos de acidentes de tr\u00e2nsito e orientados como realizar uma avalia\u00e7\u00e3o prim\u00e1ria bem sucedida. \u201cA avalia\u00e7\u00e3o prim\u00e1ria \u00e9 feita em cinco n\u00edveis (A, B, C, D, E) com o objetivo de avaliar a respira\u00e7\u00e3o, pulsa\u00e7\u00e3o sangu\u00ednea, escala neurol\u00f3gica, expans\u00e3o tor\u00e1cica e exist\u00eancia de alguma fratura\u201d, explicou o enfermeiro do\u00a0N\u00facleo de Educa\u00e7\u00e3o em Urg\u00eancia (NEU)\u00a0do SAMU, Nilton Leite.<\/p>\n<p style=\"text-align: justify\"><!--more--><\/p>\n<p style=\"text-align: justify\">Ainda na manh\u00e3 do dia 17 os m\u00e9dicos e enfermeiros do SAMU participaram de um treinamento pr\u00e1tico de Suporte Avan\u00e7ado de Vida (SAV) com o m\u00e9dico Cleyton Sales. A pr\u00f3xima capacita\u00e7\u00e3o ser\u00e1 no dia 24\/07 sobre Condutas em Emerg\u00eancias para Leigos.<\/p>\n<p style=\"text-align: justify\">\u201cElaboramos um planejamento de capacita\u00e7\u00f5es previamente, oportunizando uma melhor organiza\u00e7\u00e3o para o p\u00fablico que ser\u00e1 capacitado, bem como para os tutores. Temos a preocupa\u00e7\u00e3o de preparar um material completo para que possamos realizar nossos cursos com qualidade e que atende a demanda da regi\u00e3o\u201d, disse o coordenador Geral do\u00a0SAMU, Tiago Acioli.<\/p>\n<p style=\"text-align: justify\">\u201cO prefeito Julio Lossio tem investido na qualifica\u00e7\u00e3o dos profissionais de sa\u00fade visando prestar um servi\u00e7o eficaz \u00e0 popula\u00e7\u00e3o. Em breve iniciaremos a reforma do pr\u00e9dio do SAMU, aquisi\u00e7\u00e3o de equipamentos de tecnologia, mob\u00edlia e materiais, assim o SAMU passar\u00e1 a atender 25 munic\u00edpios, tornando-se SAMU Regional\u201d, acrescentou a secret\u00e1ria de Sa\u00fade Lucia Giesta.<\/p>\n<p><em><strong>Gabriella Moura<\/strong><\/em><\/p>\n","protected":false},"excerpt":{"rendered":"<p>Visando qualificar os profissionais do Servi\u00e7o de Atendimento M\u00f3vel e Urg\u00eancia (SAMU) para melhor atender \u00e0 popula\u00e7\u00e3o do munic\u00edpio, a Prefeitura de Petrolina, atrav\u00e9s da Secretaria de Sa\u00fade, tem proporcionado uma s\u00e9rie de treinamentos para a equipe multiprofissional do servi\u00e7o que segue at\u00e9 o final do ano. Na \u00faltima sexta-feira (17) os servidores foram capacitados sobre t\u00e9cnicas de imobiliza\u00e7\u00e3o de pacientes traum\u00e1ticos de acidentes de tr\u00e2nsito e orientados como realizar uma avalia\u00e7\u00e3o prim\u00e1ria bem sucedida. \u201cA avalia\u00e7\u00e3o prim\u00e1ria \u00e9 feita em cinco n\u00edveis (A, B, C, D, E) com o objetivo de avaliar a respira\u00e7\u00e3o, pulsa\u00e7\u00e3o sangu\u00ednea, escala neurol\u00f3gica, expans\u00e3o tor\u00e1cica e exist\u00eancia de alguma fratura\u201d, explicou o enfermeiro do\u00a0N\u00facleo de Educa\u00e7\u00e3o em Urg\u00eancia (NEU)\u00a0do SAMU, Nilton Leite.<\/p>\n","protected":false},"author":7,"featured_media":0,"comment_status":"open","ping_status":"open","sticky":false,"template":"","format":"standard","meta":{"_acf_changed":false,"footnotes":""},"categories":[4],"tags":[],"class_list":["post-126973","post","type-post","status-publish","format-standard","hentry","category-saude"],"acf":[],"yoast_head":"<!-- This site is optimized with the Yoast SEO plugin v27.5 - https:\/\/yoast.com\/product\/yoast-seo-wordpress\/ -->\n<title>PETROLINA INVESTE NA CAPACITA\u00c7\u00c3O DA EQUIPE DO SAMU - Blog do Farn\u00e9sio<\/title>\n<meta name=\"robots\" content=\"index, follow, max-snippet:-1, max-image-preview:large, max-video-preview:-1\" \/>\n<link rel=\"canonical\" href=\"https:\/\/blogdofarnesio.com.br\/2015\/07\/petrolina-investe-na-capacitacao-da-equipe-do-samu\/\" \/>\n<meta property=\"og:locale\" content=\"pt_BR\" \/>\n<meta property=\"og:type\" content=\"article\" \/>\n<meta property=\"og:title\" content=\"PETROLINA INVESTE NA CAPACITA\u00c7\u00c3O DA EQUIPE DO SAMU - Blog do Farn\u00e9sio\" \/>\n<meta property=\"og:description\" content=\"Visando qualificar os profissionais do Servi\u00e7o de Atendimento M\u00f3vel e Urg\u00eancia (SAMU) para melhor atender \u00e0 popula\u00e7\u00e3o do munic\u00edpio, a Prefeitura de Petrolina, atrav\u00e9s da Secretaria de Sa\u00fade, tem proporcionado uma s\u00e9rie de treinamentos para a equipe multiprofissional do servi\u00e7o que segue at\u00e9 o final do ano. Na \u00faltima sexta-feira (17) os servidores foram capacitados sobre t\u00e9cnicas de imobiliza\u00e7\u00e3o de pacientes traum\u00e1ticos de acidentes de tr\u00e2nsito e orientados como realizar uma avalia\u00e7\u00e3o prim\u00e1ria bem sucedida. \u201cA avalia\u00e7\u00e3o prim\u00e1ria \u00e9 feita em cinco n\u00edveis (A, B, C, D, E) com o objetivo de avaliar a respira\u00e7\u00e3o, pulsa\u00e7\u00e3o sangu\u00ednea, escala neurol\u00f3gica, expans\u00e3o tor\u00e1cica e exist\u00eancia de alguma fratura\u201d, explicou o enfermeiro do\u00a0N\u00facleo de Educa\u00e7\u00e3o em Urg\u00eancia (NEU)\u00a0do SAMU, Nilton Leite.\" \/>\n<meta property=\"og:url\" content=\"https:\/\/blogdofarnesio.com.br\/2015\/07\/petrolina-investe-na-capacitacao-da-equipe-do-samu\/\" \/>\n<meta property=\"og:site_name\" content=\"Blog do Farn\u00e9sio\" \/>\n<meta property=\"article:publisher\" content=\"https:\/\/www.facebook.com\/BlogQuerSaberPolitica\/\" \/>\n<meta property=\"article:published_time\" content=\"2015-07-21T12:41:36+00:00\" \/>\n<meta name=\"twitter:card\" content=\"summary_large_image\" \/>\n<meta name=\"twitter:label1\" content=\"Escrito por\" \/>\n\t<meta name=\"twitter:data1\" content=\"\" \/>\n\t<meta name=\"twitter:label2\" content=\"Est. tempo de leitura\" \/>\n\t<meta name=\"twitter:data2\" content=\"2 minutos\" \/>\n<script type=\"application\/ld+json\" class=\"yoast-schema-graph\">{\"@context\":\"https:\\\/\\\/schema.org\",\"@graph\":[{\"@type\":\"Article\",\"@id\":\"https:\\\/\\\/blogdofarnesio.com.br\\\/2015\\\/07\\\/petrolina-investe-na-capacitacao-da-equipe-do-samu\\\/#article\",\"isPartOf\":{\"@id\":\"https:\\\/\\\/blogdofarnesio.com.br\\\/2015\\\/07\\\/petrolina-investe-na-capacitacao-da-equipe-do-samu\\\/\"},\"author\":{\"name\":\"\",\"@id\":\"\"},\"headline\":\"PETROLINA INVESTE NA CAPACITA\u00c7\u00c3O DA EQUIPE DO SAMU\",\"datePublished\":\"2015-07-21T12:41:36+00:00\",\"mainEntityOfPage\":{\"@id\":\"https:\\\/\\\/blogdofarnesio.com.br\\\/2015\\\/07\\\/petrolina-investe-na-capacitacao-da-equipe-do-samu\\\/\"},\"wordCount\":321,\"commentCount\":0,\"publisher\":{\"@id\":\"https:\\\/\\\/blogdofarnesio.com.br\\\/#organization\"},\"articleSection\":[\"Sa\u00fade\"],\"inLanguage\":\"pt-BR\",\"potentialAction\":[{\"@type\":\"CommentAction\",\"name\":\"Comment\",\"target\":[\"https:\\\/\\\/blogdofarnesio.com.br\\\/2015\\\/07\\\/petrolina-investe-na-capacitacao-da-equipe-do-samu\\\/#respond\"]}]},{\"@type\":\"WebPage\",\"@id\":\"https:\\\/\\\/blogdofarnesio.com.br\\\/2015\\\/07\\\/petrolina-investe-na-capacitacao-da-equipe-do-samu\\\/\",\"url\":\"https:\\\/\\\/blogdofarnesio.com.br\\\/2015\\\/07\\\/petrolina-investe-na-capacitacao-da-equipe-do-samu\\\/\",\"name\":\"PETROLINA INVESTE NA CAPACITA\u00c7\u00c3O DA EQUIPE DO SAMU - Blog do Farn\u00e9sio\",\"isPartOf\":{\"@id\":\"https:\\\/\\\/blogdofarnesio.com.br\\\/#website\"},\"datePublished\":\"2015-07-21T12:41:36+00:00\",\"breadcrumb\":{\"@id\":\"https:\\\/\\\/blogdofarnesio.com.br\\\/2015\\\/07\\\/petrolina-investe-na-capacitacao-da-equipe-do-samu\\\/#breadcrumb\"},\"inLanguage\":\"pt-BR\",\"potentialAction\":[{\"@type\":\"ReadAction\",\"target\":[\"https:\\\/\\\/blogdofarnesio.com.br\\\/2015\\\/07\\\/petrolina-investe-na-capacitacao-da-equipe-do-samu\\\/\"]}]},{\"@type\":\"BreadcrumbList\",\"@id\":\"https:\\\/\\\/blogdofarnesio.com.br\\\/2015\\\/07\\\/petrolina-investe-na-capacitacao-da-equipe-do-samu\\\/#breadcrumb\",\"itemListElement\":[{\"@type\":\"ListItem\",\"position\":1,\"name\":\"In\u00edcio\",\"item\":\"https:\\\/\\\/blogdofarnesio.com.br\\\/\"},{\"@type\":\"ListItem\",\"position\":2,\"name\":\"PETROLINA INVESTE NA CAPACITA\u00c7\u00c3O DA EQUIPE DO SAMU\"}]},{\"@type\":\"WebSite\",\"@id\":\"https:\\\/\\\/blogdofarnesio.com.br\\\/#website\",\"url\":\"https:\\\/\\\/blogdofarnesio.com.br\\\/\",\"name\":\"Blog do Farn\u00e9sio\",\"description\":\"Quer Saber Pol\u00edtica?\",\"publisher\":{\"@id\":\"https:\\\/\\\/blogdofarnesio.com.br\\\/#organization\"},\"potentialAction\":[{\"@type\":\"SearchAction\",\"target\":{\"@type\":\"EntryPoint\",\"urlTemplate\":\"https:\\\/\\\/blogdofarnesio.com.br\\\/?s={search_term_string}\"},\"query-input\":{\"@type\":\"PropertyValueSpecification\",\"valueRequired\":true,\"valueName\":\"search_term_string\"}}],\"inLanguage\":\"pt-BR\"},{\"@type\":\"Organization\",\"@id\":\"https:\\\/\\\/blogdofarnesio.com.br\\\/#organization\",\"name\":\"Blog do Farn\u00e9sio\",\"url\":\"https:\\\/\\\/blogdofarnesio.com.br\\\/\",\"logo\":{\"@type\":\"ImageObject\",\"inLanguage\":\"pt-BR\",\"@id\":\"https:\\\/\\\/blogdofarnesio.com.br\\\/#\\\/schema\\\/logo\\\/image\\\/\",\"url\":\"https:\\\/\\\/blogdofarnesio.com.br\\\/wp-content\\\/uploads\\\/2026\\\/03\\\/cropped-logo_new-1.png\",\"contentUrl\":\"https:\\\/\\\/blogdofarnesio.com.br\\\/wp-content\\\/uploads\\\/2026\\\/03\\\/cropped-logo_new-1.png\",\"width\":881,\"height\":685,\"caption\":\"Blog do Farn\u00e9sio\"},\"image\":{\"@id\":\"https:\\\/\\\/blogdofarnesio.com.br\\\/#\\\/schema\\\/logo\\\/image\\\/\"},\"sameAs\":[\"https:\\\/\\\/www.facebook.com\\\/BlogQuerSaberPolitica\\\/\"]},{\"@type\":\"Person\",\"@id\":\"\",\"url\":\"https:\\\/\\\/blogdofarnesio.com.br\\\/author\\\/\"}]}<\/script>\n<!-- \/ Yoast SEO plugin. -->","yoast_head_json":{"title":"PETROLINA INVESTE NA CAPACITA\u00c7\u00c3O DA EQUIPE DO SAMU - Blog do Farn\u00e9sio","robots":{"index":"index","follow":"follow","max-snippet":"max-snippet:-1","max-image-preview":"max-image-preview:large","max-video-preview":"max-video-preview:-1"},"canonical":"https:\/\/blogdofarnesio.com.br\/2015\/07\/petrolina-investe-na-capacitacao-da-equipe-do-samu\/","og_locale":"pt_BR","og_type":"article","og_title":"PETROLINA INVESTE NA CAPACITA\u00c7\u00c3O DA EQUIPE DO SAMU - Blog do Farn\u00e9sio","og_description":"Visando qualificar os profissionais do Servi\u00e7o de Atendimento M\u00f3vel e Urg\u00eancia (SAMU) para melhor atender \u00e0 popula\u00e7\u00e3o do munic\u00edpio, a Prefeitura de Petrolina, atrav\u00e9s da Secretaria de Sa\u00fade, tem proporcionado uma s\u00e9rie de treinamentos para a equipe multiprofissional do servi\u00e7o que segue at\u00e9 o final do ano. Na \u00faltima sexta-feira (17) os servidores foram capacitados sobre t\u00e9cnicas de imobiliza\u00e7\u00e3o de pacientes traum\u00e1ticos de acidentes de tr\u00e2nsito e orientados como realizar uma avalia\u00e7\u00e3o prim\u00e1ria bem sucedida. \u201cA avalia\u00e7\u00e3o prim\u00e1ria \u00e9 feita em cinco n\u00edveis (A, B, C, D, E) com o objetivo de avaliar a respira\u00e7\u00e3o, pulsa\u00e7\u00e3o sangu\u00ednea, escala neurol\u00f3gica, expans\u00e3o tor\u00e1cica e exist\u00eancia de alguma fratura\u201d, explicou o enfermeiro do\u00a0N\u00facleo de Educa\u00e7\u00e3o em Urg\u00eancia (NEU)\u00a0do SAMU, Nilton Leite.","og_url":"https:\/\/blogdofarnesio.com.br\/2015\/07\/petrolina-investe-na-capacitacao-da-equipe-do-samu\/","og_site_name":"Blog do Farn\u00e9sio","article_publisher":"https:\/\/www.facebook.com\/BlogQuerSaberPolitica\/","article_published_time":"2015-07-21T12:41:36+00:00","twitter_card":"summary_large_image","twitter_misc":{"Escrito por":"","Est. tempo de leitura":"2 minutos"},"schema":{"@context":"https:\/\/schema.org","@graph":[{"@type":"Article","@id":"https:\/\/blogdofarnesio.com.br\/2015\/07\/petrolina-investe-na-capacitacao-da-equipe-do-samu\/#article","isPartOf":{"@id":"https:\/\/blogdofarnesio.com.br\/2015\/07\/petrolina-investe-na-capacitacao-da-equipe-do-samu\/"},"author":{"name":"","@id":""},"headline":"PETROLINA INVESTE NA CAPACITA\u00c7\u00c3O DA EQUIPE DO SAMU","datePublished":"2015-07-21T12:41:36+00:00","mainEntityOfPage":{"@id":"https:\/\/blogdofarnesio.com.br\/2015\/07\/petrolina-investe-na-capacitacao-da-equipe-do-samu\/"},"wordCount":321,"commentCount":0,"publisher":{"@id":"https:\/\/blogdofarnesio.com.br\/#organization"},"articleSection":["Sa\u00fade"],"inLanguage":"pt-BR","potentialAction":[{"@type":"CommentAction","name":"Comment","target":["https:\/\/blogdofarnesio.com.br\/2015\/07\/petrolina-investe-na-capacitacao-da-equipe-do-samu\/#respond"]}]},{"@type":"WebPage","@id":"https:\/\/blogdofarnesio.com.br\/2015\/07\/petrolina-investe-na-capacitacao-da-equipe-do-samu\/","url":"https:\/\/blogdofarnesio.com.br\/2015\/07\/petrolina-investe-na-capacitacao-da-equipe-do-samu\/","name":"PETROLINA INVESTE NA CAPACITA\u00c7\u00c3O DA EQUIPE DO SAMU - Blog do Farn\u00e9sio","isPartOf":{"@id":"https:\/\/blogdofarnesio.com.br\/#website"},"datePublished":"2015-07-21T12:41:36+00:00","breadcrumb":{"@id":"https:\/\/blogdofarnesio.com.br\/2015\/07\/petrolina-investe-na-capacitacao-da-equipe-do-samu\/#breadcrumb"},"inLanguage":"pt-BR","potentialAction":[{"@type":"ReadAction","target":["https:\/\/blogdofarnesio.com.br\/2015\/07\/petrolina-investe-na-capacitacao-da-equipe-do-samu\/"]}]},{"@type":"BreadcrumbList","@id":"https:\/\/blogdofarnesio.com.br\/2015\/07\/petrolina-investe-na-capacitacao-da-equipe-do-samu\/#breadcrumb","itemListElement":[{"@type":"ListItem","position":1,"name":"In\u00edcio","item":"https:\/\/blogdofarnesio.com.br\/"},{"@type":"ListItem","position":2,"name":"PETROLINA INVESTE NA CAPACITA\u00c7\u00c3O DA EQUIPE DO SAMU"}]},{"@type":"WebSite","@id":"https:\/\/blogdofarnesio.com.br\/#website","url":"https:\/\/blogdofarnesio.com.br\/","name":"Blog do Farn\u00e9sio","description":"Quer Saber Pol\u00edtica?","publisher":{"@id":"https:\/\/blogdofarnesio.com.br\/#organization"},"potentialAction":[{"@type":"SearchAction","target":{"@type":"EntryPoint","urlTemplate":"https:\/\/blogdofarnesio.com.br\/?s={search_term_string}"},"query-input":{"@type":"PropertyValueSpecification","valueRequired":true,"valueName":"search_term_string"}}],"inLanguage":"pt-BR"},{"@type":"Organization","@id":"https:\/\/blogdofarnesio.com.br\/#organization","name":"Blog do Farn\u00e9sio","url":"https:\/\/blogdofarnesio.com.br\/","logo":{"@type":"ImageObject","inLanguage":"pt-BR","@id":"https:\/\/blogdofarnesio.com.br\/#\/schema\/logo\/image\/","url":"https:\/\/blogdofarnesio.com.br\/wp-content\/uploads\/2026\/03\/cropped-logo_new-1.png","contentUrl":"https:\/\/blogdofarnesio.com.br\/wp-content\/uploads\/2026\/03\/cropped-logo_new-1.png","width":881,"height":685,"caption":"Blog do Farn\u00e9sio"},"image":{"@id":"https:\/\/blogdofarnesio.com.br\/#\/schema\/logo\/image\/"},"sameAs":["https:\/\/www.facebook.com\/BlogQuerSaberPolitica\/"]},{"@type":"Person","@id":"","url":"https:\/\/blogdofarnesio.com.br\/author\/"}]}},"_links":{"self":[{"href":"https:\/\/blogdofarnesio.com.br\/wp-json\/wp\/v2\/posts\/126973","targetHints":{"allow":["GET"]}}],"collection":[{"href":"https:\/\/blogdofarnesio.com.br\/wp-json\/wp\/v2\/posts"}],"about":[{"href":"https:\/\/blogdofarnesio.com.br\/wp-json\/wp\/v2\/types\/post"}],"author":[{"embeddable":true,"href":"https:\/\/blogdofarnesio.com.br\/wp-json\/wp\/v2\/users\/7"}],"replies":[{"embeddable":true,"href":"https:\/\/blogdofarnesio.com.br\/wp-json\/wp\/v2\/comments?post=126973"}],"version-history":[{"count":0,"href":"https:\/\/blogdofarnesio.com.br\/wp-json\/wp\/v2\/posts\/126973\/revisions"}],"wp:attachment":[{"href":"https:\/\/blogdofarnesio.com.br\/wp-json\/wp\/v2\/media?parent=126973"}],"wp:term":[{"taxonomy":"category","embeddable":true,"href":"https:\/\/blogdofarnesio.com.br\/wp-json\/wp\/v2\/categories?post=126973"},{"taxonomy":"post_tag","embeddable":true,"href":"https:\/\/blogdofarnesio.com.br\/wp-json\/wp\/v2\/tags?post=126973"}],"curies":[{"name":"wp","href":"https:\/\/api.w.org\/{rel}","templated":true}]}}