{"id":12631,"date":"2012-03-30T16:20:04","date_gmt":"2012-03-30T16:20:04","guid":{"rendered":"http:\/\/www.quersaberpolitica.com.br?p=12631"},"modified":"-0001-11-30T00:00:00","modified_gmt":"-0001-11-30T03:00:00","slug":"pedro-alcantara-comemora-instalacao-de-plataforma-logistica-em-juazeiro","status":"publish","type":"post","link":"https:\/\/blogdofarnesio.com.br\/?p=12631","title":{"rendered":"Pedro Alcantara comemora instala\u00e7\u00e3o de Plataforma Log\u00edstica em Juazeiro"},"content":{"rendered":"<p style=\"text-align: justify;\"><span style=\"font-size: small;\"><a rel=\"lightbox\" href=\"http:\/\/www.quersaberpolitica.com.br\/2016\/wp-content\/uploads\/2012\/12\/blogqsp_pedro_alcantara.jpg\"><img loading=\"lazy\" decoding=\"async\" style=\"float: left; margin-top: 5px; margin-bottom: 5px; margin-left: 10px; margin-right: 10px;\" title=\"Imagem Ilustrativa\" src=\"http:\/\/www.quersaberpolitica.com.br\/2016\/wp-content\/uploads\/2012\/12\/blogqsp_pedro_alcantara.jpg\" alt=\"\" width=\"200\" height=\"157\" \/><\/a>O subsecret&aacute;rio de Rala&ccedil;&otilde;es Institucionais, Pedro Alcantara, aplaudiu a escolha da cidade de Juazeiro para a instala&ccedil;&atilde;o da Plataforma Log&iacute;stica do S&atilde;o Francisco, cujo anuncio foi feito pelo secret&aacute;rio do Planejamento, Jos&eacute; S&eacute;rgio Gabrielli.  Entre os pontos da implanta&ccedil;&atilde;o, destacam-se o favorecimento da economia da regi&atilde;o, a gera&ccedil;&atilde;o de empregos e a estabilidade econ&ocirc;mica na &aacute;rea de influ&ecirc;ncia da plataforma.<\/span><\/p>\n<p style=\"text-align: justify;\"><span style=\"font-size: small;\">A instala&ccedil;&atilde;o era uma antiga reivindica&ccedil;&atilde;o da popula&ccedil;&atilde;o da comunidade local e o subsecret&aacute;rio da Serin acompanhou de perto todo o processo, ciente da localiza&ccedil;&atilde;o estrat&eacute;gica de Juazeiro, no epicentro geogr&aacute;fico do Nordeste. Al&eacute;m do grande potencial log&iacute;stico das margens do Rio S&atilde;o Francisco e da interliga&ccedil;&atilde;o por rodovias, aeroporto e ferrovias com as principais capitais do Nordeste.<\/span><\/p>\n<p style=\"text-align: justify;\"><span style=\"font-size: small;\">As plataformas log&iacute;sticas s&atilde;o pontos centrais de armazenamento, finaliza&ccedil;&atilde;o e distribui&ccedil;&atilde;o de produtos com a utiliza&ccedil;&atilde;o de diversos meios de transporte, o que ocasiona uma redu&ccedil;&atilde;o de custos, o aumento da efici&ecirc;ncia e a expans&atilde;o da atividade produtiva da regi&atilde;o. O modelo de Parceria P&uacute;blico-Privada (PPP) est&aacute; sendo ajustado e ainda em 2012, provavelmente, o edital que conceder&aacute; a opera&ccedil;&atilde;o do empreendimento por 21 anos ser&aacute; lan&ccedil;ado.<\/span><\/p>\n<p style=\"text-align: justify;\"><span style=\"font-size: small;\">A expectativa &eacute; de que a plataforma crie cerca de 2.400 empregos na sua constru&ccedil;&atilde;o e, quando em funcionamento, movimente 33 milh&otilde;es de toneladas por ano. O espa&ccedil;o &eacute; caracterizado pelo armazenamento de produtos e outras instala&ccedil;&otilde;es utilizadas nas atividades de transporte de mercadorias, realizados por modais sustent&aacute;veis e competitivos.<\/span><\/p>\n<p style=\"text-align: justify;\"><span style=\"font-size: small;\">(Ascom SERIN)<\/span><\/p>\n","protected":false},"excerpt":{"rendered":"<p>O subsecret&aacute;rio de Rala&ccedil;&otilde;es Institucionais, Pedro Alcantara, aplaudiu a escolha da cidade de Juazeiro para a instala&ccedil;&atilde;o da Plataforma Log&iacute;stica do S&atilde;o Francisco, cujo anuncio foi feito pelo secret&aacute;rio do Planejamento, Jos&eacute; S&eacute;rgio Gabrielli. Entre os pontos da implanta&ccedil;&atilde;o, destacam-se o favorecimento da economia da regi&atilde;o, a gera&ccedil;&atilde;o de empregos e a estabilidade econ&ocirc;mica na &aacute;rea de influ&ecirc;ncia da plataforma. A instala&ccedil;&atilde;o era uma antiga reivindica&ccedil;&atilde;o da popula&ccedil;&atilde;o da comunidade local e o subsecret&aacute;rio da Serin acompanhou de perto todo o processo, ciente da localiza&ccedil;&atilde;o estrat&eacute;gica de Juazeiro, no epicentro geogr&aacute;fico do Nordeste. Al&eacute;m do grande potencial log&iacute;stico das margens do Rio S&atilde;o Francisco e da interliga&ccedil;&atilde;o por rodovias, aeroporto e ferrovias com as principais capitais do Nordeste. As plataformas&hellip; <\/p>\n","protected":false},"author":0,"featured_media":0,"comment_status":"open","ping_status":"open","sticky":false,"template":"","format":"standard","meta":{"_acf_changed":false,"footnotes":""},"categories":[43],"tags":[],"class_list":["post-12631","post","type-post","status-publish","format-standard","hentry","category-sem-categoria"],"acf":[],"yoast_head":"<!-- This site is optimized with the Yoast SEO plugin v27.4 - https:\/\/yoast.com\/product\/yoast-seo-wordpress\/ -->\n<title>Pedro Alcantara comemora instala\u00e7\u00e3o de Plataforma Log\u00edstica em Juazeiro - Blog do Farn\u00e9sio<\/title>\n<meta name=\"robots\" content=\"index, follow, max-snippet:-1, max-image-preview:large, max-video-preview:-1\" \/>\n<link rel=\"canonical\" href=\"https:\/\/blogdofarnesio.com.br\/?p=12631\" \/>\n<meta property=\"og:locale\" content=\"pt_BR\" \/>\n<meta property=\"og:type\" content=\"article\" \/>\n<meta property=\"og:title\" content=\"Pedro Alcantara comemora instala\u00e7\u00e3o de Plataforma Log\u00edstica em Juazeiro - Blog do Farn\u00e9sio\" \/>\n<meta property=\"og:description\" content=\"O subsecret&aacute;rio de Rala&ccedil;&otilde;es Institucionais, Pedro Alcantara, aplaudiu a escolha da cidade de Juazeiro para a instala&ccedil;&atilde;o da Plataforma Log&iacute;stica do S&atilde;o Francisco, cujo anuncio foi feito pelo secret&aacute;rio do Planejamento, Jos&eacute; S&eacute;rgio Gabrielli. Entre os pontos da implanta&ccedil;&atilde;o, destacam-se o favorecimento da economia da regi&atilde;o, a gera&ccedil;&atilde;o de empregos e a estabilidade econ&ocirc;mica na &aacute;rea de influ&ecirc;ncia da plataforma. A instala&ccedil;&atilde;o era uma antiga reivindica&ccedil;&atilde;o da popula&ccedil;&atilde;o da comunidade local e o subsecret&aacute;rio da Serin acompanhou de perto todo o processo, ciente da localiza&ccedil;&atilde;o estrat&eacute;gica de Juazeiro, no epicentro geogr&aacute;fico do Nordeste. Al&eacute;m do grande potencial log&iacute;stico das margens do Rio S&atilde;o Francisco e da interliga&ccedil;&atilde;o por rodovias, aeroporto e ferrovias com as principais capitais do Nordeste. As plataformas&hellip;\" \/>\n<meta property=\"og:url\" content=\"https:\/\/blogdofarnesio.com.br\/?p=12631\" \/>\n<meta property=\"og:site_name\" content=\"Blog do Farn\u00e9sio\" \/>\n<meta property=\"article:publisher\" content=\"https:\/\/www.facebook.com\/BlogQuerSaberPolitica\/\" \/>\n<meta property=\"article:published_time\" content=\"2012-03-30T16:20:04+00:00\" \/>\n<meta property=\"og:image\" content=\"http:\/\/www.quersaberpolitica.com.br\/2016\/wp-content\/uploads\/2012\/12\/blogqsp_pedro_alcantara.jpg\" \/>\n<meta name=\"twitter:card\" content=\"summary_large_image\" \/>\n<meta name=\"twitter:label1\" content=\"Est. tempo de leitura\" \/>\n\t<meta name=\"twitter:data1\" content=\"2 minutos\" \/>\n<script type=\"application\/ld+json\" class=\"yoast-schema-graph\">{\"@context\":\"https:\\\/\\\/schema.org\",\"@graph\":[{\"@type\":\"Article\",\"@id\":\"https:\\\/\\\/blogdofarnesio.com.br\\\/?p=12631#article\",\"isPartOf\":{\"@id\":\"https:\\\/\\\/blogdofarnesio.com.br\\\/?p=12631\"},\"author\":{\"name\":\"\",\"@id\":\"\"},\"headline\":\"Pedro Alcantara comemora instala\u00e7\u00e3o de Plataforma Log\u00edstica em Juazeiro\",\"datePublished\":\"2012-03-30T16:20:04+00:00\",\"mainEntityOfPage\":{\"@id\":\"https:\\\/\\\/blogdofarnesio.com.br\\\/?p=12631\"},\"wordCount\":345,\"commentCount\":0,\"publisher\":{\"@id\":\"https:\\\/\\\/blogdofarnesio.com.br\\\/#organization\"},\"image\":{\"@id\":\"https:\\\/\\\/blogdofarnesio.com.br\\\/?p=12631#primaryimage\"},\"thumbnailUrl\":\"http:\\\/\\\/www.quersaberpolitica.com.br\\\/2016\\\/wp-content\\\/uploads\\\/2012\\\/12\\\/blogqsp_pedro_alcantara.jpg\",\"inLanguage\":\"pt-BR\",\"potentialAction\":[{\"@type\":\"CommentAction\",\"name\":\"Comment\",\"target\":[\"https:\\\/\\\/blogdofarnesio.com.br\\\/?p=12631#respond\"]}]},{\"@type\":\"WebPage\",\"@id\":\"https:\\\/\\\/blogdofarnesio.com.br\\\/?p=12631\",\"url\":\"https:\\\/\\\/blogdofarnesio.com.br\\\/?p=12631\",\"name\":\"Pedro Alcantara comemora instala\u00e7\u00e3o de Plataforma Log\u00edstica em Juazeiro - Blog do Farn\u00e9sio\",\"isPartOf\":{\"@id\":\"https:\\\/\\\/blogdofarnesio.com.br\\\/#website\"},\"primaryImageOfPage\":{\"@id\":\"https:\\\/\\\/blogdofarnesio.com.br\\\/?p=12631#primaryimage\"},\"image\":{\"@id\":\"https:\\\/\\\/blogdofarnesio.com.br\\\/?p=12631#primaryimage\"},\"thumbnailUrl\":\"http:\\\/\\\/www.quersaberpolitica.com.br\\\/2016\\\/wp-content\\\/uploads\\\/2012\\\/12\\\/blogqsp_pedro_alcantara.jpg\",\"datePublished\":\"2012-03-30T16:20:04+00:00\",\"breadcrumb\":{\"@id\":\"https:\\\/\\\/blogdofarnesio.com.br\\\/?p=12631#breadcrumb\"},\"inLanguage\":\"pt-BR\",\"potentialAction\":[{\"@type\":\"ReadAction\",\"target\":[\"https:\\\/\\\/blogdofarnesio.com.br\\\/?p=12631\"]}]},{\"@type\":\"ImageObject\",\"inLanguage\":\"pt-BR\",\"@id\":\"https:\\\/\\\/blogdofarnesio.com.br\\\/?p=12631#primaryimage\",\"url\":\"http:\\\/\\\/www.quersaberpolitica.com.br\\\/2016\\\/wp-content\\\/uploads\\\/2012\\\/12\\\/blogqsp_pedro_alcantara.jpg\",\"contentUrl\":\"http:\\\/\\\/www.quersaberpolitica.com.br\\\/2016\\\/wp-content\\\/uploads\\\/2012\\\/12\\\/blogqsp_pedro_alcantara.jpg\"},{\"@type\":\"BreadcrumbList\",\"@id\":\"https:\\\/\\\/blogdofarnesio.com.br\\\/?p=12631#breadcrumb\",\"itemListElement\":[{\"@type\":\"ListItem\",\"position\":1,\"name\":\"In\u00edcio\",\"item\":\"https:\\\/\\\/blogdofarnesio.com.br\\\/\"},{\"@type\":\"ListItem\",\"position\":2,\"name\":\"Pedro Alcantara comemora instala\u00e7\u00e3o de Plataforma Log\u00edstica em Juazeiro\"}]},{\"@type\":\"WebSite\",\"@id\":\"https:\\\/\\\/blogdofarnesio.com.br\\\/#website\",\"url\":\"https:\\\/\\\/blogdofarnesio.com.br\\\/\",\"name\":\"Blog do Farn\u00e9sio\",\"description\":\"Quer Saber Pol\u00edtica?\",\"publisher\":{\"@id\":\"https:\\\/\\\/blogdofarnesio.com.br\\\/#organization\"},\"potentialAction\":[{\"@type\":\"SearchAction\",\"target\":{\"@type\":\"EntryPoint\",\"urlTemplate\":\"https:\\\/\\\/blogdofarnesio.com.br\\\/?s={search_term_string}\"},\"query-input\":{\"@type\":\"PropertyValueSpecification\",\"valueRequired\":true,\"valueName\":\"search_term_string\"}}],\"inLanguage\":\"pt-BR\"},{\"@type\":\"Organization\",\"@id\":\"https:\\\/\\\/blogdofarnesio.com.br\\\/#organization\",\"name\":\"Blog do Farn\u00e9sio\",\"url\":\"https:\\\/\\\/blogdofarnesio.com.br\\\/\",\"logo\":{\"@type\":\"ImageObject\",\"inLanguage\":\"pt-BR\",\"@id\":\"https:\\\/\\\/blogdofarnesio.com.br\\\/#\\\/schema\\\/logo\\\/image\\\/\",\"url\":\"https:\\\/\\\/blogdofarnesio.com.br\\\/wp-content\\\/uploads\\\/2026\\\/03\\\/cropped-logo_new-1.png\",\"contentUrl\":\"https:\\\/\\\/blogdofarnesio.com.br\\\/wp-content\\\/uploads\\\/2026\\\/03\\\/cropped-logo_new-1.png\",\"width\":881,\"height\":685,\"caption\":\"Blog do Farn\u00e9sio\"},\"image\":{\"@id\":\"https:\\\/\\\/blogdofarnesio.com.br\\\/#\\\/schema\\\/logo\\\/image\\\/\"},\"sameAs\":[\"https:\\\/\\\/www.facebook.com\\\/BlogQuerSaberPolitica\\\/\"]}]}<\/script>\n<!-- \/ Yoast SEO plugin. -->","yoast_head_json":{"title":"Pedro Alcantara comemora instala\u00e7\u00e3o de Plataforma Log\u00edstica em Juazeiro - Blog do Farn\u00e9sio","robots":{"index":"index","follow":"follow","max-snippet":"max-snippet:-1","max-image-preview":"max-image-preview:large","max-video-preview":"max-video-preview:-1"},"canonical":"https:\/\/blogdofarnesio.com.br\/?p=12631","og_locale":"pt_BR","og_type":"article","og_title":"Pedro Alcantara comemora instala\u00e7\u00e3o de Plataforma Log\u00edstica em Juazeiro - Blog do Farn\u00e9sio","og_description":"O subsecret&aacute;rio de Rala&ccedil;&otilde;es Institucionais, Pedro Alcantara, aplaudiu a escolha da cidade de Juazeiro para a instala&ccedil;&atilde;o da Plataforma Log&iacute;stica do S&atilde;o Francisco, cujo anuncio foi feito pelo secret&aacute;rio do Planejamento, Jos&eacute; S&eacute;rgio Gabrielli. Entre os pontos da implanta&ccedil;&atilde;o, destacam-se o favorecimento da economia da regi&atilde;o, a gera&ccedil;&atilde;o de empregos e a estabilidade econ&ocirc;mica na &aacute;rea de influ&ecirc;ncia da plataforma. A instala&ccedil;&atilde;o era uma antiga reivindica&ccedil;&atilde;o da popula&ccedil;&atilde;o da comunidade local e o subsecret&aacute;rio da Serin acompanhou de perto todo o processo, ciente da localiza&ccedil;&atilde;o estrat&eacute;gica de Juazeiro, no epicentro geogr&aacute;fico do Nordeste. Al&eacute;m do grande potencial log&iacute;stico das margens do Rio S&atilde;o Francisco e da interliga&ccedil;&atilde;o por rodovias, aeroporto e ferrovias com as principais capitais do Nordeste. As plataformas&hellip;","og_url":"https:\/\/blogdofarnesio.com.br\/?p=12631","og_site_name":"Blog do Farn\u00e9sio","article_publisher":"https:\/\/www.facebook.com\/BlogQuerSaberPolitica\/","article_published_time":"2012-03-30T16:20:04+00:00","og_image":[{"url":"http:\/\/www.quersaberpolitica.com.br\/2016\/wp-content\/uploads\/2012\/12\/blogqsp_pedro_alcantara.jpg","type":"","width":"","height":""}],"twitter_card":"summary_large_image","twitter_misc":{"Est. tempo de leitura":"2 minutos"},"schema":{"@context":"https:\/\/schema.org","@graph":[{"@type":"Article","@id":"https:\/\/blogdofarnesio.com.br\/?p=12631#article","isPartOf":{"@id":"https:\/\/blogdofarnesio.com.br\/?p=12631"},"author":{"name":"","@id":""},"headline":"Pedro Alcantara comemora instala\u00e7\u00e3o de Plataforma Log\u00edstica em Juazeiro","datePublished":"2012-03-30T16:20:04+00:00","mainEntityOfPage":{"@id":"https:\/\/blogdofarnesio.com.br\/?p=12631"},"wordCount":345,"commentCount":0,"publisher":{"@id":"https:\/\/blogdofarnesio.com.br\/#organization"},"image":{"@id":"https:\/\/blogdofarnesio.com.br\/?p=12631#primaryimage"},"thumbnailUrl":"http:\/\/www.quersaberpolitica.com.br\/2016\/wp-content\/uploads\/2012\/12\/blogqsp_pedro_alcantara.jpg","inLanguage":"pt-BR","potentialAction":[{"@type":"CommentAction","name":"Comment","target":["https:\/\/blogdofarnesio.com.br\/?p=12631#respond"]}]},{"@type":"WebPage","@id":"https:\/\/blogdofarnesio.com.br\/?p=12631","url":"https:\/\/blogdofarnesio.com.br\/?p=12631","name":"Pedro Alcantara comemora instala\u00e7\u00e3o de Plataforma Log\u00edstica em Juazeiro - Blog do Farn\u00e9sio","isPartOf":{"@id":"https:\/\/blogdofarnesio.com.br\/#website"},"primaryImageOfPage":{"@id":"https:\/\/blogdofarnesio.com.br\/?p=12631#primaryimage"},"image":{"@id":"https:\/\/blogdofarnesio.com.br\/?p=12631#primaryimage"},"thumbnailUrl":"http:\/\/www.quersaberpolitica.com.br\/2016\/wp-content\/uploads\/2012\/12\/blogqsp_pedro_alcantara.jpg","datePublished":"2012-03-30T16:20:04+00:00","breadcrumb":{"@id":"https:\/\/blogdofarnesio.com.br\/?p=12631#breadcrumb"},"inLanguage":"pt-BR","potentialAction":[{"@type":"ReadAction","target":["https:\/\/blogdofarnesio.com.br\/?p=12631"]}]},{"@type":"ImageObject","inLanguage":"pt-BR","@id":"https:\/\/blogdofarnesio.com.br\/?p=12631#primaryimage","url":"http:\/\/www.quersaberpolitica.com.br\/2016\/wp-content\/uploads\/2012\/12\/blogqsp_pedro_alcantara.jpg","contentUrl":"http:\/\/www.quersaberpolitica.com.br\/2016\/wp-content\/uploads\/2012\/12\/blogqsp_pedro_alcantara.jpg"},{"@type":"BreadcrumbList","@id":"https:\/\/blogdofarnesio.com.br\/?p=12631#breadcrumb","itemListElement":[{"@type":"ListItem","position":1,"name":"In\u00edcio","item":"https:\/\/blogdofarnesio.com.br\/"},{"@type":"ListItem","position":2,"name":"Pedro Alcantara comemora instala\u00e7\u00e3o de Plataforma Log\u00edstica em Juazeiro"}]},{"@type":"WebSite","@id":"https:\/\/blogdofarnesio.com.br\/#website","url":"https:\/\/blogdofarnesio.com.br\/","name":"Blog do Farn\u00e9sio","description":"Quer Saber Pol\u00edtica?","publisher":{"@id":"https:\/\/blogdofarnesio.com.br\/#organization"},"potentialAction":[{"@type":"SearchAction","target":{"@type":"EntryPoint","urlTemplate":"https:\/\/blogdofarnesio.com.br\/?s={search_term_string}"},"query-input":{"@type":"PropertyValueSpecification","valueRequired":true,"valueName":"search_term_string"}}],"inLanguage":"pt-BR"},{"@type":"Organization","@id":"https:\/\/blogdofarnesio.com.br\/#organization","name":"Blog do Farn\u00e9sio","url":"https:\/\/blogdofarnesio.com.br\/","logo":{"@type":"ImageObject","inLanguage":"pt-BR","@id":"https:\/\/blogdofarnesio.com.br\/#\/schema\/logo\/image\/","url":"https:\/\/blogdofarnesio.com.br\/wp-content\/uploads\/2026\/03\/cropped-logo_new-1.png","contentUrl":"https:\/\/blogdofarnesio.com.br\/wp-content\/uploads\/2026\/03\/cropped-logo_new-1.png","width":881,"height":685,"caption":"Blog do Farn\u00e9sio"},"image":{"@id":"https:\/\/blogdofarnesio.com.br\/#\/schema\/logo\/image\/"},"sameAs":["https:\/\/www.facebook.com\/BlogQuerSaberPolitica\/"]}]}},"_links":{"self":[{"href":"https:\/\/blogdofarnesio.com.br\/index.php?rest_route=\/wp\/v2\/posts\/12631","targetHints":{"allow":["GET"]}}],"collection":[{"href":"https:\/\/blogdofarnesio.com.br\/index.php?rest_route=\/wp\/v2\/posts"}],"about":[{"href":"https:\/\/blogdofarnesio.com.br\/index.php?rest_route=\/wp\/v2\/types\/post"}],"replies":[{"embeddable":true,"href":"https:\/\/blogdofarnesio.com.br\/index.php?rest_route=%2Fwp%2Fv2%2Fcomments&post=12631"}],"version-history":[{"count":0,"href":"https:\/\/blogdofarnesio.com.br\/index.php?rest_route=\/wp\/v2\/posts\/12631\/revisions"}],"wp:attachment":[{"href":"https:\/\/blogdofarnesio.com.br\/index.php?rest_route=%2Fwp%2Fv2%2Fmedia&parent=12631"}],"wp:term":[{"taxonomy":"category","embeddable":true,"href":"https:\/\/blogdofarnesio.com.br\/index.php?rest_route=%2Fwp%2Fv2%2Fcategories&post=12631"},{"taxonomy":"post_tag","embeddable":true,"href":"https:\/\/blogdofarnesio.com.br\/index.php?rest_route=%2Fwp%2Fv2%2Ftags&post=12631"}],"curies":[{"name":"wp","href":"https:\/\/api.w.org\/{rel}","templated":true}]}}